{"id":61460,"date":"2024-01-22T13:15:00","date_gmt":"2024-01-22T13:15:00","guid":{"rendered":"https:\/\/www.lapluma.net\/?p=61460"},"modified":"2024-01-22T14:05:23","modified_gmt":"2024-01-22T14:05:23","slug":"61460","status":"publish","type":"post","link":"https:\/\/www.lapluma.net\/fr\/2024\/01\/22\/61460\/","title":{"rendered":"Colombia: Falleci\u00f3 la senadora colombiana Piedad C\u00f3rdoba"},"content":{"rendered":"<h2 style=\"text-align: justify;\"><span style=\"font-size: 18pt;\">Piedad C\u00f3rdoba \u00a1presente!<\/span><\/h2>\n<p style=\"text-align: justify;\"><span style=\"font-size: 14pt;\">Trist\u00edsima noticia la del s\u00fabito fallecimiento de la senadora colombiana Piedad C\u00f3rdoba. Una de las grandes mujeres de Nuestra Am\u00e9rica por su valent\u00eda para enfrentar al paramilitarismo y la derecha ultraconservadora de su pa\u00eds, y por su coherencia en la b\u00fasqueda de la paz y la felicidad de su pueblo.<\/span><\/p>\n<p style=\"text-align: justify;\"><span style=\"font-size: 14pt;\">Piedad fue un personaje fascinante por la claridad de sus ideas, por su sensatez, su acendrado humanitarismo, su inquebrantable vocaci\u00f3n pacifista y revolucionaria, y su profunda vocaci\u00f3n latinoamericanista. Conmovida por la interminable matanza que por d\u00e9cadas enlutaba su tierra, se volc\u00f3 con todas sus fuerzas y la lucidez de su privilegiada inteligencia para lograr la pacificaci\u00f3n de Colombia. Como lo reconociera a\u00f1os m\u00e1s tarde, en esa noble tarea empe\u00f1\u00f3 todo su capital pol\u00edtico y su reconocimiento social.<\/span><\/p>\n<figure id=\"attachment_61463\" aria-describedby=\"caption-attachment-61463\" style=\"width: 550px\" class=\"wp-caption aligncenter\"><img loading=\"lazy\" decoding=\"async\" class=\"wp-image-61463\" src=\"https:\/\/www.lapluma.net\/wp-content\/uploads\/2024\/01\/Piedad-Cordoba-Atilio-Boron-opi1-afp-300x200.jpg\" alt=\"\" width=\"550\" height=\"367\" srcset=\"https:\/\/www.lapluma.net\/wp-content\/uploads\/2024\/01\/Piedad-Cordoba-Atilio-Boron-opi1-afp-300x200.jpg 300w, https:\/\/www.lapluma.net\/wp-content\/uploads\/2024\/01\/Piedad-Cordoba-Atilio-Boron-opi1-afp-768x512.jpg 768w, https:\/\/www.lapluma.net\/wp-content\/uploads\/2024\/01\/Piedad-Cordoba-Atilio-Boron-opi1-afp-435x290.jpg 435w, https:\/\/www.lapluma.net\/wp-content\/uploads\/2024\/01\/Piedad-Cordoba-Atilio-Boron-opi1-afp-150x100.jpg 150w, https:\/\/www.lapluma.net\/wp-content\/uploads\/2024\/01\/Piedad-Cordoba-Atilio-Boron-opi1-afp-370x247.jpg 370w, https:\/\/www.lapluma.net\/wp-content\/uploads\/2024\/01\/Piedad-Cordoba-Atilio-Boron-opi1-afp.jpg 960w\" sizes=\"auto, (max-width: 550px) 100vw, 550px\" \/><figcaption id=\"caption-attachment-61463\" class=\"wp-caption-text\">Piedad C\u00f3rdoba. Imagen: AFP<\/figcaption><\/figure>\n<p style=\"text-align: justify;\"><span style=\"font-size: 14pt;\">Su negritud, sus luchas por las mejores causas de la emancipaci\u00f3n integral de los pueblos y su condici\u00f3n de mujer, potenciaron hasta el infinito el odio que le dirigi\u00f3 la oligarqu\u00eda colombiana. Fue perseguida con una sa\u00f1a tan perversa como infrecuente, inclusive en la convulsionada historia latinoamericana. Pero jam\u00e1s se dobleg\u00f3 ante esas maniobras, que iban desde amenazas a su vida hasta infames operaciones de lawfare que por largos a\u00f1os la privaron de su banca en el Senado de Colombia<\/span><br \/>\n<span style=\"font-size: 14pt;\">Activamente compometida con la b\u00fasqueda de algunos gestos que expresaran por parte de la guerrilla una voluntad de di\u00e1logo, ayud\u00f3 a la liberaci\u00f3n unilateral de algunos rehenes que estaban en su poder. Y logr\u00f3 con su incansable militancia abrir paso a los di\u00e1logos de paz que tendr\u00edan lugar en La Habana entre el gobierno del por entonces presidente Juan M. Santos y la dirigencia de las FARC-EP, teniendo como pa\u00edses garantes a Noruega, Brasil, Chile, M\u00e9xico, Venezuela y Cuba.<\/span><\/p>\n<p style=\"text-align: justify;\"><span style=\"font-size: 14pt;\">Este proceso fructificar\u00eda con la firma de los acuerdos entre las partes en 2016, sembrando expectativas de lograr una paz duradera para Colombia. Sin embargo, la presi\u00f3n del uribismo exigi\u00f3 que tales acuerdos tuviesen que ser sometidos a un plebiscito ciudadano en el que la poblaci\u00f3n dijera si aceptaba o rechazaba el acuerdo laboriosamente plasmado tras largos a\u00f1os de negociaci\u00f3n en Cuba. Ins\u00f3lito requisito, ese de preguntarle a la ciudadan\u00eda si est\u00e1 o no de acuerdo con poner fin al ba\u00f1o de sangre que conmov\u00eda a Colombia. Desgraciadamente, quienes se opon\u00edan al mismo, es decir, a la paz, obtuvieron unas d\u00e9cimas m\u00e1s del 50 por ciento de los votos y todo debi\u00f3 volverse a negociar. Esta derrota, producto del permanente bombardeo que descargaban sobre la poblaci\u00f3n los grandes medios de \u201cdesinformaci\u00f3n y confusi\u00f3n\u201d de masas controlados desde siempre por la oligarqu\u00eda, afect\u00f3 profundamente a Piedad, pese a lo cual no baj\u00f3 los brazos y sigui\u00f3 luchando hasta el fin de sus d\u00edas por una paz duradera y con justicia para su pa\u00eds.<\/span><\/p>\n<p style=\"text-align: justify;\"><span style=\"font-size: 14pt;\">Su vocaci\u00f3n nuestroamericana la llev\u00f3 a manifestar su militante solidaridad con todas las buenas causas de la regi\u00f3n. Fue amiga incondicional de la Revoluci\u00f3n Cubana, de Fidel y de Ch\u00e1vez, de Evo, de Rafael Correa, de Lugo, de Lula, de N\u00e9stor y Cristina Kirchner, y de todos los l\u00edderes de los procesos emancipatorios en curso en Latinoam\u00e9rica, donde su popularidad a escala continental era impresionante.<\/span><\/p>\n<p style=\"text-align: justify;\"><span style=\"font-size: 14pt;\">Fue amiga y admiradora de Diego Armando Maradona por la solidaridad que \u00e9ste manifest\u00f3 al acompa\u00f1arla en su campa\u00f1a por la paz en Colombia en 2016. La recuerdo en uno de sus viajes a la Argentina, cuando me toc\u00f3 llevarla a una serie de reuniones en el centro de Buenos Aires. En una ocasi\u00f3n nos fuimos caminando por la avenida Corrientes y fue impresionante la cantidad de gente que la paraba a cada paso para sacarse una foto con ella, felicitarla, darle su aliento. Varios choferes de colectivos hicieron sonar sus bocinas y le hac\u00edan un adem\u00e1n amistoso, y desde los autom\u00f3viles se o\u00edan voces de apoyo. Recuerdo una: \u201c\u00a1no te mueras nunca, Piedad, nunca. Te necesitamos!\u201d Era una escena que amigos comunes me dec\u00edan que se repet\u00eda en Ciudad de M\u00e9xico, Lima y La Paz, por donde fuera que Piedad paseara su imponente y bella figura, su elegancia, su amable sonrisa, su mirada a la vez dulce y acerada cuando se involucraba en un debate o recordaba las tropel\u00edas a que a diario la somet\u00eda el uribismo y sus secuaces en su amada Medell\u00edn.<\/span><\/p>\n<p style=\"text-align: justify;\"><span style=\"font-size: 14pt;\">S\u00e1bado de luto \u00e9ste, de luto largo y profundo, porque te fuiste, negra querida, en un momento en que m\u00e1s que nunca necesit\u00e1bamos de tu sabidur\u00eda y tu valent\u00eda. Quienes a\u00fan estamos en este mundo te prometemos que nunca ser\u00e1s para nosotros, y tampoco para las futuras generaciones, un \u00edcono inofensivo sino una permanente y vital fuente de inspiraci\u00f3n para luchar sin desmayos en la construcci\u00f3n de un mundo mejor, donde la humanidad no corra el peligro de su autoextinci\u00f3n como advert\u00eda Fidel en la Cumbre de Rio de 1992. \u00a1Hasta la victoria, siempre!, querida Piedad.<\/span><\/p>\n<div class=\"entry-avatar clearfix\">\n<div class=\"avatar-meta\"><span class=\"author-title\" style=\"font-size: 14pt;\"> <a class=\"author-link\" href=\"https:\/\/www.lapluma.net\/author\/atilio-a-boron\/\" rel=\"author\"> Atilio A. Boron <\/a> <\/span>  <time class=\"entry-date published\" datetime=\"2021-12-29T19:26:59+00:00\"><\/time><\/div>\n<\/div>\n<h2><span style=\"font-size: 14pt;\">Fuente: <a href=\"https:\/\/www.pagina12.com.ar\/705787-piedad-cordoba-presente\">P\u00e1gina|12<\/a>, 21 de enero de 2024<\/span><\/h2>\n<p>____________________<\/p>\n<h2><span style=\"font-size: 14pt;\">La \u00faltima entrevista que dio a P\u00e1gina|12<br \/>\nPiedad, la que hablaba de paz cuando nadie lo hac\u00eda<\/span><\/h2>\n<p class=\"h3 ff-20px-w400\" style=\"text-align: justify;\"><span style=\"font-size: 14pt;\">La exsenadora colombiana muri\u00f3 este s\u00e1bado a los 68 a\u00f1os. En 2017, cuando estaba en plena campa\u00f1a electoral para la presidencia de su pa\u00eds, visit\u00f3 Buenos Aires para recibir el premio Rodolfo Walsh. Su visi\u00f3n sobre las lideresas pol\u00edticas de la regi\u00f3n, el da\u00f1o del neoliberalismo en Colombia y su rol en la liberaci\u00f3n de rehenes de las FARC.<\/span><\/p>\n<figure id=\"attachment_61464\" aria-describedby=\"caption-attachment-61464\" style=\"width: 550px\" class=\"wp-caption aligncenter\"><img loading=\"lazy\" decoding=\"async\" class=\"wp-image-61464\" src=\"https:\/\/www.lapluma.net\/wp-content\/uploads\/2024\/01\/Piedad-Cordoba-de-visita-en-Buenos-Aires-en-2017-300x200.jpg\" alt=\"\" width=\"550\" height=\"367\" \/><figcaption id=\"caption-attachment-61464\" class=\"wp-caption-text\">Piedad C\u00f3rdoba de visita en Buenos Aires en 2017 para recibir el premio Rodolfo Walsh.. Imagen: Guadalupe Lombardoen Buenos Aires en 2017<\/figcaption><\/figure>\n<p style=\"text-align: justify;\"><span style=\"font-size: 14pt;\">Su colorido pa\u00f1uelo en la cabeza y su fortaleza discursiva son marcas registradas de <b>Piedad C\u00f3rdoba<\/b>. La ex senadora colombiana que<b> hablaba de paz cuando nadie lo hac\u00eda<\/b>, seg\u00fan sus propias palabras, quiere ser presidenta de su pa\u00eds y se postula para las elecciones del 27 de mayo de 2018 con la intenci\u00f3n de cambiar el modelo econ\u00f3mico neoliberal.<\/span><\/p>\n<p style=\"text-align: justify;\"><span style=\"font-size: 14pt;\">Piedad C\u00f3rdoba ha tenido un rol humanitario innegable en su af\u00e1n por la liberaci\u00f3n de rehenes de las FARC, la principal guerrilla colombiana, devenida en partido pol\u00edtico con la misma sigla. C\u00f3rdoba <b>particip\u00f3 en la puesta en libertad de varios secuestrados<\/b>, como Clara Rojas, ex candidata a la vicepresidencia. Piedad debi\u00f3 enfrentar acusaciones de que era una aliada del grupo insurrecto, <a href=\"https:\/\/www.pagina12.com.ar\/diario\/ultimas\/20-153898-2010-09-27.html\">fue inhabilitada en 2010<\/a> por la Procuradur\u00eda para ejercer su cargo de senadora hasta que el Consejo de Estado dej\u00f3 sin efecto la medida en 2016, despu\u00e9s de seis a\u00f1os. \u201cLas mujeres como Cristina, Dilma y yo hemos sido satanizadas, perseguidas. Todav\u00eda la sociedad no se acostumbra a las mujeres con criterio propio, fuerza y pensamiento aut\u00f3nomo\u201d sostiene C\u00f3rdoba en di\u00e1logo con <b>P\u00e1ginaI12.<\/b><\/span><\/p>\n<p style=\"text-align: justify;\"><span style=\"font-size: 14pt;\">C\u00f3rdoba se enorgullece de que la Universidad de La Plata le notificara que recibir\u00e1 el premio Rodolfo Walsh en Bogot\u00e1, a\u00fan con fecha a definir. \u201cWalsh es muy representativo en la lucha por los derechos humanos\u201d, sostiene esta dirigente que pertenece al movimiento independiente Poder Ciudadano, una corriente progresista que naci\u00f3 hace quince a\u00f1os del Partido Liberal. \u201c<b>Mi alianza es con la gente<\/b>, el cara a cara con la gente\u2026 su preocupaci\u00f3n por el d\u00eda a d\u00eda, por los temas de servicios p\u00fablicos, movilidad, la salud, que es un desastre en Colombia, el empleo, la educaci\u00f3n\u201d. Y agrega: \u201cMe da gracia cuando dicen que vamos a llevar a Colombia el castro-chavismo. Colombia est\u00e1 mal hace rato, la apertura comercial acab\u00f3 con la industria, est\u00e1 desindustrializada. El pa\u00eds tiene una econom\u00eda de casino financierizada, el 48 por ciento de los activos est\u00e1n en propiedad del sector financiero, en manos de cinco bancos; el sector manufacturero colaps\u00f3 por la importaci\u00f3n y por el contrabando. Importamos materias primas, estamos como en la \u00e9poca de la colonia. El pa\u00eds tiene una deuda externa \u2013de 120 mil millones de d\u00f3lares, el 42 por ciento del PIB\u2013 hay 9 millones de indigentes y 13 millones de pobres\u201d.<\/span><\/p>\n<p style=\"text-align: justify;\"><span style=\"font-size: 14pt;\">La apertura de la econom\u00eda colombiana a partir de los a\u00f1os noventa con los Tratados de Libre Comercio dej\u00f3 sus efectos negativos. C\u00f3rdoba propone recuperar lo perdido: <b>reconvertir la industria nacional, apoyarla, volver a poducir en el campo<\/b>. \u201cUn pa\u00eds que era capaz de autoabastercerse hoy importa comida. El campo est\u00e1 solo. Obligan a los campesinos a la erradicaci\u00f3n de cultivos, lo que es una infamia.\u201d Se le pregunta a la ex senadora qu\u00e9 pa\u00eds de la regi\u00f3n tiene como referente, m\u00e1s af\u00edn a sus ideas. \u201cA m\u00ed me encantar\u00eda que tuvi\u00e9ramos gratuidad en la educaci\u00f3n y en la salud como en Argentina, lo que hizo Bolivia con los recursos naturales, revisar la carga tributaria de las empresas, comprometerlas a que un alto porcentaje de esos recursos se quede en el pa\u00eds. En Colombia lamentablemente estamos convirtiendo el territorio en enclaves tur\u00edsticos. Me encantar\u00eda tener las carreteras que hay en Ecuador. La renta minima para la gente que hay en Venezuela, as\u00ed como la pensi\u00f3n para todo el mundo.\u201d<\/span><\/p>\n<p style=\"text-align: justify;\"><span style=\"font-size: 14pt;\">A Colombia le cuesta cicatrizar las heridas de d\u00e9cadas de conflicto armado. Es un pa\u00eds polarizado, con dificultades para la reconciliaci\u00f3n. \u201cYo me he mantenido en el tema de la paz. <b>Yo hablaba de paz cuando nadie lo hac\u00eda<\/b>. Por eso celebro con alegr\u00eda que se acabara la lucha armada. Fue parte de mi lucha de muchos a\u00f1os. Respeto de la decisi\u00f3n de llamarse FARC como partido, pero es complicado para el imaginario de la gente. Pero si se hubieran cambiado el nombre dir\u00edan que es para enga\u00f1ar al electorado. La sociedad est\u00e1 muy polarizada, ha sido manipulada por los medios y por sectores que no quieren ning\u00fan cambio.\u201d<\/span><\/p>\n<p style=\"text-align: justify;\"><span style=\"font-size: 14pt;\">Una podr\u00eda pensar que con los acuerdos de paz pierde terreno la derecha guerrerista. C\u00f3rdoba se muestra esc\u00e9ptica: \u201cA la derecha conservadora, al uribismo, no los conmueve el hecho de que se acabe la guerra. La derecha colombiana es una elite sectaria que ha apelado al paramilitarismo para despejarse el camino e impedir que lleguen nuestras voces\u201d. C\u00f3rdoba conf\u00eda en que la izquierda pueda llegar al Palacio de Nari\u00f1o pese a que a\u00fan no hay alianzas definidas ni un claro favorito.<\/span><\/p>\n<h2><span style=\"font-size: 14pt;\">Mercedes L\u00f3pez San Miguel*<\/span><\/h2>\n<p style=\"text-align: justify;\"><span style=\"font-size: 12pt;\"> *Subeditora de la secci\u00f3n El Mundo en el diario Pagina12 desde 2003. Estudi\u00f3 Ciencias de la Comunicaci\u00f3n en la UBA.<\/span><\/p>\n<p><span style=\"font-size: 14pt;\"><a href=\"https:\/\/www.pagina12.com.ar\/705741-piedad-la-que-hablaba-de-paz-cuando-nadie-lo-hacia\">Fuente P\u00e1gina|12<\/a>, 22 de enero de 2024<\/span><\/p>\n<h2><span style=\"font-size: 14pt;\">Editado por <a href=\"https:\/\/www.lapluma.net\/nosotros\/editora\/\"><span style=\"font-size: 14pt;\">Mar\u00eda Piedad Ossaba<\/span><\/a><\/span><\/h2>\n<p><span style=\"font-size: 12pt;\">Lea en La Pluma:<\/span><\/p>\n<h3 class=\"entry-title\"><a href=\"https:\/\/www.lapluma.net\/2024\/01\/21\/fallecio-la-senadora-izquierdista-colombiana-piedad-cordoba\/\" rel=\"bookmark\"><span style=\"font-size: 12pt;\">Falleci\u00f3 la senadora izquierdista colombiana, Piedad C\u00f3rdoba<\/span> <\/a><\/h3>\n<p>&nbsp;<\/p>\n","protected":false},"excerpt":{"rendered":"<p>S\u00e1bado de luto \u00e9ste, de luto largo y profundo, porque te fuiste, negra querida, en un momento en que m\u00e1s que nunca necesit\u00e1bamos de tu sabidur\u00eda y tu valent\u00eda&#8230;\/ A Colombia le cuesta cicatrizar las heridas de d\u00e9cadas de conflicto armado. Es un pa\u00eds polarizado, con dificultades para la reconciliaci\u00f3n. \u201cYo me he mantenido en el tema de la paz. <\/p>\n","protected":false},"author":45,"featured_media":61464,"comment_status":"open","ping_status":"open","sticky":false,"template":"","format":"standard","meta":{"_uf_show_specific_survey":0,"_uf_disable_surveys":false,"footnotes":""},"categories":[216,218],"tags":[14114,14145,25369,25371],"coauthors":[423],"class_list":["post-61460","post","type-post","status-publish","format-standard","has-post-thumbnail","hentry","category-colombia","category-monde","tag-atilio-a-boron-2","tag-colombia-2","tag-mercedes-lopez-san-miguel","tag-obituario-piedad-cordoba"],"translation":{"provider":"WPGlobus","version":"2.12.2","language":"fr","enabled_languages":["es","fr"],"languages":{"es":{"title":true,"content":true,"excerpt":true},"fr":{"title":false,"content":false,"excerpt":false}}},"_links":{"self":[{"href":"https:\/\/www.lapluma.net\/fr\/wp-json\/wp\/v2\/posts\/61460","targetHints":{"allow":["GET"]}}],"collection":[{"href":"https:\/\/www.lapluma.net\/fr\/wp-json\/wp\/v2\/posts"}],"about":[{"href":"https:\/\/www.lapluma.net\/fr\/wp-json\/wp\/v2\/types\/post"}],"author":[{"embeddable":true,"href":"https:\/\/www.lapluma.net\/fr\/wp-json\/wp\/v2\/users\/45"}],"replies":[{"embeddable":true,"href":"https:\/\/www.lapluma.net\/fr\/wp-json\/wp\/v2\/comments?post=61460"}],"version-history":[{"count":8,"href":"https:\/\/www.lapluma.net\/fr\/wp-json\/wp\/v2\/posts\/61460\/revisions"}],"predecessor-version":[{"id":61468,"href":"https:\/\/www.lapluma.net\/fr\/wp-json\/wp\/v2\/posts\/61460\/revisions\/61468"}],"wp:featuredmedia":[{"embeddable":true,"href":"https:\/\/www.lapluma.net\/fr\/wp-json\/wp\/v2\/media\/61464"}],"wp:attachment":[{"href":"https:\/\/www.lapluma.net\/fr\/wp-json\/wp\/v2\/media?parent=61460"}],"wp:term":[{"taxonomy":"category","embeddable":true,"href":"https:\/\/www.lapluma.net\/fr\/wp-json\/wp\/v2\/categories?post=61460"},{"taxonomy":"post_tag","embeddable":true,"href":"https:\/\/www.lapluma.net\/fr\/wp-json\/wp\/v2\/tags?post=61460"},{"taxonomy":"author","embeddable":true,"href":"https:\/\/www.lapluma.net\/fr\/wp-json\/wp\/v2\/coauthors?post=61460"}],"curies":[{"name":"wp","href":"https:\/\/api.w.org\/{rel}","templated":true}]}}