{"id":61452,"date":"2024-01-21T17:06:31","date_gmt":"2024-01-21T17:06:31","guid":{"rendered":"https:\/\/www.lapluma.net\/?p=61452"},"modified":"2024-01-22T22:10:50","modified_gmt":"2024-01-22T22:10:50","slug":"fallecio-la-senadora-izquierdista-colombiana-piedad-cordoba","status":"publish","type":"post","link":"https:\/\/www.lapluma.net\/fr\/2024\/01\/21\/fallecio-la-senadora-izquierdista-colombiana-piedad-cordoba\/","title":{"rendered":"Falleci\u00f3 la senadora izquierdista colombiana, Piedad C\u00f3rdoba <br El adi\u00f3s a una luchadora incansable por la paz"},"content":{"rendered":"<p><a href=\"https:\/\/www.pagina12.com.ar\/705741-piedad-la-que-hablaba-de-paz-cuando-nadie-lo-hacia\"><span style=\"font-size: 14pt;\">La \u00faltima entrevista que Piedad C\u00f3rdoba dio a P\u00e1gina 12<\/span><\/a><\/p>\n<p style=\"text-align: justify;\"><span style=\"font-size: 14pt;\">En el d\u00eda de ayer fallec\u00edo la senadora colombiana Piedad C\u00f3rdoba, y el presidente de Colombia, Gustavo Petro, public\u00f3 en sus redes que ella \u00ab\u00a0fue una mujer golpeada por una \u00e9poca y una sociedad. Luch\u00f3 toda su vida madura por una sociedad m\u00e1s democr\u00e1tica\u00a0\u00bb. Y agreg\u00f3: \u00ab\u00a0Su cuerpo y su mente no resistieron la presi\u00f3n de una sociedad anacr\u00f3nica, que aplaud\u00eda los ajusticiamentos de j\u00f3venes, que odiaba el dialogo y la paz, que odiaba a los negros, a los ind\u00edgenas y a los pobres, que la trataba como una criminal\u00a0\u00bb.<\/span><\/p>\n<p style=\"text-align: justify;\"><span style=\"font-size: 14pt;\">Petro record\u00f3 que \u00ab\u00a0un procurador fascista la expuls\u00f3 del senado y se burl\u00f3 de sus electores, quise resarcir el da\u00f1o y ayud\u00e9 a que hiciera parte de la lista del Pacto Hist\u00f3rico, sent\u00ed que lo merec\u00eda. <b>Como congresista la conoc\u00ed y como senadora muri\u00f3. Una verdadera liberal ha muerto<\/b>\u00ab\u00a0<\/span><\/p>\n<blockquote class=\"twitter-tweet\" data-width=\"550\" data-dnt=\"true\">\n<p lang=\"es\" dir=\"ltr\">Piedad C\u00f3rdoba fue una mujer golpeada por un \u00e9poca y una sociedad. Luch\u00f3 toda su vida madura  por una sociedad m\u00e1s democr\u00e1tica. Su cuerpo y su mente no resistieron la presi\u00f3n de una sociedad anacr\u00f3nica, que aplaud\u00eda los ajustamientos de j\u00f3venes, que odiaba el dialogo y la paz,\u2026<\/p>\n<p>&mdash; Gustavo Petro (@petrogustavo) <a href=\"https:\/\/twitter.com\/petrogustavo\/status\/1748780799267127314?ref_src=twsrc%5Etfw\">January 20, 2024<\/a><\/p><\/blockquote>\n<p><script async src=\"https:\/\/platform.twitter.com\/widgets.js\" charset=\"utf-8\"><\/script><\/p>\n<p style=\"text-align: justify;\"><span style=\"font-size: 14pt;\">\u00ab\u00a0Reun\u00eda una serie de atributos que para la sociedad retrograda eran impasables; <b>era mujer y negra y liberal de izquierdas, y amante de la paz y hablaba con guerrilleros y militares, y propon\u00eda la paz y no la guerra,<\/b> y no queria una sociedad paramilitar ni un gobierno de asesinos\u00a0\u00bb, reflexion\u00f3 el mandatario. <\/span><\/p>\n<p style=\"text-align: justify;\"><span style=\"font-size: 14pt;\">Petro reafirm\u00f3 que \u00ab\u00a0era una mujer negra, rebelde imposible para fascistas, siempre la quisieron ver muerta y por eso ahora est\u00e1n felices y olvidan una cosa: Piedad ser\u00e1 recordada por su pueblo y ellos pasar\u00e1n al olvido de la historia. Pasar\u00e1n inocuos y Piedad ser\u00e1 ra\u00edz\u00a0\u00bb.<\/span><\/p>\n<p style=\"text-align: justify;\"><span style=\"font-size: 14pt;\">M\u00e1s tarde, el alcalde de Medell\u00edn, <b>Federico \u00ab\u00a0Fico\u00a0\u00bb Guti\u00e9rrez<\/b> confirm\u00f3 v\u00eda X que \u00ab\u00a0he sido informado de la muerte de la senadora Piedad C\u00f3rdoba. <b>Al parecer lleg\u00f3 sin signos vitales a la Cl\u00ednica Conquistadores de Medell\u00edn<\/b>. Solidaridad con sus familiares\u00a0\u00bb.<\/span><\/p>\n<blockquote class=\"twitter-tweet\" data-width=\"550\" data-dnt=\"true\">\n<p lang=\"es\" dir=\"ltr\">Como Alcalde de Medell\u00edn he sido informado de la muerte de la Senadora Piedad C\u00f3rdoba. <br \/>Al parecer lleg\u00f3 sin signos vitales a la Cl\u00ednica Conquistadores de Medell\u00edn. <br \/>Solidaridad con sus familiares.<\/p>\n<p>&mdash; Fico Guti\u00e9rrez (@FicoGutierrez) <a href=\"https:\/\/twitter.com\/FicoGutierrez\/status\/1748785909972058192?ref_src=twsrc%5Etfw\">January 20, 2024<\/a><\/p><\/blockquote>\n<p><script async src=\"https:\/\/platform.twitter.com\/widgets.js\" charset=\"utf-8\"><\/script><\/p>\n<p style=\"text-align: justify;\"><span style=\"font-size: 14pt;\">El presidente de Cuba,\u00a0<b>Miguel D\u00edaz-Canel, comunic\u00f3:<\/b>\u00a0\u00ab\u00a0Nuestras m\u00e1s sentidas condolencias a los familiares y amigos de la Senadora Piedad C\u00f3rdoba, quien <b>durante muchos a\u00f1os trabaj\u00f3 por la Paz en Colombia y fue una gran amiga de Cuba<\/b>\u00ab\u00a0.<\/span><\/p>\n<blockquote class=\"twitter-tweet\" data-width=\"550\" data-dnt=\"true\">\n<p lang=\"es\" dir=\"ltr\">Nuestras m\u00e1s sentidas condolencias a los familiares y amigos de la Senadora Piedad C\u00f3rdoba, quien durante muchos a\u00f1os trabaj\u00f3 por la Paz en <a href=\"https:\/\/twitter.com\/hashtag\/Colombia?src=hash&amp;ref_src=twsrc%5Etfw\">#Colombia<\/a> y fue una gran amiga de <a href=\"https:\/\/twitter.com\/hashtag\/Cuba?src=hash&amp;ref_src=twsrc%5Etfw\">#Cuba<\/a>. <a href=\"https:\/\/t.co\/GSj64b2j6B\">pic.twitter.com\/GSj64b2j6B<\/a><\/p>\n<p>&mdash; Miguel D\u00edaz-Canel Berm\u00fadez (@DiazCanelB) <a href=\"https:\/\/twitter.com\/DiazCanelB\/status\/1748802680703574207?ref_src=twsrc%5Etfw\">January 20, 2024<\/a><\/p><\/blockquote>\n<p><script async src=\"https:\/\/platform.twitter.com\/widgets.js\" charset=\"utf-8\"><\/script><\/p>\n<div id=\"ad-slot-inline1\" class=\"ad-slot-inline1 ad-slot\" data-adzonerun=\"1\" data-adtype=\"inline1\">\n<h5><span style=\"font-size: 18pt;\">El lamento continental<\/span><\/h5>\n<p style=\"text-align: justify;\"><span style=\"font-size: 14pt;\">La expresidenta Cristina Fern\u00e1ndez expres\u00f3 que C\u00f3rdoba fue una \u00ab\u00a0dirigente pol\u00edtica latinoamericana comprometida con la paz de su amada Colombia\u00a0\u00bb. \u00ab\u00a0Querida amiga, si hay alguien que merece descansar sos vos. Te lo has ganado\u00a0\u00bb, public\u00f3 Fern\u00e1ndez en su cuenta de X.<\/span><\/p>\n<\/div>\n<p style=\"text-align: justify;\"><span style=\"font-size: 14pt;\">Petro record\u00f3 que \u00ab\u00a0un procurador fascista la expuls\u00f3 del senado y se burl\u00f3 de sus electores, quise resarcir el da\u00f1o y ayud\u00e9 a que hiciera parte de la lista del Pacto Hist\u00f3rico, sent\u00ed que lo merec\u00eda. <b>Como congresista la conoc\u00ed y como senadora muri\u00f3. Una verdadera liberal ha muerto<\/b>\u00ab\u00a0.<\/span><\/p>\n<blockquote class=\"twitter-tweet\" data-width=\"550\" data-dnt=\"true\">\n<p lang=\"es\" dir=\"ltr\">Nuestro adi\u00f3s a la senadora Piedad C\u00f3rdoba, dirigente pol\u00edtica latinoamericana comprometida con la paz de su amada Colombia. Querida amiga, si hay alguien que merece descansar sos vos. Te lo has ganado.<\/p>\n<p>&mdash; Cristina Kirchner (@CFKArgentina) <a href=\"https:\/\/twitter.com\/CFKArgentina\/status\/1748805217653539047?ref_src=twsrc%5Etfw\">January 20, 2024<\/a><\/p><\/blockquote>\n<p><script async src=\"https:\/\/platform.twitter.com\/widgets.js\" charset=\"utf-8\"><\/script><\/p>\n<p style=\"text-align: justify;\"><span style=\"font-size: 14pt;\">El Gobierno de Honduras lament\u00f3 la muerte de Piedad C\u00f3rdoba, a quien recuerda como una \u00ab\u00a0luchadora\u00a0\u00bb por los derechos humanos y la democracia en Am\u00e9rica Latina. \u00ab\u00a0Lamentando el fallecimiento de Piedad C\u00f3rdoba luchadora por los derechos humanos, la democracia en Am\u00e9rica Latina y la Paz en Colombia, condolencias a sus familiares. Q.E.P.D.\u00a0\u00bb, indic\u00f3 el canciller hondure\u00f1o, Eduardo Enrique Reina, en un mensaje en X.<\/span><\/p>\n<div id=\"ad-slot-inline3\" class=\"ad-slot-inline ad-slot\" style=\"text-align: justify;\" data-adzonerun=\"1\" data-adtype=\"inline\"><\/div>\n<p style=\"text-align: justify;\"><span style=\"font-size: 14pt;\">El expresidente de Honduras Manuel Zelaya tambi\u00e9n lament\u00f3 la muerte de la pol\u00edtica colombiana. \u00ab\u00a0Con sus valientes acciones y su encendido verbo fustigo por d\u00e9cadas el fascismo y terrorismo en Colombia. Sus enemigos estar\u00e1n alegres con su muerte, m\u00e1s no saben que Piedad inspira a millones\u00a0\u00bb, se\u00f1al\u00f3 Zelaya, quien fue derrocado el 28 de junio de 2009 cuando promov\u00eda una consulta popular.<\/span><\/p>\n<h2 style=\"text-align: justify;\"><span style=\"font-size: 14pt;\">Una mediadora en liberaciones de secuestrados<\/span><\/h2>\n<p style=\"text-align: justify;\"><span style=\"font-size: 14pt;\">En la primera d\u00e9cada de este siglo, en la \u00e9poca senadora por el <b>Partido Liberal<\/b>, C\u00f3rdoba sirvi\u00f3 de mediadora con el entonces presidente venezolano, <b>Hugo Ch\u00e1vez<\/b>, para la liberaci\u00f3n de varios secuestrados por la guerrilla de las <b>FARC<\/b>.<\/span><\/p>\n<p><img loading=\"lazy\" decoding=\"async\" class=\" wp-image-61455 aligncenter\" src=\"https:\/\/www.lapluma.net\/wp-content\/uploads\/2024\/01\/chavez-nestor-piedad-300x183.jpg\" alt=\"\" width=\"438\" height=\"267\" srcset=\"https:\/\/www.lapluma.net\/wp-content\/uploads\/2024\/01\/chavez-nestor-piedad-300x183.jpg 300w, https:\/\/www.lapluma.net\/wp-content\/uploads\/2024\/01\/chavez-nestor-piedad-768x470.jpg 768w, https:\/\/www.lapluma.net\/wp-content\/uploads\/2024\/01\/chavez-nestor-piedad.jpg 960w\" sizes=\"auto, (max-width: 438px) 100vw, 438px\" \/><\/p>\n<div align=\"center\">\n<h5 class=\"caption caption-div embedded-entity\" role=\"group\"><span style=\"font-size: 12pt;\"><span style=\"font-size: 10pt;\">Piedad C\u00f3rdoba, junto a N\u00e9stor Kirchner y Hugo Ch\u00e1vez. Imagen:\u00a0@piedadcordoba<\/span>.<\/span><\/h5>\n<\/div>\n<p style=\"text-align: justify;\"><span style=\"font-size: 14pt;\">En 2010, por su activismo de izquierda, el entonces procurador general, Alejandro Ord\u00f3\u00f1ez, <b>la destituy\u00f3 e inhabilit\u00f3 por 18 a\u00f1os para ejercer cargos p\u00fablicos<\/b> porque supuestamente hab\u00eda \u00ab\u00a0promocionado y colaborado con el grupo al margen de la Ley, FARC\u00a0\u00bb. La investigaci\u00f3n se inici\u00f3 a partir de los documentos hallados en los computadores de quien fuera el n\u00famero dos de las FARC, Luis Edgar Devia, alias &lsquo;Ra\u00fal Reyes&rsquo;, quien fue abatido en un bombardeo del Ej\u00e9rcito colombiano en Ecuador el 1 de marzo de 2008.<\/span><\/p>\n<p style=\"text-align: justify;\"><span style=\"font-size: 14pt;\">La pol\u00edtica, nacida en Medell\u00edn en 1955, estuvo unos a\u00f1os en la sombra pero tras anularse su condena volvi\u00f3 a la pol\u00edtica atendiendo un llamado de Petro. <b>Sus posiciones de izquierda le valieron muchas pol\u00e9micas por su cercan\u00eda con las FARC<\/b> e incluso se dec\u00eda que en documentos de esa guerrilla se le mencionaba con el alias de &lsquo;Teodora Bol\u00edvar&rsquo;.<\/span><\/p>\n<p style=\"text-align: justify;\"><span style=\"font-size: 14pt;\">El Gobierno colombiano extradit\u00f3 en enero de 2023 a Estados Unidos a \u00c1lvaro C\u00f3rdoba, hermano de la senadora, solicitado por una corte de ese pa\u00eds por delitos relacionados con narcotr\u00e1fico.<\/span><\/p>\n<p style=\"text-align: justify;\"><span style=\"font-size: 14pt;\">Hasta su muerte, Piedad C\u00f3rdoba sigui\u00f3 hostigada por una justicia elitista: la Corte Suprema la indagaba por supuestos nexos con las FARC. Seg\u00fan la prensa, tambi\u00e9n estaba siendo investigada por \u00ab\u00a0presuntos contactos no autorizados\u00a0\u00bb con narcotraficantes detenidos y en proceso de extradici\u00f3n para solicitarles su respaldo a Petro durante la campa\u00f1a electoral que lo llev\u00f3 a la presidencia.<\/span><\/p>\n<h3 style=\"text-align: justify;\"><span style=\"font-size: 14pt;\">Segu\u00ed leyendo:<\/span><\/h3>\n<ul>\n<li><span style=\"font-size: 14pt;\"><a href=\"https:\/\/www.pagina12.com.ar\/59649-premio-rodolfo-walsh-para-piedad-cordoba\">Premio Rodolfo Walsh para Piedad C\u00f3rdoba<\/a><\/span><\/li>\n<\/ul>\n<ul>\n<li><a href=\"https:\/\/www.pagina12.com.ar\/439646-colombia-piedad-cordoba-asume-como-senadora-de-la-republica-\"><span style=\"font-size: 14pt;\">Piedad C\u00f3rdoba asume como senadora de la Rep\u00fablica desde un hospital<\/span><\/a><\/li>\n<\/ul>\n<h2><span style=\"font-size: 14pt;\">Varios Autores<\/span><\/h2>\n<h2><span style=\"font-size: 14pt;\">Fuente <a href=\"https:\/\/www.pagina12.com.ar\/705730-murio-la-senadora-colombiana-piedad-cordoba\">Pagina|12<\/a>, 21 de enero de 2024<\/span><\/h2>\n<h2><span style=\"font-size: 14pt;\">Editado por <\/span><a href=\"https:\/\/www.lapluma.net\/nosotros\/editora\/\"><span style=\"font-size: 14pt;\">Mar\u00eda Piedad Ossaba<\/span><\/a><\/h2>\n","protected":false},"excerpt":{"rendered":"<p>La legisladora del Pacto Hist\u00f3rico muri\u00f3 en una cl\u00ednica de Medell\u00edn por un infarto. El presidente Gustavo Petro la despidi\u00f3 por redes sociales.<\/p>\n","protected":false},"author":45,"featured_media":61456,"comment_status":"open","ping_status":"open","sticky":false,"template":"","format":"standard","meta":{"_uf_show_specific_survey":0,"_uf_disable_surveys":false,"footnotes":""},"categories":[216,218,6],"tags":[14145,25371,4312],"coauthors":[423],"class_list":["post-61452","post","type-post","status-publish","format-standard","has-post-thumbnail","hentry","category-colombia","category-monde","category-politique","tag-colombia-2","tag-obituario-piedad-cordoba","tag-varios-autores"],"translation":{"provider":"WPGlobus","version":"2.12.2","language":"fr","enabled_languages":["es","fr"],"languages":{"es":{"title":true,"content":true,"excerpt":true},"fr":{"title":false,"content":false,"excerpt":false}}},"_links":{"self":[{"href":"https:\/\/www.lapluma.net\/fr\/wp-json\/wp\/v2\/posts\/61452","targetHints":{"allow":["GET"]}}],"collection":[{"href":"https:\/\/www.lapluma.net\/fr\/wp-json\/wp\/v2\/posts"}],"about":[{"href":"https:\/\/www.lapluma.net\/fr\/wp-json\/wp\/v2\/types\/post"}],"author":[{"embeddable":true,"href":"https:\/\/www.lapluma.net\/fr\/wp-json\/wp\/v2\/users\/45"}],"replies":[{"embeddable":true,"href":"https:\/\/www.lapluma.net\/fr\/wp-json\/wp\/v2\/comments?post=61452"}],"version-history":[{"count":6,"href":"https:\/\/www.lapluma.net\/fr\/wp-json\/wp\/v2\/posts\/61452\/revisions"}],"predecessor-version":[{"id":61529,"href":"https:\/\/www.lapluma.net\/fr\/wp-json\/wp\/v2\/posts\/61452\/revisions\/61529"}],"wp:featuredmedia":[{"embeddable":true,"href":"https:\/\/www.lapluma.net\/fr\/wp-json\/wp\/v2\/media\/61456"}],"wp:attachment":[{"href":"https:\/\/www.lapluma.net\/fr\/wp-json\/wp\/v2\/media?parent=61452"}],"wp:term":[{"taxonomy":"category","embeddable":true,"href":"https:\/\/www.lapluma.net\/fr\/wp-json\/wp\/v2\/categories?post=61452"},{"taxonomy":"post_tag","embeddable":true,"href":"https:\/\/www.lapluma.net\/fr\/wp-json\/wp\/v2\/tags?post=61452"},{"taxonomy":"author","embeddable":true,"href":"https:\/\/www.lapluma.net\/fr\/wp-json\/wp\/v2\/coauthors?post=61452"}],"curies":[{"name":"wp","href":"https:\/\/api.w.org\/{rel}","templated":true}]}}