{"id":61247,"date":"2024-01-13T22:59:15","date_gmt":"2024-01-13T22:59:15","guid":{"rendered":"https:\/\/www.lapluma.net\/?p=61247"},"modified":"2024-01-14T15:25:52","modified_gmt":"2024-01-14T15:25:52","slug":"61247","status":"publish","type":"post","link":"https:\/\/www.lapluma.net\/fr\/2024\/01\/13\/61247\/","title":{"rendered":"Colombia: Uribe y la inmunidad de la Drummond"},"content":{"rendered":"<p style=\"text-align: justify;\"><span style=\"font-size: 14pt;\">Mucho revuelo caus\u00f3 la revelaci\u00f3n del expresidente Juan Manuel Santos acerca de que uno de sus primeros actos de gobierno, en 2010, fue tramitar la inmunidad diplom\u00e1tica de Uribe en Estados Unidos, cuando varias organizaciones de derechos humanos enfilaban sus demandas para ver al exmandatario ante la justicia estadounidense. Lo dicho por Santos, con la serenidad que lo caracteriza, fue contestado con rabia por Uribe y no precisamente porque fuera mentira, como inicialmente dijo, o porque se acabara de enterar, como atin\u00f3 a responder, sino porque lo oblig\u00f3 a confesar algo que el pa\u00eds tampoco conoc\u00eda: que la Drummond pag\u00f3 su abogado, apenas unos meses despu\u00e9s de dejar la Presidencia.<\/span><\/p>\n<p style=\"text-align: justify;\"><span style=\"font-size: 14pt;\">La confesi\u00f3n de Uribe, que entrevera con nombres pomposos para restarle importancia, deber\u00eda ser la puerta de entrada de una investigaci\u00f3n m\u00e1s amplia sobre sus relaciones con esta compa\u00f1\u00eda y la influencia que tuvieron las empresas del carb\u00f3n en la expansi\u00f3n del paramilitarismo en la costa Caribe. Las relaciones de esta empresa con el gobierno de Uribe fueron estrechas. De hecho, le ahorr\u00f3 miles de millones de pesos en exenciones tributarias, as\u00ed como cre\u00f3 convenios entre la multinacional y batallones del Ej\u00e9rcito para cuidar las minas. Y fue justamente de esta relaci\u00f3n entre oficiales, empresarios y pol\u00edticos que naci\u00f3 el paramilitarismo en el Cesar.<\/span><\/p>\n<p style=\"text-align: justify;\"><span style=\"font-size: 14pt;\">Esta vez Uribe dijo que la Drummond le pag\u00f3 los abogados porque el asunto era con la compa\u00f1\u00eda y no con \u00e9l, y que lo estaban acusando del asesinato de \u201cunos trabajadores\u201d, en 2001, un a\u00f1o antes de que llegara a la Presidencia. Lo que no detall\u00f3 fue que se trat\u00f3 del asesinato de tres dirigentes sindicales de la Drummond por parte de paramilitares, por lo que investigan en la justicia a esta multinacional estadounidense. En marzo de 2001, los paramilitares al mando de Jorge 40 detuvieron el bus en el que iban Valmore Locarno y V\u00edctor Hugo Orcasita, presidente y vicepresidente del sindicato, los hicieron bajar y los asesinaron. La misma suerte corri\u00f3, en octubre de ese mismo a\u00f1o, Gustavo Soler Mora, quien asumi\u00f3 la presidencia del sindicato tras las muertes de sus compa\u00f1eros.<\/span><\/p>\n<figure id=\"attachment_61260\" aria-describedby=\"caption-attachment-61260\" style=\"width: 501px\" class=\"wp-caption aligncenter\"><img loading=\"lazy\" decoding=\"async\" class=\"wp-image-61260\" src=\"https:\/\/www.lapluma.net\/wp-content\/uploads\/2024\/01\/Uribe-Santos-696x406-1-300x175.webp\" alt=\"\" width=\"501\" height=\"292\" srcset=\"https:\/\/www.lapluma.net\/wp-content\/uploads\/2024\/01\/Uribe-Santos-696x406-1-300x175.webp 300w, https:\/\/www.lapluma.net\/wp-content\/uploads\/2024\/01\/Uribe-Santos-696x406-1.webp 696w\" sizes=\"auto, (max-width: 501px) 100vw, 501px\" \/><figcaption id=\"caption-attachment-61260\" class=\"wp-caption-text\">\u00c1lvaro Uribe V\u00e9lez \/ Juan Manuel Santos.<\/figcaption><\/figure>\n<p style=\"text-align: justify;\"><span style=\"font-size: 14pt;\">De estos cr\u00edmenes la justicia ordinaria apenas ha condenado al gatillero, pero no ha permitido entender el entramado que dirigi\u00f3 las balas. Salvatore Mancuso dijo con toda claridad, en sus versiones recientes ante la JEP, que el Bloque Norte fue financiado por la Drummond y otras multinacionales del carb\u00f3n, que eran estas empresas las que ordenaban los cr\u00edmenes en Cesar y las que pagaban su operaci\u00f3n. Un testigo es Jairo de Jes\u00fas Charris, un paramilitar que responde al alias de Miguel, quien dijo, por ejemplo, que el asesinato de Soler habr\u00eda sido ordenado por Augusto Jim\u00e9nez Mej\u00eda \u2014expresidente de la Drummond en Colombia\u2014, el propio Gary Drummond y el expresidente de la multinacional Mike Tracy.<\/span><\/p>\n<p style=\"text-align: justify;\"><span style=\"font-size: 14pt;\">Alias Miguel tambi\u00e9n revel\u00f3 los nombres de los militares que participaron en estos cr\u00edmenes, varios de los cuales fungieron como jefes de seguridad de la compa\u00f1\u00eda, como el coronel (r) Jorge Garz\u00f3n, el general (r) Rafael Pe\u00f1a R\u00edos y el coronel (r) Luis Carlos Rodr\u00edguez. Y ni qu\u00e9 decir de las menciones que hay sobre James Lee Atkins y los pol\u00edticos que habr\u00edan participado de la manguala entre paras y la \u00e9lite del Cesar, entre los que se encuentran el exgobernador Alfredo Ara\u00fajo y Jorge Gnecco, fieles representantes de dos familias que han gobernado Cesar, manejado las relaciones empresariales de la Drummond y cuyas huellas la justicia est\u00e1 en mora de seguir. Detr\u00e1s de estos muertos y de lo que signific\u00f3 el paramilitarismo en el corredor minero est\u00e1 la sombra de la empresa que generosamente le pag\u00f3 los abogados al expresidente Uribe, pero seguramente \u00e9l dir\u00e1 que se acaba de enterar.<\/span><\/p>\n<section class=\"article-content\">\n<h2 style=\"text-align: justify;\"><span style=\"font-size: 14pt;\">Alfredo Molano Jimeno,<\/span><\/h2>\n<h2><span style=\"font-size: 14pt;\">Fuente: <a href=\"https:\/\/www.elespectador.com\/opinion\/columnistas\/alfredo-molano-jimeno\/uribe-y-la-inmunidad-de-la-drummond\/\">El Espectador<\/a>\/ <a href=\"https:\/\/www.kavilando.org\/lineas-kavilando\/conflicto-social-y-paz\/9767-uribe-y-la-inmunidad-de-la-drummond\">KAVILANDO.org<\/a>,11\/12 de enero de 2024<\/span><\/h2>\n<h2><span style=\"font-size: 14pt;\">Editado por <\/span><a href=\"https:\/\/www.lapluma.net\/nosotros\/editora\/\"><span style=\"font-size: 14pt;\">Mar\u00eda Piedad Ossaba<\/span><\/a><\/h2>\n<\/section>\n","protected":false},"excerpt":{"rendered":"<p>La confesi\u00f3n de Uribe deber\u00eda ser la puerta de entrada de una investigaci\u00f3n m\u00e1s amplia sobre sus relaciones con esta compa\u00f1\u00eda (Drumond) y la influencia que tuvieron las empresas del carb\u00f3n en la expansi\u00f3n del paramilitarismo en la costa Caribe.<\/p>\n","protected":false},"author":1379,"featured_media":61264,"comment_status":"open","ping_status":"open","sticky":false,"template":"","format":"standard","meta":{"_uf_show_specific_survey":0,"_uf_disable_surveys":false,"footnotes":""},"categories":[5,491],"tags":[1526,5146,25257,25333],"coauthors":[25332],"class_list":["post-61247","post","type-post","status-publish","format-standard","has-post-thumbnail","hentry","category-editoriales-y-opiniones","category-multinationales","tag-paramilitarismo","tag-alvaro-uribe-velez","tag-kariba-colombia","tag-verdad-drumond"],"translation":{"provider":"WPGlobus","version":"2.12.2","language":"fr","enabled_languages":["es","fr"],"languages":{"es":{"title":true,"content":true,"excerpt":true},"fr":{"title":false,"content":false,"excerpt":false}}},"_links":{"self":[{"href":"https:\/\/www.lapluma.net\/fr\/wp-json\/wp\/v2\/posts\/61247","targetHints":{"allow":["GET"]}}],"collection":[{"href":"https:\/\/www.lapluma.net\/fr\/wp-json\/wp\/v2\/posts"}],"about":[{"href":"https:\/\/www.lapluma.net\/fr\/wp-json\/wp\/v2\/types\/post"}],"author":[{"embeddable":true,"href":"https:\/\/www.lapluma.net\/fr\/wp-json\/wp\/v2\/users\/1379"}],"replies":[{"embeddable":true,"href":"https:\/\/www.lapluma.net\/fr\/wp-json\/wp\/v2\/comments?post=61247"}],"version-history":[{"count":8,"href":"https:\/\/www.lapluma.net\/fr\/wp-json\/wp\/v2\/posts\/61247\/revisions"}],"predecessor-version":[{"id":61301,"href":"https:\/\/www.lapluma.net\/fr\/wp-json\/wp\/v2\/posts\/61247\/revisions\/61301"}],"wp:featuredmedia":[{"embeddable":true,"href":"https:\/\/www.lapluma.net\/fr\/wp-json\/wp\/v2\/media\/61264"}],"wp:attachment":[{"href":"https:\/\/www.lapluma.net\/fr\/wp-json\/wp\/v2\/media?parent=61247"}],"wp:term":[{"taxonomy":"category","embeddable":true,"href":"https:\/\/www.lapluma.net\/fr\/wp-json\/wp\/v2\/categories?post=61247"},{"taxonomy":"post_tag","embeddable":true,"href":"https:\/\/www.lapluma.net\/fr\/wp-json\/wp\/v2\/tags?post=61247"},{"taxonomy":"author","embeddable":true,"href":"https:\/\/www.lapluma.net\/fr\/wp-json\/wp\/v2\/coauthors?post=61247"}],"curies":[{"name":"wp","href":"https:\/\/api.w.org\/{rel}","templated":true}]}}