{"id":61012,"date":"2024-01-09T14:20:07","date_gmt":"2024-01-09T14:20:07","guid":{"rendered":"https:\/\/www.lapluma.net\/?p=61012"},"modified":"2024-01-09T15:32:04","modified_gmt":"2024-01-09T15:32:04","slug":"desarrollo-y-libertarianismo-polos-opuestos","status":"publish","type":"post","link":"https:\/\/www.lapluma.net\/fr\/2024\/01\/09\/desarrollo-y-libertarianismo-polos-opuestos\/","title":{"rendered":"Desarrollo y libertarianismo: polos opuestos"},"content":{"rendered":"<p style=\"text-align: justify;\"><span style=\"font-size: 14pt;\">En 1977, la prestigiosa Editorial Siglo XXI public\u00f3 el libro <a href=\"https:\/\/proletarios.org\/books\/Agustin-Cueva-El-desarrollo-del-capitalismo-en-america-latina.pdf\"><em>El desarrollo del capitalismo en Am\u00e9rica Latina<\/em><\/a>, del reconocido soci\u00f3logo ecuatoriano <a href=\"http:\/\/www.literaturaecuatoriana.com\/htmls\/literatura-ecuatoriana-ensayo\/agustin-cueva.htm\">Agust\u00edn Cueva (1937-1992)<\/a>, obra de interpretaci\u00f3n hist\u00f3rica que gan\u00f3 el Premio Ensayo promovido por la misma empresa. Agust\u00edn, con quien mantuve una cercana amistad, examin\u00f3, desde la perspectiva te\u00f3rica, las estructuras precapitalistas como la fuente primaria del subdesarrollo de la regi\u00f3n; trat\u00f3 sobre la conflictiva estructuraci\u00f3n de los Estados nacionales y c\u00f3mo se manifestaron las luchas sociales; hasta cu\u00e1ndo rigi\u00f3 el proceso de acumulaci\u00f3n originaria de capitales y c\u00f3mo se conform\u00f3 el \u201cdesarrollo olig\u00e1rquico dependiente del capitalismo\u201d, las desigualdades que gener\u00f3 y la consolidaci\u00f3n de los Estados olig\u00e1rquicos; prosigui\u00f3 con los procesos industriales y su incidencia en la superaci\u00f3n del r\u00e9gimen olig\u00e1rquico; las econom\u00edas de la postguerra mundial en medio de la acumulaci\u00f3n de contradicciones sociales; hasta llegar a los a\u00f1os 70, cuando la acumulaci\u00f3n capitalista profundiza las desigualdades, agrava la concentraci\u00f3n y centralizaci\u00f3n de los capitales y de la riqueza y, adem\u00e1s, acude al fascismo abierto para mantener la nueva era del crecimiento capitalista, visible en las dictaduras del Cono Sur, a partir de la instauraci\u00f3n de la sanguinaria dictadura militar de <a href=\"https:\/\/www.ecured.cu\/Augusto_Pinochet\">Augusto Pinochet (1973-1990)<\/a>.<\/span><\/p>\n<p><img loading=\"lazy\" decoding=\"async\" class=\"wp-image-61018 aligncenter\" src=\"https:\/\/www.lapluma.net\/wp-content\/uploads\/2024\/01\/Capture-decran-Desarrollo-del-capitalismo-en-AL-174x300.png\" alt=\"\" width=\"329\" height=\"567\" srcset=\"https:\/\/www.lapluma.net\/wp-content\/uploads\/2024\/01\/Capture-decran-Desarrollo-del-capitalismo-en-AL-174x300.png 174w, https:\/\/www.lapluma.net\/wp-content\/uploads\/2024\/01\/Capture-decran-Desarrollo-del-capitalismo-en-AL.png 279w\" sizes=\"auto, (max-width: 329px) 100vw, 329px\" \/><\/p>\n<h5 style=\"text-align: center;\"><span style=\"font-size: 12pt;\"><a href=\"https:\/\/proletarios.org\/books\/Agustin-Cueva-El-desarrollo-del-capitalismo-en-america-latina.pdf\"><em>El desarrollo del capitalismo en Am\u00e9rica Latina<\/em><\/a>, libro completo formato PDF<\/span><\/h5>\n<p style=\"text-align: justify;\"><span style=\"font-size: 14pt;\">Desde la \u00e9poca de aquellos pioneros trabajos sobre el capitalismo latinoamericano entre los cuales destac\u00f3 el de Cueva, han pasado cuatro d\u00e9cadas y media. Las investigaciones han crecido sobre todo por el fortalecimiento que adquiri\u00f3 la <em>econom\u00eda pol\u00edtica<\/em> entre las ciencias sociales de la regi\u00f3n. De manera que hemos avanzado no solo en conocimientos, sino en el esclarecimiento de \u00e9pocas pasadas y en la previsi\u00f3n de lo que determina el presente hist\u00f3rico. Hoy est\u00e1 muy claro que el <em>modelo neoliberal<\/em> adquiri\u00f3 su definitiva fisonom\u00eda en las d\u00e9cadas de 1980 y 1990. Su consolidaci\u00f3n estuvo en manos del FMI, el capital transnacional y, sobre todo, la acci\u00f3n de gobiernos latinoamericanos que, bajo el supuesto de que el neoliberalismo era la alternativa mundial una vez derrumbado el socialismo de tipo sovi\u00e9tico, adhirieron a la \u201cnueva\u201d ideolog\u00eda, convertida en la causa definitiva de las burgues\u00edas latinoamericanas. Las consecuencias del que podr\u00edamos llamar \u201cprimer ciclo neoliberal en Am\u00e9rica Latina\u201d, son desastrosas, por cualquier lado que se examine. Las informaciones y estad\u00edsticas lo comprueban, y basta con acudir por internet a los diversos documentos publicados, ante todo, por la CEPAL, pero tambi\u00e9n por el FMI, el BM, el PNUD o la OIT. Y, m\u00e1s all\u00e1 de los \u201cdatos\u201d, est\u00e1n las vivencias de los pueblos, que han sido afectados por el incremento del desempleo, el subempleo, el arrastre de los derechos laborales, sociales y ambientales.<\/span><br \/>\n<span style=\"font-size: 14pt;\">\u00a0<\/span><br \/>\n<span style=\"font-size: 14pt;\">Ante semejante cuadro cabe preguntar si el neoliberalismo trajo alg\u00fan \u201cdesarrollo\u201d para Am\u00e9rica Latina. Sin duda, ocurri\u00f3 un claro avance y modernizaci\u00f3n del capitalismo. Hasta podr\u00eda decirse que hubo \u201cdesarrollo\u201d dentro del subdesarrollo capitalista hist\u00f3rico que sigue caracterizando a la regi\u00f3n; pero en ning\u00fan caso se produjo desarrollo con bienestar social y capaz de, por lo menos, aliviar el abismo entre ricos y pobres, que ha hecho de Am\u00e9rica Latina la regi\u00f3n m\u00e1s inequitativa del mundo. Como reacci\u00f3n a ese primer ciclo neoliberal sobrevino el primer ciclo de gobiernos progresistas y de nueva izquierda, que promovieron <em>econom\u00edas de tipo social<\/em>, cuyos logros contrastan con los del neoliberalismo e igualmente cuentan, para los \u201cdatos\u201d necesarios, con el mismo tipo de informes de los organismos internacionales, adem\u00e1s de los estudios nacionales, en cada pa\u00eds. <\/span><\/p>\n<p><img loading=\"lazy\" decoding=\"async\" class=\" wp-image-54743 aligncenter\" src=\"https:\/\/www.lapluma.net\/wp-content\/uploads\/2023\/07\/javier-milei-1551851-300x225.jpg\" alt=\"\" width=\"469\" height=\"352\" srcset=\"https:\/\/www.lapluma.net\/wp-content\/uploads\/2023\/07\/javier-milei-1551851-300x225.jpg 300w, https:\/\/www.lapluma.net\/wp-content\/uploads\/2023\/07\/javier-milei-1551851.jpg 696w\" sizes=\"auto, (max-width: 469px) 100vw, 469px\" \/><\/p>\n<p style=\"text-align: justify;\"><span style=\"font-size: 14pt;\">Como en una especie de reacci\u00f3n pendular, continu\u00f3 el segundo ciclo neoliberal, sucedido por un tibio y focalizado segundo ciclo progresista. Pero son las insuficiencias y l\u00edmites del neoliberalismo los que han provocado que surja una nueva opci\u00f3n capitalista: el <em>libertarianismo anarco-capitalista<\/em>, que por primera vez en la historia ha triunfado en Argentina con el presidente Javier Milei. Como se observa desde toda la regi\u00f3n, el intento por construir la utop\u00eda del mercado libre y de la empresa privada absoluta, sin Estado, ha adquirido una velocidad insospechada y las reformas pretendidas a trav\u00e9s de la ley <a href=\"https:\/\/t.ly\/TB-3D\">DNU<\/a> y del decreto \u201c<a href=\"https:\/\/www.perfil.com\/noticias\/politica\/ley-omnibus-enviada-congreso-ratifica-mega-decreto-javier-milei.phtml\">\u00f3mnibus<\/a>\u201d amenazan con arrasar todo lo que signifique obst\u00e1culo al sue\u00f1o del para\u00edso del empresariado privado, un proceso que no se ha intentado en los Estados Unidos o Jap\u00f3n y peor en Europa, donde rigen econom\u00edas sociales, a pesar de los medianos avances neoliberales. No se ha descartado la imposici\u00f3n de la utop\u00eda libertaria a cualquier costo y, de ser necesario, con la represi\u00f3n a todo movimiento social, con lo cual se est\u00e1 conformando una nueva \u00e9poca de <em>democracia-restringida<\/em> que utilizar\u00e1 a las fuerzas armadas y polic\u00edas al servicio de la \u201ccasta\u201d de capitalistas, como ya ocurri\u00f3 en Argentina durante la dictadura militar 1976-1983.\u00a0 <\/span><\/p>\n<p><img loading=\"lazy\" decoding=\"async\" class=\" wp-image-61019 aligncenter\" src=\"https:\/\/www.lapluma.net\/wp-content\/uploads\/2024\/01\/Agustin-Cueva2-231x300.png\" alt=\"\" width=\"398\" height=\"517\" srcset=\"https:\/\/www.lapluma.net\/wp-content\/uploads\/2024\/01\/Agustin-Cueva2-231x300.png 231w, https:\/\/www.lapluma.net\/wp-content\/uploads\/2024\/01\/Agustin-Cueva2.png 429w\" sizes=\"auto, (max-width: 398px) 100vw, 398px\" \/><\/p>\n<p style=\"text-align: justify;\"><span style=\"font-size: 14pt;\">Volviendo a <a href=\"https:\/\/www.uasb.edu.ec\/publicacion\/agustin-cueva-estudio-seleccion-y-notas-alejandro-moreano\/\">Agust\u00edn Cueva<\/a>, Am\u00e9rica Latina se halla en una etapa de aguda confrontaci\u00f3n entre clases sociales, reviven los intereses olig\u00e1rquicos, se afirman las estrategias americanistas en alianza con las burgues\u00edas internas, quedan traumatizadas las instituciones del Estado y en camino a la picota los derechos hist\u00f3ricamente conquistados por los pueblos de la regi\u00f3n. Esto no es desarrollo. Es la profundizaci\u00f3n del subdesarrollo hist\u00f3rico, que posterga el bienestar colectivo y la posibilidad de promover mejores condiciones de vida y trabajo para las poblaciones.<br \/>\n<\/span><\/p>\n<p><img loading=\"lazy\" decoding=\"async\" class=\"wp-image-49038 aligncenter\" src=\"https:\/\/www.lapluma.net\/wp-content\/uploads\/2023\/02\/0001-Libro-Cueva-231x300.png\" alt=\"\" width=\"451\" height=\"586\" srcset=\"https:\/\/www.lapluma.net\/wp-content\/uploads\/2023\/02\/0001-Libro-Cueva-231x300.png 231w, https:\/\/www.lapluma.net\/wp-content\/uploads\/2023\/02\/0001-Libro-Cueva.png 530w\" sizes=\"auto, (max-width: 451px) 100vw, 451px\" \/><\/p>\n<h5 style=\"text-align: center;\"><a href=\"https:\/\/www.lapluma.net\/wp-content\/uploads\/2023\/02\/Libro-Vigencia-del-Pensamiento-de-Agustin-Cueva.pdf\">Libro Vigencia del Pensamiento de Agust\u00edn Cueva<\/a> Formato PDF<\/h5>\n<p><span style=\"font-size: 14pt;\">Para remate de este movimiento acelerado de la historia, en Ecuador el bloque de poder empresarial-neoliberal y derechista, constituido desde 2017 gracias al gobierno de <a href=\"https:\/\/www.ecured.cu\/Len%C3%ADn_Moreno\">Len\u00edn Moreno (2017-2021)<\/a>, ha convertido al pa\u00eds en el m\u00e1s inseguro de Am\u00e9rica Latina durante ese gobierno y m\u00e1s profundamente en el de <a href=\"https:\/\/www.ecured.cu\/Guillermo_Lasso#Biograf.C3.ADa\">Guillermo Lasso (2021-2023),<\/a> un primer y tibio ensayo \u201clibertario\u201d, que result\u00f3 un fracaso. Y no hay, hasta el momento, ni un solo signo de que el desarrollo con bienestar social podr\u00e1 despegar en algo con el transitorio gobierno de <a href=\"https:\/\/www.ecured.cu\/Daniel_Noboa#S.C3.ADntesis_biogr.C3.A1fica\">Daniel Noboa<\/a>. <\/span><\/p>\n<figure id=\"attachment_61020\" aria-describedby=\"caption-attachment-61020\" style=\"width: 417px\" class=\"wp-caption aligncenter\"><img loading=\"lazy\" decoding=\"async\" class=\"wp-image-61020\" src=\"https:\/\/www.lapluma.net\/wp-content\/uploads\/2024\/01\/Daniel-Noboa-209x300.jpg\" alt=\"\" width=\"417\" height=\"600\" srcset=\"https:\/\/www.lapluma.net\/wp-content\/uploads\/2024\/01\/Daniel-Noboa-209x300.jpg 209w, https:\/\/www.lapluma.net\/wp-content\/uploads\/2024\/01\/Daniel-Noboa.jpg 605w\" sizes=\"auto, (max-width: 417px) 100vw, 417px\" \/><figcaption id=\"caption-attachment-61020\" class=\"wp-caption-text\">El magnate bananero Daniel Noboa, hoy convertido en flamante mandatario neoliberal del Ecuador (Vilmatraca).<\/figcaption><\/figure>\n<p style=\"text-align: justify;\"><span style=\"font-size: 14pt;\">El inter\u00e9s se ha concentrado en crear zonas francas, las alianzas p\u00fablico-privadas, la reforma laboral y el fortalecimiento de la represi\u00f3n para tratar de detener el imparable avance de la delincuencia organizada, una pol\u00edtica que desea obtener respaldo popular mediante la convocatoria a una consulta popular, en la que, de paso, se introduce una pregunta para revivir \u201c<a href=\"https:\/\/t.ly\/YU8mr\">casinos, salas de juego, casas de apuestas o negocios dedicados a la realizaci\u00f3n de juegos de azar<\/a>\u201d, que son, parad\u00f3jicamente, los veh\u00edculos a trav\u00e9s de los cuales se logra \u201clavar\u201d los dineros irregulares, como bien se conoce en el mundo. Desde la perspectiva econ\u00f3mica, todo apunta a la continuidad del neoliberalismo, ahora m\u00e1s adecuado a los intereses de la que ha pasado a ser la burgues\u00eda m\u00e1s tercermundista en la regi\u00f3n.<\/span><\/p>\n<h2 style=\"text-align: justify;\"><span style=\"font-size: 14pt;\">Juan J. Paz y Mi\u00f1o Cepeda para La Pluma, Ecuador 8\u00a0 de enero de 2024<\/span><\/h2>\n<h2 style=\"text-align: justify;\"><span style=\"font-size: 14pt;\"><strong>Editado por <a href=\"https:\/\/www.lapluma.net\/nosotros\/editora\/\">Mar\u00eda Piedad Ossaba<\/a><\/strong><\/span><\/h2>\n<h2 style=\"text-align: justify;\"><span style=\"font-size: 14pt;\"><strong>Publicado por B<a href=\"https:\/\/www.historiaypresente.com\/desarrollo-y-libertarianismo-polos-opuestos\/\">log Historia y presente<\/a><\/strong><\/span><\/h2>\n<h2 style=\"text-align: justify;\"><span style=\"font-size: 14pt;\"><strong>Visita la red del colectivo\u00a0<a href=\"https:\/\/rutakritica.org\">Ruta Kr\u00edtica<\/a>, el\u00a0nuevo blog de difusi\u00f3n del pensamiento y la comunicaci\u00f3n alternativos<\/strong><\/span><\/h2>\n<div>\n<h3>\u00a0\u00a0 <img loading=\"lazy\" decoding=\"async\" class=\"wp-image-61021 alignnone\" src=\"https:\/\/www.lapluma.net\/wp-content\/uploads\/2024\/01\/Ecuador-los-gobiernos-julianos-193x300.jpg\" alt=\"\" width=\"145\" height=\"225\" srcset=\"https:\/\/www.lapluma.net\/wp-content\/uploads\/2024\/01\/Ecuador-los-gobiernos-julianos-193x300.jpg 193w, https:\/\/www.lapluma.net\/wp-content\/uploads\/2024\/01\/Ecuador-los-gobiernos-julianos.jpg 659w\" sizes=\"auto, (max-width: 145px) 100vw, 145px\" \/><br \/>\n<span style=\"font-size: 12pt;\">ESPECIAL: Ahora con libre acceso el libro\u00a0<\/span><br \/>\n<span style=\"font-size: 12pt;\"><em>Ecuador: los gobiernos julianos 1925-1931<\/em><em>. La constituci\u00f3n de la izquierda pol\u00edtica<\/em><\/span><\/h3>\n<p><span style=\"font-size: 12pt;\">Bajarlo en pdf aqu\u00ed: <a href=\"https:\/\/pazymino.us7.list-manage.com\/track\/click?u=c3e3bed0077c1d7adb5463ee7&amp;id=3cdb595c9b&amp;e=03c89497f2\" target=\"_blank\" rel=\"nofollow noopener noreferrer\">www.historiaypresente.com\/gobiernos-julianos\/<\/a>\u00a0<\/span><\/p>\n<\/div>\n<div><\/div>\n","protected":false},"excerpt":{"rendered":"<p>Am\u00e9rica Latina se halla en una etapa de aguda confrontaci\u00f3n entre clases sociales, reviven los intereses olig\u00e1rquicos, se afirman las estrategias americanistas en alianza con las burgues\u00edas internas, quedan traumatizadas las instituciones del Estado y en camino a la picota los derechos hist\u00f3ricamente conquistados por los pueblos de la regi\u00f3n. Esto no es desarrollo. Es la profundizaci\u00f3n del subdesarrollo hist\u00f3rico, que posterga el bienestar colectivo y la posibilidad de promover mejores condiciones de vida y trabajo para las poblaciones.<\/p>\n","protected":false},"author":8,"featured_media":61022,"comment_status":"open","ping_status":"open","sticky":false,"template":"","format":"standard","meta":{"_uf_show_specific_survey":0,"_uf_disable_surveys":false,"footnotes":""},"categories":[443,217],"tags":[11267,25299,13744,114],"coauthors":[257],"class_list":["post-61012","post","type-post","status-publish","format-standard","has-post-thumbnail","hentry","category-en-la-picota","category-abya-yala","tag-agustin-cueva","tag-estructuras-precapitalistas","tag-juan-j-paz-y-mino-cepeda-2","tag-neoliberalismo"],"translation":{"provider":"WPGlobus","version":"2.12.2","language":"fr","enabled_languages":["es","fr"],"languages":{"es":{"title":true,"content":true,"excerpt":true},"fr":{"title":false,"content":false,"excerpt":false}}},"_links":{"self":[{"href":"https:\/\/www.lapluma.net\/fr\/wp-json\/wp\/v2\/posts\/61012","targetHints":{"allow":["GET"]}}],"collection":[{"href":"https:\/\/www.lapluma.net\/fr\/wp-json\/wp\/v2\/posts"}],"about":[{"href":"https:\/\/www.lapluma.net\/fr\/wp-json\/wp\/v2\/types\/post"}],"author":[{"embeddable":true,"href":"https:\/\/www.lapluma.net\/fr\/wp-json\/wp\/v2\/users\/8"}],"replies":[{"embeddable":true,"href":"https:\/\/www.lapluma.net\/fr\/wp-json\/wp\/v2\/comments?post=61012"}],"version-history":[{"count":7,"href":"https:\/\/www.lapluma.net\/fr\/wp-json\/wp\/v2\/posts\/61012\/revisions"}],"predecessor-version":[{"id":61024,"href":"https:\/\/www.lapluma.net\/fr\/wp-json\/wp\/v2\/posts\/61012\/revisions\/61024"}],"wp:featuredmedia":[{"embeddable":true,"href":"https:\/\/www.lapluma.net\/fr\/wp-json\/wp\/v2\/media\/61022"}],"wp:attachment":[{"href":"https:\/\/www.lapluma.net\/fr\/wp-json\/wp\/v2\/media?parent=61012"}],"wp:term":[{"taxonomy":"category","embeddable":true,"href":"https:\/\/www.lapluma.net\/fr\/wp-json\/wp\/v2\/categories?post=61012"},{"taxonomy":"post_tag","embeddable":true,"href":"https:\/\/www.lapluma.net\/fr\/wp-json\/wp\/v2\/tags?post=61012"},{"taxonomy":"author","embeddable":true,"href":"https:\/\/www.lapluma.net\/fr\/wp-json\/wp\/v2\/coauthors?post=61012"}],"curies":[{"name":"wp","href":"https:\/\/api.w.org\/{rel}","templated":true}]}}