{"id":60858,"date":"2024-01-12T08:00:21","date_gmt":"2024-01-12T08:00:21","guid":{"rendered":"https:\/\/www.lapluma.net\/?p=60858"},"modified":"2024-01-13T18:12:21","modified_gmt":"2024-01-13T18:12:21","slug":"yemen-un-pueblo-indomable-i","status":"publish","type":"post","link":"https:\/\/www.lapluma.net\/fr\/2024\/01\/12\/yemen-un-pueblo-indomable-i\/","title":{"rendered":"Y\u00e9men : un peuple indomptable"},"content":{"rendered":"<p style=\"text-align: justify;\"><span style=\"font-size: 18pt;\">I<\/span><\/p>\n<p style=\"text-align: justify;\"><span style=\"font-size: 14pt;\">En 2015, le Y\u00e9men, pays m\u00e9connu de nombreux Occidentaux, a lanc\u00e9 une guerre pour d\u00e9fendre sa souverainet\u00e9, menac\u00e9e par une alliance interventionniste men\u00e9e par l\u2019Arabie saoudite. Le peuple y\u00e9m\u00e9nite a d\u00fb payer de la vie de pr\u00e8s de 400 000 de ses enfants le maintien de son ind\u00e9pendance. Beaucoup se sont demand\u00e9 comment un pays consid\u00e9r\u00e9 comme le plus pauvre d\u2019Asie occidentale a pu r\u00e9sister et vaincre une coalition compos\u00e9e de pays parmi les plus riches de la plan\u00e8te.<\/span><\/p>\n<p style=\"text-align: center;\"><img loading=\"lazy\" decoding=\"async\" class=\" wp-image-61211 aligncenter\" src=\"https:\/\/www.lapluma.net\/wp-content\/uploads\/2024\/01\/2018-humanity_is_dying_in_yemen__mary_zins-212x300.png\" alt=\"\" width=\"404\" height=\"572\" srcset=\"https:\/\/www.lapluma.net\/wp-content\/uploads\/2024\/01\/2018-humanity_is_dying_in_yemen__mary_zins-212x300.png 212w, https:\/\/www.lapluma.net\/wp-content\/uploads\/2024\/01\/2018-humanity_is_dying_in_yemen__mary_zins.png 452w\" sizes=\"auto, (max-width: 404px) 100vw, 404px\" \/><span style=\"font-size: 12pt;\">Mary Zins, 2018<\/span><\/p>\n<p style=\"text-align: justify;\"><span style=\"font-size: 14pt;\">Bien que le conflit dure depuis pr\u00e8s de dix ans, il semble avoir atteint une situation qui pourrait conduire \u00e0 une \u00e9ventuelle cessation du conflit. Bien que la situation reste tendue et que des actions de guerre de toutes sortes se poursuivent, les actions militaires ont diminu\u00e9 au cours des derniers mois. Il ne s\u2019agit plus d\u2019une guerre totale, mais il n\u2019y a pas non plus de paix. Avec la m\u00e9diation de la Chine, l\u2019Arabie saoudite et l\u2019Iran se sont r\u00e9concili\u00e9s, ouvrant la voie au r\u00e8glement de plusieurs conflits en Asie occidentale et dans le nord de l\u2019Afrique [Soudan]. Celui du Y\u00e9men est apparemment l\u2019un d\u2019entre eux.<\/span><\/p>\n<p style=\"text-align: justify;\"><span style=\"font-size: 14pt;\">Aujourd\u2019hui, apr\u00e8s l\u2019invasion isra\u00e9lienne de Gaza, le Y\u00e9men, avec le Hezbollah libanais et d\u2019autres forces r\u00e9volutionnaires arabes et musulmanes, a jou\u00e9 un r\u00f4le actif dans la solidarit\u00e9 avec la Palestine. Une fois de plus, le Y\u00e9men a surpris tout le monde en prenant des d\u00e9cisions qui ont un impact non seulement local, mais aussi r\u00e9gional et mondial. Une fois de plus, le monde s\u2019est demand\u00e9 comment cela avait pu se produire. Je fournirai ici quelques \u00e9l\u00e9ments qui permettront aux lecteurs de conna\u00eetre le Y\u00e9men, la lutte historique et l\u2019h\u00e9ro\u00efsme de son peuple, afin de les aider \u00e0 comprendre la port\u00e9e et la dimension de la d\u00e9cision du Y\u00e9men de soutenir la juste lutte du peuple palestinien avec toutes les ressources \u00e0 sa disposition.<\/span><\/p>\n<p style=\"text-align: justify;\"><span style=\"font-size: 14pt;\">La R\u00e9publique du Y\u00e9men occupe une position strat\u00e9gique sur la plan\u00e8te, dans une r\u00e9gion o\u00f9 se croisent les routes commerciales reliant l\u2019Asie, l\u2019Afrique de l\u2019Est et la M\u00e9diterran\u00e9e. Son territoire, situ\u00e9 sur les rives de la mer d\u2019Arabie et aux portes de la mer Rouge, donne sur le d\u00e9troit de Bab el Mandeb, ce qui lui conf\u00e8re une position privil\u00e9gi\u00e9e sur le globe, surtout depuis le XXe si\u00e8cle, lorsque, d\u2019une part, d\u2019importants gisements d\u2019\u00e9nergie (p\u00e9trole et gaz) ont \u00e9t\u00e9 d\u00e9couverts dans la r\u00e9gion et, d\u2019autre part, compte tenu de l\u2019\u00e9norme croissance \u00e9conomique et du d\u00e9veloppement de l\u2019Asie orientale, qui ont transform\u00e9 le Y\u00e9men en un passage oblig\u00e9 pour la plupart des \u00e9changes commerciaux du monde.<\/span><\/p>\n<p style=\"text-align: justify;\"><span style=\"font-size: 14pt;\">Les cit\u00e9s antiques du territoire ont \u00e9t\u00e9 unifi\u00e9es dans l\u2019Antiquit\u00e9 au sein du royaume biblique de Saba. La lutte pour la lib\u00e9ration et l\u2019ind\u00e9pendance des habitants de l\u2019actuelle r\u00e9gion du Y\u00e9men a commenc\u00e9 d\u00e8s le 1er si\u00e8cle de l\u2019\u00e8re chr\u00e9tienne, lorsqu\u2019ils ont d\u00fb affronter l\u2019Empire romain. La puissante Rome a \u00e9t\u00e9 vaincue dans sa tentative de domination.<\/span><\/p>\n<p style=\"text-align: justify;\"><span style=\"font-size: 14pt;\">Contrairement au reste de la p\u00e9ninsule arabique, le Y\u00e9men d\u2019aujourd\u2019hui poss\u00e9dait une v\u00e9g\u00e9tation prodigieuse qui procurait \u00e0 sa population une grande richesse en raison des vastes possibilit\u00e9s de consommation et de commerce qu\u2019elle offrait. C\u2019est ainsi que le math\u00e9maticien et g\u00e9ographe grec Ptol\u00e9m\u00e9e aurait appel\u00e9 le Y\u00e9men \u201cl\u2019Arabie heureuse\u201d.<\/span><\/p>\n<h5><span style=\"font-size: 12pt;\"><img loading=\"lazy\" decoding=\"async\" class=\"wp-image-61212 aligncenter\" src=\"https:\/\/www.lapluma.net\/wp-content\/uploads\/2024\/01\/Abraham_Ortelius_-_Tvrcici_imperii_descriptio-300x222.jpg\" alt=\"\" width=\"550\" height=\"406\" srcset=\"https:\/\/www.lapluma.net\/wp-content\/uploads\/2024\/01\/Abraham_Ortelius_-_Tvrcici_imperii_descriptio-300x222.jpg 300w, https:\/\/www.lapluma.net\/wp-content\/uploads\/2024\/01\/Abraham_Ortelius_-_Tvrcici_imperii_descriptio.jpg 640w\" sizes=\"auto, (max-width: 550px) 100vw, 550px\" \/><\/span><\/h5>\n<h5 style=\"text-align: center;\"><span style=\"font-size: 12pt;\"><strong>\u00ab\u00a0<em>Description de l&rsquo;Empire turcique<\/em>\u00ab\u00a0,<\/strong> in A<em>tlas Teatrum Orbis Terarum<\/em>, Abraham Ortelius, Anvers, 1570<\/span><\/h5>\n<p style=\"text-align: justify;\"><span style=\"font-size: 14pt;\">Au cours de l\u2019histoire, les Y\u00e9m\u00e9nites ont d\u00fb lutter contre les Himyarites qui, convertis au juda\u00efsme en 380, ont pers\u00e9cut\u00e9 la population majoritairement chr\u00e9tienne jusqu\u2019\u00e0 l\u2019intervention des \u00c9thiopiens au VIe si\u00e8cle. L\u2019islam est arriv\u00e9 dans la r\u00e9gion au cours du VIIe si\u00e8cle et a commenc\u00e9 \u00e0 fa\u00e7onner une culture bas\u00e9e sur l\u2019entrelacement de diverses formes de connaissances qui ont apport\u00e9 de grandes contributions \u00e0 l\u2019humanit\u00e9.<\/span><\/p>\n<p style=\"text-align: justify;\"><span style=\"font-size: 14pt;\">Cependant, pendant de nombreux si\u00e8cles, le Y\u00e9men est rest\u00e9 en marge du d\u00e9veloppement culturel et \u00e9conomique instaur\u00e9 par l\u2019Islam. C\u2019est au XVe si\u00e8cle que le territoire de l\u2019actuel Y\u00e9men a commenc\u00e9 \u00e0 prendre une valeur strat\u00e9gique. Dans leur qu\u00eate d\u2019expansion commerciale, les Europ\u00e9ens ont commenc\u00e9 \u00e0 dominer des territoires \u00e0 travers le monde. Les premiers Europ\u00e9ens \u00e0 arriver dans la r\u00e9gion sont les Portugais, qui dominent le pays afin de contr\u00f4ler la voie maritime qui leur permet de faire le commerce des \u00e9pices entre l\u2019Asie et l\u2019Europe via la mer Rouge.<\/span><\/p>\n<p style=\"text-align: center;\"><img loading=\"lazy\" decoding=\"async\" class=\"aligncenter wp-image-61213\" src=\"https:\/\/www.lapluma.net\/wp-content\/uploads\/2024\/01\/Carte_du_royaume_dYemen_dans_.Delisle_Guillaume_btv1b8592971k_1-300x233.jpg\" alt=\"\" width=\"550\" height=\"426\" srcset=\"https:\/\/www.lapluma.net\/wp-content\/uploads\/2024\/01\/Carte_du_royaume_dYemen_dans_.Delisle_Guillaume_btv1b8592971k_1-300x233.jpg 300w, https:\/\/www.lapluma.net\/wp-content\/uploads\/2024\/01\/Carte_du_royaume_dYemen_dans_.Delisle_Guillaume_btv1b8592971k_1.jpg 640w\" sizes=\"auto, (max-width: 550px) 100vw, 550px\" \/><span style=\"font-size: 12pt;\"><em>Carte du royaume d\u2019Y\u00e9men dans l\u2019Arabie heureuse<\/em>, Guillaume Delisle, 1715<\/span><\/p>\n<p style=\"text-align: justify;\"><span style=\"font-size: 14pt;\">Le XVIe si\u00e8cle a vu le d\u00e9but de la conqu\u00eate ottomane avec l\u2019occupation d\u2019une partie de la c\u00f4te de la mer Rouge, tandis que l\u2019int\u00e9rieur et la c\u00f4te sud restaient ind\u00e9pendants, gouvern\u00e9s par un imam. Peu apr\u00e8s, les Britanniques font leur apparition dans la r\u00e9gion, en \u00e9tablissant un comptoir de la Compagnie des Indes orientales dans le port de Mokha, sur la mer Rouge [<em>d\u2019o\u00f9 le terme moca, ou mocca, pour d\u00e9signer une vari\u00e9t\u00e9 de caf\u00e9, NdT<\/em>].<\/span><\/p>\n<p><img loading=\"lazy\" decoding=\"async\" class=\"aligncenter wp-image-61214\" src=\"https:\/\/www.lapluma.net\/wp-content\/uploads\/2024\/01\/Vu_de_Mocha_depuis_la_mer_en_1737-300x81.jpg\" alt=\"\" width=\"550\" height=\"148\" srcset=\"https:\/\/www.lapluma.net\/wp-content\/uploads\/2024\/01\/Vu_de_Mocha_depuis_la_mer_en_1737-300x81.jpg 300w, https:\/\/www.lapluma.net\/wp-content\/uploads\/2024\/01\/Vu_de_Mocha_depuis_la_mer_en_1737.jpg 640w\" sizes=\"auto, (max-width: 550px) 100vw, 550px\" \/><\/p>\n<h5 style=\"text-align: center;\"><span style=\"font-size: 12pt;\">Vue de Moka du c\u00f4t\u00e9 de la mer. Dessin anonyme publi\u00e9 en 1737 apr\u00e8s la premi\u00e8re exp\u00e9dition militaire fran\u00e7aise des deux navires Le Curieux et Le Diligent contre ce port<\/span><\/h5>\n<p style=\"text-align: justify;\"><span style=\"font-size: 14pt;\">Au XIXe si\u00e8cle, les Britanniques ont \u00e9tendu leur pr\u00e9sence en occupant toute la pointe sud-ouest du pays, s\u2019installant en 1839 \u00e0 Aden, le meilleur port de la r\u00e9gion, tandis qu\u2019en 1872, les Turcs ont r\u00e9ussi \u00e0 consolider leur emprise sur l\u2019int\u00e9rieur du pays en installant une monarchie h\u00e9r\u00e9ditaire de facto portant le nom d\u2019un imam local. Cette division a de fait scind\u00e9 le Y\u00e9men en deux pays.<\/span><\/p>\n<p style=\"text-align: justify;\"><span style=\"font-size: 14pt;\">Dans les ann\u00e9es 1870, avec l\u2019ouverture du canal de Suez et la consolidation de la domination turque sur le nord du Y\u00e9men, Aden rev\u00eat une importance nouvelle pour la strat\u00e9gie globale de la Grande-Bretagne : c\u2019est la cl\u00e9 de la mer Rouge et donc du nouveau canal.<\/span><\/p>\n<p><img loading=\"lazy\" decoding=\"async\" class=\"aligncenter wp-image-61215\" src=\"https:\/\/www.lapluma.net\/wp-content\/uploads\/2024\/01\/Carte-Yemen-1918-300x212.jpg\" alt=\"\" width=\"550\" height=\"390\" srcset=\"https:\/\/www.lapluma.net\/wp-content\/uploads\/2024\/01\/Carte-Yemen-1918-300x212.jpg 300w, https:\/\/www.lapluma.net\/wp-content\/uploads\/2024\/01\/Carte-Yemen-1918.jpg 521w\" sizes=\"auto, (max-width: 550px) 100vw, 550px\" \/><\/p>\n<p style=\"text-align: justify;\"><span style=\"font-size: 14pt;\">Au d\u00e9but du XXe si\u00e8cle, la Turquie et le Royaume-Uni ont trac\u00e9 une fronti\u00e8re entre leurs territoires, rebaptis\u00e9s respectivement Y\u00e9men du Nord et Y\u00e9men du Sud. En 1934, la Grande-Bretagne a pris le contr\u00f4le de toute la partie sud du pays jusqu\u2019\u00e0 la fronti\u00e8re avec Oman.<\/span><\/p>\n<p><img loading=\"lazy\" decoding=\"async\" class=\" wp-image-61216 aligncenter\" src=\"https:\/\/www.lapluma.net\/wp-content\/uploads\/2024\/01\/Yahya-Mohammed-240x300.png\" alt=\"\" width=\"430\" height=\"538\" srcset=\"https:\/\/www.lapluma.net\/wp-content\/uploads\/2024\/01\/Yahya-Mohammed-240x300.png 240w, https:\/\/www.lapluma.net\/wp-content\/uploads\/2024\/01\/Yahya-Mohammed.png 512w\" sizes=\"auto, (max-width: 430px) 100vw, 430px\" \/><\/p>\n<p style=\"text-align: justify;\"><span style=\"font-size: 14pt;\">Pendant la Premi\u00e8re Guerre mondiale, l\u2019imam s\u2019allie \u00e0 l\u2019Empire ottoman et lui reste fid\u00e8le jusqu\u2019\u00e0 la fin de la guerre. La d\u00e9faite des Turcs permet au Y\u00e9men de retrouver son ind\u00e9pendance en novembre 1918. Cependant, la Grande-Bretagne, apr\u00e8s avoir reconnu l\u2019ind\u00e9pendance du Y\u00e9men, fait d\u2019Aden un protectorat en 1928 et, en 1937, une colonie. Une fois de plus, les Y\u00e9m\u00e9nites ont d\u00fb recourir \u00e0 la lutte arm\u00e9e pour obtenir leur ind\u00e9pendance. En 1940, le mouvement nationaliste <em>\u201cY\u00e9men libre\u201d <\/em>voit le jour pour lutter contre le <\/span><span style=\"font-size: 14pt;\">contr\u00f4le du pays par les imams qui se sont alli\u00e9s \u00e0 la Grande-Bretagne.<\/span><\/p>\n<p><img loading=\"lazy\" decoding=\"async\" class=\"aligncenter wp-image-61217\" src=\"https:\/\/www.lapluma.net\/wp-content\/uploads\/2024\/01\/Combattants-yemenites-1957-300x176.png\" alt=\"\" width=\"550\" height=\"322\" srcset=\"https:\/\/www.lapluma.net\/wp-content\/uploads\/2024\/01\/Combattants-yemenites-1957-300x176.png 300w, https:\/\/www.lapluma.net\/wp-content\/uploads\/2024\/01\/Combattants-yemenites-1957.png 400w\" sizes=\"auto, (max-width: 550px) 100vw, 550px\" \/><\/p>\n<h5 style=\"text-align: center;\"><span style=\"font-size: 12pt;\"><strong>La r\u00e9volution de 1967<\/strong><\/span><\/h5>\n<p><img loading=\"lazy\" decoding=\"async\" class=\"aligncenter wp-image-61218\" src=\"https:\/\/www.lapluma.net\/wp-content\/uploads\/2024\/01\/FLN-1967-300x198.jpg\" alt=\"\" width=\"550\" height=\"363\" srcset=\"https:\/\/www.lapluma.net\/wp-content\/uploads\/2024\/01\/FLN-1967-300x198.jpg 300w, https:\/\/www.lapluma.net\/wp-content\/uploads\/2024\/01\/FLN-1967-150x100.jpg 150w, https:\/\/www.lapluma.net\/wp-content\/uploads\/2024\/01\/FLN-1967.jpg 640w\" sizes=\"auto, (max-width: 550px) 100vw, 550px\" \/><\/p>\n<p style=\"text-align: justify;\"><span style=\"font-size: 14pt;\">\u00a0La lutte a pris des voies distinctes au nord et au sud. En 1962, la R\u00e9publique arabe du Y\u00e9men est cr\u00e9\u00e9e au nord, tandis qu\u2019au sud, le Front de lib\u00e9ration nationale, cr\u00e9\u00e9 en 1963, s\u2019empare d\u2019Aden en 1967 et proclame l\u2019ind\u00e9pendance, initiant une r\u00e9volution socialiste.<\/span><\/p>\n<p><img loading=\"lazy\" decoding=\"async\" class=\"aligncenter wp-image-61219\" src=\"https:\/\/www.lapluma.net\/wp-content\/uploads\/2024\/01\/British-troops-1967-Aden-2-300x176.png\" alt=\"\" width=\"550\" height=\"323\" srcset=\"https:\/\/www.lapluma.net\/wp-content\/uploads\/2024\/01\/British-troops-1967-Aden-2-300x176.png 300w, https:\/\/www.lapluma.net\/wp-content\/uploads\/2024\/01\/British-troops-1967-Aden-2.png 400w\" sizes=\"auto, (max-width: 550px) 100vw, 550px\" \/><\/p>\n<p><img loading=\"lazy\" decoding=\"async\" class=\"aligncenter wp-image-61220\" src=\"https:\/\/www.lapluma.net\/wp-content\/uploads\/2024\/01\/British-troops-1967-Aden-3-300x175.png\" alt=\"\" width=\"550\" height=\"321\" srcset=\"https:\/\/www.lapluma.net\/wp-content\/uploads\/2024\/01\/British-troops-1967-Aden-3-300x175.png 300w, https:\/\/www.lapluma.net\/wp-content\/uploads\/2024\/01\/British-troops-1967-Aden-3.png 640w\" sizes=\"auto, (max-width: 550px) 100vw, 550px\" \/><\/p>\n<p><img loading=\"lazy\" decoding=\"async\" class=\"aligncenter wp-image-61221\" src=\"https:\/\/www.lapluma.net\/wp-content\/uploads\/2024\/01\/British-troops-1967-Aden-300x210.png\" alt=\"\" width=\"550\" height=\"384\" srcset=\"https:\/\/www.lapluma.net\/wp-content\/uploads\/2024\/01\/British-troops-1967-Aden-300x210.png 300w, https:\/\/www.lapluma.net\/wp-content\/uploads\/2024\/01\/British-troops-1967-Aden.png 634w\" sizes=\"auto, (max-width: 550px) 100vw, 550px\" \/><\/p>\n<p><img loading=\"lazy\" decoding=\"async\" class=\"aligncenter wp-image-61222\" src=\"https:\/\/www.lapluma.net\/wp-content\/uploads\/2024\/01\/British_troops_Yemen_1967-300x182.jpg\" alt=\"\" width=\"550\" height=\"333\" srcset=\"https:\/\/www.lapluma.net\/wp-content\/uploads\/2024\/01\/British_troops_Yemen_1967-300x182.jpg 300w, https:\/\/www.lapluma.net\/wp-content\/uploads\/2024\/01\/British_troops_Yemen_1967.jpg 550w\" sizes=\"auto, (max-width: 550px) 100vw, 550px\" \/><\/p>\n<h5 style=\"text-align: center;\"><span style=\"font-size: 12pt;\"><strong>Soldats des Northumberland Fusiliers, fer de lance de la contre-insurrection britannique, en action \u00e0 Aden en 1967<\/strong><\/span><\/h5>\n<p style=\"text-align: justify;\"><span style=\"font-size: 14pt;\">Le Y\u00e9men du Sud est rebaptis\u00e9 R\u00e9publique d\u00e9mocratique populaire du Y\u00e9men, il ferme toutes les bases britanniques en 1969, prend le contr\u00f4le des banques, du commerce ext\u00e9rieur et de l\u2019industrie maritime, tout en entreprenant une r\u00e9forme agraire. En mati\u00e8re de politique \u00e9trang\u00e8re, il a maintenu une alliance \u00e9troite avec l\u2019Union sovi\u00e9tique. Il a \u00e9galement encourag\u00e9 une lutte antisioniste ouverte et un soutien au peuple palestinien.<\/span><\/p>\n<p style=\"text-align: justify;\"><span style=\"font-size: 14pt;\">En octobre 1978, lors d\u2019un congr\u00e8s b\u00e9n\u00e9ficiant d\u2019un soutien populaire consid\u00e9rable, le Front de lib\u00e9ration nationale fonde le Parti socialiste y\u00e9m\u00e9nite. En d\u00e9cembre, les premi\u00e8res \u00e9lections populaires depuis l\u2019ind\u00e9pendance sont organis\u00e9es pour d\u00e9signer les 111 membres du Conseil r\u00e9volutionnaire du peuple.<\/span><\/p>\n<p style=\"text-align: justify;\"><span style=\"font-size: 14pt;\">D\u00e8s les premi\u00e8res ann\u00e9es de son existence, la R\u00e9publique d\u00e9mocratique populaire du Y\u00e9men a \u00e9t\u00e9 confront\u00e9e \u00e0 l\u2019hostilit\u00e9 constante de l\u2019Arabie saoudite, qui cherchait \u00e0 contr\u00f4ler certaines parties du territoire, en particulier celles o\u00f9 des gisements de p\u00e9trole avaient \u00e9t\u00e9 d\u00e9couverts. Les tensions ont \u00e9t\u00e9 exacerb\u00e9es par la pr\u00e9sence militaire croissante des USA en Arabie saoudite.<\/span><\/p>\n<p style=\"text-align: justify;\"><span style=\"font-size: 14pt;\">Pendant ce temps, au nord, le Front d\u00e9mocratique national (FDN), qui regroupe toutes les forces progressistes du pays, m\u00e8ne une lutte arm\u00e9e contre Ali Abdullah Saleh, arriv\u00e9 au pouvoir en 1978. Alors que le FDN est sur le point de prendre le pouvoir, l\u2019Arabie saoudite intrigue pour d\u00e9tourner le conflit en une guerre contre la R\u00e9publique d\u00e9mocratique populaire du Y\u00e9men. La m\u00e9diation des pays arabes aboutit \u00e0 un cessez-le-feu et \u00e0 un accord sur la reprise des n\u00e9gociations de r\u00e9unification, suspendues depuis 1972.<\/span><\/p>\n<p><img loading=\"lazy\" decoding=\"async\" class=\"aligncenter wp-image-61223\" src=\"https:\/\/www.lapluma.net\/wp-content\/uploads\/2024\/01\/Carte-Yemen-1-300x229.jpg\" alt=\"\" width=\"550\" height=\"419\" srcset=\"https:\/\/www.lapluma.net\/wp-content\/uploads\/2024\/01\/Carte-Yemen-1-300x229.jpg 300w, https:\/\/www.lapluma.net\/wp-content\/uploads\/2024\/01\/Carte-Yemen-1.jpg 630w\" sizes=\"auto, (max-width: 550px) 100vw, 550px\" \/><\/p>\n<p style=\"text-align: justify;\"><span style=\"font-size: 14pt;\">Enfin, le 22 mai 1990, les deux r\u00e9publiques se sont unies pour former la R\u00e9publique du Y\u00e9men, qui a fait de Sanaa (ancienne capitale de la R\u00e9publique arabe du Y\u00e9men) sa capitale politique et d\u2019Aden (ancienne capitale de la R\u00e9publique d\u00e9mocratique populaire du Y\u00e9men) sa capitale \u00e9conomique. Lors d\u2019une session conjointe des assembl\u00e9es l\u00e9gislatives des deux \u00c9tats \u00e0 Aden, un conseil pr\u00e9sidentiel dirig\u00e9 par le g\u00e9n\u00e9ral Ali Abdullah Saleh a \u00e9t\u00e9 \u00e9lu. L\u2019unification du Y\u00e9men n\u2019a pas \u00e9t\u00e9 bien accueillie par l\u2019Arabie saoudite, qui a entam\u00e9 une politique de soutien \u00e0 la s\u00e9cession. En mai 1994, des s\u00e9cessionnistes ont proclam\u00e9 une r\u00e9publique y\u00e9m\u00e9nite dans le sud du pays, mais ont \u00e9t\u00e9 vaincus par les forces loyales au gouvernement.<\/span><\/p>\n<p style=\"text-align: justify;\"><span style=\"font-size: 14pt;\">Entre juin et ao\u00fbt 2004, un mouvement exprimant les croyances d\u2019une branche sp\u00e9cifique de l\u2019islam d\u2019orientation chiite est apparu : les za\u00efdites, dont le chef \u00e9tait le religieux Hussein al-Houthi. En son honneur, apr\u00e8s sa mort au combat en septembre de la m\u00eame ann\u00e9e, le mouvement a pris le nom de Houthi, Huthi ou Ansar Allah (partisans de Dieu). Bien que ce mouvement soit l\u2019expression d\u2019une minorit\u00e9 au Y\u00e9men, son histoire n\u2019est pas r\u00e9cente puisqu\u2019elle remonte au milieu du VIII<sup>e<\/sup> si\u00e8cle. Le za\u00efdisme se caract\u00e9rise par l\u2019\u00e9ducation sup\u00e9rieure de ses membres et est associ\u00e9 \u00e0 la lutte pour la justice et \u00e0 la d\u00e9fense de l\u2019\u00e9thique musulmane. Cette id\u00e9ologie, ainsi que la marginalisation \u00e0 laquelle ils ont \u00e9t\u00e9 soumis apr\u00e8s avoir perdu le pouvoir en 1962, constitueront le substrat sur lequel la pens\u00e9e houthie se d\u00e9veloppera \u00e0 l\u2019avenir.<\/span><\/p>\n<p style=\"text-align: justify;\"><span style=\"font-size: 14pt;\">La lutte des Houthis contre le gouvernement pro-occidental et pro-saoudien d\u2019Ali Abdullah Saleh a \u00e9t\u00e9 longue et sanglante. Ils ont d\u00fb prendre les armes \u00e0 cinq reprises entre 2006 et 2008 pour d\u00e9fendre leur territoire dans le nord du pays jusqu\u2019\u00e0 ce qu\u2019ils commencent \u00e0 \u00e9tendre leur base de soutien et l\u2019espace g\u00e9ographique qu\u2019ils contr\u00f4lent. En 2009, Saleh, tentant d\u2019arr\u00eater les Houthis, s\u2019est tourn\u00e9 vers l\u2019Arabie saoudite pour obtenir son soutien.<\/span><\/p>\n<p style=\"text-align: justify;\"><span style=\"font-size: 14pt;\">Pour les Houthis, le fait qu\u2019un pays comme l\u2019Arabie saoudite, aux tendances wahhabites extr\u00eamement conservatrices, soit pr\u00e9sent et interf\u00e8re dans les affaires du pays \u00e9tait per\u00e7u comme une menace pour la souverainet\u00e9 de la nation en g\u00e9n\u00e9ral et pour la leur en tant que minorit\u00e9 en particulier. \u00c0 partir de ce moment, leur lutte, qui avait un caract\u00e8re strictement interne, s\u2019est transform\u00e9e en une confrontation contre l\u2019intervention \u00e9trang\u00e8re.<\/span><\/p>\n<p style=\"text-align: justify;\"><span style=\"font-size: 14pt;\">Bien que les combattants houthis aient initialement subi de lourdes d\u00e9faites, y compris (comme mentionn\u00e9 ci-dessus) la chute de leur principal dirigeant, ils se sont renforc\u00e9s au fil du temps et, \u00e0 partir de 2011, sous la nouvelle direction du fr\u00e8re cadet d\u2019Al Houthi, Abdul Malik, ils ont commenc\u00e9 \u00e0 infliger des revers importants \u00e0 l\u2019ennemi. La rh\u00e9torique anti-imp\u00e9rialiste et antisioniste a \u00e9t\u00e9 renforc\u00e9e en identifiant l\u2019Arabie saoudite comme un partenaire dans la mise en \u0153uvre des plans usam\u00e9ricains et isra\u00e9liens dans la r\u00e9gion.<\/span><\/p>\n<p style=\"text-align: justify;\"><span style=\"font-size: 14pt;\">Le mal nomm\u00e9 <em>\u201cprintemps arabe\u201d <\/em>a \u00e9t\u00e9 particuli\u00e8rement influent dans la croissance du soutien \u00e0 la pens\u00e9e houthi dans sa lutte contre le gouvernement r\u00e9pressif de Saleh. Au Y\u00e9men, le tremblement de terre qui a secou\u00e9 une partie importante du monde arabe a suscit\u00e9 une r\u00e9action beaucoup plus organis\u00e9e que dans les pays voisins. Face \u00e0 la force des protestations, Saleh<strong> a <\/strong>fui le pays et s\u2019est r\u00e9fugi\u00e9 en Arabie Saoudite, pour \u00eatre remplac\u00e9 par son vice-pr\u00e9sident, Abdo Rabu Mansour Hadi<strong>, <\/strong>qui a tent\u00e9 de ramener l\u2019ordre dans le pays en concluant un accord avec les factions oppos\u00e9es \u00e0 Saleh <em>\u201cpour que tout change sans que rienne change\u201d, en <\/em>laissant de c\u00f4t\u00e9 le mouvement houthi.<\/span><\/p>\n<p style=\"text-align: justify;\"><span style=\"font-size: 14pt;\">Fin 2014, les Houthis ont d\u00e9cid\u00e9 de lancer une offensive sur la capitale. Dans ce contexte, Saleh &#8211; dans une tentative \u00e9tonnante de reconqu\u00eate du pouvoir &#8211; a \u00e9tabli une alliance avec les Houthis pour affronter Hadi. Les Houthis, qui n\u2019avaient pas soutenu les accords de paix sign\u00e9s par Hadi, se sont alli\u00e9s \u00e0 leur plus grand ennemi pour prendre la capitale. La Garde r\u00e9publicaine, une force loyale \u00e0 Saleh, a encourag\u00e9 les Houthis \u00e0 entrer dans Sana\u2019a. Hadi s\u2019est r\u00e9fugi\u00e9 \u00e0 Riyad, la capitale saoudienne, d\u2019o\u00f9 il \u201c<em>commande\u201d les <\/em>territoires non encore contr\u00f4l\u00e9s par Ansar Allah, agissant de fait comme une marionnette de la monarchie wahhabite.<\/span><\/p>\n<p style=\"text-align: justify;\"><span style=\"font-size: 14pt;\">Une fois au pouvoir, les Houthis ont form\u00e9 un comit\u00e9 r\u00e9volutionnaire pour diriger le pays. Ils ont \u00e9galement \u00e9t\u00e9 contraints de combattre simultan\u00e9ment les forces terroristes d\u2019Al Qa\u00efda et l\u2019Arabie saoudite, qui les prot\u00e8ge.<\/span><\/p>\n<p style=\"text-align: justify;\"><span style=\"font-size: 14pt;\">Estimant que les Houthis n\u2019avaient pas respect\u00e9 les accords qui, selon lui, lui permettaient de reprendre le pouvoir, Saleh s\u2019est retourn\u00e9 contre eux, avec le soutien de l\u2019Arabie saoudite. Lorsque la trahison a \u00e9t\u00e9 consomm\u00e9e, les Houthis ont attaqu\u00e9 la maison de Saleh, le tuant au passage.<\/span><\/p>\n<p style=\"text-align: justify;\"><span style=\"font-size: 14pt; color: #000000;\">Depuis Riyad, Hadi a demand\u00e9 une intervention saoudienne au Y\u00e9men. En r\u00e9ponse \u00e0 cette demande, la monarchie saoudienne a organis\u00e9 une coalition de pays sunnites pour lancer l\u2019op\u00e9ration <em>\u201cTemp\u00eate d\u00e9cisive\u201d <\/em>en 2015<em>, <\/em>structur\u00e9e autour de frappes a\u00e9riennes sur les principales enclaves contr\u00f4l\u00e9es par les Houthis, qui ont fait des milliers de morts.<\/span><\/p>\n<p style=\"text-align: justify;\"><span style=\"font-size: 14pt;\">Cette action \u00e9tait envisag\u00e9e comme une offensive d\u00e9finitive pour prendre le contr\u00f4le du pays afin de lancer une seconde op\u00e9ration appel\u00e9e <em>\u201cRestaurer l\u2019espor\u201d, <\/em>qui se concentrait davantage sur le rapprochement diplomatique. En revanche, les actions terrestres, a\u00e9riennes et maritimes de l\u2019alliance ont \u00e9t\u00e9 renforc\u00e9es par un blocus naval qui a emp\u00each\u00e9 l\u2019entr\u00e9e de l\u2019aide internationale, plongeant le pays dans la pire crise humanitaire de l\u2019histoire jusqu\u2019au d\u00e9clenchement des actions sionistes actuelles \u00e0 Gaza, toutes deux avec le soutien explicite des USA.<\/span><\/p>\n<p style=\"text-align: justify;\"><span style=\"font-size: 14pt;\">Les Houthis, utilisant une large marge de man\u0153uvre bas\u00e9e sur une connaissance de plus en plus grande du terrain et maniant des tactiques de gu\u00e9rilla inspir\u00e9es &#8211; selon eux &#8211; de la lutte de lib\u00e9ration au Vietnam et des <em>\u201cmouvements de r\u00e9sistance en Am\u00e9rique latine\u201d<\/em>, ont d\u00e9montr\u00e9 une grande capacit\u00e9 \u00e0 frapper une arm\u00e9e d\u2019invasion manquant de volont\u00e9, de moral, de discipline et de motivation pour se battre. De m\u00eame, le large \u00e9ventail de soldats de la coalition, qui a inclus la participation d\u2019un tr\u00e8s grand contingent de mercenaires engag\u00e9s par des soci\u00e9t\u00e9s priv\u00e9es, a sap\u00e9 la capacit\u00e9 de combat de l\u2019alliance dont l\u2019Arabie saoudite est le fer de lance.<\/span><\/p>\n<p style=\"text-align: justify;\"><span style=\"font-size: 14pt;\">Riyad a re\u00e7u des coups durs m\u00eame sur son territoire, car les op\u00e9rations de combat d\u2019Ansar Allah ont p\u00e9n\u00e9tr\u00e9 profond\u00e9ment dans la g\u00e9ographie saoudienne gr\u00e2ce \u00e0 un syst\u00e8me avanc\u00e9 de drones et de missiles \u00e0 longue port\u00e9e qui ont frapp\u00e9 des casernes des forces arm\u00e9es, des raffineries de p\u00e9trole et des infrastructures critiques \u00e0 des distances \u00e9loign\u00e9es de la fronti\u00e8re commune.<\/span><\/p>\n<p><img loading=\"lazy\" decoding=\"async\" class=\"aligncenter wp-image-61224\" src=\"https:\/\/www.lapluma.net\/wp-content\/uploads\/2024\/01\/Bab-el-Mandeb-Rahma-Cartoons-300x193.jpg\" alt=\"\" width=\"550\" height=\"354\" srcset=\"https:\/\/www.lapluma.net\/wp-content\/uploads\/2024\/01\/Bab-el-Mandeb-Rahma-Cartoons-300x193.jpg 300w, https:\/\/www.lapluma.net\/wp-content\/uploads\/2024\/01\/Bab-el-Mandeb-Rahma-Cartoons.jpg 476w\" sizes=\"auto, (max-width: 550px) 100vw, 550px\" \/><\/p>\n<h5 style=\"text-align: center;\"><strong><span style=\"font-size: 12pt;\">Rahma Cartoons, Turquie<\/span> <\/strong><\/h5>\n<p style=\"text-align: justify;\"><span style=\"font-size: 18pt;\"><strong>\u00a0II<\/strong><\/span><\/p>\n<p style=\"text-align: justify;\"><span style=\"font-size: 14pt;\">Les m\u00e9dias transnationaux ont fait circuler l\u2019id\u00e9e que les Houthis agissent sous l\u2019influence du gouvernement iranien. Si ni l\u2019Iran ni les Houthis n\u2019ont ni\u00e9 leur appartenance \u00e0 un axe de r\u00e9sistance \u00e0 l\u2019imp\u00e9rialisme, au colonialisme et au sionisme qui int\u00e8gre \u00e9galement des forces politiques du Liban, de la Syrie, de Bahre\u00efn et de la Palestine elle-m\u00eame, simplifier l\u2019\u00e9quation \u00e0 une relation de \u201csubordination\u201d est \u00e0 la fois superficiel et banal, compte tenu de l\u2019histoire des luttes du peuple y\u00e9m\u00e9nite.<\/span><\/p>\n<p><img loading=\"lazy\" decoding=\"async\" class=\"aligncenter wp-image-61226\" src=\"https:\/\/www.lapluma.net\/wp-content\/uploads\/2024\/01\/Les-Quatre-300x291.jpg\" alt=\"\" width=\"550\" height=\"534\" srcset=\"https:\/\/www.lapluma.net\/wp-content\/uploads\/2024\/01\/Les-Quatre-300x291.jpg 300w, https:\/\/www.lapluma.net\/wp-content\/uploads\/2024\/01\/Les-Quatre.jpg 622w\" sizes=\"auto, (max-width: 550px) 100vw, 550px\" \/><\/p>\n<p style=\"text-align: justify;\"><span style=\"font-size: 14pt;\">En Asie occidentale, l\u2019agressivit\u00e9 croissante d\u2019Isra\u00ebl et la pr\u00e9sence interventionniste des USA ont polaris\u00e9 la situation politique. Le r\u00e9cent accord r\u00e8glement du diff\u00e9rend entre l\u2019Iran et l\u2019Arabie saoudite, ainsi que d\u2019autres accords qui ont rapproch\u00e9 l\u2019\u00c9gypte et la Turquie, le Qatar et l\u2019Arabie saoudite, entre autres, apr\u00e8s des ann\u00e9es d\u2019\u00e9loignement, et l\u2019enlisement de la guerre au Y\u00e9men, indiquent l\u2019affaiblissement du p\u00f4le imp\u00e9rialiste-sioniste et le renforcement de la r\u00e9sistance.<\/span><\/p>\n<p style=\"text-align: justify;\"><span style=\"font-size: 14pt;\">Dans ce contexte, le Y\u00e9men et le mouvement houthi jouent un r\u00f4le d\u00e9cisif, tant sur le plan historique que g\u00e9ographique. Il convient de noter qu\u2019Ansar Allah n\u2019a jamais cach\u00e9 ses relations avec l\u2019Iran. Ils sont unis par leur appartenance commune \u00e0 la branche chiite de l\u2019islam. Tant le fondateur du mouvement Ansar Allah que son fr\u00e8re, qui le dirige aujourd\u2019hui, ont pass\u00e9 une partie de leur vie \u00e0 Qom (Iran), se formant politiquement et id\u00e9ologiquement, tout en \u00e9tudiant la doctrine chiite, bas\u00e9e sur l\u2019id\u00e9e que la succession l\u00e9gitime de Mohammed appartient aux descendants de son gendre Ali, par opposition aux sunnites qui estiment que les successeurs de Mohammed doivent \u00eatre les compagnons du proph\u00e8te. Sunnite vient de \u201cAhl al-Sunna\u201d, qui se traduit par \u201cles gens de la tradition\u201d et chiite vient de \u201cChiat Ali\u201d, qui signifie \u201cpartisans d\u2019Ali\u201d.<\/span><\/p>\n<p style=\"text-align: justify;\"><span style=\"font-size: 14pt;\">Mais cela ne signifie pas que les Y\u00e9m\u00e9nites sont de simples \u201caccessoires\u201d de l\u2019Iran. Au-del\u00e0 du soutien financier, militaire, communicationnel et politique qu\u2019il a re\u00e7u de T\u00e9h\u00e9ran, le mouvement Ansar Allah a fait preuve d\u2019autonomie et d\u2019autod\u00e9termination dans la conception et l\u2019ex\u00e9cution de ses actions, que ce soit dans la guerre contre l\u2019Arabie saoudite et ses alli\u00e9s depuis 2015 ou aujourd\u2019hui dans le soutien \u00e0 la cause palestinienne.<\/span><\/p>\n<p style=\"text-align: justify;\"><span style=\"font-size: 14pt;\">Il faut savoir qu\u2019en plus de son aide \u00e0 la Palestine, le Y\u00e9men est en conflit direct avec Isra\u00ebl pour le soutien que l\u2019entit\u00e9 sioniste a apport\u00e9 aux \u00c9mirats arabes unis (EAU) lors de la guerre lanc\u00e9e en 2015 qui leur a permis d\u2019occuper les \u00eeles strat\u00e9giques y\u00e9m\u00e9nites de Socotra, situ\u00e9es en mer d\u2019Arabie \u00e0 quelque 350 kilom\u00e8tres au sud des c\u00f4tes du pays, afin d\u2019y \u00e9tablir une s\u00e9rie de bases d\u2019espionnage dans le but de collecter des renseignements dans toute la r\u00e9gion, en particulier dans le d\u00e9troit de Bab El Mandeb.<\/span><\/p>\n<p style=\"text-align: center;\"><img loading=\"lazy\" decoding=\"async\" class=\"aligncenter wp-image-61227\" src=\"https:\/\/www.lapluma.net\/wp-content\/uploads\/2024\/01\/Bab-el-Mandeb-Hamzeh-Hajjaj-300x220.jpg\" alt=\"\" width=\"550\" height=\"404\" srcset=\"https:\/\/www.lapluma.net\/wp-content\/uploads\/2024\/01\/Bab-el-Mandeb-Hamzeh-Hajjaj-300x220.jpg 300w, https:\/\/www.lapluma.net\/wp-content\/uploads\/2024\/01\/Bab-el-Mandeb-Hamzeh-Hajjaj.jpg 485w\" sizes=\"auto, (max-width: 550px) 100vw, 550px\" \/><strong><span style=\"font-size: 12pt;\">Hamzeh Hajjaj<\/span> <\/strong><\/p>\n<p style=\"text-align: justify;\"><span style=\"font-size: 14pt;\">Il est important de noter que la base isra\u00e9lo-\u00e9miratie de Socotra profite \u00e9galement aux USA, car elle leur permet de contr\u00f4ler le port de Gwadar au Pakistan, qui fait partie du corridor \u00e9conomique Chine-Pakistan (CPEC), dans le cadre duquel P\u00e9kin a d\u00e9velopp\u00e9 un port afin que les marchandises qui y sont d\u00e9charg\u00e9es puissent \u00eatre exp\u00e9di\u00e9es par voie terrestre vers la Chine, en particulier vers sa r\u00e9gion occidentale.<\/span><\/p>\n<p style=\"text-align: justify;\"><span style=\"font-size: 14pt;\">Mais, pour ce qui est des \u00e9v\u00e9nements actuels, les actions du Y\u00e9men en faveur de la Palestine ont commenc\u00e9 presque imm\u00e9diatement apr\u00e8s le 7 octobre. Le 19 octobre, un navire de guerre usam\u00e9ricain a abattu des missiles et des drones tir\u00e9s par les Houthis contre Isra\u00ebl, selon des informations du Pentagone publi\u00e9es \u00e0 l\u2019\u00e9poque.<\/span><\/p>\n<p style=\"text-align: justify;\"><span style=\"font-size: 14pt;\">Quelques jours plus tard, le 27 octobre, six personnes ont \u00e9t\u00e9 bless\u00e9es lorsque deux drones ont atterri au-dessus de Taba, ville \u00e9gyptienne frontali\u00e8re d\u2019Isra\u00ebl, apr\u00e8s avoir \u00e9t\u00e9 intercept\u00e9s par l\u2019arm\u00e9e de l\u2019air isra\u00e9lienne. Le 31 octobre, les Houthis ont revendiqu\u00e9 une attaque de drone contre l\u2019entit\u00e9 sioniste. L\u2019arm\u00e9e houthie a d\u00e9clar\u00e9 avoir intercept\u00e9 un missile lanc\u00e9 depuis le sud.<\/span><\/p>\n<p style=\"text-align: justify;\"><span style=\"font-size: 14pt;\">Le porte-parole militaire des Houthis, le g\u00e9n\u00e9ral Yahya Sari, a d\u00e9clar\u00e9 dans un communiqu\u00e9 t\u00e9l\u00e9vis\u00e9 que le groupe avait lanc\u00e9 un \u201cgrand nombre\u201d de missiles balistiques et de drones en direction d\u2019Isra\u00ebl et qu\u2019il y aurait d\u2019autres attaques \u00e0 l\u2019avenir \u201cpour aider les Palestiniens \u00e0 remporter la victoire\u201d. En r\u00e9ponse, le conseiller en chef \u00e0 la s\u00e9curit\u00e9 nationale d\u2019Isra\u00caL, Tzachi Hanegbi, a d\u00e9clar\u00e9 que les attaques des Houthis \u00e9taient intol\u00e9rables, mais il a refus\u00e9 de donner des d\u00e9tails lorsqu\u2019on lui a demand\u00e9 comment Isra\u00ebl r\u00e9agirait.<\/span><\/p>\n<p style=\"text-align: justify;\"><span style=\"font-size: 14pt;\">\u00c0 la mi-novembre, Ansar Allah a annonc\u00e9 que ses forces arm\u00e9es attaqueraient tous les navires battant pavillon isra\u00e9lien ou exploit\u00e9s ou d\u00e9tenus par des soci\u00e9t\u00e9s isra\u00e9liennes. Quelques jours plus tard, le g\u00e9n\u00e9ral Sari a d\u00e9clar\u00e9 que \u00ab\u00a0les forces arm\u00e9es y\u00e9m\u00e9nites continueront d\u2019emp\u00eacher les navires de toutes nationalit\u00e9s \u00e0 destination des ports isra\u00e9liens de naviguer en mer d\u2019Oman et en mer Rouge jusqu\u2019\u00e0 ce qu\u2019ils transportent la nourriture et les m\u00e9dicaments n\u00e9cessaires aux Palestiniens de la bande de Gaza\u00a0\u00bb.<\/span><\/p>\n<p><img loading=\"lazy\" decoding=\"async\" class=\"aligncenter wp-image-61228\" src=\"https:\/\/www.lapluma.net\/wp-content\/uploads\/2024\/01\/Houthi-Ossama-Hajjaj-300x300.jpg\" alt=\"\" width=\"550\" height=\"550\" srcset=\"https:\/\/www.lapluma.net\/wp-content\/uploads\/2024\/01\/Houthi-Ossama-Hajjaj-300x300.jpg 300w, https:\/\/www.lapluma.net\/wp-content\/uploads\/2024\/01\/Houthi-Ossama-Hajjaj-150x150.jpg 150w, https:\/\/www.lapluma.net\/wp-content\/uploads\/2024\/01\/Houthi-Ossama-Hajjaj.jpg 486w\" sizes=\"auto, (max-width: 550px) 100vw, 550px\" \/><\/p>\n<h5 style=\"text-align: center;\"><strong><span style=\"font-size: 12pt;\">Ossama Hajjaj<\/span> <\/strong><\/h5>\n<p style=\"text-align: justify;\"><span style=\"font-size: 14pt;\">En r\u00e9ponse \u00e0 cette d\u00e9cision, et apr\u00e8s les premi\u00e8res attaques contre des navires \u00e0 destination d\u2019Isra\u00ebl, quatre grandes compagnies maritimes (la plus grande compagnie de transport de conteneurs au monde, Mediterranean Shipping Co [MSC], bas\u00e9e en Suisse, la compagnie danoise Maersk, la compagnie fran\u00e7aise CMA CGM et la compagnie allemande Hapag-Lloyd) ont suspendu le passage de leurs navires par la mer Rouge. Ces compagnies transportent environ 53 % des conteneurs maritimes du monde et environ 12 % du commerce mondial en termes de volume. Il convient de noter que 30 % du trafic mondial de conteneurs passe par le Bab El Mandeb.<\/span><\/p>\n<p style=\"text-align: justify;\"><span style=\"font-size: 14pt;\">En r\u00e9ponse, les USA ont d\u00e9cid\u00e9, le 19 d\u00e9cembre, de cr\u00e9er une alliance navale pour lancer une op\u00e9ration baptis\u00e9e \u201cGuardian of Prosperity\u201d, cens\u00e9e \u00ab\u00a0assurer la libert\u00e9 de navigation en mer Rouge\u00a0\u00bb. En pratique, cela signifie d\u00e9clarer la guerre au Y\u00e9men et militariser la mer Rouge. Mais le pays arabe n\u2019a pas fl\u00e9chi dans sa position. Ses forces arm\u00e9es ont affirm\u00e9 que \u00ab\u00a0toute attaque contre les biens y\u00e9m\u00e9nites ou les bases de lancement de missiles du Y\u00e9men ferait couler du sang sur toute la mer Rouge\u00a0\u00bb, affirmant qu\u2019elles poss\u00e9daient \u00ab\u00a0des armes capables de couler vos porte-avions et vos destroyers\u00a0\u00bb.<\/span><\/p>\n<p><img loading=\"lazy\" decoding=\"async\" class=\"aligncenter wp-image-61229\" src=\"https:\/\/www.lapluma.net\/wp-content\/uploads\/2024\/01\/Prosperity-Guardian-Liu-Rui-300x180.jpg\" alt=\"\" width=\"550\" height=\"330\" srcset=\"https:\/\/www.lapluma.net\/wp-content\/uploads\/2024\/01\/Prosperity-Guardian-Liu-Rui-300x180.jpg 300w, https:\/\/www.lapluma.net\/wp-content\/uploads\/2024\/01\/Prosperity-Guardian-Liu-Rui.jpg 640w\" sizes=\"auto, (max-width: 550px) 100vw, 550px\" \/><\/p>\n<h5 style=\"text-align: center;\"><span style=\"font-size: 12pt;\"><strong>Liu Rui, <em>Global Times<\/em><\/strong><\/span><\/h5>\n<p style=\"text-align: justify;\"><span style=\"font-size: 14pt;\">L\u2019escalade des actions depuis lors est manifeste. Dans un discours prononc\u00e9 le 20 d\u00e9cembre, le chef d\u2019Ansar Allah, Sayyed Abdul Malik Al Houthi, a d\u00e9clar\u00e9 que la responsabilit\u00e9 du monde islamique dans le conflit en Palestine \u00e9tait grande, en particulier celle de la r\u00e9gion arabe, qui est \u00ab\u00a0le c\u0153ur de ce monde\u00a0\u00bb\u00a0\u00bb \u00c0 cet \u00e9gard, il a d\u00e9plor\u00e9 la position arabo-islamique lors des sommets organis\u00e9s pour discuter de la question, en particulier celui qui s\u2019est tenu en Arabie saoudite. Al Houthi a qualifi\u00e9 cette position de faible. Il a d\u00e9clar\u00e9 que les peuples arabes et musulmans devraient s\u2019engager \u00e0 soutenir la Palestine, tout en d\u00e9plorant l\u2019approche de certains pays \u00e0 l\u2019\u00e9gard de ce qu\u2019il a appel\u00e9 la \u00ab\u00a0conspiration contre la Palestine\u00a0\u00bb. Le dirigeant y\u00e9m\u00e9nite a d\u00e9clar\u00e9 que son pays n\u2019attendait pas des USA et des pays europ\u00e9ens une position ou un r\u00f4le positif \u00e0 l\u2019\u00e9gard de la Palestine. Pour ces raisons, il a estim\u00e9 que la perspective de l\u2019axe de la r\u00e9sistance devrait viser \u00e0 \u00e9lever le niveau de soutien militaire \u00e0 la Palestine.<\/span><\/p>\n<p style=\"text-align: justify;\"><span style=\"font-size: 14pt;\">Dans ce contexte, Al Houthi a averti qu\u2019Ansar Allah \u00ab\u00a0attaquerait les navires de guerre usam\u00e9ricains si ses forces \u00e9taient attaqu\u00e9es par Washington apr\u00e8s le lancement de l\u2019op\u00e9ration <em>Prosperity Guardian<\/em>\u00a0\u00bb. Selon Al Houthi, les USA n\u2019essaient pas de prot\u00e9ger la navigation mondiale, mais cherchent \u00e0 militariser l\u2019espace maritime.<\/span><\/p>\n<p style=\"text-align: justify;\"><span style=\"font-size: 14pt;\">Toutefois, les USA ne sont pas parvenus \u00e0 un consensus sur la mani\u00e8re de mener \u00e0 bien les missions de l\u2019alliance navale ainsi cr\u00e9\u00e9e. Les d\u00e9saccords avec les pays arabes appel\u00e9s \u00e0 rejoindre la coalition ont emp\u00each\u00e9 une r\u00e9ponse coh\u00e9rente aux attaques des Houthis contre les navires transitant par la mer Rouge. Deux pays cl\u00e9s de la r\u00e9gion impliqu\u00e9s dans la longue guerre contre le Y\u00e9men &#8211; les \u00c9mirats arabes unis et l\u2019Arabie saoudite &#8211; ont des positions oppos\u00e9es \u00e0 l\u2019\u00e9gard des Houthis, ce qui a constitu\u00e9 un obstacle majeur au plan usam\u00e9ricain visant \u00e0 mettre fin aux attaques maritimes. L\u2019une des possibilit\u00e9s envisag\u00e9es par Washington est une r\u00e9ponse militaire aux Houthis, mais certains alli\u00e9s arabes ont refus\u00e9 de le faire. Ils pr\u00e9f\u00e8rent insister sur la voie diplomatique et renforcer la protection maritime des navires.<\/span><\/p>\n<p style=\"text-align: justify;\"><span style=\"font-size: 14pt;\">Les analystes sp\u00e9cialis\u00e9s consult\u00e9s sur le sujet s\u2019accordent \u00e0 dire que les objectifs de l\u2019op\u00e9ration sont vagues si l\u2019on consid\u00e8re que les commandants navals n\u2019ont pas re\u00e7u de missions pr\u00e9cises. De m\u00eame, les navires de guerre de la coalition, bien qu\u2019\u00e9quip\u00e9s d\u2019un armement de pointe, ne peuvent que se limiter \u00e0 repousser les attaques de missiles en escortant les navires marchands, ce qui est discutable \u00e9tant donn\u00e9 que l\u2019arsenal de missiles du Y\u00e9men est in\u00e9puisable \u00e0 la lumi\u00e8re des actions entreprises au cours des huit derni\u00e8res ann\u00e9es, De plus, \u00ab\u00a0ni les dirigeants des compagnies maritimes mondiales, ni les capitaines des navires marchands, ni les assureurs ne seront pr\u00eats \u00e0 jouer \u00e0 la loterie\u00a0\u00bb, selon Ilya Kramnik, expert russe des forces navales.<\/span><\/p>\n<p style=\"text-align: justify;\"><span style=\"font-size: 14pt;\">De m\u00eame, Michael Horton, cofondateur de Red Sea Analytics International, une soci\u00e9t\u00e9 de conseil ind\u00e9pendante qui se consacre \u00e0 l\u2019analyse impartiale de la dynamique de la s\u00e9curit\u00e9 en mer Rouge, a not\u00e9 que les Houthis \u00ab\u00a0n\u2019ont d\u00e9ploy\u00e9 qu\u2019une fraction de leurs armes, n\u2019utilisant pas de missiles \u00e0 plus longue port\u00e9e, de drones plus avanc\u00e9s et de mines marines difficiles \u00e0 d\u00e9tecter\u00a0\u00bb.<\/span><\/p>\n<p style=\"text-align: justify;\"><span style=\"font-size: 14pt;\">Dans cette situation, le vice-amiral usam\u00e9ricain Kevin Donegan a not\u00e9 que \u00ab\u00a0les USA ont \u00e9galement accept\u00e9 comme normales les attaques persistantes [&#8230;] des Houthis\u00a0\u00bb. Selon le <em>New York Times<\/em>, cette situation a contraint le pr\u00e9sident Biden \u00e0 faire un choix difficile concernant les futurs plans de dissuasion \u00e0 l\u2019\u00e9gard des Houthis. Pour ce faire, il doit se demander si l\u2019Arabie saoudite ne cherche pas une escalade du conflit qui pourrait faire \u00e9chouer une tr\u00eave durement n\u00e9goci\u00e9e avec les rebelles. Pour sa part, Tim Lenderking, l\u2019envoy\u00e9 sp\u00e9cial des USA pour le Y\u00e9men, a d\u00e9clar\u00e9 \u00e0 la mi-d\u00e9cembre : \u00ab\u00a0Tout le monde cherche un moyen de d\u00e9samorcer les tensions\u00a0\u00bb.<\/span><\/p>\n<p style=\"text-align: justify;\"><span style=\"font-size: 14pt;\">De l\u2019autre c\u00f4t\u00e9 du conflit, le 24 d\u00e9cembre, le commandant des Gardiens de la r\u00e9volution iraniens, le g\u00e9n\u00e9ral de division Hossein Salami, a annonc\u00e9 que le blocus naval d\u2019Isra\u00ebl pourrait \u00e9voluer vers un blocus naval total si la mer M\u00e9diterran\u00e9e, le d\u00e9troit de Gibraltar et d\u2019autres voies d\u2019eau \u00e9taient ferm\u00e9s. \u00c0 ce jour, le Y\u00e9men a d\u00e9j\u00e0 r\u00e9ussi \u00e0 bloquer la quasi-totalit\u00e9 du port isra\u00e9lien d\u2019Eilat, sur la mer Rouge, qui ne fonctionne qu\u2019\u00e0 15 % de sa capacit\u00e9. Il convient de noter que les milices d\u2019Ansar Allah ont r\u00e9ussi \u00e0 frapper un navire isra\u00e9lien en mer d\u2019Oman, pr\u00e8s de l\u2019Inde, loin du territoire y\u00e9m\u00e9nite. De son c\u00f4t\u00e9, l\u2019Iran dispose de drones et de missiles hypersoniques \u00e0 longue port\u00e9e qui, en cas de guerre totale contre le sionisme, pourraient facilement viser les navires commerciaux traversant la M\u00e9diterran\u00e9e en direction des ports isra\u00e9liens.<\/span><\/p>\n<p style=\"text-align: justify;\"><span style=\"font-size: 14pt;\">De m\u00eame, en pr\u00e9paration d\u2019une bataille plus large contre Isra\u00ebl, l\u2019arm\u00e9e y\u00e9m\u00e9nite a annonc\u00e9 qu\u2019elle disposait de 20 000 soldats r\u00e9servistes entra\u00een\u00e9s, pr\u00eats \u00e0 combattre aux c\u00f4t\u00e9s des forces arm\u00e9es du pays contre l\u2019entit\u00e9 sioniste et la coalition dirig\u00e9e par les USA.<\/span><\/p>\n<p style=\"text-align: justify;\"><span style=\"font-size: 14pt;\">Le 28 d\u00e9cembre, le Y\u00e9men a mis en garde les USA et ses partenaires contre la militarisation de la mer Rouge et a d\u00e9clar\u00e9 qu\u2019il intensifierait ses attaques contre ses ennemis si le blocus de Gaza se poursuivait. Dans ce contexte, un jour plus t\u00f4t, les hauts commandants des forces arm\u00e9es du Y\u00e9men se sont r\u00e9unis pour discuter des derniers d\u00e9veloppements r\u00e9gionaux et examiner l\u2019\u00e9tat de pr\u00e9paration au combat des troupes. \u00c0 l\u2019issue de la r\u00e9union, ils se sont d\u00e9clar\u00e9s pr\u00eats \u00e0 ex\u00e9cuter les ordres du chef d\u2019Ansar Allah.<\/span><\/p>\n<p style=\"text-align: justify;\"><span style=\"font-size: 14pt;\">Le 4 janvier, apr\u00e8s qu\u2019un contingent naval y\u00e9m\u00e9nite s\u2019est retrouv\u00e9 face \u00e0 face avec des forces militaires usam\u00e9ricaines en mer Rouge, perdant trois petits bateaux et dix combattants, le commandant des forces de d\u00e9fense c\u00f4ti\u00e8re y\u00e9m\u00e9nites, le g\u00e9n\u00e9ral de division Mohhamed Al Qadiri, a averti que le Y\u00e9men ne se r\u00e9servait pas le droit de r\u00e9pondre, mais qu\u2019il r\u00e9pondrait en d\u00e9terminant la cible dans chaque cas sur les \u00eeles, en mer Rouge et dans \u00ab\u00a0les bases o\u00f9 sont stationn\u00e9s les sionistes et les USAm\u00e9ricains\u00a0\u00bb.<\/span><\/p>\n<p style=\"text-align: justify;\"><span style=\"font-size: 14pt;\">Si les USA et leur alliance d\u00e9cident finalement de d\u00e9fier directement les Houthis en mer Rouge, ils devront faire face \u00e0 une vaste guerre navale dans le golfe d\u2019Aden, la mer d\u2019Arabie et l\u2019oc\u00e9an Indien. Si cela devait se produire, cela d\u00e9clencherait une spirale de confrontation inarr\u00eatable aux dimensions incalculables.<\/span><\/p>\n<p style=\"text-align: justify;\"><span style=\"font-size: 14pt;\">En tout \u00e9tat de cause, le Y\u00e9men a d\u00e9j\u00e0 r\u00e9ussi \u00e0 utiliser sa position strat\u00e9gique en tant que force dans les \u00e9quilibres mondiaux et \u00e0 s\u2019affirmer comme un \u00e9l\u00e9ment important de l\u2019\u00e9quation conflictuelle en cours et \u00e0 exprimer l\u2019une des formes les plus courageuses de soutien au peuple palestinien face \u00e0 la machine de guerre isra\u00e9lienne soutenue par les USA et le Royaume-Uni, constituant ainsi une monnaie d\u2019\u00e9change importante contre le sionisme et son mentor usam\u00e9ricain.<\/span><\/p>\n<p style=\"text-align: justify;\"><span style=\"font-size: 14pt;\">Contr\u00f4ler le canal de Suez, c\u2019est contr\u00f4ler 90 % du commerce mondial, ce qui affecte directement Isra\u00ebl en frappant son \u00e9conomie. En ce sens, les Houthis ont r\u00e9ussi \u00e0 faire ce qu\u2019Isra\u00ebl et les USA ont jusqu\u2019\u00e0 pr\u00e9sent essay\u00e9 d\u2019\u00e9viter \u00e0 tout prix : \u00ab\u00a0transformer le g\u00e9nocide \u00e0 Gaza en une crise mondiale\u00a0\u00bb.<\/span><\/p>\n<p style=\"text-align: justify;\"><span style=\"font-size: 14pt;\">Le journaliste libanais Khalil Harb, citant la Banque mondiale dans un article du magazine en ligne <em>The Cradle<\/em>, a \u00e9crit qu\u2019Isra\u00ebl importe et exporte \u00ab\u00a0pr\u00e8s de 99 % des marchandises par voie fluviale et maritime\u00a0\u00bb et que \u00ab\u00a0plus d\u2019un tiers de son PIB d\u00e9pend du commerce de marchandises\u00a0\u00bb.<\/span><\/p>\n<p style=\"text-align: justify;\"><span style=\"font-size: 14pt;\">Pour sa part, le journaliste br\u00e9silien sp\u00e9cialis\u00e9 en politique internationale Eduardo Vasco a soulign\u00e9 qu\u2019en plus de l\u2019impact direct du mouvement Houthi en Asie occidentale, ses actions \u00ab\u00a0paralysent l\u2019\u00e9conomie mondiale, c\u2019est-\u00e0-dire le fonctionnement m\u00eame du r\u00e9gime capitaliste, qui est \u00e0 l\u2019origine du probl\u00e8me de la guerre d\u2019agression au Moyen-Orient\u00a0\u00bb. Dans ce contexte, Vasco estime que les UA et Isra\u00ebl ne peuvent pas attaquer directement le Y\u00e9men parce qu\u2019il pourrait y avoir des repr\u00e9sailles contre les alli\u00e9s des USA dans la r\u00e9gion 3principalement contre leurs champs p\u00e9troliers, ce qui aggraverait brutalement la crise \u00e9conomique avec une crise p\u00e9troli\u00e8re (qui a d\u00e9j\u00e0 commenc\u00e9)\u00a0\u00bb. C\u2019est pourquoi, alors que les \u00c9mirats arabes unis souhaitent une action forte contre les Houthis, les Saoudiens se montrent prudents.<\/span><\/p>\n<p style=\"text-align: justify;\"><span style=\"font-size: 14pt;\">En derni\u00e8re heure et presque au moment de conclure cet article, on apprend que le Y\u00e9men a attaqu\u00e9 un navire usam\u00e9ricain transportant des fournitures pour Isra\u00ebl, en r\u00e9ponse aux r\u00e9centes attaques usam\u00e9ricaines contre les forces navales y\u00e9m\u00e9nites.<\/span><\/p>\n<p style=\"text-align: justify;\"><span style=\"font-size: 14pt;\">R\u00e9pondant \u00e9galement aux d\u00e9clarations du secr\u00e9taire d\u2019\u00c9tat usam\u00e9ricain Anthony Blinken, le vice-ministre des affaires \u00e9trang\u00e8res du Y\u00e9men, Hussein Al Ezzi, a r\u00e9affirm\u00e9 \u00ab\u00a0la s\u00e9curit\u00e9 de la navigation vers toutes les destinations, \u00e0 l\u2019exception des ports de la Palestine occup\u00e9e\u00a0\u00bb, d\u00e9mentant cat\u00e9goriquement les fausses informations diffus\u00e9es par Washington, Londres et Berlin au sujet de la s\u00e9curit\u00e9 de la navigation.<\/span><\/p>\n<p style=\"text-align: justify;\"><span style=\"font-size: 14pt;\">Les lignes qui pr\u00e9c\u00e8dent illustrent la capacit\u00e9 et la d\u00e9termination du peuple y\u00e9m\u00e9nite \u00e0 jouer un r\u00f4le de premier plan dans la guerre d\u2019Isra\u00ebl contre la Palestine. En fait, elles montrent que, bien qu\u2019il s\u2019agisse d\u2019un petit pays globalement et r\u00e9gionalement marginalis\u00e9 par rapport au d\u00e9veloppement \u00e9conomique, il conserve une volont\u00e9 de se battre qui exprime le sentiment s\u00e9culaire d\u2019exister en tant que nation ind\u00e9pendante, d\u00e9fiant les principales puissances mondiales en entravant et en emp\u00eachant l\u2019ex\u00e9cution de leur politique imp\u00e9riale dans la r\u00e9gion par le biais de leur soutien inconditionnel \u00e0 Isra\u00ebl.<\/span><\/p>\n<p><img loading=\"lazy\" decoding=\"async\" class=\"aligncenter wp-image-61230\" src=\"https:\/\/www.lapluma.net\/wp-content\/uploads\/2024\/01\/Close-Mahmoud-Rifai-300x212.jpg\" alt=\"\" width=\"550\" height=\"389\" srcset=\"https:\/\/www.lapluma.net\/wp-content\/uploads\/2024\/01\/Close-Mahmoud-Rifai-300x212.jpg 300w, https:\/\/www.lapluma.net\/wp-content\/uploads\/2024\/01\/Close-Mahmoud-Rifai.jpg 488w\" sizes=\"auto, (max-width: 550px) 100vw, 550px\" \/><\/p>\n<p style=\"text-align: center;\"><strong>Mahmoud Rifai<\/strong><\/p>\n<h2><span style=\"font-size: 14pt;\"><a href=\"https:\/\/tlaxcala-int.blogspot.com\/p\/auteurs.html\"><b>Sergio Rodr\u00edguez Gelfenstein<\/b><\/a><b>, <\/b><a href=\"https:\/\/sergioro07.blogspot.com\/\"><b>Blog<\/b><\/a><b>, 4 et 11 janvier 2024<\/b><\/span><\/h2>\n<h2><span style=\"font-size: 14pt;\">Original: <a href=\"https:\/\/www.lapluma.net\/fr\/2024\/01\/12\/yemen-un-pueblo-indomable-i\/\" rel=\"bookmark\">Yemen: \u00a1Un pueblo indomable! (I &amp; II)<\/a><\/span><\/h2>\n<h2 style=\"text-align: justify;\"><span style=\"font-size: 14pt;\"><b>Traduit par <\/b><a href=\"https:\/\/docs.google.com\/document\/d\/1iCMKgo4n9QO9LQzVQUf3JXAkTrNmAGrNIkQgnIOlIdM\/edit\"><b>Fausto Giudice<\/b><\/a><\/span><\/h2>\n<h2><span style=\"font-size: 14pt;\"><b>Souce: <\/b><a href=\"https:\/\/tlaxcala-int.blogspot.com\/2024\/01\/sergio-rodriguez-gelfenstein-yemen-un.html\"><b>Tlaxcala<\/b><\/a><b>, le 12 janvier 2024<\/b><\/span><\/h2>\n","protected":false},"excerpt":{"rendered":"<p>Aujourd\u2019hui, apr\u00e8s l\u2019invasion isra\u00e9lienne de Gaza, le Y\u00e9men, avec le Hezbollah libanais et d\u2019autres forces r\u00e9volutionnaires arabes et musulmanes, a jou\u00e9 un r\u00f4le actif dans la solidarit\u00e9 avec la Palestine. Une fois de plus, le Y\u00e9men a surpris tout le monde en prenant des d\u00e9cisions qui ont un impact non seulement local, mais aussi r\u00e9gional et mondial. <\/p>\n","protected":false},"author":9,"featured_media":60879,"comment_status":"open","ping_status":"open","sticky":false,"template":"","format":"standard","meta":{"_uf_show_specific_survey":0,"_uf_disable_surveys":false,"footnotes":""},"categories":[218],"tags":[25334,6622,25317,25316,39,1699],"coauthors":[266],"class_list":["post-60858","post","type-post","status-publish","format-standard","has-post-thumbnail","hentry","category-monde","tag-houthis","tag-huties","tag-movimiento-ansar-allah","tag-palestina-ocupada","tag-sergio-rodriguez-gelfenstein","tag-yemen-fr"],"translation":{"provider":"WPGlobus","version":"2.12.2","language":"fr","enabled_languages":["es","fr"],"languages":{"es":{"title":true,"content":true,"excerpt":true},"fr":{"title":true,"content":true,"excerpt":true}}},"_links":{"self":[{"href":"https:\/\/www.lapluma.net\/fr\/wp-json\/wp\/v2\/posts\/60858","targetHints":{"allow":["GET"]}}],"collection":[{"href":"https:\/\/www.lapluma.net\/fr\/wp-json\/wp\/v2\/posts"}],"about":[{"href":"https:\/\/www.lapluma.net\/fr\/wp-json\/wp\/v2\/types\/post"}],"author":[{"embeddable":true,"href":"https:\/\/www.lapluma.net\/fr\/wp-json\/wp\/v2\/users\/9"}],"replies":[{"embeddable":true,"href":"https:\/\/www.lapluma.net\/fr\/wp-json\/wp\/v2\/comments?post=60858"}],"version-history":[{"count":26,"href":"https:\/\/www.lapluma.net\/fr\/wp-json\/wp\/v2\/posts\/60858\/revisions"}],"predecessor-version":[{"id":61251,"href":"https:\/\/www.lapluma.net\/fr\/wp-json\/wp\/v2\/posts\/60858\/revisions\/61251"}],"wp:featuredmedia":[{"embeddable":true,"href":"https:\/\/www.lapluma.net\/fr\/wp-json\/wp\/v2\/media\/60879"}],"wp:attachment":[{"href":"https:\/\/www.lapluma.net\/fr\/wp-json\/wp\/v2\/media?parent=60858"}],"wp:term":[{"taxonomy":"category","embeddable":true,"href":"https:\/\/www.lapluma.net\/fr\/wp-json\/wp\/v2\/categories?post=60858"},{"taxonomy":"post_tag","embeddable":true,"href":"https:\/\/www.lapluma.net\/fr\/wp-json\/wp\/v2\/tags?post=60858"},{"taxonomy":"author","embeddable":true,"href":"https:\/\/www.lapluma.net\/fr\/wp-json\/wp\/v2\/coauthors?post=60858"}],"curies":[{"name":"wp","href":"https:\/\/api.w.org\/{rel}","templated":true}]}}