{"id":60212,"date":"2023-12-19T16:53:34","date_gmt":"2023-12-19T16:53:34","guid":{"rendered":"https:\/\/www.lapluma.net\/?p=60212"},"modified":"2023-12-21T11:20:28","modified_gmt":"2023-12-21T11:20:28","slug":"milei-capto-el-descontento-de-la-clase-trabajadora-informal","status":"publish","type":"post","link":"https:\/\/www.lapluma.net\/fr\/2023\/12\/19\/milei-capto-el-descontento-de-la-clase-trabajadora-informal\/","title":{"rendered":"Javier Milei a su capter le m\u00e9contentement d\u2019une nouvelle classe ouvri\u00e8re informelle"},"content":{"rendered":"<p style=\"text-align: justify;\"><span style=\"font-size: 14pt;\">Le plus surprenant dans l\u2019\u00e9lection du libertarien d\u2019extr\u00eame droite Javier Milei en Argentine, c\u2019est qu\u2019il a recueilli une grande partie du vote de la classe ouvri\u00e8re. Sa capacit\u00e9 \u00e0 r\u00e9pondre aux inqui\u00e9tudes du secteur pr\u00e9caire en pleine expansion dans le pays devrait \u00eatre un signal d\u2019alarme pour la gauche.<\/span><\/p>\n<p><img loading=\"lazy\" decoding=\"async\" class=\"wp-image-60214 aligncenter\" src=\"https:\/\/www.lapluma.net\/wp-content\/uploads\/2023\/12\/MILEI-PRESIDENTE-300x200.jpg\" alt=\"\" width=\"473\" height=\"315\" srcset=\"https:\/\/www.lapluma.net\/wp-content\/uploads\/2023\/12\/MILEI-PRESIDENTE-300x200.jpg 300w, https:\/\/www.lapluma.net\/wp-content\/uploads\/2023\/12\/MILEI-PRESIDENTE-435x290.jpg 435w, https:\/\/www.lapluma.net\/wp-content\/uploads\/2023\/12\/MILEI-PRESIDENTE-150x100.jpg 150w, https:\/\/www.lapluma.net\/wp-content\/uploads\/2023\/12\/MILEI-PRESIDENTE-370x247.jpg 370w, https:\/\/www.lapluma.net\/wp-content\/uploads\/2023\/12\/MILEI-PRESIDENTE.jpg 639w\" sizes=\"auto, (max-width: 473px) 100vw, 473px\" \/><\/p>\n<h5 style=\"text-align: center;\"><em><span style=\"font-size: 12pt;\"><strong>Le pr\u00e9sident argentin Javier Milei arrive pour un service interreligieux \u00e0 la cath\u00e9drale m\u00e9tropolitaine apr\u00e8s la c\u00e9r\u00e9monie d\u2019investiture pr\u00e9sidentielle le 10 d\u00e9cembre 2023 \u00e0 Buenos Aires, Argentine. (Marcos Brindicci \/ Getty Images)<\/strong><\/span><\/em><\/h5>\n<p style=\"text-align: justify;\"><span style=\"font-size: 14pt;\">Le \u201cph\u00e9nom\u00e8ne Milei\u201d en Argentine a commenc\u00e9 \u00e0 prendre de l\u2019ampleur lorsque l\u2019homme politique d\u2019extr\u00eame droite a remport\u00e9 une victoire inattendue lors des primaires pr\u00e9sidentielles du mois d\u2019ao\u00fbt. Aujourd\u2019hui, Javier Milei est le premier anarcho-capitaliste et libertarien autoproclam\u00e9 \u00e0 diriger une grande \u00e9conomie nationale.<\/span><\/p>\n<p style=\"text-align: justify;\"><span style=\"font-size: 14pt;\">\u00c9conomiste de formation, Milei s\u2019est d\u2019abord fait conna\u00eetre en tant que personnalit\u00e9 br\u00fblante de la t\u00e9l\u00e9vision et des m\u00e9dias sociaux, encline \u00e0 des tirades misogynes et truff\u00e9es de jurons. L\u2019entr\u00e9e officielle de Milei dans la politique argentine s\u2019est faite peu de temps apr\u00e8s, en 2021, lorsqu\u2019il a remport\u00e9 un si\u00e8ge au Congr\u00e8s national. Adepte de longue date du sexe tantrique, d\u00e9vot des gourous n\u00e9olib\u00e9raux Friedrich von Hayek et Milton Friedman, et propri\u00e9taire de plusieurs mastiffs anglais clon\u00e9s qu\u2019il appelle ses \u00ab\u00a0<a href=\"https:\/\/www.elespectador.com\/la-red-zoocial\/perros\/javier-milei-donde-estan-los-cuatro-perros-clonados-del-presidente-de-argentina\/\">enfants \u00e0 quatre pattes<\/a>\u00ab\u00a0, Milei a proclam\u00e9 quelques heures apr\u00e8s avoir battu son adversaire p\u00e9roniste que \u201c<a href=\"https:\/\/www.pagina12.com.ar\/663542-el-congreso-y-la-calle-hay-freno-para-las-privatizaciones-qu\">tout ce qui peut \u00eatre entre les mains du secteur priv\u00e9 sera entre les mains du secteur priv\u00e9<\/a>\u201d.<\/span><\/p>\n<p><img loading=\"lazy\" decoding=\"async\" class=\" wp-image-60216 aligncenter\" src=\"https:\/\/www.lapluma.net\/wp-content\/uploads\/2023\/12\/Proyecto-Milei-ENEKO-300x212.jpg\" alt=\"\" width=\"577\" height=\"408\" srcset=\"https:\/\/www.lapluma.net\/wp-content\/uploads\/2023\/12\/Proyecto-Milei-ENEKO-300x212.jpg 300w, https:\/\/www.lapluma.net\/wp-content\/uploads\/2023\/12\/Proyecto-Milei-ENEKO.jpg 639w\" sizes=\"auto, (max-width: 577px) 100vw, 577px\" \/><\/p>\n<p style=\"text-align: justify;\"><span style=\"font-size: 14pt;\">Milei a en t\u00eate l\u2019ensemble des 137 entreprises publiques argentines, telles que l\u2019entreprise publique d\u2019\u00e9nergie Yacimientos Petrol\u00edferos Fiscales (YPF), le vaste r\u00e9seau de m\u00e9dias publics du pays (Radio Nacional, TV P\u00fablica et l\u2019agence de presse T\u00e9lam), les services postaux et la compagnie a\u00e9rienne nationale Aerolineas Argentinas. Il a \u00e9galement laiss\u00e9 entendre qu\u2019il d\u00e9mant\u00e8lerait le syst\u00e8me de sant\u00e9 publique argentin et qu\u2019il privatiserait une grande partie des syst\u00e8mes d\u2019enseignement primaire et universitaire, y compris l\u2019institution de recherche de l\u2019enseignement sup\u00e9rieur financ\u00e9e par l\u2019\u00c9tat. Milei a \u00e9galement courtis\u00e9 les capitaux usam\u00e9ricains pour proc\u00e9der \u00e0 l\u2019extraction non r\u00e9glement\u00e9e des importantes r\u00e9serves de lithium et de gaz de schiste du pays. Plus impudemment peut-\u00eatre, il a promis de se d\u00e9barrasser de la Banque centrale argentine, de dollariser l\u2019\u00e9conomie (\u00e0 l\u2019instar de l\u2019\u00c9quateur, du Salvador et du Zimbabwe), de lib\u00e9raliser les march\u00e9s et de lever les contr\u00f4les stricts des changes du pays.<\/span><\/p>\n<p style=\"text-align: justify;\"><span style=\"font-size: 14pt;\">Ces propositions n\u00e9olib\u00e9rales sont certes choquantes mais ne sont pas nouvelles en Argentine. Jos\u00e9 Martinez de Hoz, ministre de l\u2019\u00c9conomie de la dictature sanglante de Jorge Videla \u00e0 la fin des ann\u00e9es 1970, et Domingo Cavallo, ministre de l\u2019\u00c9conomie de Carlos Menem dans les ann\u00e9es 1990 n\u00e9olib\u00e9rales, ont lanc\u00e9 des politiques \u00e9conomiques tout aussi r\u00e9gressives. En fait, Roberto Dromi, ministre des Travaux publics de Menem, avait clam\u00e9 presque mot pour mot le m\u00eame message il y a plus de trente ans : \u201c<a href=\"https:\/\/www.pagina12.com.ar\/663542-el-congreso-y-la-calle-hay-freno-para-las-privatizaciones-qu\">Rien de ce qui appartient \u00e0 l\u2019\u00c9tat ne restera dans les mains de l\u2019\u00c9tat<\/a>\u201d.<\/span><\/p>\n<p><img loading=\"lazy\" decoding=\"async\" class=\" wp-image-60217 aligncenter\" src=\"https:\/\/www.lapluma.net\/wp-content\/uploads\/2023\/12\/Shock-ENEKO-300x212.jpg\" alt=\"\" width=\"589\" height=\"416\" srcset=\"https:\/\/www.lapluma.net\/wp-content\/uploads\/2023\/12\/Shock-ENEKO-300x212.jpg 300w, https:\/\/www.lapluma.net\/wp-content\/uploads\/2023\/12\/Shock-ENEKO.jpg 639w\" sizes=\"auto, (max-width: 589px) 100vw, 589px\" \/><\/p>\n<p style=\"text-align: justify;\"><span style=\"font-size: 14pt;\">Milei a en t\u00eate l\u2019ensemble des 137 entreprises publiques argentines, telles que l\u2019entreprise publique d\u2019\u00e9nergie Yacimientos Petrol\u00edferos Fiscales (YPF), le vaste r\u00e9seau de m\u00e9dias publics du pays (Radio Nacional, TV P\u00fablica et l\u2019agence de presse T\u00e9lam), les services postaux et la compagnie a\u00e9rienne nationale Aerolineas Argentinas. Il a \u00e9galement laiss\u00e9 entendre qu\u2019il d\u00e9mant\u00e8lerait le syst\u00e8me de sant\u00e9 publique argentin et qu\u2019il privatiserait une grande partie des syst\u00e8mes d\u2019enseignement primaire et universitaire, y compris l\u2019institution de recherche de l\u2019enseignement sup\u00e9rieur financ\u00e9e par l\u2019\u00c9tat. Milei a \u00e9galement courtis\u00e9 les capitaux usam\u00e9ricains pour proc\u00e9der \u00e0 l\u2019extraction non r\u00e9glement\u00e9e des importantes r\u00e9serves de lithium et de gaz de schiste du pays. Plus impudemment peut-\u00eatre, il a promis de se d\u00e9barrasser de la Banque centrale argentine, de dollariser l\u2019\u00e9conomie (\u00e0 l\u2019instar de l\u2019\u00c9quateur, du Salvador et du Zimbabwe), de lib\u00e9raliser les march\u00e9s et de lever les contr\u00f4les stricts des changes du pays.<\/span><\/p>\n<p style=\"text-align: justify;\"><span style=\"font-size: 14pt;\">Ces propositions n\u00e9olib\u00e9rales sont certes choquantes mais ne sont pas nouvelles en Argentine. Jos\u00e9 Martinez de Hoz, ministre de l\u2019\u00c9conomie de la dictature sanglante de Jorge Videla \u00e0 la fin des ann\u00e9es 1970, et Domingo Cavallo, ministre de l\u2019\u00c9conomie de Carlos Menem dans les ann\u00e9es 1990 n\u00e9olib\u00e9rales, ont lanc\u00e9 des politiques \u00e9conomiques tout aussi r\u00e9gressives. En fait, Roberto Dromi, ministre des Travaux publics de Menem, avait clam\u00e9 presque mot pour mot le m\u00eame message il y a plus de trente ans : \u201c<a href=\"https:\/\/www.pagina12.com.ar\/663542-el-congreso-y-la-calle-hay-freno-para-las-privatizaciones-qu\">Rien de ce qui appartient \u00e0 l\u2019\u00c9tat ne restera dans les mains de l\u2019\u00c9tat<\/a>\u201d.<\/span><\/p>\n<p><img loading=\"lazy\" decoding=\"async\" class=\" wp-image-60218 aligncenter\" src=\"https:\/\/www.lapluma.net\/wp-content\/uploads\/2023\/12\/Dolar-Odio-300x184.jpg\" alt=\"\" width=\"569\" height=\"349\" srcset=\"https:\/\/www.lapluma.net\/wp-content\/uploads\/2023\/12\/Dolar-Odio-300x184.jpg 300w, https:\/\/www.lapluma.net\/wp-content\/uploads\/2023\/12\/Dolar-Odio-768x472.jpg 768w, https:\/\/www.lapluma.net\/wp-content\/uploads\/2023\/12\/Dolar-Odio.jpg 814w\" sizes=\"auto, (max-width: 569px) 100vw, 569px\" \/><\/p>\n<p style=\"text-align: center;\"><strong>Marcelo Spotti<\/strong><\/p>\n<p style=\"text-align: justify;\"><span style=\"font-size: 14pt;\">Les mois \u00e0 venir montreront jusqu\u2019o\u00f9 le nouveau gouvernement de Milei sera capable de faire avancer son programme n\u00e9olib\u00e9ral et s\u2019il conservera le soutien de la population au fur et \u00e0 mesure que les mesures annonc\u00e9es seront mises en \u0153uvre. La r\u00e9ponse des secteurs populaires historiquement militants de l\u2019Argentine pourrait \u00eatre d\u00e9cisive. Ce qui est certain, c\u2019est que pour l\u2019opposition politique et la plupart des travailleurs, le chemin \u00e0 parcourir sera rude.<\/span><\/p>\n<h5 style=\"text-align: justify;\"><span style=\"font-size: 18pt;\"><strong>\u201cNous n\u2019avons rien vu venir !\u201d<\/strong><\/span><\/h5>\n<p style=\"text-align: justify;\"><span style=\"font-size: 14pt;\">La v\u00e9ritable nouveaut\u00e9 du programme ultran\u00e9olib\u00e9ral de Milei r\u00e9side peut-\u00eatre dans sa franchise. Les nouveaux ministres et porte-parole du gouvernement ont d\u00e9j\u00e0 averti les Argentin\u00b7es qu\u2019ils\u00b7elles devaient se pr\u00e9parer \u00e0 des jours d\u2019aust\u00e9rit\u00e9. Milei a \u00e9galement <a href=\"https:\/\/www.perfil.com\/noticias\/politica\/organizaciones-sociales.phtml\">d\u00e9clar\u00e9 qu\u2019il r\u00e9pondrait \u00e0 toute forme de protestation sociale par des mesures r\u00e9pressives extr\u00eames<\/a>, rappelant ainsi les jours les plus sombres de la dictature civico-militaire.<\/span><\/p>\n<p style=\"text-align: justify;\"><span style=\"font-size: 14pt;\">L\u2019une des grandes surprises de la victoire de Milei en novembre est qu\u2019elle a b\u00e9n\u00e9fici\u00e9 du <a href=\"https:\/\/www.pagina12.com.ar\/645645-como-fue-el-voto-a-massa-y-milei-segun-la-condicion-laboral\">soutien des secteurs de la classe ouvri\u00e8re argentine traditionnellement orient\u00e9s \u00e0 gauche<\/a> : 50,8 % des \u00e9lecteurs salari\u00e9s, 47,4 % des retrait\u00e9s, 50,9 % des \u00e9lecteurs du secteur informel, 52,3 % des ouvriers et pr\u00e8s de 30 % de la base p\u00e9roniste traditionnelle ont vot\u00e9 pour Milei. Outre les 25 \u00e0 30 % d\u2019\u00e9lecteurs constituant la base de droite de Milei, environ <a href=\"https:\/\/www.lanacion.com.ar\/politica\/el-voto-por-edades-milei-mantiene-su-atractivo-entre-los-jovenes-y-suma-a-los-adultos-de-jxc-nid17112023\/\">53 % des moins de 30 ans<\/a>, et les votes transf\u00e9r\u00e9s de la droite traditionnelle et de la classe sup\u00e9rieure qui ont soutenu la coalition Juntos por el Cambio de Mauricio Macri et Patricia Bullrich, cet \u00e9lectorat a permis \u00e0 Milei de remporter une victoire confortable.<\/span><\/p>\n<p style=\"text-align: justify;\"><span style=\"font-size: 14pt;\">Pourtant, malgr\u00e9 le succ\u00e8s retentissant de Milei lors des primaires d\u2019ao\u00fbt et du second tour de novembre &#8211; sans parler de sa notori\u00e9t\u00e9 m\u00e9diatique de longue date &#8211; la ligne qui circule dans les sph\u00e8res politiques et intellectuelles argentines est la suivante : \u201cnous n\u2019avons rien vu venir\u201d. C\u2019\u00e9tait le point de vue officiel du gouvernement de gauche sortant d\u2019Alberto Fern\u00e1ndez et du candidat en lice Sergio Massa. La campagne perdue de Massa a tent\u00e9 de rabaisser Milei au rang de caricature politique, mais en vain.<\/span><\/p>\n<p style=\"text-align: justify;\"><span style=\"font-size: 14pt;\">Ignor\u00e9e par l\u2019establishment politique et m\u00e9diatique, la coalition d\u2019extr\u00eame droite de Milei marque le durcissement de changements socio-\u00e9conomiques qui n\u2019ont eux-m\u00eames re\u00e7u que peu d\u2019attention. En y regardant de plus pr\u00e8s, l\u2019inflation persistante et aigu\u00eb sans r\u00e9ponse efficace du gouvernement, les d\u00e9fis continus li\u00e9s \u00e0 la pand\u00e9mie, l\u2019influence croissante des m\u00e9dias sociaux et la polarisation marqu\u00e9e du discours politique ont fait de la mont\u00e9e d\u2019une personnalit\u00e9 comme Milei &#8211; la version argentine de Jair Bolsonaro ou Donald Trump &#8211; un ph\u00e9nom\u00e8ne pr\u00e9visible.<\/span><\/p>\n<p><img loading=\"lazy\" decoding=\"async\" class=\" wp-image-60062 aligncenter\" src=\"https:\/\/www.lapluma.net\/wp-content\/uploads\/2023\/12\/Argentina-Ifran-300x300.jpg\" alt=\"\" width=\"523\" height=\"523\" srcset=\"https:\/\/www.lapluma.net\/wp-content\/uploads\/2023\/12\/Argentina-Ifran-300x300.jpg 300w, https:\/\/www.lapluma.net\/wp-content\/uploads\/2023\/12\/Argentina-Ifran-150x150.jpg 150w, https:\/\/www.lapluma.net\/wp-content\/uploads\/2023\/12\/Argentina-Ifran.jpg 443w\" sizes=\"auto, (max-width: 523px) 100vw, 523px\" \/><\/p>\n<h5><span style=\"font-size: 18pt;\"><strong>L\u2019\u00e9l\u00e9phant que personne n\u2019a vu<\/strong><\/span><\/h5>\n<p style=\"text-align: justify;\"><span style=\"font-size: 14pt;\">La question est de savoir pourquoi le \u201cplan tron\u00e7onneuse\u201d de Milei a trouv\u00e9 un \u00e9cho parmi les pauvres et les travailleur\u00b7ses argentin\u00b7es, qui souffriront le plus de ses politiques.<\/span><\/p>\n<p style=\"text-align: justify;\"><span style=\"font-size: 14pt;\">L\u2019une des explications est que Milei arrive au sommet d\u2019une vague n\u00e9olib\u00e9rale qui, depuis des d\u00e9cennies, \u00e9rode l\u2019\u00c9tat-providence et la base industrielle traditionnellement solide de l\u2019Argentine (comme en t\u00e9moigne le fait qu\u2019entre les ann\u00e9es 1950 et 1970, l\u2019Argentine a connu de longues p\u00e9riodes de plein emploi). Cette vague n\u00e9olib\u00e9rale s\u2019est accompagn\u00e9e d\u2019une adh\u00e9sion totale \u00e0 une rationalit\u00e9 \u00e9conomique qui semblait autrefois \u00e9trang\u00e8re au sens commin argentin.<\/span><\/p>\n<p style=\"text-align: justify;\"><span style=\"font-size: 14pt;\">Pendant l\u2019administration n\u00e9olib\u00e9rale de Mauricio Macri, de 2015 \u00e0 2019, il est devenu courant en Argentine de parler des \u201c\u00e9l\u00e9phants qui nous ont d\u00e9pass\u00e9s\u201d, en r\u00e9f\u00e9rence aux politiques socio-\u00e9conomiques r\u00e9gressives mises en \u0153uvre par le macrisme. Ces politiques comprenaient une dette massive financ\u00e9e par le Fonds mon\u00e9taire international, une inflation \u00e9lev\u00e9e et une fuite des capitaux, que les m\u00e9dias du pays ont pour la plupart ignor\u00e9es ou dissimul\u00e9es. Cependant, il y avait un autre \u00e9l\u00e9phant dans la pi\u00e8ce que beaucoup n\u2019ont pas reconnu : la forte croissance du secteur du travail informel et pr\u00e9caire, qui existait en dehors de toute organisation syndicale ou de tout programme social gouvernemental. Le secteur informel, important et en pleine croissance, a \u00e9t\u00e9 remarquablement absent du d\u00e9bat public argentin pendant une dizaine d\u2019ann\u00e9es, toujours consid\u00e9r\u00e9 par les \u00e9conomistes et les dirigeants politiques comme un ph\u00e9nom\u00e8ne passager, sans repr\u00e9sentation et d\u00e9pourvu de voix politique. Ce n\u2019\u00e9tait qu\u2019une question de temps avant qu\u2019une personnalit\u00e9 comme Milei ne commence \u00e0 utiliser un langage qui r\u00e9sonne dans ce nouveau secteur de la classe ouvri\u00e8re.<\/span><\/p>\n<p style=\"text-align: justify;\"><span style=\"font-size: 14pt;\">Compos\u00e9 de travailleur\u00b7ses de l\u2019\u00e9conomie parall\u00e8le, de freelances, de travailleur\u00b7ses occasionnels et de travailleur\u00b7ses des services, ce secteur a connu une croissance exponentielle pendant la pand\u00e9mie. Alors que de nombreux\u00b7ses Argentin\u00b7es ont souffert pendant les p\u00e9riodes de confinement strict qui ont dur\u00e9 presque toute l\u2019ann\u00e9e 2020 et jusqu\u2019en 2021, la pand\u00e9mie a frapp\u00e9 de plein fouet ce nouveau groupe de travailleur\u00b7ses informel\u00b7les et sans contrat, car beaucoup ont continu\u00e9 \u00e0 travailler sans b\u00e9n\u00e9ficier des protections sociales dont jouissent les autres secteurs.<\/span><\/p>\n<p style=\"text-align: justify;\"><span style=\"font-size: 14pt;\">Officiellement connu sous le nom d\u2019Aislamiento Social, Preventivo y Obligatorio (isolement social, pr\u00e9ventif et obligatoire, ou ASPO), le mandat de confinement national a mis en \u00e9vidence les contradictions et les complexit\u00e9s li\u00e9es au fait de devoir choisir entre prendre soin de la sant\u00e9 publique et prendre soin de l\u2019\u00e9conomie. Le gouvernement d\u2019Alberto Fern\u00e1ndez est arriv\u00e9 au pouvoir en d\u00e9cembre 2019, quelques mois seulement avant que la pand\u00e9mie n\u2019oblige la nouvelle administration \u00e0 adopter un ensemble de mesures telles que l\u2019ATP (aide au travail et \u00e0 la production) &#8211; des subventions salariales pour les travailleurs du secteur formel afin d\u2019\u00e9viter les licenciements et les fermetures d\u2019entreprises &#8211; et l\u2019IFE (revenu familial d\u2019urgence), une garantie de revenu destin\u00e9e aux travailleurs les plus pr\u00e9caires et les plus au ch\u00f4mage.<\/span><\/p>\n<p style=\"text-align: justify;\"><span style=\"font-size: 14pt;\">Le gouvernement a cependant mal calcul\u00e9 le nombre de b\u00e9n\u00e9ficiaires de l\u2019IFE, puisque onze millions de personnes ont demand\u00e9 des fonds qui n\u2019\u00e9taient pr\u00e9vus que pour trois \u00e0 quatre millions de personnes. Tout en grevant consid\u00e9rablement le budget national, le gouvernement Fern\u00e1ndez a finalement accord\u00e9 l\u2019IFE \u00e0 dix millions de personnes. \u00c0 l\u2019\u00e9poque, on a suppos\u00e9 que le gouvernement Fern\u00e1ndez avait commis un oubli, au pire, ce qui a donn\u00e9 du cr\u00e9dit aux accusations d\u2019incomp\u00e9tence administrative. En r\u00e9alit\u00e9, le nouveau gouvernement n\u2019avait pas vu \u00e0 quel point la structure du tissu social et de la main-d\u2019\u0153uvre argentine s\u2019\u00e9tait fondamentalement transform\u00e9e et d\u00e9t\u00e9rior\u00e9e pendant les ann\u00e9es n\u00e9olib\u00e9rales du <em>macrismo<\/em>.<\/span><\/p>\n<p style=\"text-align: justify;\"><span style=\"font-size: 14pt;\">Les politiques ult\u00e9rieures du gouvernement Fern\u00e1ndez, reprises dans la campagne de Sergio Massa, ont continu\u00e9 \u00e0 ignorer le nouveau travailleur informel. Au cours des quatre derni\u00e8res ann\u00e9es, la politique sociale a cibl\u00e9 les deux groupes de travailleurs les plus importants et les plus visibles d\u2019Argentine : les travailleurs salari\u00e9s et les segments de ce que l\u2019on appelle en Argentine \u00ab\u00a0l\u2019<a href=\"https:\/\/onlinelibrary.wiley.com\/doi\/abs\/10.1111\/wusa.12326\">\u00e9conomie populaire<\/a>\u00ab\u00a0, align\u00e9s sur le syndicalisme de mouvement social d\u2019organisations telles que l\u2019UTEP (Union des travailleurs de l\u2019\u00e9conomie populaire), qui sont officiellement autoris\u00e9es \u00e0 recevoir et \u00e0 redistribuer aux travailleurs informels les subventions gouvernementales et les plans de travail pour la s\u00e9curit\u00e9 sociale. Outre l\u2019erreur de calcul de l\u2019IFE, les exclusions de l\u2019administration Fern\u00e1ndez ont montr\u00e9 l\u2019existence de vastes secteurs de la classe ouvri\u00e8re <em>non <\/em>inclus dans l\u2019un ou l\u2019autre des deux groupes.<\/span><\/p>\n<p style=\"text-align: justify;\"><span style=\"font-size: 14pt;\">Ce groupe d\u2019exclus se compose d\u2019un \u00e9ventail diversifi\u00e9 de travailleurs non enregistr\u00e9s, ou <em>en negro<\/em>, qui ne b\u00e9n\u00e9ficient d\u2019aucune prestation de s\u00e9curit\u00e9 sociale, et de ce que l\u2019on appelle les <em>monotributistas<\/em>, une cat\u00e9gorie h\u00e9t\u00e9roclite qui regroupe les entrepreneurs ind\u00e9pendants, les travailleurs des microentreprises, les petits entrepreneurs qui ne g\u00e9n\u00e8rent pas suffisamment de revenus pour figurer dans le syst\u00e8me fiscal national, diverses professions lib\u00e9rales, et les entrepreneurs pr\u00e9caires de l\u2019\u00c9tat, entre autres. Cette derni\u00e8re cat\u00e9gorie comprend \u00e9galement les travailleurs domestiques, les travailleurs des plateformes associ\u00e9es \u00e0 des applications de livraison comme Uber et Rappi, les artisans ind\u00e9pendants, les vendeurs de rue, les jeunes qui oscillent entre des emplois de courte dur\u00e9e et mal r\u00e9mun\u00e9r\u00e9s, et les freelances. Il y a \u00e9galement un plus petit nombre de travailleurs coop\u00e9ratifs qui, parce qu\u2019ils n\u2019ont jamais \u00e9t\u00e9 consid\u00e9r\u00e9s comme entretenant une relation de travail distincte, tombent \u00e9galement sous le r\u00e9gime fiscal <em>monotributista.<\/em><\/span><\/p>\n<p style=\"text-align: justify;\"><span style=\"font-size: 14pt;\">Si nous analysons plus en d\u00e9tail ce groupe, nous constatons que, loin d\u2019\u00eatre une minorit\u00e9, il repr\u00e9sente <a href=\"https:\/\/www.ilo.org\/wcmsp5\/groups\/public\/---americas\/---ro-lima\/---ilo-buenos_aires\/documents\/publication\/wcms_765150.pdf\">une part consid\u00e9rable de la population active argentine, qu\u2019il est en grande majorit\u00e9 jeune et que, \u00e0 l\u2019exception des travailleur\u00b7ses domestiques, il est essentiellement compos\u00e9 d\u2019hommes<\/a>. Beaucoup de ces travailleurs se sont sentis ignor\u00e9s par l\u2019essentiel des politiques publiques argentines. Par exemple, pendant la pand\u00e9mie, alors que nombre d\u2019entre eux ne pouvaient pas travailler ou devaient le faire dans des conditions dangereuses, ils n\u2019ont pas b\u00e9n\u00e9fici\u00e9 de l\u2019ATP et ont \u00e9t\u00e9 largement exclus de l\u2019IFE. En tant que <em>monotributistas <\/em>ou travailleurs <em>en negro<\/em>, ils continuent d\u2019\u00eatre exclus de la plupart des filets de s\u00e9curit\u00e9 sociale argentins.<\/span><\/p>\n<p style=\"text-align: justify;\"><span style=\"font-size: 14pt;\">Susceptibles de faire l\u2019objet d\u2019une campagne m\u00e9diatique d\u00e9non\u00e7ant la gestion de la pand\u00e9mie par le gouvernement, socialement inhib\u00e9s par les mesures de confinement et chroniquement sous-pay\u00e9s, les conditions \u00e9taient r\u00e9unies pour que les ranc\u0153urs se d\u00e9veloppent. Pour la grande majorit\u00e9 de ces travailleurs, l\u2019\u00c9tat n\u2019\u00e9tait pas seulement absent, il les avait oubli\u00e9s, alors m\u00eame qu\u2019ils \u00e9taient consid\u00e9r\u00e9s comme \u201cessentiels\u201d et qu\u2019ils livraient la nourriture et les biens consomm\u00e9s par les \u201cayant droit\u201d confin\u00e9s.<\/span><\/p>\n<p style=\"text-align: justify;\"><span style=\"font-size: 14pt;\">Comme dans pratiquement tous les aspects de la vie sociale, la pand\u00e9mie a exacerb\u00e9 et acc\u00e9l\u00e9r\u00e9 des tendances existantes qui \u00e9mergeaient d\u00e9j\u00e0 plus lentement et et de mani\u00e8re plus h\u00e9sitante. L\u2019\u00e9l\u00e9phant du travail informel a \u00e9chapp\u00e9 \u00e0 tout le monde, au gouvernement comme \u00e0 l\u2019opposition. Il a \u00e9t\u00e9 ignor\u00e9 jusqu\u2019\u00e0 ce que le ph\u00e9nom\u00e8ne Milei attire l\u2019attention. Et Milei lui a rendu la pareille en reconnaissant son d\u00e9sespoir et en capitalisant sur ses sentiments.<\/span><\/p>\n<h5><span style=\"font-size: 18pt;\"><strong>Un prol\u00e9tariat divis\u00e9 contre lui-m\u00eame<\/strong><\/span><\/h5>\n<p style=\"text-align: justify;\"><span style=\"font-size: 14pt;\">Les transformations de la structure sociale apparaissent progressivement et mettent du temps \u00e0 se manifester jusqu\u2019au jour o\u00f9 elles semblent exploser. Ce n\u2019est pas la premi\u00e8re fois qu\u2019une telle explosion se produit en Argentine. Dans les ann\u00e9es 1940, l\u2019intensit\u00e9 du soutien de la classe ouvri\u00e8re \u00e0 Juan Domingo Per\u00f3n a surpris les classes dirigeantes, l\u2019intelligentsia, la gauche et Per\u00f3n lui-m\u00eame. Le triomphe de Raul Alfons\u00edn en 1983 pour le retour de la d\u00e9mocratie a \u00e9t\u00e9 un autre moment de ce type. La r\u00e9volte de masse qui a secou\u00e9 l\u2019Argentine les 19 et 20 d\u00e9cembre 2001 est \u00e9galement apparue comme un ouragan soudain, impossible \u00e0 arr\u00eater et sans destination pr\u00e9cise. L\u2019Argentine se trouve aujourd\u2019hui dans une situation similaire : le m\u00e9contentement des masses est palpable, tout comme le besoin d\u2019espoir et de sauveur. Mais pourquoi Milei repr\u00e9sente-t-il un tel sauveur pour tant d\u2019Argentins ? Comment se fait-il qu\u2019une utopie d\u2019extr\u00eame droite s\u00e9duise aujourd\u2019hui une grande partie de la classe ouvri\u00e8re ?<\/span><\/p>\n<p style=\"text-align: justify;\"><span style=\"font-size: 14pt;\">L\u2019attrait de Milei pour ces secteurs d\u00e9senchant\u00e9s et en col\u00e8re de la classe ouvri\u00e8re r\u00e9side dans un discours combinant des solutions radicales (voire magiques), un ennemi facile et un avenir imaginaire : une fiction d\u00e9s\u00e9quilibr\u00e9e qui promet une nouvelle vie en se d\u00e9barrassant de l\u2019\u00c9tat et de la \u00ab\u00a0<a href=\"https:\/\/www.reuters.com\/world\/americas\/argentinas-javier-milei-radical-who-could-blow-up-political-status-quo-2023-11-16\/\">caste politique<\/a>\u00a0\u00bb qui a trop longtemps ignor\u00e9 les travailleurs et les pauvres et les a laiss\u00e9s se d\u00e9brouiller tout seuls. Le discours de \u201crupture\u201d de Milei est bas\u00e9 sur une id\u00e9ologie de n\u00e9olib\u00e9ralisme extr\u00eame dont le but ultime, pour paraphraser David Harvey, est la reconstitution du pouvoir de classe. Alors qu\u2019auparavant les m\u00e9chants de cette id\u00e9ologie \u00e9taient l\u2019\u00c9tat-providence et le communisme, de nouveaux mandataires sont \u00e0 port\u00e9e de main. Pour le <em>macrismo<\/em>, c\u2019\u00e9tait le populisme du <em>kirchnerismo<\/em>, le mouvement associ\u00e9 au p\u00e9ronisme de gauche de N\u00e9stor et Crist\u00edna Fern\u00e1ndez de Kirchner. Pour Milei, <a href=\"https:\/\/jacobin.com\/2023\/12\/javier-milei-jair-bolsonaro-brazil-argentina-neoliberalism-decay\">comme pour Bolsonaro<\/a>, il s\u2019agit d\u2019un socialisme et d\u2019un communisme flous qui m\u00ealent les centristes et les gauchistes les plus radicalis\u00e9s.<\/span><\/p>\n<p style=\"text-align: justify;\"><span style=\"font-size: 14pt;\">Ce qui rend ce nouveau n\u00e9olib\u00e9ralisme d\u2019extr\u00eame droite unique, c\u2019est que son id\u00e9ologie est trop grossi\u00e8re pour les classes ais\u00e9es, qui veulent la domination mais aussi la pr\u00e9visibilit\u00e9 pour leurs int\u00e9r\u00eats commerciaux. Le message de Milei n\u2019est pas un discours pr\u00e9par\u00e9 pour la classe d\u2019affaires, m\u00eame si Milei lui-m\u00eame pense qu\u2019il l\u2019est, et m\u00eame si de nombreux entrepreneurs et biznessmen se sont bouch\u00e9 le nez et ont vot\u00e9 pour Milei \u00e0 la fin. En r\u00e9alit\u00e9, Milei articule un discours nihiliste pour le nouveau prol\u00e9tariat contre lui-m\u00eame et ses propres int\u00e9r\u00eats.<\/span><\/p>\n<p style=\"text-align: justify;\"><span style=\"font-size: 14pt;\">Ce nihilisme s\u2019explique par l\u2019impuissance du gouvernement d\u2019Alberto Fern\u00e1ndez \u00e0 satisfaire, ne serait-ce que nominalement, les attentes sociales \u00e9lev\u00e9es qui l\u2019ont port\u00e9 au pouvoir en 2019. L\u2019inefficacit\u00e9 de l\u2019administration sortante peut \u00eatre li\u00e9e \u00e0 plusieurs facteurs : ses objectifs non atteints de \u201cgouvernement tranquille\u201d (<em>gobierno tranquilo<\/em>) ; le factionnalisme permanent qui l\u2019a immobilis\u00e9, cr\u00e9ant une opposition interne souvent plus dure que l\u2019opposition officielle ; et ses aspirations rat\u00e9es \u00e0 n\u00e9gocier des accords avec l\u2019opposition et les principaux secteurs \u00e9conomiques. Dans l\u2019ensemble, l\u2019administration Fern\u00e1ndez a \u00e9t\u00e9 marqu\u00e9e par un manque d\u2019acuit\u00e9 th\u00e9orique et politique qui s\u2019est r\u00e9v\u00e9l\u00e9 lorsqu\u2019elle n\u2019a pas su r\u00e9pondre aux probl\u00e8mes structurels de la nouvelle configuration sociale de l\u2019Argentine.<\/span><\/p>\n<p style=\"text-align: justify;\"><span style=\"font-size: 14pt;\">Bien entendu, il ne s\u2019agit pas d\u2019un probl\u00e8me propre \u00e0 l\u2019Argentine. Les parall\u00e8les entre Milei et Trump, Bolsonaro, l\u2019extr\u00eame droite europ\u00e9enne, et d\u2019autres partisans de l\u2019extr\u00eame droite latino-am\u00e9ricaine, comme le Chilien Jos\u00e9 Kast et le Colombien Rodolfo Hern\u00e1ndez &#8211; deux personnalit\u00e9s qui ont failli acc\u00e9der au gouvernement lors des derni\u00e8res \u00e9lections &#8211; montrent que l\u2019Argentine n\u2019est pas l\u2019exception, mais la nouvelle r\u00e8gle.<\/span><\/p>\n<h5><span style=\"font-size: 18pt;\"><strong>No Future ?<\/strong><\/span><\/h5>\n<p style=\"text-align: justify;\"><span style=\"font-size: 14pt;\">La capacit\u00e9 de Milei \u00e0 exploiter la frustration d\u2019une grande partie de la soci\u00e9t\u00e9 argentine n\u2019absout pas le gouvernement sortant et le projet politique associ\u00e9 au <em>kirchnerismo<\/em>. Comme dans d\u2019autres pays o\u00f9 l\u2019autoritarisme s\u2019est install\u00e9, la gauche a \u00e9t\u00e9 incapable de communiquer un projet alternatif convaincant \u00e0 une grande partie de la classe ouvri\u00e8re qu\u2019elle pr\u00e9tend repr\u00e9senter. Trop souvent, nous, les gens de gauche &#8211; en Argentine et dans le monde &#8211; n\u2019avons pas r\u00e9ussi \u00e0 proposer autre chose qu\u2019un retour aux \u201cbons moments\u201d, en ignorant que pour les plus marginalis\u00e9s, cette p\u00e9riode n\u2019a jamais \u00e9t\u00e9 si bonne que cela. Qu\u2019il s\u2019agisse du progressisme ti\u00e8de ou de la gauche radicale, nous avons \u00e9t\u00e9 tellement occup\u00e9s \u00e0 d\u00e9fendre les victoires pass\u00e9es que nous avons rarement offert des propositions claires et compl\u00e8tes de futurs alternatifs.<\/span><\/p>\n<p style=\"text-align: justify;\"><span style=\"font-size: 14pt;\">La gauche argentine ne peut apparemment qu\u2019offrir plus de la m\u00eame chose &#8211; ce qui est pr\u00e9cis\u00e9ment ce que Milei et ses partisans ont effectivement reformul\u00e9 comme la cause de tous les maux. Il n\u2019y a pas de projet, et encore moins de discours alternatif, pour les perdants de la r\u00e9alit\u00e9 socio-\u00e9conomique actuelle. M\u00eame l\u2019\u201c\u00e9conomie populaire\u201d et les perspectives autrefois prometteuses du syndicalisme de mouvement social semblent trop conservatrices pour les secteurs informels cibl\u00e9s par Milei, son apologie de programmes de travail ressemblant trop aux corv\u00e9es auxquelles les travailleurs ind\u00e9pendants et informels, les freelances, les employ\u00e9\u00b7es de maison et les travailleur\u00b7ses des plates-formes veulent \u00e9chapper.<\/span><\/p>\n<p style=\"text-align: justify;\"><span style=\"font-size: 14pt;\">Si nous ne parvenons pas \u00e0 articuler un projet visant \u00e0 am\u00e9liorer les revenus, les conditions de vie et les capacit\u00e9s productives de <em>tou\u00b7tes les <\/em>travailleur\u00b7ses, les solutions actuellement propos\u00e9es par les organisations repr\u00e9sentant la classe ouvri\u00e8re argentine ne seront jamais suffisantes. Si la gauche ne parvient pas \u00e0 construire et \u00e0 communiquer efficacement un projet transformateur qui donne de l\u2019espoir aux rangs croissants du prol\u00e9tariat \u00e9mergent, le mieux que nous puissions faire est d\u2019attendre l\u2019\u00e9chec de cette derni\u00e8re vague d\u2019autoritarisme d\u2019ultradroite, qui aura sans aucun doute un co\u00fbt social, \u00e9conomique, politique et culturel intol\u00e9rable.<\/span><\/p>\n<h2><span style=\"font-size: 14pt;\"><strong>Andr\u00e9s Ruggeri<\/strong><strong> et Marcelo Vieta, <\/strong><strong><a href=\"https:\/\/jacobin.com\/2023\/12\/javier-milei-voter-base-precarious-working-class-far-right-discontent\">Jacobin<\/a><\/strong><\/span><strong><span style=\"font-size: 14pt;\">, 14 d\u00e9cembre de 2023<\/span><em><br \/>\n<\/em><span style=\"font-size: 14pt;\">Original\u00a0: <\/span><\/strong><strong><a href=\"https:\/\/jacobin.com\/2023\/12\/javier-milei-voter-base-precarious-working-class-far-right-discontent\"><span style=\"font-size: 14pt;\">Javier Milei Has Tapped Into the Discontent of a New, Informal Working Class<\/span><\/a><\/strong><\/h2>\n<h2><span style=\"font-size: 14pt;\"><strong>Traduit par <a href=\"https:\/\/drive.google.com\/file\/d\/1rN8S1UGcTPIpdrQHVKCtU1FvwPYQHqNH\/view\">Fausto Giudice<\/a><\/strong><\/span><\/h2>\n<h3><span style=\"font-size: 14pt;\"><strong>Source: <a href=\"https:\/\/tlaxcala-int.blogspot.com\/2023\/12\/a-ruggeri-m-vieta-javier-milei-su.html\">Tlaxcala<\/a>, le 14 d\u00e9cembre 2023<br \/>\n<\/strong><\/span><strong>Traductions disponibles : <\/strong><a href=\"https:\/\/www.lapluma.net\/2023\/12\/19\/milei-capto-el-descontento-de-la-clase-trabajadora-informal\/\">Espa\u00f1ol <\/a><a href=\"https:\/\/tlaxcala-int.blogspot.com\/2023\/12\/a-ruggerimvieta-javier-milei-ha-colto.html\" rel=\"bookmark\">Italiano<\/a><\/h3>\n","protected":false},"excerpt":{"rendered":"<p>Si la gauche ne parvient pas \u00e0 construire et \u00e0 communiquer efficacement un projet transformateur qui donne de l\u2019espoir aux rangs croissants du prol\u00e9tariat \u00e9mergent, le mieux que nous puissions faire est d\u2019attendre l\u2019\u00e9chec de cette derni\u00e8re vague d\u2019autoritarisme d\u2019ultradroite, qui aura sans aucun doute un co\u00fbt social, \u00e9conomique, politique et culturel intol\u00e9rable.<\/p>\n","protected":false},"author":1360,"featured_media":60219,"comment_status":"open","ping_status":"open","sticky":false,"template":"","format":"standard","meta":{"_uf_show_specific_survey":0,"_uf_disable_surveys":false,"footnotes":""},"categories":[218,6,217],"tags":[25152,225,239,25150,25151,25147,23414,25149,25148],"coauthors":[25146],"class_list":["post-60212","post","type-post","status-publish","format-standard","has-post-thumbnail","hentry","category-monde","category-politique","category-abya-yala","tag-andres-ruggeri","tag-argentina","tag-argentine","tag-fascisme-du-xxie-siecle","tag-fascismo-del-siglo-xxi","tag-florencia-oroz","tag-javier-milei","tag-nouvelle-classe-ouvriere","tag-nueva-clase-obrera"],"translation":{"provider":"WPGlobus","version":"2.12.2","language":"fr","enabled_languages":["es","fr"],"languages":{"es":{"title":true,"content":true,"excerpt":true},"fr":{"title":true,"content":true,"excerpt":true}}},"_links":{"self":[{"href":"https:\/\/www.lapluma.net\/fr\/wp-json\/wp\/v2\/posts\/60212","targetHints":{"allow":["GET"]}}],"collection":[{"href":"https:\/\/www.lapluma.net\/fr\/wp-json\/wp\/v2\/posts"}],"about":[{"href":"https:\/\/www.lapluma.net\/fr\/wp-json\/wp\/v2\/types\/post"}],"author":[{"embeddable":true,"href":"https:\/\/www.lapluma.net\/fr\/wp-json\/wp\/v2\/users\/1360"}],"replies":[{"embeddable":true,"href":"https:\/\/www.lapluma.net\/fr\/wp-json\/wp\/v2\/comments?post=60212"}],"version-history":[{"count":18,"href":"https:\/\/www.lapluma.net\/fr\/wp-json\/wp\/v2\/posts\/60212\/revisions"}],"predecessor-version":[{"id":60267,"href":"https:\/\/www.lapluma.net\/fr\/wp-json\/wp\/v2\/posts\/60212\/revisions\/60267"}],"wp:featuredmedia":[{"embeddable":true,"href":"https:\/\/www.lapluma.net\/fr\/wp-json\/wp\/v2\/media\/60219"}],"wp:attachment":[{"href":"https:\/\/www.lapluma.net\/fr\/wp-json\/wp\/v2\/media?parent=60212"}],"wp:term":[{"taxonomy":"category","embeddable":true,"href":"https:\/\/www.lapluma.net\/fr\/wp-json\/wp\/v2\/categories?post=60212"},{"taxonomy":"post_tag","embeddable":true,"href":"https:\/\/www.lapluma.net\/fr\/wp-json\/wp\/v2\/tags?post=60212"},{"taxonomy":"author","embeddable":true,"href":"https:\/\/www.lapluma.net\/fr\/wp-json\/wp\/v2\/coauthors?post=60212"}],"curies":[{"name":"wp","href":"https:\/\/api.w.org\/{rel}","templated":true}]}}