{"id":59830,"date":"2023-12-06T22:17:42","date_gmt":"2023-12-06T22:17:42","guid":{"rendered":"https:\/\/www.lapluma.net\/?p=59830"},"modified":"2023-12-06T22:17:42","modified_gmt":"2023-12-06T22:17:42","slug":"la-guerra-de-los-cien-anos-en-palestina-una-tragedia-anacronica-pero-con-futuro","status":"publish","type":"post","link":"https:\/\/www.lapluma.net\/fr\/2023\/12\/06\/la-guerra-de-los-cien-anos-en-palestina-una-tragedia-anacronica-pero-con-futuro\/","title":{"rendered":"La guerra de los cien a\u00f1os en Palestina, \u00bfuna tragedia anacr\u00f3nica pero con futuro?"},"content":{"rendered":"<p style=\"text-align: justify;\"><span style=\"font-size: 14pt;\">Oriente Medio tiene lugar una tragedia anacr\u00f3nica: el intento de resolver con m\u00e9todos de siglos pasados una situaci\u00f3n que acontece en el siglo XXI. El israel\u00ed es un colonialismo muy espec\u00edfico en el que la poblaci\u00f3n colonizada no tiene ninguna utilidad como fuerza de trabajo explotada. Para el colonizador israel\u00ed, \u201cel mejor palestino es el que est\u00e1 muerto o se ha largado\u201d, en palabras de Edward Said, citado en el estupendo libro de Rashid Khalidi sobre la guerra de los cien a\u00f1os contra Palestina..<\/span><\/p>\n<p style=\"text-align: justify;\"><span style=\"font-size: 14pt;\">La total eliminaci\u00f3n de la poblaci\u00f3n aut\u00f3ctona y su reemplazo fue factible en el pasado, en los siglos XVIII y XIX, en Am\u00e9rica del Norte o Australia, pero Israel llega tarde a esa \u201csoluci\u00f3n final\u201d de la que los propios jud\u00edos de Europa fueron v\u00edctimas en el mayor de los cr\u00edmenes racistas de la historia moderna. Esa tr\u00e1gica paradoja desemboca en la loca agresividad del sionismo con su amalgama de violencia colonial de la vieja escuela, armas de \u00faltima generaci\u00f3n y una ideolog\u00eda supremacista envuelta en primitivas escenas b\u00edblicas.<\/span><\/p>\n<p style=\"text-align: justify;\"><span style=\"font-size: 14pt;\">Arraigada en una horrible y secular historia de persecuci\u00f3n, el ansia de seguridad de un pueblo peque\u00f1o de nueve millones de habitantes, sin recursos naturales y rodeado de Estados hostiles y poblaciones radicalizadas por d\u00e9cadas de injusticia y doble rasero, se traduce en una suicida pol\u00edtica agresiva con todo su enorme entorno, insostenible sin el apoyo de Estados Unidos, un soporte que no durar\u00e1 eternamente. Toda una sociedad de emigrantes inseguros ha sido educada en esa agresividad. Con sus pol\u00edticos, militares y su sociedad civil llamando abiertamente y sin tapujos a la masacre de civiles, nunca la evidencia de un suicidio moral hab\u00eda tenido tantos espectadores. (Ver a este respecto <a href=\"https:\/\/normanfinkelstein.substack.com\/p\/fighting-amalek-in-gaza-what-israelis\">el recuento de declaraciones genocidas realizada por responsables israel\u00edes<\/a>, confeccionado por Yaniv Cogan y Jamie Stern-Weiner.)<\/span><\/p>\n<blockquote>\n<p style=\"padding-left: 40px; text-align: justify;\"><span style=\"font-size: 14pt;\">\u201cEl ansia de seguridad de un pueblo de nueve millones de habitantes se traduce en una suicida pol\u00edtica, agresiva con todo su entorno \u201d<\/span><\/p>\n<\/blockquote>\n<p style=\"text-align: justify;\"><span style=\"font-size: 14pt;\">La abrumadora superioridad militar israel\u00ed, amplificada por el puente a\u00e9reo estadounidense, ha convertido este conflicto en \u201cuno de los m\u00e1s destructivos y mort\u00edferos del siglo XXI\u201d. Walid Al Khalidy, reputado historiador y fundador del Instituto de Estudios Palestinos, calcula que, a 4 de diciembre, Israel ha matado a casi 20.000 palestinos, la mayor\u00eda civiles, en ocho semanas de guerra contra Ham\u00e1s en Gaza, m\u00e1s que en 106 a\u00f1os de presencia jud\u00eda en Palestina, que comenz\u00f3 con la Promesa Balfour de crear un \u201cHogar Nacional Jud\u00edo en Palestina\u201d en 1917. Por su parte, Haytham Manna, Presidente del Instituto Escandinavo de Derechos Humanos (SIHR) y decano de los opositores pol\u00edticos sirios, se\u00f1al\u00f3 que la guerra para destruir Gaza se hab\u00eda cobrado en 55 d\u00edas el doble de v\u00edctimas civiles que en los dos a\u00f1os de guerra en Ucrania (2022-2023), y que el n\u00famero de periodistas, m\u00e9dicos y personal de agencias de la ONU que operan en el enclave y han muerto es infinitamente superior al n\u00famero de muertos de esos colectivos en 20 a\u00f1os de guerra de Vietnam (1955-1975) o en 8 a\u00f1os de guerra de Irak (2003-2011). M\u00e1s concretamente, <a href=\"https:\/\/www.madaniya.info\/2023\/12\/04\/gaza-les-premiers-enseignements-de-la-guerre\/\">50 periodistas hab\u00edan muerto en 45 d\u00edas en Gaza<\/a>, 11 de ellos en el ejercicio de sus funciones: una de las cifras de muertos m\u00e1s elevadas de este siglo.<\/span><\/p>\n<p><iframe loading=\"lazy\" title=\"Presentaci\u00f3n del libro &quot;Palestina, cien a\u00f1os de colonialismo y resistencia&quot;\" width=\"660\" height=\"371\" src=\"https:\/\/www.youtube.com\/embed\/0bf906YhhLI?feature=oembed\" frameborder=\"0\" allow=\"accelerometer; autoplay; clipboard-write; encrypted-media; gyroscope; picture-in-picture; web-share\" referrerpolicy=\"strict-origin-when-cross-origin\" allowfullscreen><\/iframe><\/p>\n<p>&nbsp;<\/p>\n<h1 class=\"style-scope ytd-watch-metadata\"><span style=\"font-size: 14pt;\">Presentaci\u00f3n del libro \u00ab\u00a0Palestina, cien a\u00f1os de colonialismo y resistencia\u00a0\u00bb<\/span><\/h1>\n<div id=\"info-container\" class=\"style-scope ytd-watch-info-text\" style=\"text-align: justify;\"><span class=\"style-scope yt-formatted-string bold\" dir=\"auto\">Diffus\u00e9e en direct le 16 mai 2023. <\/span><span class=\"yt-core-attributed-string yt-core-attributed-string--white-space-pre-wrap\"><span class=\"yt-core-attributed-string--link-inherit-color\">Casa \u00c1rabe y la editorial Capit\u00e1n Swing presentan el martes 16 de mayo en Madrid este libro del galardonado escritor y acad\u00e9mico Rashid Khalidi, titular de la c\u00e1tedra Edward Said de Estudios \u00c1rabes de la Universidad de Columbia, quien estar\u00e1 presente en el acto.<\/span><\/span><span class=\"yt-core-attributed-string yt-core-attributed-string--white-space-pre-wrap\"><span class=\"yt-core-attributed-string--link-inherit-color\">M\u00e1s informaci\u00f3n: <\/span><span class=\"yt-core-attributed-string--link-inherit-color\"><a class=\"yt-core-attributed-string__link yt-core-attributed-string__link--display-type yt-core-attributed-string__link--call-to-action-color\" tabindex=\"0\" href=\"https:\/\/www.youtube.com\/redirect?event=video_description&amp;redir_token=QUFFLUhqbWFveVRuQlE4MjNNNlZUb29LbElYWUlLRzhKQXxBQ3Jtc0ttNGtYZmcyVGtobGphUXFldDNmTkRTcG1VZnFMYUpBdS1oQmEwMU9NbnJvNTM5WUN2MHBDZXVncW56ZUJ4blpFeElHbVhnSExaYXhIeWFiaUhySjJaNmI2eFlTOWQxNnJYY1Z2YVpsZV9SV1NyVW9LVQ&amp;q=https%3A%2F%2Fwww.casaarabe.es%2Feventos-arabes%2Fshow%2Fpalestina-cien-anos-de-colonialismo-y-resistencia&amp;v=0bf906YhhLI\" target=\"_blank\" rel=\"nofollow noopener\">https:\/\/www.casaarabe.es\/eventos-arab&#8230;<\/a><\/span><\/span><\/div>\n<div><\/div>\n<p style=\"text-align: justify;\"><span style=\"font-size: 14pt;\">La actitud de los gobiernos occidentales ante el espect\u00e1culo de una masacre apoyada militar y pol\u00edticamente, justificada y disimulada por sus medios de comunicaci\u00f3n y retransmitida en directo, han ensanchado como nunca la brecha existente entre Occidente y el Sur global, incluso en las metr\u00f3polis occidentales, en algunas de las cuales se proh\u00edben y criminalizan las manifestaciones de apoyo a los masacrados. De repente ha quedado clara la negaci\u00f3n del principio de igualdad entre seres humanos practicada por el Occidente ampliado. Ha quedado clara la compatibilidad de los \u201cvalores europeos\u201d y de todo el instrumental sem\u00e1ntico sobre la democracia y los derechos humanos con esa negaci\u00f3n. La memoria hist\u00f3rica del Sur ha recordado en Gaza que el colonialismo extendi\u00f3 la \u201ccivilizaci\u00f3n\u201d a base de genocidios perfectamente compatibles con la ilustraci\u00f3n, la separaci\u00f3n de poderes y el parlamentarismo. El espejo de la memoria hist\u00f3rica europea ha recordado tambi\u00e9n la coexistencia del humanismo renacentista con las guerras de religi\u00f3n, y de Auschwitz con la \u201cgran cultura\u201d alemana. En Alemania y Francia los sucesores y descendientes de Hitler y de Petain, y en el conjunto del <em>establishment<\/em> de la Uni\u00f3n Europea todo un ej\u00e9rcito de pol\u00edticos, funcionarios y comunicadores, han dado la espalda a la realidad del genocidio de una forma que recuerda al conformismo con la ola genocida de las d\u00e9cadas de 1930 y 1940. En el colmo de la incongruencia, el actual apoyo a Israel y la correspondiente islamofobia, se fundamentan en la responsabilidad por el judeicidio de entonces. Y ese suicidio moral sugiere que la continuaci\u00f3n de esa infame serie hist\u00f3rica es perfectamente posible en la actualidad y que tiene futuro.<\/span><\/p>\n<blockquote>\n<p style=\"padding-left: 40px; text-align: justify;\"><span style=\"font-size: 14pt;\">\u201cLa memoria hist\u00f3rica del Sur ha recordado en Gaza que el colonialismo extendi\u00f3 la \u201ccivilizaci\u00f3n\u201d a base de genocidios \u201d<\/span><\/p>\n<\/blockquote>\n<p style=\"text-align: justify;\"><span style=\"font-size: 14pt;\">La actitud de los gobiernos occidentales, sus medios de comunicaci\u00f3n y propagandistas, contiene un claro aviso sobre c\u00f3mo la parte privilegiada de este mundo puede solucionar el callej\u00f3n sin salida al que en este siglo nos ha conducido el sistema capitalista. A falta de \u201cnuevos mundos\u201d a los que exportar excedentes demogr\u00e1ficos y metabolismos vitales insostenibles e incompatibles con el principio de igualdad entre seres humanos, el horizonte que se dibuja es un \u201cGaza planetario\u201d, crear islas de bienestar y derecho estrictamente protegidas por ej\u00e9rcitos y armadas para, digamos, el 20% de la poblaci\u00f3n mundial, y recluir al resto en zonas humana y ambientalmente desastradas. Como observaba Immanuel Wallerstein, ese no es un plan muy diferente al que Hitler y sus coet\u00e1neos ten\u00edan en mente. Para quien intente escapar de esas zonas: muros, tiros y naufragios. Eso es lo que ilustran, como anticipo de la gran emigraci\u00f3n medioambiental que nos espera, los 28.000 muertos registrados solo en el Mediterr\u00e1neo desde 2014. Si esa pauta funciona pol\u00edtica y medi\u00e1ticamente en Palestina, puede funcionar tambi\u00e9n en otras latitudes y situaciones que est\u00e1n por venir.<\/span><\/p>\n<figure style=\"width: 592px\" class=\"wp-caption aligncenter\"><img loading=\"lazy\" decoding=\"async\" class=\"wp-post-image\" src=\"https:\/\/www.lapluma.net\/wp-content\/uploads\/2023\/11\/Petro-palestina-870x522.jpeg\" alt=\"\" width=\"592\" height=\"355\" \/><figcaption class=\"wp-caption-text\">\u00a0Gustavo Petro \u00bfPor qui\u00e9n doblan las campanas? Las campanas doblan por t\u00ed<\/figcaption><\/figure>\n<p style=\"text-align: justify;\"><span style=\"font-size: 14pt;\">El presidente colombiano, Gustavo Petro, se ha referido a ello al apuntar que \u201clo que el poder militar b\u00e1rbaro del norte ha desencadenado sobre el pueblo palestino es la antesala de lo que desencadenar\u00e1 sobre todos los pueblos del sur cuando, por efecto de la crisis clim\u00e1tica, quedemos sin agua; la antesala de lo que desencadenar\u00e1 sobre el \u00e9xodo de las gentes que por centenares de millones ir\u00e1n del sur al norte\u201d. El genocidio de Gaza, ha dicho <a href=\"https:\/\/ctxt.es\/es\/20231101\/Firmas\/44732\/franco-bifo-berardi-israel-gaza-genocidio-desintegracion-moral.htm\">en CTXT el fil\u00f3sofo italiano Franco Berardi<\/a> \u201ces el epicentro de un cataclismo que dividir\u00e1 la humanidad de manera duradera: el sur del mundo y los suburbios de las grandes metr\u00f3polis occidentales rodean la ciudadela blanca con un muro de odio que alimentar\u00e1 la venganza en los meses y a\u00f1os venideros. Este evento inaugura el siglo de enfrentamiento entre la raza colonial y el mundo colonizado\u201d.<\/span><\/p>\n<h2><span style=\"font-size: 14pt;\">Rafael Poch de Feliu, para La Pluma<\/span><\/h2>\n<h2><span style=\"font-size: 14pt;\">Editado por <a href=\"https:\/\/www.lapluma.net\/nosotros\/editora\/\">Mar\u00eda Piedad Ossaba<\/a><\/span><\/h2>\n<h2><span style=\"font-size: 14pt;\">Fuente:\u00a0 <a href=\"https:\/\/rafaelpoch.com\/category\/global\/\">Rafael Poch de Feliu<\/a>, 5 de diciembre de 2023<\/span><\/h2>\n<h2><span style=\"font-size: 14pt;\">Publicado por<\/span><strong><span style=\"font-size: 14pt;\"><a href=\"https:\/\/ctxt.es\/es\/20231201\/Firmas\/44964\/rafael-poch-israel-palestina-guerra-gaza-ham%C3%A1s-periodistas.htm\"> Contexto y Acci\u00f3n (CXTX)<\/a>, 6 de diciembre de 2023<\/span><br \/>\n<\/strong><\/h2>\n<h2><span style=\"font-size: 14pt;\">Lea en La Pluma:<\/span><\/h2>\n<h2 class=\"entry-title\"><span style=\"font-size: 14pt;\"><a tabindex=\"0\" href=\"https:\/\/www.lapluma.net\/2023\/11\/11\/palestina-nos-duele-porque-nos-duele-el-mundo\/\" rel=\"bookmark\">Palestina nos duele porque nos duele el mundo<\/a><\/span><\/h2>\n<h2 class=\"entry-title\"><span style=\"font-size: 14pt;\"><a tabindex=\"0\" href=\"https:\/\/www.lapluma.net\/2023\/11\/10\/conferencia-el-origen-de-la-violencia-en-gaza-esta-en-la-ideologia-racista-de-la-eliminacion-del-nativo\/\" rel=\"bookmark\">Conferencia: \u201cEl origen de la violencia en Gaza est\u00e1 en la ideolog\u00eda racista de la eliminaci\u00f3n del nativo\u201d<\/a><\/span><\/h2>\n<h2 class=\"entry-title\"><span style=\"font-size: 14pt;\"><a href=\"https:\/\/www.lapluma.net\/2023\/11\/11\/israel-esta-cometiendo-un-genocidio-en-palestina\/\" rel=\"bookmark\">Israel est\u00e1 cometiendo un genocidio en Palestina<\/a><\/span><\/h2>\n<h2 class=\"entry-title\"><span style=\"font-size: 14pt;\"><a href=\"https:\/\/www.lapluma.net\/2023\/11\/08\/gustavo-petro-por-quien-doblan-las-campanas-las-campanas-doblan-por-ti\/\" rel=\"bookmark\"><i>GUSTAVO PETRO <\/i><br \/>\n\u00bfPor qui\u00e9n doblan las campanas? Las campanas doblan por t\u00ed<\/a><\/span><\/h2>\n<h2 class=\"entry-title\"><span style=\"font-size: 14pt;\"><a href=\"https:\/\/www.lapluma.net\/2023\/11\/07\/guerra-entre-israel-y-palestina-como-ve-hamas-el-conflicto-de-gaza-y-por-que-cree-que-puede-ganar\/\" rel=\"bookmark\">Guerra entre Israel y Palestina: C\u00f3mo ve Ham\u00e1s el conflicto de Gaza y por qu\u00e9 cree que puede ganar<\/a><\/span><\/h2>\n","protected":false},"excerpt":{"rendered":"<p>En seis semanas de guerra contra Gaza, Israel ha matado a m\u00e1s palestinos que en 106 a\u00f1os de presencia jud\u00eda en Palestina&#8230; El genocidio de Gaza, \u201ces el epicentro de un cataclismo que dividir\u00e1 la humanidad de manera duradera&#8230; Este evento inaugura el siglo de enfrentamiento entre la raza colonial y el mundo colonizado\u201d<\/p>\n","protected":false},"author":1049,"featured_media":59836,"comment_status":"open","ping_status":"open","sticky":false,"template":"","format":"standard","meta":{"_uf_show_specific_survey":0,"_uf_disable_surveys":false,"footnotes":""},"categories":[218],"tags":[25015,25018,25019,24873,25016,3277,6526,7784,17553],"coauthors":[17544],"class_list":["post-59830","post","type-post","status-publish","format-standard","has-post-thumbnail","hentry","category-monde","tag-colonialismo-y-resistencia","tag-crimenes-racistas","tag-franco-berardi","tag-genocidio-de-gaza","tag-guerra-de-los-cien-anos","tag-gustavo-petro","tag-israel-palestina","tag-oriente-medio","tag-rafael-poch-de-feliu"],"translation":{"provider":"WPGlobus","version":"2.12.2","language":"fr","enabled_languages":["es","fr"],"languages":{"es":{"title":true,"content":true,"excerpt":true},"fr":{"title":false,"content":false,"excerpt":false}}},"_links":{"self":[{"href":"https:\/\/www.lapluma.net\/fr\/wp-json\/wp\/v2\/posts\/59830","targetHints":{"allow":["GET"]}}],"collection":[{"href":"https:\/\/www.lapluma.net\/fr\/wp-json\/wp\/v2\/posts"}],"about":[{"href":"https:\/\/www.lapluma.net\/fr\/wp-json\/wp\/v2\/types\/post"}],"author":[{"embeddable":true,"href":"https:\/\/www.lapluma.net\/fr\/wp-json\/wp\/v2\/users\/1049"}],"replies":[{"embeddable":true,"href":"https:\/\/www.lapluma.net\/fr\/wp-json\/wp\/v2\/comments?post=59830"}],"version-history":[{"count":4,"href":"https:\/\/www.lapluma.net\/fr\/wp-json\/wp\/v2\/posts\/59830\/revisions"}],"predecessor-version":[{"id":59833,"href":"https:\/\/www.lapluma.net\/fr\/wp-json\/wp\/v2\/posts\/59830\/revisions\/59833"}],"wp:featuredmedia":[{"embeddable":true,"href":"https:\/\/www.lapluma.net\/fr\/wp-json\/wp\/v2\/media\/59836"}],"wp:attachment":[{"href":"https:\/\/www.lapluma.net\/fr\/wp-json\/wp\/v2\/media?parent=59830"}],"wp:term":[{"taxonomy":"category","embeddable":true,"href":"https:\/\/www.lapluma.net\/fr\/wp-json\/wp\/v2\/categories?post=59830"},{"taxonomy":"post_tag","embeddable":true,"href":"https:\/\/www.lapluma.net\/fr\/wp-json\/wp\/v2\/tags?post=59830"},{"taxonomy":"author","embeddable":true,"href":"https:\/\/www.lapluma.net\/fr\/wp-json\/wp\/v2\/coauthors?post=59830"}],"curies":[{"name":"wp","href":"https:\/\/api.w.org\/{rel}","templated":true}]}}