{"id":59741,"date":"2023-12-01T10:11:48","date_gmt":"2023-12-01T10:11:48","guid":{"rendered":"https:\/\/www.lapluma.net\/?p=59741"},"modified":"2023-12-01T10:19:11","modified_gmt":"2023-12-01T10:19:11","slug":"colonialismo-verde-justicia-global-y-geopolitica-de-las-transiciones-ecosociales-libro-libre","status":"publish","type":"post","link":"https:\/\/www.lapluma.net\/fr\/2023\/12\/01\/colonialismo-verde-justicia-global-y-geopolitica-de-las-transiciones-ecosociales-libro-libre\/","title":{"rendered":"Colonialismo verde: justicia global y geopol\u00edtica de las transiciones ecosociales. Libro Libre"},"content":{"rendered":"<p style=\"text-align: justify;\"><span style=\"font-size: 14pt;\">El capitalismo global y las clases dominantes han pasado a defender medidas para afrontar la crisis clim\u00e1tica y ecosocial, pero bajo la etiqueta de transici\u00f3n ecol\u00f3gica, cuyas <em>\u201csoluciones clim\u00e1ticas\u201d<\/em> est\u00e1n conduciendo a nuevas injusticias socioambientales y al colonialismo verde. Los planes de crecimiento verde con energ\u00edas <em>\u201climpias\u201d<\/em> del Norte Global requieren la extracci\u00f3n a gran escala de minerales estrat\u00e9gicos del Sur Global. Teniendo en cuenta este contexto, <a href=\"http:\/\/cronicon.net\/wp\/wp-content\/uploads\/2023\/11\/0001-Mas-alla-del-colonialismo-verde.pdf\">la presente investigaci\u00f3n bibliogr\u00e1fica<\/a> re\u00fane a destacados y destacadas activistas e intelectuales de todos los continentes para examinar el colonialismo verde y proponer alternativas. Ofrece un diagn\u00f3stico sobre el extractivismo verde y las transiciones corporativas, analiza las interdependencias y los entrelazamientos globales, y presenta diferentes caminos hacia las alternativas al desarrollo y una transformaci\u00f3n socioecol\u00f3gica con justicia global.<\/span><\/p>\n<p style=\"text-align: justify;\"><span style=\"font-size: 14pt;\">Editado por CLACSO, este libro es una iniciativa conjunta entre el Pacto Ecosocial del Sur, el Institute for Policy Studies y el Global Working Group Beyond Development, con el apoyo de la Fundaci\u00f3n Rosa Luxemburgo.<\/span><\/p>\n<p style=\"text-align: justify;\"><span style=\"font-size: 14pt;\">Mientras las formas convencionales de colonialismo y neocolonialismo son cuestionadas en todo el mundo, las fuerzas capitalistas se esfuerzan por sostener sus propios beneficios y poder (en lugar de sostener la Tierra) mediante <em>\u201csoluciones\u201d<\/em> seductoras pero superficiales como la econom\u00eda verde, los mercados de carbono y las soluciones tecnol\u00f3gicas. Al exponer estas tendencias tal y como son, y al ofrecer alternativas aut\u00e9nticas y radicales que podr\u00edan conducir a un futuro verdaderamente equitativo y regenerativo, esta obra es una contribuci\u00f3n muy valiosa a las luchas locales y globales por un mundo justo.<\/span><\/p>\n<p><img loading=\"lazy\" decoding=\"async\" class=\" wp-image-59754 aligncenter\" src=\"https:\/\/www.lapluma.net\/wp-content\/uploads\/2023\/12\/Economia-verde-300x233.png\" alt=\"\" width=\"445\" height=\"346\" srcset=\"https:\/\/www.lapluma.net\/wp-content\/uploads\/2023\/12\/Economia-verde-300x233.png 300w, https:\/\/www.lapluma.net\/wp-content\/uploads\/2023\/12\/Economia-verde.png 460w\" sizes=\"auto, (max-width: 445px) 100vw, 445px\" \/><\/p>\n<p style=\"text-align: justify;\"><span style=\"font-size: 14pt;\">\u201cEl libro demuestra, con una mirada internacional, el car\u00e1cter colonial y las ra\u00edces de la pol\u00edtica del extractivismo, desenmascara el car\u00e1cter explotador del capitalismo verde y destaca las estrategias y los movimientos que debemos apoyar para poner fin a la devastaci\u00f3n corporativa de nuestras comunidades y de la Tierra. Se trata de una lectura imprescindible para quienes luchan por crear un mundo en el que la vida est\u00e9 en el centro. Deber\u00edan organizarse grupos de estudio para difundir sus propuestas y visiones de un futuro diferente, que afirme la vida\u201d, opina la activista feminista y acad\u00e9mica Silvia Federici sobre los alcances de esta investigaci\u00f3n.<\/span><\/p>\n<p><img loading=\"lazy\" decoding=\"async\" class=\" wp-image-59745 aligncenter\" src=\"https:\/\/www.lapluma.net\/wp-content\/uploads\/2023\/12\/Mas-alla-del-colonialismo-verde-Portada-209x300.png\" alt=\"\" width=\"476\" height=\"683\" srcset=\"https:\/\/www.lapluma.net\/wp-content\/uploads\/2023\/12\/Mas-alla-del-colonialismo-verde-Portada-209x300.png 209w, https:\/\/www.lapluma.net\/wp-content\/uploads\/2023\/12\/Mas-alla-del-colonialismo-verde-Portada-713x1024.png 713w, https:\/\/www.lapluma.net\/wp-content\/uploads\/2023\/12\/Mas-alla-del-colonialismo-verde-Portada-768x1103.png 768w, https:\/\/www.lapluma.net\/wp-content\/uploads\/2023\/12\/Mas-alla-del-colonialismo-verde-Portada.png 934w\" sizes=\"auto, (max-width: 476px) 100vw, 476px\" \/><\/p>\n<p style=\"text-align: center;\"><span style=\"font-size: 12pt;\">Descarga el libro <a href=\"https:\/\/www.lapluma.net\/wp-content\/uploads\/2023\/12\/Mas-alla-colonialismo.pdf\">Mas all\u00e1 del colonialismo verde<\/a> en formato PDF<\/span><\/p>\n","protected":false},"excerpt":{"rendered":"<p>Editado por CLACSO, este libro es una iniciativa conjunta entre el Pacto Ecosocial del Sur, el Institute for Policy Studies y el Global Working Group Beyond Development, con el apoyo de la Fundaci\u00f3n Rosa Luxemburgo. El libro demuestra, con una mirada internacional, el car\u00e1cter colonial y las ra\u00edces de la pol\u00edtica del extractivismo, desenmascara el car\u00e1cter explotador del capitalismo verde y destaca las estrategias y los movimientos que debemos apoyar para poner fin a la devastaci\u00f3n corporativa de nuestras comunidades y de la Tierra. <\/p>\n","protected":false},"author":1330,"featured_media":59747,"comment_status":"open","ping_status":"open","sticky":false,"template":"","format":"standard","meta":{"_uf_show_specific_survey":0,"_uf_disable_surveys":false,"footnotes":""},"categories":[9,218,219],"tags":[7905,2160,24997,24995,24998,24996,13108,25000,24999],"coauthors":[24570],"class_list":["post-59741","post","type-post","status-publish","format-standard","has-post-thumbnail","hentry","category-economia-de-la-naturaleza","category-monde","category-libros-libres","tag-capitalismo-global","tag-clacso","tag-colonialismo-verde","tag-crisis-climatica-y-ecosocial","tag-extractivismo-verde","tag-injusticias-socioambientales","tag-libro-libre","tag-pacto-ecosocial-del-sur","tag-transiciones-corporativas"],"translation":{"provider":"WPGlobus","version":"2.12.2","language":"fr","enabled_languages":["es","fr"],"languages":{"es":{"title":true,"content":true,"excerpt":true},"fr":{"title":false,"content":false,"excerpt":false}}},"_links":{"self":[{"href":"https:\/\/www.lapluma.net\/fr\/wp-json\/wp\/v2\/posts\/59741","targetHints":{"allow":["GET"]}}],"collection":[{"href":"https:\/\/www.lapluma.net\/fr\/wp-json\/wp\/v2\/posts"}],"about":[{"href":"https:\/\/www.lapluma.net\/fr\/wp-json\/wp\/v2\/types\/post"}],"author":[{"embeddable":true,"href":"https:\/\/www.lapluma.net\/fr\/wp-json\/wp\/v2\/users\/1330"}],"replies":[{"embeddable":true,"href":"https:\/\/www.lapluma.net\/fr\/wp-json\/wp\/v2\/comments?post=59741"}],"version-history":[{"count":8,"href":"https:\/\/www.lapluma.net\/fr\/wp-json\/wp\/v2\/posts\/59741\/revisions"}],"predecessor-version":[{"id":59753,"href":"https:\/\/www.lapluma.net\/fr\/wp-json\/wp\/v2\/posts\/59741\/revisions\/59753"}],"wp:featuredmedia":[{"embeddable":true,"href":"https:\/\/www.lapluma.net\/fr\/wp-json\/wp\/v2\/media\/59747"}],"wp:attachment":[{"href":"https:\/\/www.lapluma.net\/fr\/wp-json\/wp\/v2\/media?parent=59741"}],"wp:term":[{"taxonomy":"category","embeddable":true,"href":"https:\/\/www.lapluma.net\/fr\/wp-json\/wp\/v2\/categories?post=59741"},{"taxonomy":"post_tag","embeddable":true,"href":"https:\/\/www.lapluma.net\/fr\/wp-json\/wp\/v2\/tags?post=59741"},{"taxonomy":"author","embeddable":true,"href":"https:\/\/www.lapluma.net\/fr\/wp-json\/wp\/v2\/coauthors?post=59741"}],"curies":[{"name":"wp","href":"https:\/\/api.w.org\/{rel}","templated":true}]}}