{"id":59673,"date":"2023-11-29T22:33:31","date_gmt":"2023-11-29T22:33:31","guid":{"rendered":"https:\/\/www.lapluma.net\/?p=59673"},"modified":"2024-02-16T23:28:16","modified_gmt":"2024-02-16T23:28:16","slug":"noboa-y-milei-tan-lejos-y-tan-cerca","status":"publish","type":"post","link":"https:\/\/www.lapluma.net\/fr\/2023\/11\/29\/noboa-y-milei-tan-lejos-y-tan-cerca\/","title":{"rendered":"Noboa y Milei: \u00bftan lejos y tan cerca?"},"content":{"rendered":"<p style=\"text-align: justify;\"><span style=\"font-size: 14pt;\">En el contexto general de la historia contempor\u00e1nea de Am\u00e9rica Latina destaco al menos los siguientes puntos para comparar la situaci\u00f3n coyuntural entre Argentina y Ecuador.<\/span><br \/>\n<span style=\"font-size: 14pt;\">\u00a0<\/span><br \/>\n<span style=\"font-size: 14pt;\"><strong>UNO<\/strong>. Con el avance del siglo XXI, existe un proceso mundial de reordenamiento de los poderes centrales: mientras declina la hegemon\u00eda de los Estados Unidos, ascienden China, Rusia, los BRICS-Plus. En consecuencia, Am\u00e9rica Latina es una <em>regi\u00f3n en disputa<\/em>, al mismo tiempo que lentamente se proyecta como otro espacio del Sur Global con definiciones y estrategias propias, de la mano de los gobiernos progresistas, pero no de los empresariales-neoliberales. En los procesos electorales ya no solo obran las fuerzas pol\u00edticas internas, sino tambi\u00e9n las internacionales. El <a href=\"https:\/\/cronicon.net\/wp\/doscientos-anos-bajo-la-doctrina-monroe\/\">americanismo monro\u00edsta<\/a> no ha dejado de actuar para \u201cinfluir\u201d sobre ellos, porque a los EE.UU. convienen los gobiernos que respondan positivamente a sus geoestrategias mundiales y a su seguridad nacional. Se suma una internacional derechista consolidada, tanto en \u00e1reas acad\u00e9micas como pol\u00edticas, e integrada en fundaciones y organizaciones bien financiadas, que igualmente trabajan para el \u00e9xito electoral de sus preferidos. Desde luego, el triunfo de gobiernos de la derecha pol\u00edtica pasa a ser una garant\u00eda para los intereses monro\u00edstas. Len\u00edn Moreno y Guillermo Lasso calzaron perfectamente con esos intereses. Es muy claro que Daniel Noboa y Javier Milei no son antimperialistas. Donald Trump y Jair Bolsonaro fueron los primeros en encantarse con el triunfo presidencial de Milei. <a href=\"https:\/\/twitter.com\/JMilei\/status\/1727496060124246103\">Tampoco hay que dejar a un lado la felicitaci\u00f3n que recibi\u00f3 por parte del presidente chino Xi Jinping<\/a>. Pero, adem\u00e1s, en el contexto de las geoestrategias centrales, est\u00e1n claros <a href=\"https:\/\/www.state.gov\/the-administrations-approach-to-the-peoples-republic-of-china\/\">los enfoques unificados del Secretario de Estado de los EE.UU<\/a>. y <a href=\"https:\/\/www.armed-services.senate.gov\/imo\/media\/doc\/SOUTHCOM%20SASC%20Posture%20Final%202022.pdf\">de la General Comandante del Comando Sur\u00a0 sobre la \u201camenaza\u201d que representan Rusia y principalmente China<\/a>, junto con se\u00f1alar el rol de las alianzas militares para contrarrestarla, al viejo estilo del <a href=\"https:\/\/es.wikipedia.org\/wiki\/Tratado_Interamericano_de_Asistencia_Rec%C3%ADproca\">Tratado Interamericano de Asistencia Rec\u00edproca (TIAR)<\/a>\u00a0 y del macartismo. <\/span><\/p>\n<p><img loading=\"lazy\" decoding=\"async\" class=\" wp-image-59707 aligncenter\" src=\"https:\/\/www.lapluma.net\/wp-content\/uploads\/2023\/11\/Noboa-Milei-300x217.png\" alt=\"\" width=\"541\" height=\"391\" srcset=\"https:\/\/www.lapluma.net\/wp-content\/uploads\/2023\/11\/Noboa-Milei-300x217.png 300w, https:\/\/www.lapluma.net\/wp-content\/uploads\/2023\/11\/Noboa-Milei-768x556.png 768w, https:\/\/www.lapluma.net\/wp-content\/uploads\/2023\/11\/Noboa-Milei.png 901w\" sizes=\"auto, (max-width: 541px) 100vw, 541px\" \/><\/p>\n<p>&nbsp;<\/p>\n<p style=\"text-align: justify;\"><span style=\"font-size: 14pt;\">En todo caso, esos prop\u00f3sitos no conjugan con Estados y empresarios que han creado relaciones econ\u00f3micas con esos pa\u00edses y tambi\u00e9n chocan con los gobiernos progresistas que cuestionan el caduco monro\u00edsmo. Sin embargo, el candidato <a href=\"https:\/\/twitter.com\/dw_espanol\/status\/1727986581066174486\">Milei fue un \u201cnegacionista\u201d de lo ocurrido durante la dictadura militar<\/a> que implant\u00f3 el Estado terrorista-anticomunista entre 1976-1883, en lo cual coincide con la visi\u00f3n del expresidente Bolsonaro sobre el largo per\u00edodo dictatorial civil-militar en Brasil. Pero Ecuador no tuvo dictaduras como las que caracterizaron al Cono Sur. Desde <a href=\"https:\/\/library.fes.de\/pdf-files\/bueros\/quito\/15806-20191120.pdf\">el retorno a la democracia en 1979 en Ecuador<\/a> y <a href=\"https:\/\/labancaria.org\/10-de-diciembre-de-1983-retorno-de-la-democracia-asume-raul-alfonsin\/\">en 1983 en Argentina<\/a>, no se han producido golpes de Estado militares, aunque en Ecuador hubo asonadas encabezadas por figuras militares en 1987 y 2000 y por la polic\u00eda en 2010, adem\u00e1s de que el \u201cderrocamiento constitucional\u201d de presidentes en 1997, 2000 y 2005 tuvo que contar, finalmente, con el \u201carbitraje\u201d de las fuerzas armadas. La pregunta que se impone es si habr\u00e1 un l\u00edmite o tope directo de la instituci\u00f3n militar frente a las transformaciones que quieran impulsar los gobiernos neoliberales y m\u00e1s a\u00fan los libertarios anarco-capitalistas, pero tambi\u00e9n los progresistas de izquierda. Lo que est\u00e1 claro es que se requerir\u00e1 de reformas urgentes en las fuerzas armadas y polic\u00edas para enfrentar, con efectividad, la delincuencia y el crimen organizado, que est\u00e1n afectando la seguridad ciudadana en toda Am\u00e9rica Latina y que responden a la internacionalizaci\u00f3n de mafias con capacidades para penetrar en los aparatos de los Estados. En Ecuador, <a href=\"https:\/\/www.youtube.com\/watch?v=e45aDovFSdo\">el embajador de EE.UU. lleg\u00f3 a referirse a la existencia de \u201cnarco-generales\u201d<\/a>, un asunto que sigue en el vac\u00edo.<\/span><\/p>\n<p style=\"text-align: justify;\"><img loading=\"lazy\" decoding=\"async\" class=\" wp-image-59677 aligncenter\" src=\"https:\/\/www.lapluma.net\/wp-content\/uploads\/2023\/11\/Noboa-y-Milei1-300x300.jpg\" alt=\"\" width=\"460\" height=\"460\" srcset=\"https:\/\/www.lapluma.net\/wp-content\/uploads\/2023\/11\/Noboa-y-Milei1-300x300.jpg 300w, https:\/\/www.lapluma.net\/wp-content\/uploads\/2023\/11\/Noboa-y-Milei1-1024x1024.jpg 1024w, https:\/\/www.lapluma.net\/wp-content\/uploads\/2023\/11\/Noboa-y-Milei1-150x150.jpg 150w, https:\/\/www.lapluma.net\/wp-content\/uploads\/2023\/11\/Noboa-y-Milei1-768x768.jpg 768w, https:\/\/www.lapluma.net\/wp-content\/uploads\/2023\/11\/Noboa-y-Milei1.jpg 1080w\" sizes=\"auto, (max-width: 460px) 100vw, 460px\" \/><span style=\"font-size: 14pt;\"><strong>DOS<\/strong>. Los medios de comunicaci\u00f3n e informaci\u00f3n son m\u00faltiples y variados con el desarrollo del internet y ahora la inteligencia artificial; pero la televisi\u00f3n sigue jugando un papel pol\u00edtico decisivo y aqu\u00ed predominan las compa\u00f1\u00edas privadas de grandes recursos, junto con los peri\u00f3dicos y revistas impresos que requieren fuertes inversiones. Esos medios empresariales defienden intereses privados y mantienen estrechos v\u00ednculos con la clase empresarial en general y mayor cercan\u00eda con los grupos y personalidades pol\u00edticas de las derechas. En consecuencia, promueven candidatos de esas filas y protegen a gobernantes que los representan. En Ecuador promovieron a Lasso y a Noboa, al igual que lo hicieron con <a href=\"https:\/\/www.correodelalba.org\/2023\/11\/20\/exclusivo-%e2%94%82-atilio-boron-analiza-el-triunfo-de-milei-fue-una-construccion-mediatica-prolijamente-planificada\/\">Milei en Argentina, quien era un \u201coutsider\u201d pol\u00edtico, pero no medi\u00e1tico, como lo ha subrayado Atilio Bor\u00f3n <\/a>. El papel de los medios alternativos y de las redes sociales, seg\u00fan los estudios existentes, es dividido, porque act\u00faan en funci\u00f3n de las candidaturas y acciones de gobierno, aunque adquieren significaci\u00f3n diaria que pasa a ser contundente, lo cual ha resultado decisivo, por ejemplo, en el apoyo que por su intermedio se difunde a las causas de los movimientos sociales. De todos modos, la convergencia de las \u00e9lites se ha transformado en <em>bloques de poder<\/em> que, con el acceso gubernamental al Estado, lo subordinan a su servicio. En Ecuador ese bloque logr\u00f3 unificarse con el gobierno de Moreno y domin\u00f3 con el de Lasso. El f\u00e9rreo v\u00ednculo entre medios de comunicaci\u00f3n y pol\u00edticos empresariales ha extendido una \u201ccultura\u201d que generaliza las <a href=\"https:\/\/cronicon.net\/wp\/que-es-el-neoliberalismo\/\">ideas neoliberales<\/a> y que adquiere peso incluso entre clases medias y sectores populares, favoreciendo el voto por figuras como Lasso, Noboa o Milei. <\/span><\/p>\n<p style=\"text-align: justify;\"><span style=\"font-size: 14pt;\">Las reacciones ante la ineptitud gubernamental de Lasso han dividido temporalmente al bloque de poder que lo sostuvo: tiene reducidos partidarios, una parte se alej\u00f3 y hoy lo critica, as\u00ed como otra parte ha decidido cuestionar y a\u00fan atacar al presidente Noboa por el acuerdo parlamentario con el \u201ccorre\u00edsmo\u201d. Sin embargo, es posible que ocurra la reunificaci\u00f3n de fuerzas, si Noboa mantiene el modelo empresarial-neoliberal y olig\u00e1rquico o si se prioriza la convergencia derechista para impedir, nuevamente, el retorno del \u201ccorre\u00edsmo\u201d, considerado como el enemigo principal. En esas filas tampoco se ha ocultado la satisfacci\u00f3n por el triunfo de Milei; y, de hecho, Ver\u00f3nica Abad, la vicepresidenta de Noboa, difundi\u00f3 sus convicciones libertarias en plena campa\u00f1a electoral y en forma independiente, <a href=\"https:\/\/www.youtube.com\/watch?v=K_OLF7XuMtw\">cuestionando la existencia de \u201cderechos\u201d como educaci\u00f3n y salud <\/a>o <a href=\"https:\/\/twitter.com\/ecuainm_oficial\/status\/1704927148954341617\">abogando por la privatizaci\u00f3n de la seguridad social<\/a> . Apenas posesionado el presidente Noboa dispuso (Decreto No. 27), de acuerdo con la Constituci\u00f3n, que la vicepresidenta tenga, como \u00fanica funci\u00f3n, ser \u00ab\u00a0<em><a href=\"https:\/\/twitter.com\/Presidencia_Ec\/status\/1728148058150498762?ref_src=twsrc%5Etfw%7Ctwcamp%5Eembeddedtimeline%7Ctwterm%5Escreen-name%3APresidencia_Ec%7Ctwcon%5Es1\">colaboradora para la paz y precautelar el escalamiento de la conflictividad entre Israel y Palestina<\/a><\/em>\u00ab\u00a0, aclarando: \u201c<a href=\"https:\/\/twitter.com\/Presidencia_Ec\/status\/1728148058150498762?ref_src=twsrc%5Etfw%7Ctwcamp%5Eembeddedtimeline%7Ctwterm%5Escreen-name%3APresidencia_Ec%7Ctwcon%5Es1\"><em>Para el cumplimiento de estas funciones <\/em><\/a>, lo que ha motivado especulaciones sobre un \u201cdivorcio pol\u00edtico\u201d ya visible antes de las elecciones.<\/span><\/p>\n<figure id=\"attachment_59703\" aria-describedby=\"caption-attachment-59703\" style=\"width: 535px\" class=\"wp-caption aligncenter\"><img loading=\"lazy\" decoding=\"async\" class=\"wp-image-59703\" src=\"https:\/\/www.lapluma.net\/wp-content\/uploads\/2023\/11\/Noboa-Lasso-por-Vilmatraca-300x225.jpg\" alt=\"\" width=\"535\" height=\"401\" srcset=\"https:\/\/www.lapluma.net\/wp-content\/uploads\/2023\/11\/Noboa-Lasso-por-Vilmatraca-300x225.jpg 300w, https:\/\/www.lapluma.net\/wp-content\/uploads\/2023\/11\/Noboa-Lasso-por-Vilmatraca-768x576.jpg 768w, https:\/\/www.lapluma.net\/wp-content\/uploads\/2023\/11\/Noboa-Lasso-por-Vilmatraca.jpg 934w\" sizes=\"auto, (max-width: 535px) 100vw, 535px\" \/><figcaption id=\"caption-attachment-59703\" class=\"wp-caption-text\">Llegada del magnate bananero Daniel Noboa al Palacio Carondelet y salida del corrupto banquero Guillermo Lasso, en la mordaz pluma de la ilustradora ecuatoriana Vilmatraca.<\/figcaption><\/figure>\n<p style=\"text-align: justify;\"><span style=\"font-size: 14pt;\">TRES. Los fundadores del neoliberalismo presentaron ideas parcialmente aplicables y seguidas en los mismos pa\u00edses de origen, pero que tuvieron reconocimiento (Friedrich von Hayek y Milton Friedman recibieron el premio en honor a Nobel) por estar dirigidas contra el \u201c<em>comunismo<\/em>\u201d. Hayek, en debate con Keynes, privilegi\u00f3 la \u201clibertad\u201d ante el supuesto \u201cestatismo\u201d de su detractor. Pero el neoliberalismo no penetr\u00f3 en Am\u00e9rica Latina hasta que los \u201c<em>Chicago Boys<\/em>\u201d lo introdujeron con la dictadura militar de Augusto Pinochet en Chile. Se impuso sobre la sangre de miles de \u201c<em>comunistas<\/em>\u201d. En la d\u00e9cada de 1980 se implant\u00f3 con el FMI y sus \u201ccartas de intenci\u00f3n\u201d, que condicionaron el pago de las deudas externas de la regi\u00f3n. El neoliberalismo fue acogido por las burgues\u00edas latinoamericanas como el ideario que fundamentaba sus tradicionales intereses econ\u00f3micos. Hoy, las derechas pol\u00edticas de la regi\u00f3n, por sobre sus diferencias y matices, coinciden en un pu\u00f1ado de consignas econ\u00f3micas: no al Estado interventor, no a los impuestos, no al trabajo regulado, privatizaci\u00f3n de bienes y servicios p\u00fablicos, mercados libres, apertura indiscriminada al capital extranjero. Pero la experiencia hist\u00f3rica del neoliberalismo es diferenciada: en los EE.UU. provoc\u00f3 desindustrializaci\u00f3n, mayor concentraci\u00f3n de la riqueza y repotenciaci\u00f3n de las corporaciones, como lo destac\u00f3 Joseph Stiglitz en <em>Capitalismo Progresista<\/em>. En Europa no se desmont\u00f3 del todo el Estado de bienestar y hoy siguen vigentes los servicios p\u00fablicos universales en educaci\u00f3n, salud y seguridad social. <\/span><\/p>\n<p style=\"text-align: justify;\"><span style=\"font-size: 14pt;\">En Am\u00e9rica Latina se asimil\u00f3 un neoliberalismo tergiversado, a trav\u00e9s del cual se interpret\u00f3 el modelo econ\u00f3mico de los EE.UU., el \u00eddolo de un supuesto mercado \u201clibre\u201d de todo. Pero tanto Europa como EE.UU. tienen Estados fuertes, con enormes capacidades econ\u00f3micas. Y en Europa hay altos impuestos para sostener los servicios p\u00fablicos. De modo que en Am\u00e9rica Latina la experiencia \u201cneoliberal\u201d fue desastrosa durante las d\u00e9cadas finales del siglo XX, incluyendo a Chile, el pa\u00eds ejemplar en el modelo. M\u00faltiples estudios, como los de la CEPAL, lo demuestran. En todas partes, las condiciones de vida y trabajo no fueron solucionadas y el \u201ccuadro del subdesarrollo\u201d persiste en cualquier pa\u00eds. Esas condiciones determinaron el surgimiento del primer ciclo de gobiernos progresistas a inicios del siglo XXI, tras el cual sobrevino un per\u00edodo de gobernantes conservadores y neoliberales y despu\u00e9s solo pocos gobiernos del segundo ciclo progresista. En Ecuador el desastre neoliberal no solo fue econ\u00f3mico, sino que se reflej\u00f3 en la crisis institucional y gubernamental: entre 1996 y 2006 hubo 7 gobiernos, 1 dictadura nocturna y los 3 presidentes surgidos de elecciones populares fueron derrocados. El gobierno de Rafael Correa (2007-2017) enrumb\u00f3 al pa\u00eds hacia una <em>econom\u00eda social del Buen Vivir<\/em> y los positivos resultados en el avance igualmente constan en informes nacionales e internacionales. Por eso triunf\u00f3 Len\u00edn Moreno en 2017, entonces promovido por el corre\u00edsmo; pero lo traicion\u00f3 de inmediato y revivi\u00f3 el modelo empresarial-neoliberal. Lasso, banquero y millonario, presid\u00eda \u201cEcuador Libre\u201d, un tanque de pensamiento libertario anarco-capitalista del que tambi\u00e9n provinieron varios de sus ministros y altos funcionarios, de manera que consolid\u00f3 el camino restaurado por Moreno.<\/span><\/p>\n<p><img loading=\"lazy\" decoding=\"async\" class=\" wp-image-59704 aligncenter\" src=\"https:\/\/www.lapluma.net\/wp-content\/uploads\/2023\/11\/Argentina-Ecuador-300x247.jpg\" alt=\"\" width=\"489\" height=\"403\" srcset=\"https:\/\/www.lapluma.net\/wp-content\/uploads\/2023\/11\/Argentina-Ecuador-300x247.jpg 300w, https:\/\/www.lapluma.net\/wp-content\/uploads\/2023\/11\/Argentina-Ecuador-768x632.jpg 768w, https:\/\/www.lapluma.net\/wp-content\/uploads\/2023\/11\/Argentina-Ecuador.jpg 810w\" sizes=\"auto, (max-width: 489px) 100vw, 489px\" \/><\/p>\n<p style=\"text-align: justify;\"><span style=\"font-size: 14pt;\"> Los resultados sociales del gobierno de Lasso son desastrosos incluso por el desarrollo de la delincuencia y el crimen organizado, in\u00e9dito en la historia nacional y consecuencia del \u201cachicamiento\u201d de las capacidades estatales, que arrastr\u00f3 a las de seguridad interna. A tal punto \u201c<em>Lasso es un fracaso<\/em>\u201d (frase generalizada en las redes), que tuvo que acudir al mecanismo constitucional de la <em>muerte cruzada<\/em> para evitar el juicio pol\u00edtico en la Asamblea y su destituci\u00f3n; dej\u00f3 el poder como el peor presidente evaluado en el pa\u00eds (un 15% de aprobaci\u00f3n) y en Am\u00e9rica Latina (CID-Gallup) <a href=\"https:\/\/radiolacalle.com\/un-libro-no-fue-suficiente-ahora-lasso-saco-un-documental-para-mostrar-los-logros-de-su-gobierno\/\">y se despidi\u00f3 afirmando<\/a> \u201c<em>Yo entr\u00e9 como un liberal en materia econ\u00f3mica y me retiro como un socialdem\u00f3crata que respeta la democracia<\/em>\u201d. \u00bfPodr\u00eda suceder lo mismo con el presidente Milei? Como contraste, el nuevo presidente Noboa, al menos en su programa, admite ciertos servicios p\u00fablicos. Pero Milei no solo habl\u00f3 en campa\u00f1a de privatizarlo todo, sino que anuncia que salud y educaci\u00f3n deben pasar a manos privadas y que los argentinos deben pagarlos. Si Milei tiene el \u00e9xito que sus votantes suponen, en toda Latinoam\u00e9rica se inundar\u00e1 la experiencia argentina y lucir\u00e1 incontenible. El problema es que no existe en el mundo capitalista un solo Estado que haya aplicado los principios anarco-capitalistas, ninguna potencia central ha estrangulado el Estado como creen los neoliberales latinoamericanos y las nefastas experiencias hist\u00f3ricas de esas ideas est\u00e1n a la orden del d\u00eda en cualquier pa\u00eds de la regi\u00f3n que se escoja para estudiarlo.<\/span><\/p>\n<figure id=\"attachment_59705\" aria-describedby=\"caption-attachment-59705\" style=\"width: 551px\" class=\"wp-caption aligncenter\"><img loading=\"lazy\" decoding=\"async\" class=\"wp-image-59705\" src=\"https:\/\/www.lapluma.net\/wp-content\/uploads\/2023\/11\/Milei-por-Vilmatraca-300x225.jpg\" alt=\"\" width=\"551\" height=\"413\" srcset=\"https:\/\/www.lapluma.net\/wp-content\/uploads\/2023\/11\/Milei-por-Vilmatraca-300x225.jpg 300w, https:\/\/www.lapluma.net\/wp-content\/uploads\/2023\/11\/Milei-por-Vilmatraca-768x576.jpg 768w, https:\/\/www.lapluma.net\/wp-content\/uploads\/2023\/11\/Milei-por-Vilmatraca.jpg 800w\" sizes=\"auto, (max-width: 551px) 100vw, 551px\" \/><figcaption id=\"caption-attachment-59705\" class=\"wp-caption-text\">El fascista Javier Milei visto por la caricaturista ecuatoriana Vilmatraca.<\/figcaption><\/figure>\n<p style=\"text-align: justify;\"><span style=\"font-size: 14pt;\">CUATRO. Entre los movimientos sociales de Ecuador el de los ind\u00edgenas es el m\u00e1s fuerte y organizado, incluso en Sudam\u00e9rica (junto a Bolivia), mientras es d\u00e9bil y muy dividido el de los trabajadores. Ambos tuvieron l\u00edderes que, guiados por su fan\u00e1tico anti-corre\u00edsmo, respaldaron a Moreno. Despu\u00e9s, los votos de esos sectores contribuyeron al triunfo de Lasso en 2021, particularmente en la Sierra y la Amazon\u00eda, para evitar que gane el \u201ccorre\u00edsta\u201d Andr\u00e9s Ar\u00e1uz. No ha ocurrido lo mismo con Noboa pues\u00a0<a href=\"https:\/\/shorturl.at\/xAP59\">amplios sectores ind\u00edgenas votaron por Luisa Gonz\u00e1lez<\/a>. De todos modos, el movimiento ind\u00edgena ha tenido jornadas de lucha fundamentales y las movilizaciones de 2019 y 2022 contaron con amplio apoyo popular. Moreno y Lasso acudieron a la represi\u00f3n, los l\u00edderes fueron judicializados y tambi\u00e9n se criminaliz\u00f3 la protesta social. Sin embargo, Pachakutik, el partido ind\u00edgena, no tiene fuerza electoral. El pa\u00eds tampoco tiene partidos s\u00f3lidos y grandes, exceptuando la Revoluci\u00f3n Ciudadana (el corre\u00edsmo) y medianamente el derechista Social Cristiano, hoy en deca\u00edda. Seg\u00fan un reciente <a href=\"https:\/\/shorturl.at\/eDPY2\">estudio de Cant\u00fa-Carreras sobre las preferencias electorales en Am\u00e9rica Latina<\/a>, ante la falta de partidos institucionalizados los electores no votan por razones ideol\u00f3gicas, sino por los candidatos que subjetivamente les cautivan. Es lo que sucedi\u00f3 con Noboa, quien capt\u00f3 votos incluso por ser \u201c<em>nuevo<\/em>\u201d y \u201c<em>joven<\/em>\u201d. Tambi\u00e9n hay, sin duda, una reacci\u00f3n nacional contra los viejos pol\u00edticos y la vieja pol\u00edtica, sobre todo entre las nuevas generaciones, que no vivieron el progresismo de la d\u00e9cada presidencial de Rafael Correa. Pero en Argentina no hay un movimiento ind\u00edgena que se parezca al ecuatoriano y, en cambio, los sindicatos tienen tradici\u00f3n y fortaleza, adem\u00e1s de que el peronismo, el radicalismo y otros partidos igualmente cuentan con presencia hist\u00f3rica. Sin embargo, tampoco se vot\u00f3 por Milei por razones ideol\u00f3gicas, sino como reacci\u00f3n a los \u201c<em>malos<\/em>\u201d resultados del gobierno de Alberto Fern\u00e1ndez, seg\u00fan coinciden varios analistas, y tambi\u00e9n contra la \u201c<em>casta<\/em>\u201d pol\u00edtica vieja, continuamente atacada por el verbalismo discursivo de Milei. Todo ello es lo que moviliz\u00f3 el voto joven. Pero en Ecuador y Argentina hay un sector social que el partidismo y el movimientismo han descuidado: la poblaci\u00f3n desempleada y subempleada (en Ecuador 65% de la PEA) en la que tanto Noboa como Milei captaron votos, que representan la desesperaci\u00f3n por un \u201c<em>cambio<\/em>\u201d que parece posible solo con personalidades \u201c<em>nuevas<\/em>\u201d.<\/span><\/p>\n<figure id=\"attachment_59706\" aria-describedby=\"caption-attachment-59706\" style=\"width: 373px\" class=\"wp-caption aligncenter\"><img loading=\"lazy\" decoding=\"async\" class=\"wp-image-59706\" src=\"https:\/\/www.lapluma.net\/wp-content\/uploads\/2023\/11\/Daniel-Noboa-por-Vilmatraca-209x300.jpg\" alt=\"\" width=\"373\" height=\"535\" srcset=\"https:\/\/www.lapluma.net\/wp-content\/uploads\/2023\/11\/Daniel-Noboa-por-Vilmatraca-209x300.jpg 209w, https:\/\/www.lapluma.net\/wp-content\/uploads\/2023\/11\/Daniel-Noboa-por-Vilmatraca.jpg 605w\" sizes=\"auto, (max-width: 373px) 100vw, 373px\" \/><figcaption id=\"caption-attachment-59706\" class=\"wp-caption-text\">El magnate bananero Daniel Noboa, hoy convertido en flamante mandatario neoliberal del Ecuador (Vilmatraca).<\/figcaption><\/figure>\n<p style=\"text-align: justify;\"><span style=\"font-size: 14pt;\">De los puntos se\u00f1alados podr\u00e1n derivarse m\u00faltiples conclusiones. Lo que deseo resaltar es que el neoliberalismo y mucho menos el libertarianismo, no podr\u00e1n solucionar los problemas hist\u00f3ricos de Am\u00e9rica Latina. No veo c\u00f3mo Noboa, perteneciente al grupo econ\u00f3mico m\u00e1s rico del pa\u00eds, pueda tener \u00e9xito en a\u00f1o y medio de gesti\u00f3n sin cambiar la matriz empresarial-neoliberal afirmada por los dos gobiernos antecesores en los \u00faltimos seis a\u00f1os. Y si todo va bien en Argentina, y se conquista \u00a1por fin! el so\u00f1ado para\u00edso de la empresa privada sin Estado, tambi\u00e9n el pa\u00eds estar\u00e1 rodeado del infierno de quienes no podr\u00e1n comprar educaci\u00f3n, salud o seguridad social y tampoco bienes clave para la vida digna y el bienestar. En Am\u00e9rica Latina el capitalismo nunca ha funcionado como en los pa\u00edses centrales. En esta regi\u00f3n durante el siglo XXI se ha agudizado lo que K. Marx denomin\u00f3 como <em>lucha de clases<\/em>, que en el mediano tiempo hist\u00f3rico se expresa en la confrontaci\u00f3n entre <em>econom\u00eda empresarial-neoliberal<\/em> y <em>econom\u00eda social del bienestar<\/em>. Lo que cada vez se observa con mayor agudeza es que para reimponer el neoliberalismo toma fuerza el <em>fascismo<\/em>.<\/span><\/p>\n<p><span style=\"font-size: 14pt;\"><strong>* ESPECIAL de Historia&amp;Presente\u00a0\u00a0\u00a0<\/strong><\/span><\/p>\n<h2 style=\"text-align: justify;\"><span style=\"font-size: 14pt;\">Juan J. Paz y Mi\u00f1o Cepeda para La Pluma, Ecuador 27 de noviembre de 2023<\/span><\/h2>\n<h2 style=\"text-align: justify;\"><span style=\"font-size: 14pt;\">Editado por <a href=\"https:\/\/www.lapluma.net\/nosotros\/editora\/\">Mar\u00eda Piedad Ossaba<\/a><\/span><\/h2>\n<h2 style=\"text-align: justify;\"><span style=\"font-size: 14pt;\">Publicado por Blog Historia y presente<\/span><\/h2>\n<h2 style=\"text-align: justify;\"><span style=\"font-size: 14pt;\">Visita la red del colectivo Ruta Kr\u00edtica, el nuevo blog de difusi\u00f3n del pensamiento y la comunicaci\u00f3n alternativos<\/span><\/h2>\n","protected":false},"excerpt":{"rendered":"<p>En Am\u00e9rica Latina el capitalismo nunca ha funcionado como en los pa\u00edses centrales. En esta regi\u00f3n durante el siglo XXI se ha agudizado lo que K. Marx denomin\u00f3 como lucha de clases, que en el mediano tiempo hist\u00f3rico se expresa en la confrontaci\u00f3n entre econom\u00eda empresarial-neoliberal y econom\u00eda social del bienestar. Lo que cada vez se observa con mayor agudeza es que para reimponer el neoliberalismo toma fuerza el fascismo.<\/p>\n","protected":false},"author":8,"featured_media":59678,"comment_status":"open","ping_status":"open","sticky":false,"template":"","format":"standard","meta":{"_uf_show_specific_survey":0,"_uf_disable_surveys":false,"footnotes":""},"categories":[217,446],"tags":[16432,24982,24161,11926,23414,13744,114,11788],"coauthors":[257],"class_list":["post-59673","post","type-post","status-publish","format-standard","has-post-thumbnail","hentry","category-abya-yala","category-debates","tag-atilio-boron-2","tag-capitalismo-progresista","tag-daniel-noboa","tag-guillermo-lasso","tag-javier-milei","tag-juan-j-paz-y-mino-cepeda-2","tag-neoliberalismo","tag-usa-america-latina-y-el-caribe"],"translation":{"provider":"WPGlobus","version":"2.12.2","language":"fr","enabled_languages":["es","fr"],"languages":{"es":{"title":true,"content":true,"excerpt":true},"fr":{"title":false,"content":false,"excerpt":false}}},"_links":{"self":[{"href":"https:\/\/www.lapluma.net\/fr\/wp-json\/wp\/v2\/posts\/59673","targetHints":{"allow":["GET"]}}],"collection":[{"href":"https:\/\/www.lapluma.net\/fr\/wp-json\/wp\/v2\/posts"}],"about":[{"href":"https:\/\/www.lapluma.net\/fr\/wp-json\/wp\/v2\/types\/post"}],"author":[{"embeddable":true,"href":"https:\/\/www.lapluma.net\/fr\/wp-json\/wp\/v2\/users\/8"}],"replies":[{"embeddable":true,"href":"https:\/\/www.lapluma.net\/fr\/wp-json\/wp\/v2\/comments?post=59673"}],"version-history":[{"count":9,"href":"https:\/\/www.lapluma.net\/fr\/wp-json\/wp\/v2\/posts\/59673\/revisions"}],"predecessor-version":[{"id":59708,"href":"https:\/\/www.lapluma.net\/fr\/wp-json\/wp\/v2\/posts\/59673\/revisions\/59708"}],"wp:featuredmedia":[{"embeddable":true,"href":"https:\/\/www.lapluma.net\/fr\/wp-json\/wp\/v2\/media\/59678"}],"wp:attachment":[{"href":"https:\/\/www.lapluma.net\/fr\/wp-json\/wp\/v2\/media?parent=59673"}],"wp:term":[{"taxonomy":"category","embeddable":true,"href":"https:\/\/www.lapluma.net\/fr\/wp-json\/wp\/v2\/categories?post=59673"},{"taxonomy":"post_tag","embeddable":true,"href":"https:\/\/www.lapluma.net\/fr\/wp-json\/wp\/v2\/tags?post=59673"},{"taxonomy":"author","embeddable":true,"href":"https:\/\/www.lapluma.net\/fr\/wp-json\/wp\/v2\/coauthors?post=59673"}],"curies":[{"name":"wp","href":"https:\/\/api.w.org\/{rel}","templated":true}]}}