{"id":59660,"date":"2023-11-29T10:17:16","date_gmt":"2023-11-29T10:17:16","guid":{"rendered":"https:\/\/www.lapluma.net\/?p=59660"},"modified":"2023-11-29T10:17:16","modified_gmt":"2023-11-29T10:17:16","slug":"chile-la-visita-popular-al-corazon-de-abel-acuna-asesinado-por-el-estado-en-la-revuelta-social","status":"publish","type":"post","link":"https:\/\/www.lapluma.net\/fr\/2023\/11\/29\/chile-la-visita-popular-al-corazon-de-abel-acuna-asesinado-por-el-estado-en-la-revuelta-social\/","title":{"rendered":"Chile: La visita popular al coraz\u00f3n de Abel Acu\u00f1a, asesinado por el Estado en la revuelta social"},"content":{"rendered":"<p style=\"text-align: justify;\"><span style=\"font-size: 14pt;\">El 15 de noviembre de 2019, en la Plaza de la Dignidad y en medio de las\u00a0masivas protestas sociales que sacudieron el\u00a0r\u00e9gimen pol\u00edtico que administra\u00a0el capitalismo neoliberal chileno, el joven Abel Acu\u00f1a participaba\u00a0de la movilizaci\u00f3n junto a su amigo Rodrigo Vergara. Debido a\u00a0las potentes bombas de\u00a0humo y gas arrojadas contra la gente por las Fuerzas Especiales de Carabineros, Abel sufri\u00f3 un paro card\u00edaco. Mientras era atendido por voluntarios y profesionales m\u00e9dicos en la calle, un blindado lanza aguas de los uniformados embisti\u00f3 brutalmente al personal sanitario y al propio Abel.\u00a0El muchacho falleci\u00f3 minutos despu\u00e9s en la Posta Central de Santiago.\u00a0<\/span><\/p>\n<div style=\"text-align: justify;\"><span style=\"font-size: 14pt;\">Cuatro a\u00f1os despu\u00e9s, el pasado 18 de noviembre de 2023, en la comuna de Maip\u00fa, las agrupaciones sociales del sector, amigos y familiares de Abel Acu\u00f1a, realizaron un acto pol\u00edtico y cultural de homenaje y para exigir justicia frente a un crimen que, pese a estar hace tiempo identificados sus responsables materiales y pol\u00edticos, es otro caso m\u00e1s que yace hel\u00e1ndose en los tribunales.<\/span><\/div>\n<div><img loading=\"lazy\" decoding=\"async\" class=\"size-medium wp-image-59665 aligncenter\" src=\"https:\/\/www.lapluma.net\/wp-content\/uploads\/2023\/11\/Marcha-por-Abel-3-300x225.jpg\" alt=\"\" width=\"300\" height=\"225\" srcset=\"https:\/\/www.lapluma.net\/wp-content\/uploads\/2023\/11\/Marcha-por-Abel-3-300x225.jpg 300w, https:\/\/www.lapluma.net\/wp-content\/uploads\/2023\/11\/Marcha-por-Abel-3-1024x768.jpg 1024w, https:\/\/www.lapluma.net\/wp-content\/uploads\/2023\/11\/Marcha-por-Abel-3-768x576.jpg 768w, https:\/\/www.lapluma.net\/wp-content\/uploads\/2023\/11\/Marcha-por-Abel-3-1536x1152.jpg 1536w, https:\/\/www.lapluma.net\/wp-content\/uploads\/2023\/11\/Marcha-por-Abel-3.jpg 2016w\" sizes=\"auto, (max-width: 300px) 100vw, 300px\" \/><\/div>\n<div style=\"text-align: justify;\"><\/div>\n<div style=\"text-align: justify;\"><span style=\"font-size: 14pt;\">En la esquina de 3 Poniente con Silva Carvallo arranc\u00f3 la marcha popular y se encamin\u00f3 hacia el hogar de Abel, donde se encontraba su padre, Anselmo, y los vecinos del pasaje. Como es tradici\u00f3n de los sencillos, cada grupo de personas, bailarinas, comparsas, barra de Los de Abajo, poetas y artistas, se detuvieron un momento en las puertas de la casa de Abel y efectuaron su acci\u00f3n de memoria y lucha.<\/span><\/div>\n<div style=\"text-align: justify;\"><\/div>\n<div style=\"text-align: justify;\"><span style=\"font-size: 14pt;\">\u00ab\u00a0Abelito fue muy buen compa\u00f1ero de estos j\u00f3venes\u00a0\u00bb, dijo Anselmo Acu\u00f1a para explicar la concurrencia hasta su vivienda. \u00ab\u00a0Fue una persona muy justa. Si ve\u00eda alguna situaci\u00f3n injusta, pues ah\u00ed mismo se met\u00eda. Por eso cuando fue el estallido social nos integramos r\u00e1pidamente: se trataba de los derechos de las personas\u00a0\u00bb, record\u00f3 Anselmo.<\/span><\/div>\n<h5 style=\"text-align: justify;\"><span style=\"font-size: 18pt;\"><b>&#8211; \u00bfY qu\u00e9 pasa con la justicia para Abel?<\/b><\/span><\/h5>\n<div style=\"text-align: justify;\"><\/div>\n<div style=\"text-align: justify;\"><span style=\"font-size: 14pt;\">\u00ab\u00a0En muchos casos, como el nuestro, el Ministerio P\u00fablico ha tratado de justificar el accionar de la represi\u00f3n e intentado culparnos a nosotros mismos de los homicidios que el Estado ha cometido sistem\u00e1ticamente. Abel fue el primer ca\u00eddo en Plaza de la Dignidad, luego fueron asesinados otros. No se trata de un hecho aislado. Y claro, el mandatario de entonces, Sebasti\u00e1n Pi\u00f1era, es el m\u00e1ximo responsable pol\u00edtico, es quien dio la orden y autorizaci\u00f3n para que la represi\u00f3n de la polic\u00eda militar desplegara\u00a0la muerte a sus anchas.\u00a0\u00bb<\/span><\/div>\n<div><\/div>\n<div>\n<figure id=\"attachment_59666\" aria-describedby=\"caption-attachment-59666\" style=\"width: 445px\" class=\"wp-caption aligncenter\"><img loading=\"lazy\" decoding=\"async\" class=\"wp-image-59666\" src=\"https:\/\/www.lapluma.net\/wp-content\/uploads\/2023\/11\/Anselmo-papa-de-Abel-300x295.jpg\" alt=\"\" width=\"445\" height=\"438\" srcset=\"https:\/\/www.lapluma.net\/wp-content\/uploads\/2023\/11\/Anselmo-papa-de-Abel-300x295.jpg 300w, https:\/\/www.lapluma.net\/wp-content\/uploads\/2023\/11\/Anselmo-papa-de-Abel-1024x1006.jpg 1024w, https:\/\/www.lapluma.net\/wp-content\/uploads\/2023\/11\/Anselmo-papa-de-Abel-768x755.jpg 768w, https:\/\/www.lapluma.net\/wp-content\/uploads\/2023\/11\/Anselmo-papa-de-Abel-1536x1509.jpg 1536w, https:\/\/www.lapluma.net\/wp-content\/uploads\/2023\/11\/Anselmo-papa-de-Abel.jpg 1539w\" sizes=\"auto, (max-width: 445px) 100vw, 445px\" \/><figcaption id=\"caption-attachment-59666\" class=\"wp-caption-text\">Anselmo, pap\u00e1 de Abel<\/figcaption><\/figure>\n<h5 style=\"text-align: justify;\"><span style=\"font-size: 14pt;\"><b>&#8211; Pi\u00f1era no ha pasado ni 5 minutos tras las rejas despu\u00e9s de tantos homicidios de su responsabilidad directa ejecutados durante la revuelta popular, adem\u00e1s de los mutilados oculares, los torturados, heridos, los presos, las y los muchachos que incluso se han suicidado a\u00f1os despu\u00e9s por razones asociadas a la p\u00e9rdida total o parcial de la visi\u00f3n por las municiones policiales&#8230;<\/b><\/span><\/h5>\n<div style=\"text-align: justify;\"><\/div>\n<div style=\"text-align: justify;\"><span style=\"font-size: 14pt;\">\u00ab\u00a0El capitalismo es capaz de comprar al Ministerio P\u00fablico, a la burocracia, a todo aquello que demanden\u00a0sus intereses. En la revuelta la gente exig\u00eda equidad social, una vida m\u00e1s justa. Pero en este pa\u00eds, hoy la gente se muere esperando su turno en la salud p\u00fablica, y los j\u00f3venes no pueden acceder a una vivienda digna, entre tantos abusos que vemos a diario\u00a0\u00bb.<\/span><\/div>\n<h5 style=\"text-align: justify;\"><span style=\"font-size: 18pt;\"><b>&#8211; \u00bfC\u00f3mo sostienes tus expectativas de justicia para tu hijo?<\/b><\/span><\/h5>\n<div style=\"text-align: justify;\"><\/div>\n<div style=\"text-align: justify;\"><span style=\"font-size: 14pt;\">\u00ab\u00a0Hay que pelear, enfrentarlos, hablar con los due\u00f1os del sistema y exigirles que pare la impunidad.\u00a0\u00bb<\/span><\/div>\n<div style=\"text-align: justify;\"><\/div>\n<div style=\"text-align: justify;\"><span style=\"font-size: 14pt;\">Inmediatamente despu\u00e9s de visitar la casa de Abel y Anselmo, la columna fraterna comenz\u00f3 a retornar a su punto de partida para levantar una actividad pol\u00edtica y cultural que se extendi\u00f3 hasta el anochecer.<\/span><\/div>\n<div style=\"text-align: justify;\"><\/div>\n<div style=\"text-align: justify;\"><span style=\"font-size: 14pt;\">Victoria, trabajadora sanitaria y parte de Maip\u00fa Poniente Organizadx\u00a0precis\u00f3 que, \u00ab\u00a0para nosotros la memoria no es s\u00f3lo recuerdos; tiene que ver con hechos que ocurren constantemente y no son muy distintos a los que pasaban antes, durante la dictadura y m\u00e1s atr\u00e1s. Estos asesinatos del Estado se reiteran una y otra vez. Por ello, hablamos de una memoria activa, viva, combativa, que se expresa en las calles\u00a0\u00bb.<\/span><\/div>\n<div style=\"text-align: justify;\"><\/div>\n<div style=\"text-align: justify;\"><span style=\"font-family: Lato, sans-serif, Apple Color Emoji, Segoe UI Emoji, Segoe UI Symbol, Noto Color Emoji; font-size: 14pt;\">El estudiante secundario del emblem\u00e1tico\u00a0Liceo de Aplicaci\u00f3n, Kevin, tambi\u00e9n en la marcha, asegur\u00f3 que \u00ab\u00a0es importante conmemorar a un compa\u00f1ero que se fue en un contexto de lucha social. Es super importante no olvidar nunca a un compa\u00f1ero que dio la vida por nosotros, por el pueblo trabajador. En mi colegio el estudiantado es todo consciente: nos organizamos, construimos sitios de memoria, hace poco levantamos una biblioteca autogestionada\u00a0\u00bb.<\/span><\/div>\n<div style=\"text-align: justify;\"><span style=\"font-family: Lato, sans-serif, Apple Color Emoji, Segoe UI Emoji, Segoe UI Symbol, Noto Color Emoji; font-size: 14pt;\">\u00a0<\/span><\/div>\n<div style=\"text-align: justify;\"><span style=\"font-family: Lato, sans-serif, Apple Color Emoji, Segoe UI Emoji, Segoe UI Symbol, Noto Color Emoji; font-size: 14pt;\">El Liceo de Aplicaci\u00f3n, establecimiento escolar archi vigilado por la polic\u00eda militar cotidianamente, hace s\u00f3lo unos d\u00edas fue v\u00edctima de un allanamiento de las Fuerzas Especiales de Carabineros, las que desalojaron a los profesores e inspectores para luego quedarse solos con los menores, algunos de ellos de 12 a\u00f1os de edad. Los obligaron a ponerse en el suelo, les realizaron un control de identidad, les sacaron fotos y tomaron videos. Asimismo, \u00ab\u00a0nos dimos cuenta que al interior del liceo hab\u00eda agentes de civil desde antes de que entraran los uniformados\u00a0\u00bb, complet\u00f3 Kevin.<\/span><\/div>\n<div style=\"text-align: justify;\"><span style=\"font-family: Lato, sans-serif, Apple Color Emoji, Segoe UI Emoji, Segoe UI Symbol, Noto Color Emoji; font-size: 14pt;\">\u00a0<\/span><\/div>\n<div style=\"text-align: justify;\"><span style=\"font-family: Lato, sans-serif, Apple Color Emoji, Segoe UI Emoji, Segoe UI Symbol, Noto Color Emoji; font-size: 14pt;\">Por su parte, la integrante de la asamblea poniente de Maip\u00fa, Alejandra, expres\u00f3 que \u00ab\u00a0en cuanto supimos que Abel era uno de nuestros vecinos, se volvi\u00f3 imperativo que nos agreg\u00e1ramos a la lucha por la justicia y el no a la impunidad. De hecho, el proceso se ha tornado m\u00e1s duro ahora que la Fiscal\u00eda quiere desestimar el caso\u00a0\u00bb.<\/span><\/div>\n<div><\/div>\n<div>\n<figure id=\"attachment_59667\" aria-describedby=\"caption-attachment-59667\" style=\"width: 467px\" class=\"wp-caption aligncenter\"><img loading=\"lazy\" decoding=\"async\" class=\"wp-image-59667\" src=\"https:\/\/www.lapluma.net\/wp-content\/uploads\/2023\/11\/Marcha-por-Abel-4-300x225.jpg\" alt=\"\" width=\"467\" height=\"350\" srcset=\"https:\/\/www.lapluma.net\/wp-content\/uploads\/2023\/11\/Marcha-por-Abel-4-300x225.jpg 300w, https:\/\/www.lapluma.net\/wp-content\/uploads\/2023\/11\/Marcha-por-Abel-4-1024x768.jpg 1024w, https:\/\/www.lapluma.net\/wp-content\/uploads\/2023\/11\/Marcha-por-Abel-4-768x576.jpg 768w, https:\/\/www.lapluma.net\/wp-content\/uploads\/2023\/11\/Marcha-por-Abel-4-1536x1152.jpg 1536w, https:\/\/www.lapluma.net\/wp-content\/uploads\/2023\/11\/Marcha-por-Abel-4.jpg 2016w\" sizes=\"auto, (max-width: 467px) 100vw, 467px\" \/><figcaption id=\"caption-attachment-59667\" class=\"wp-caption-text\">Luchar por una vida digna nos cuesta la vida. Justicia para Abel Acu\u00f1a<\/figcaption><\/figure>\n<h5 style=\"text-align: justify;\"><span style=\"font-family: Lato, sans-serif, Apple Color Emoji, Segoe UI Emoji, Segoe UI Symbol, Noto Color Emoji; font-size: 18pt;\"><b>&#8211; \u00bfPor qu\u00e9 crees que en esta zona se mantiene la organizaci\u00f3n popular?<\/b><\/span><\/h5>\n<div style=\"text-align: justify;\"><span style=\"font-family: Lato, sans-serif, Apple Color Emoji, Segoe UI Emoji, Segoe UI Symbol, Noto Color Emoji; font-size: 14pt;\">\u00a0<\/span><\/div>\n<div style=\"text-align: justify;\"><span style=\"font-family: Lato, sans-serif, Apple Color Emoji, Segoe UI Emoji, Segoe UI Symbol, Noto Color Emoji; font-size: 14pt;\">\u00ab\u00a0Porque hay mucha lucha acumulada, y no \u00fanicamente desde la revuelta. Hablamos de la historia larga. Por lo dem\u00e1s, intentamos sostener un feminismo de clase. Entendemos que la lucha es contra el capitalismo, el fascismo y el patriarcado. La revoluci\u00f3n no es una cuesti\u00f3n de hombres, sino de humanidad.\u00a0\u00bb<\/span><\/div>\n<div style=\"text-align: justify;\"><span style=\"font-family: Lato, sans-serif, Apple Color Emoji, Segoe UI Emoji, Segoe UI Symbol, Noto Color Emoji; font-size: 14pt;\">\u00a0<\/span><\/div>\n<div style=\"text-align: justify;\"><span style=\"font-family: Lato, sans-serif, Apple Color Emoji, Segoe UI Emoji, Segoe UI Symbol, Noto Color Emoji; font-size: 14pt;\">La Gran Comparsa del Pueblo es un grupo de baile y poes\u00eda art\u00edstico de excelencia. La joven Rebeca Escobar cont\u00f3 que la asociaci\u00f3n se cre\u00f3 durante el estallido social, \u00ab\u00a0en forma de arte-protesta\u00a0\u00bb.<\/span><\/div>\n<div style=\"text-align: justify;\"><span style=\"font-family: Lato, sans-serif, Apple Color Emoji, Segoe UI Emoji, Segoe UI Symbol, Noto Color Emoji; font-size: 14pt;\">\u00a0<\/span><\/div>\n<div style=\"text-align: justify;\"><span style=\"font-family: Lato, sans-serif, Apple Color Emoji, Segoe UI Emoji, Segoe UI Symbol, Noto Color Emoji; font-size: 14pt;\">Rebeca opin\u00f3 que \u00ab\u00a0se ha restado mucha juventud y gente en general desde la pandemia. Es como si nos hubi\u00e9ramos dormido de nuevo. Pero nosotros y otros, estamos en la calle, apoyando para cuando nos necesitan\u00a0\u00bb.<\/span><\/div>\n<div style=\"text-align: justify;\"><span style=\"font-family: Lato, sans-serif, Apple Color Emoji, Segoe UI Emoji, Segoe UI Symbol, Noto Color Emoji; font-size: 14pt;\">\u00a0<\/span><\/div>\n<div style=\"text-align: justify;\"><span style=\"font-family: Lato, sans-serif, Apple Color Emoji, Segoe UI Emoji, Segoe UI Symbol, Noto Color Emoji; font-size: 14pt;\">Rebeca recit\u00f3 con fuerzas de todos los tiempos un poema de cu\u00f1o propio cuando estuvo frente a la casa de Abel. Comienza as\u00ed, como las bocas y el agua que vienen de la tierra: \u00ab\u00a0Rojo vivo, sangre y fuego, est\u00e1 presente el juramento\u00a0\u00bb.<\/span><\/div>\n<div style=\"text-align: justify;\"><span style=\"font-family: Lato, sans-serif, Apple Color Emoji, Segoe UI Emoji, Segoe UI Symbol, Noto Color Emoji; font-size: 14pt;\">\u00a0<\/span><\/div>\n<div style=\"text-align: justify;\"><span style=\"font-family: Lato, sans-serif, Apple Color Emoji, Segoe UI Emoji, Segoe UI Symbol, Noto Color Emoji; font-size: 14pt;\">Entre las participantes, estaba la soci\u00f3loga, profesora universitaria e investigadora de la Fundaci\u00f3n SOL, Mar\u00eda Jos\u00e9 Az\u00f3car. \u00ab\u00a0Estar aqu\u00ed a una le permite energizarse y darle para adelante y nutrirse e inspirarse. As\u00ed se construye la lucha desde los afectos\u00a0\u00bb, manifest\u00f3 Mar\u00eda Jos\u00e9, y sobre las relaciones actuales que suelen estar rotas entre la academia y la lucha popular, detall\u00f3 que, \u00ab\u00a0No existe manera de entender y producir nuevo conocimiento sino que desde aqu\u00ed. En la Fundaci\u00f3n SOL jam\u00e1s hemos cre\u00eddo que el conocimiento es neutro: siempre es colectivo, cr\u00edtico y pol\u00edtico. A veces la academia vende sus trampas y dice que la ciencia es resultado de una genialidad en particular, pero es mentira\u00a0\u00bb.\u00a0<\/span><\/div>\n<h2><span style=\"font-size: 14pt;\">Andr\u00e9s Figueroa Cornejo para La Pluma, 25 de noviembre de 2023<\/span><\/h2>\n<h2><span style=\"font-size: 14pt;\">Editado por<\/span><a href=\"https:\/\/www.lapluma.net\/nosotros\/editora\/\"><span style=\"font-size: 14pt;\"> Mar\u00eda Piedad Ossaba<\/span><\/a><\/h2>\n<div style=\"text-align: justify;\"><\/div>\n<div style=\"text-align: justify;\"><span style=\"font-size: 14pt;\"><i>*Todas las im\u00e1genes fueron tomadas por el autor de la nota y son de libre uso<\/i><\/span><\/div>\n","protected":false},"excerpt":{"rendered":"<p>\u00ab\u00a0El capitalismo es capaz de comprar al Ministerio P\u00fablico, a la burocracia, a todo aquello que demanden\u00a0sus intereses. En la revuelta la gente exig\u00eda equidad social, una vida m\u00e1s justa. Pero en este pa\u00eds, hoy la gente se muere esperando su turno en la salud p\u00fablica, y los j\u00f3venes no pueden acceder a una vivienda digna, entre tantos abusos que vemos a diario\u00a0\u00bb.<\/p>\n","protected":false},"author":286,"featured_media":59664,"comment_status":"open","ping_status":"open","sticky":false,"template":"","format":"standard","meta":{"_uf_show_specific_survey":0,"_uf_disable_surveys":false,"footnotes":""},"categories":[15],"tags":[24970,6181,450,763,14745,24972,18926,20967,454],"coauthors":[2520],"class_list":["post-59660","post","type-post","status-publish","format-standard","has-post-thumbnail","hentry","category-impunidad","tag-abel-acuna","tag-andres-figueroa-cornejo","tag-asesinatos-selectivos","tag-corrupcion-impunidad","tag-justicia-social","tag-liceo-de-aplicacion","tag-plaza-de-la-dignidad","tag-revuelta-social","tag-terrorismo-de-estado"],"translation":{"provider":"WPGlobus","version":"2.12.2","language":"fr","enabled_languages":["es","fr"],"languages":{"es":{"title":true,"content":true,"excerpt":true},"fr":{"title":false,"content":false,"excerpt":false}}},"_links":{"self":[{"href":"https:\/\/www.lapluma.net\/fr\/wp-json\/wp\/v2\/posts\/59660","targetHints":{"allow":["GET"]}}],"collection":[{"href":"https:\/\/www.lapluma.net\/fr\/wp-json\/wp\/v2\/posts"}],"about":[{"href":"https:\/\/www.lapluma.net\/fr\/wp-json\/wp\/v2\/types\/post"}],"author":[{"embeddable":true,"href":"https:\/\/www.lapluma.net\/fr\/wp-json\/wp\/v2\/users\/286"}],"replies":[{"embeddable":true,"href":"https:\/\/www.lapluma.net\/fr\/wp-json\/wp\/v2\/comments?post=59660"}],"version-history":[{"count":6,"href":"https:\/\/www.lapluma.net\/fr\/wp-json\/wp\/v2\/posts\/59660\/revisions"}],"predecessor-version":[{"id":59670,"href":"https:\/\/www.lapluma.net\/fr\/wp-json\/wp\/v2\/posts\/59660\/revisions\/59670"}],"wp:featuredmedia":[{"embeddable":true,"href":"https:\/\/www.lapluma.net\/fr\/wp-json\/wp\/v2\/media\/59664"}],"wp:attachment":[{"href":"https:\/\/www.lapluma.net\/fr\/wp-json\/wp\/v2\/media?parent=59660"}],"wp:term":[{"taxonomy":"category","embeddable":true,"href":"https:\/\/www.lapluma.net\/fr\/wp-json\/wp\/v2\/categories?post=59660"},{"taxonomy":"post_tag","embeddable":true,"href":"https:\/\/www.lapluma.net\/fr\/wp-json\/wp\/v2\/tags?post=59660"},{"taxonomy":"author","embeddable":true,"href":"https:\/\/www.lapluma.net\/fr\/wp-json\/wp\/v2\/coauthors?post=59660"}],"curies":[{"name":"wp","href":"https:\/\/api.w.org\/{rel}","templated":true}]}}