{"id":59577,"date":"2023-11-27T21:37:30","date_gmt":"2023-11-27T21:37:30","guid":{"rendered":"https:\/\/www.lapluma.net\/?p=59577"},"modified":"2023-11-27T21:37:30","modified_gmt":"2023-11-27T21:37:30","slug":"salvemos-a-gorgona","status":"publish","type":"post","link":"https:\/\/www.lapluma.net\/fr\/2023\/11\/27\/salvemos-a-gorgona\/","title":{"rendered":"\u00a1Salvemos a Gorgona!"},"content":{"rendered":"<p style=\"text-align: justify;\"><span style=\"font-size: 14pt;\">La que hace a\u00f1os fue una siniestra prisi\u00f3n, hoy es patrimonio de la humanidad, plena de riquezas naturales, abundante en fauna y flora, \u00fanica, como una arcadia tropical, con ballenas jorobadas y tiburones y aves marinas y micos y lagartos azules; hay cangrejitos de colores y gavilanes y pel\u00edcanos\u2026 Es Gorgona, en la cual, dentro de su estrategia imperial, los Estados Unidos quieren construir una base militar, con radar, estaci\u00f3n de guardacostas, torre de comunicaciones y tanque de almacenamiento de gasolina.<\/span><\/p>\n<p><img loading=\"lazy\" decoding=\"async\" class=\" wp-image-59583 aligncenter\" src=\"https:\/\/www.lapluma.net\/wp-content\/uploads\/2023\/11\/Mapa_de_la_Isla_Gorgona.svg_-252x300.png\" alt=\"\" width=\"378\" height=\"450\" srcset=\"https:\/\/www.lapluma.net\/wp-content\/uploads\/2023\/11\/Mapa_de_la_Isla_Gorgona.svg_-252x300.png 252w, https:\/\/www.lapluma.net\/wp-content\/uploads\/2023\/11\/Mapa_de_la_Isla_Gorgona.svg_.png 504w\" sizes=\"auto, (max-width: 378px) 100vw, 378px\" \/><\/p>\n<p style=\"text-align: justify;\"><span style=\"font-size: 14pt;\">La intentona viene de hace rato. Colombia, como sabemos, es una neocolonia muy querida por la gringada. Y hay que \u201cconsentirla\u201d para que por el Pac\u00edfico no sigan rondando naves de narcotraficantes. Es vieja la \u201cargumentaci\u00f3n\u201d de Washington, del Departamento de Estado y otros organismos. Para el caso de la ed\u00e9nica isla, el 31 de diciembre de 2015, <a href=\"https:\/\/www.anla.gov.co\/images\/documentos\/resoluciones\/2022-12-1-anla-res-1730-31122015.pdf\">la Autoridad Nacional de Licencias Ambientales (Anla) aprob\u00f3, de un modo grotesco, por decir lo menos, una licencia para el efecto.<\/a> El primer paso para la depredaci\u00f3n. El Parque Nacional Natural se puede ir al carajo. Primero, los intereses yanquis, por encima, incluso, de lo que diga la <a href=\"https:\/\/colombia.justia.com\/nacionales\/constitucion-politica-de-colombia\/titulo-i\/\">Constituci\u00f3n<\/a> (por ejemplo, el art\u00edculo octavo).<\/span><\/p>\n<p><img loading=\"lazy\" decoding=\"async\" class=\" wp-image-59582 aligncenter\" src=\"https:\/\/www.lapluma.net\/wp-content\/uploads\/2023\/11\/Articulo-8-CC-300x169.jpg\" alt=\"\" width=\"499\" height=\"281\" srcset=\"https:\/\/www.lapluma.net\/wp-content\/uploads\/2023\/11\/Articulo-8-CC-300x169.jpg 300w, https:\/\/www.lapluma.net\/wp-content\/uploads\/2023\/11\/Articulo-8-CC-1024x576.jpg 1024w, https:\/\/www.lapluma.net\/wp-content\/uploads\/2023\/11\/Articulo-8-CC-768x432.jpg 768w, https:\/\/www.lapluma.net\/wp-content\/uploads\/2023\/11\/Articulo-8-CC-870x489.jpg 870w, https:\/\/www.lapluma.net\/wp-content\/uploads\/2023\/11\/Articulo-8-CC-895x503.jpg 895w, https:\/\/www.lapluma.net\/wp-content\/uploads\/2023\/11\/Articulo-8-CC.jpg 1280w\" sizes=\"auto, (max-width: 499px) 100vw, 499px\" \/><\/p>\n<p style=\"text-align: justify;\"><span style=\"font-size: 14pt;\">Qu\u00e9 cuento de investigaci\u00f3n cient\u00edfica, de preservaci\u00f3n de especies, de ecoturismo, de estudios biol\u00f3gicos. Eso para qu\u00e9. Los de la USA lo que quieren es una base all\u00ed, y eso es suficiente para que, despu\u00e9s de haber aprobado tal esperpento, a\u00fan no est\u00e9 claro que all\u00ed no se debe construir ninguna estaci\u00f3n militar. \u00a1Cu\u00e1l soberan\u00eda ni qu\u00e9 carajos! Para eso tienen los Estados Unidos, desde hace mucho, sus lacayos criollos. Aprobar y listo, esa es la actitud que debe adoptar el sometido.<\/span><\/p>\n<p style=\"text-align: justify;\"><span style=\"font-size: 14pt;\">Pero frente a esos conatos neocolonizadores, resistencia s\u00ed hay. Y est\u00e1 creciendo. No solo <a href=\"https:\/\/indepaz.org.co\/wp-content\/uploads\/2023\/02\/ACCION-POPULAR-GORGONA.pdf\">un amplio comit\u00e9 de demandantes interpuso hace un a\u00f1o una acci\u00f3n popular contra el proyecto \u201cConstrucci\u00f3n, Operaci\u00f3n, Abandono y Restauraci\u00f3n de la Estaci\u00f3n de Guardacostas de la Isla Gorgona\u201d (lo hicieron ante el Tribunal Contencioso Administrativo de Cundinamarca)<\/a>, sino que ha crecido la audiencia de los que rechazan esa propuesta del Ministerio de Defensa Nacional, aprobada hace casi ocho a\u00f1os por la Anla.<\/span><\/p>\n<p style=\"text-align: justify;\"><span style=\"font-size: 14pt;\">Desde luego, el proyecto no es una iniciativa aut\u00f3noma del mencionado ministerio, sino que hace parte de la estrategia estadounidense de crear bases militares en el \u201cCorredor Marino del Pac\u00edfico Tropical Oriental\u201d. Toda una trama de dominaci\u00f3n y control en Am\u00e9rica Latina (tambi\u00e9n en otras partes del orbe), aupada por el Comando Sur y la Secretar\u00eda de Estado de EE.UU. El proyecto en menci\u00f3n representa un alto riesgo para la preservaci\u00f3n de las especies y las riquezas naturales de la isla.<\/span><\/p>\n<p style=\"text-align: justify;\"><span style=\"font-size: 14pt;\">En Cauca y Nari\u00f1o, como en otras partes del pa\u00eds, ha comenzado una gran movilizaci\u00f3n contra el proyecto, adem\u00e1s de la creaci\u00f3n de comit\u00e9s de estudio acerca de la calamidad ecol\u00f3gica que representar\u00eda la construcci\u00f3n de una base militar en Gorgona. En reciente comunicado conjunto de comunidades, se ha exigido al presidente de la Rep\u00fablica que expida un acto administrativo de la suspensi\u00f3n de ese proyecto.<\/span><\/p>\n<p style=\"text-align: justify;\"><span style=\"font-size: 14pt;\">\u201cReiteramos nuestra oposici\u00f3n total a este nocivo proyecto militar por su ilegalidad e ilegitimidad pol\u00edtica; pues contraviene la protecci\u00f3n especial, constitucional y legal, que gozan los Parques Nacionales Naturales, cambia el uso del suelo, da\u00f1a irreversiblemente los ecosistemas en recuperaci\u00f3n, genera consecuencias socioecon\u00f3micas incalculables en todo el Pac\u00edfico colombiano\u2026\u201d, dice un apartado del comunicado, que, a su vez pide la \u201ccancelaci\u00f3n definitiva del proyecto militar en el Parque Nacional Natural Gorgona\u201d.<\/span><\/p>\n<blockquote class=\"twitter-tweet\" data-width=\"550\" data-dnt=\"true\">\n<p lang=\"es\" dir=\"ltr\">En defensa del patrimonio natural <a href=\"https:\/\/twitter.com\/hashtag\/ParqueNacionalNaturalGorgona?src=hash&amp;ref_src=twsrc%5Etfw\">#ParqueNacionalNaturalGorgona<\/a>. NO a construcci\u00f3n de subestaci\u00f3n de guardacostas. <a href=\"https:\/\/twitter.com\/hashtag\/SalvemosParqueGorgona?src=hash&amp;ref_src=twsrc%5Etfw\">#SalvemosParqueGorgona<\/a>  <a href=\"https:\/\/twitter.com\/hashtag\/COP27?src=hash&amp;ref_src=twsrc%5Etfw\">#COP27<\/a> <a href=\"https:\/\/twitter.com\/petrogustavo?ref_src=twsrc%5Etfw\">@petrogustavo<\/a> hay que revertir la licencia del ANLA <a href=\"https:\/\/twitter.com\/hashtag\/Colombia?src=hash&amp;ref_src=twsrc%5Etfw\">#Colombia<\/a> <a href=\"https:\/\/t.co\/bBcZ8V7GUd\">pic.twitter.com\/bBcZ8V7GUd<\/a><\/p>\n<p>&mdash; Loquesomos.org (@LQSomos) <a href=\"https:\/\/twitter.com\/LQSomos\/status\/1592580385803620353?ref_src=twsrc%5Etfw\">November 15, 2022<\/a><\/p><\/blockquote>\n<p><script async src=\"https:\/\/platform.twitter.com\/widgets.js\" charset=\"utf-8\"><\/script><\/p>\n<p style=\"text-align: justify;\"><span style=\"font-size: 14pt;\">El cuestionado proyecto, que, en esencia, es una violaci\u00f3n de parte de una potencia extranjera a la soberan\u00eda nacional, gana cada vez la antipat\u00eda popular, en la medida en que se va conociendo el entramado del mismo. Es por lo menos extra\u00f1o y sospechoso que el proyecto militar en Gorgona est\u00e9 financiado por Estados Unidos. A tal actitud se suma el impulso expresado por Laura Richardson, general del Comando Sur de la Armada de Estados Unidos. Se ha dicho que, tras el cierre de la base militar gringa en Manta, Ecuador, y en el entramado de la contienda geopol\u00edtica con China, Washington busca equilibrar tal situaci\u00f3n en otros sectores de Am\u00e9rica Latina, como parte de su estrategia de control.<\/span><\/p>\n<blockquote class=\"twitter-tweet\" data-width=\"550\" data-dnt=\"true\">\n<p lang=\"es\" dir=\"ltr\">Es una ballena y su beb\u00e9 descansando en el lugar donde construir\u00e1n el muelle, durante esta temporada fue observada varios d\u00edas transitando en la isla y volviendo all\u00ed para descansar.Gorgona y las ballenas necesitan de todo nuestro apoyo.\u00a1Ay\u00fadanos con un RT! <a href=\"https:\/\/twitter.com\/hashtag\/SalvemosParqueGorgona?src=hash&amp;ref_src=twsrc%5Etfw\">#SalvemosParqueGorgona<\/a> <a href=\"https:\/\/t.co\/bbqFXBoRra\">pic.twitter.com\/bbqFXBoRra<\/a><\/p>\n<p>&mdash; Colectivo Unidos por Gorgona (@unidosgorgona) <a href=\"https:\/\/twitter.com\/unidosgorgona\/status\/1591898501780484097?ref_src=twsrc%5Etfw\">November 13, 2022<\/a><\/p><\/blockquote>\n<p><script async src=\"https:\/\/platform.twitter.com\/widgets.js\" charset=\"utf-8\"><\/script><\/p>\n<p style=\"text-align: justify;\"><span style=\"font-size: 14pt;\">Por lo visto, otra tarea urgente del pueblo colombiano es oponerse a esas tentativas de acentuaci\u00f3n de la dominaci\u00f3n extranjera. La llamada tambi\u00e9n Isla de la Ciencia debe preservarse y, para el efecto, se requerir\u00e1 una vasta movilizaci\u00f3n contra los intereses for\u00e1neos. El gobierno nacional debe romper con la subordinaci\u00f3n frente a Washington y reconfigurar las desde hace rato inequitativas relaciones entre Colombia y la metr\u00f3poli. Debe demostrar en la pr\u00e1ctica que no sigue siendo, como sus antecesores, un lacayo del imperio.<\/span><\/p>\n<p style=\"text-align: justify;\"><span style=\"font-size: 14pt;\">El pa\u00eds no puede seguir capitulando frente a los intereses devoradores, estrat\u00e9gicos y de dominaci\u00f3n de una potencia. Salvaguardar Gorgona para la ciencia, el ambientalismo, el ecoturismo, la investigaci\u00f3n es, hoy y siempre, una divisa del pueblo y sus luchas por la autodeterminaci\u00f3n y la independencia.<\/span><\/p>\n<h2><span style=\"font-size: 14pt;\">Reinaldo Spitaletta para La Pluma, 23 de noviembre de 2023<\/span><\/h2>\n<h2><span style=\"font-size: 14pt;\">Editado por <a href=\"https:\/\/www.lapluma.net\/nosotros\/editora\/\">Mar\u00eda Piedad Ossaba<\/a><\/span><\/h2>\n","protected":false},"excerpt":{"rendered":"<p>El pa\u00eds no puede seguir capitulando frente a los intereses devoradores, estrat\u00e9gicos y de dominaci\u00f3n de una potencia. Salvaguardar Gorgona para la ciencia, el ambientalismo, el ecoturismo, la investigaci\u00f3n es, hoy y siempre, una divisa del pueblo y sus luchas por la autodeterminaci\u00f3n y la independencia.<\/p>\n","protected":false},"author":20,"featured_media":59658,"comment_status":"open","ping_status":"open","sticky":false,"template":"","format":"standard","meta":{"_uf_show_specific_survey":0,"_uf_disable_surveys":false,"footnotes":""},"categories":[216,9],"tags":[24969,24964,24965,24968,24966,24962,24963,519,24951,1529],"coauthors":[265],"class_list":["post-59577","post","type-post","status-publish","format-standard","has-post-thumbnail","hentry","category-colombia","category-economia-de-la-naturaleza","tag-autodeterminacion-e-independencia","tag-ecoturismo","tag-estudios-biologicos","tag-gorgona-joya-del-pacifico","tag-isla-gorgona","tag-ivestigacion-cientifica","tag-preservacion-especies","tag-reinaldo-spitaletta","tag-tierra-prometida","tag-usa-colombia"],"translation":{"provider":"WPGlobus","version":"2.12.2","language":"fr","enabled_languages":["es","fr"],"languages":{"es":{"title":true,"content":true,"excerpt":true},"fr":{"title":false,"content":false,"excerpt":false}}},"_links":{"self":[{"href":"https:\/\/www.lapluma.net\/fr\/wp-json\/wp\/v2\/posts\/59577","targetHints":{"allow":["GET"]}}],"collection":[{"href":"https:\/\/www.lapluma.net\/fr\/wp-json\/wp\/v2\/posts"}],"about":[{"href":"https:\/\/www.lapluma.net\/fr\/wp-json\/wp\/v2\/types\/post"}],"author":[{"embeddable":true,"href":"https:\/\/www.lapluma.net\/fr\/wp-json\/wp\/v2\/users\/20"}],"replies":[{"embeddable":true,"href":"https:\/\/www.lapluma.net\/fr\/wp-json\/wp\/v2\/comments?post=59577"}],"version-history":[{"count":6,"href":"https:\/\/www.lapluma.net\/fr\/wp-json\/wp\/v2\/posts\/59577\/revisions"}],"predecessor-version":[{"id":59580,"href":"https:\/\/www.lapluma.net\/fr\/wp-json\/wp\/v2\/posts\/59577\/revisions\/59580"}],"wp:featuredmedia":[{"embeddable":true,"href":"https:\/\/www.lapluma.net\/fr\/wp-json\/wp\/v2\/media\/59658"}],"wp:attachment":[{"href":"https:\/\/www.lapluma.net\/fr\/wp-json\/wp\/v2\/media?parent=59577"}],"wp:term":[{"taxonomy":"category","embeddable":true,"href":"https:\/\/www.lapluma.net\/fr\/wp-json\/wp\/v2\/categories?post=59577"},{"taxonomy":"post_tag","embeddable":true,"href":"https:\/\/www.lapluma.net\/fr\/wp-json\/wp\/v2\/tags?post=59577"},{"taxonomy":"author","embeddable":true,"href":"https:\/\/www.lapluma.net\/fr\/wp-json\/wp\/v2\/coauthors?post=59577"}],"curies":[{"name":"wp","href":"https:\/\/api.w.org\/{rel}","templated":true}]}}