{"id":5876,"date":"2019-01-31T14:19:33","date_gmt":"2019-01-31T14:19:33","guid":{"rendered":"http:\/\/www.lapluma.net\/?p=5876"},"modified":"2019-01-31T20:19:57","modified_gmt":"2019-01-31T20:19:57","slug":"pp-psoe-y-ciudadanos-rechazan-que-interior-explique-en-el-congreso-la-deportacion-del-activista-saharaui-husein-bachir","status":"publish","type":"post","link":"https:\/\/www.lapluma.net\/fr\/2019\/01\/31\/pp-psoe-y-ciudadanos-rechazan-que-interior-explique-en-el-congreso-la-deportacion-del-activista-saharaui-husein-bachir\/","title":{"rendered":"Le PP, le PSOE et Ciudadanos refusent que le ministre de l\u2019Int\u00e9rieur vienne s\u2019expliquer devant le Parlement espagnol sur la remise au Maroc du demandeur d\u2019asile sahraoui Hussein Bachir"},"content":{"rendered":"<p style=\"text-align: justify;\"><span style=\"font-size: 12pt;\"><img loading=\"lazy\" decoding=\"async\" class=\"alignleft\" src=\"http:\/\/www.tlaxcala-int.org\/upload\/aut_4962.jpg\" width=\"114\" height=\"114\" border=\"0\" \/>MADRID, 28 janvier (EUROPA PRESS) &#8211; Le Parti Populaire (opposition de droite), le PSOE (\u00ab\u00a0socialistes ouvriers\u00a0\u00bb au gouvernement) \u00a0et Ciudadanos [Citoyens, \u00ab\u00a0lib\u00e9raux de centre-droit, alli\u00e9s au Parti Populaire et aux fachos de Vox en Andalousie, NdT] \u00a0ont rejet\u00e9 lundi la demande d\u00e9pos\u00e9e par Unidos Podemos et Comprom\u00eds de comparution enregistr\u00e9e ministre de l&rsquo;Int\u00e9rieur, Fernando Grande-Marlaska, pour expliquer au Parlement la d\u00e9portation de Hussein Bachir Brahim, d\u00e9fenseur sahraouis des droits humains<\/span>.<\/p>\n<p><img loading=\"lazy\" decoding=\"async\" class=\"aligncenter\" src=\"http:\/\/www.tlaxcala-int.org\/upload\/gal_19673.jpg\" alt=\"\" width=\"600\" height=\"400\" \/><\/p>\n<p style=\"text-align: justify;\"><strong>Fernando Grande-Marlaska, un gay mari\u00e9 bilbotarra (bilbayen, de Bilbao), a \u00e9t\u00e9 magistrat pendant 31 ans avant d&rsquo;\u00eatre nomm\u00e9 ministre de l&rsquo;Int\u00e9rieur par Pedro S\u00e1nchez. Lors de son premier voyage officiel, le 25 juin 2018, il a rencontr\u00e9 le ministre marocain de l&rsquo;Int\u00e9rieur pour \u00ab\u00a0aborder le probl\u00e8me des migrations et du terrorisme djihadiste\u00a0\u00bb, selon des sources officielles. Pour l&rsquo;\u00e9minent juriste, la lutte des Sahraouis pour leurs droits doit apparemment \u00eatre trait\u00e9e dans ce cadre [Commentaire de Tlaxcala].<\/strong><\/p>\n<p style=\"text-align: justify;\"><span style=\"font-size: 12pt;\">Selon les porte-parole d&rsquo;Unidos Podemos et de Comprom\u00eds dans ce d\u00e9bat, Marcelo Exp\u00f3sito et Joan Baldov\u00ed, respectivement, Bachir Brahim a \u00e9t\u00e9 arr\u00eat\u00e9 aux \u00eeles Canaries, apr\u00e8s son arriv\u00e9e en patera, par la police et six jours plus tard il a \u00e9t\u00e9 d\u00e9port\u00e9 au Maroc, o\u00f9 il a \u00e9t\u00e9 incarc\u00e9r\u00e9 pour \u00ab\u00a0activit\u00e9s politiques ill\u00e9gales\u00a0\u00bb.<\/span><\/p>\n<p style=\"text-align: justify;\"><span style=\"font-size: 12pt;\">Le d\u00e9put\u00e9 d&rsquo;En Com\u00fa reconna\u00eet que les relations entre l&rsquo;Espagne et le Maroc en mati\u00e8re migratoire, entre autres, conditionnent ses d\u00e9cisions, mais estime que l&rsquo;Espagne ne doit pas faire passer ses int\u00e9r\u00eats avant \u00a0\u00bb la loi et les conventions internationales\u00a0\u00bb.<\/span><\/p>\n<p style=\"text-align: justify;\"><span style=\"font-size: 12pt;\">Le d\u00e9put\u00e9 valencien, pour sa part, a critiqu\u00e9 le fait que le pays agit de mani\u00e8re \u00ab\u00a0hypocrite\u00a0\u00bb en mati\u00e8re de refuge et d&rsquo;asile, en fonction de la g\u00e9ographie et que des permis de s\u00e9jour sont accord\u00e9s aux V\u00e9n\u00e9zu\u00e9liens, alors que certains militants du Sahara ne b\u00e9n\u00e9ficient pas des m\u00eames avantages. Ces diff\u00e9rences dans l&rsquo;action du gouvernement ont conduit Comprom\u00eds, comme l&rsquo;a soulign\u00e9 Baldov\u00ed, \u00e0 demander des explications \u00e0 l&rsquo;Int\u00e9rieur.<\/span><\/p>\n<p style=\"text-align: center;\"><img loading=\"lazy\" decoding=\"async\" class=\"aligncenter\" src=\"http:\/\/www.tlaxcala-int.org\/upload\/gal_19641.jpg\" alt=\"\" width=\"400\" height=\"529\" \/><strong><em>Lire <\/em><\/strong><a href=\"http:\/\/www.tlaxcala-int.org\/article.asp?reference=25155\"><strong>L&rsquo;Espagne livre un \u00e9tudiant sahraoui au Maroc, qui l\u2019emprisonne<\/strong><\/a><\/p>\n<p style=\"text-align: justify;\"><span style=\"font-size: 12pt;\"><strong>Relations avec le Maroc<\/strong><\/span><\/p>\n<p style=\"text-align: justify;\"><span style=\"font-size: 12pt;\">Seuls le PNV [Parti nationaliste basque] et ERC [Gauche r\u00e9publicaine catalane] ont soutenu la demande de ces formations. Pour les Basques, c&rsquo;est une question d&rsquo;urgence, tandis que les ind\u00e9pendantistes (catalans) critiquent le fait que le cas de Bachir Brahim montre que l&rsquo;ex\u00e9cutif actuel \u00ab\u00a0semble suivre les m\u00eames politiques d&rsquo;asile et de refuge\u00a0\u00bb que ses pr\u00e9d\u00e9cesseurs du PP.<\/span><\/p>\n<p style=\"text-align: justify;\"><span style=\"font-size: 12pt;\">Les socialistes se sont d\u00e9fendus contre ces accusations en soulignant qu&rsquo;il s&rsquo;agit d&rsquo;un cas tr\u00e8s sp\u00e9cifique qui ne permet pas d&rsquo;\u00e9valuer la politique g\u00e9n\u00e9rale d&rsquo;un gouvernement sur ces questions. Le porte-parole \u00e0 l\u2019Int\u00e9rieur du PSOE, David Serrada, a \u00e9galement pr\u00e9cis\u00e9 que le militant, une fois arr\u00eat\u00e9, avait pris connaissance de la d\u00e9cision de refoulement, en pr\u00e9sence d\u2019un avocat et d\u2019un interpr\u00e8te, sans demander de protection internationale. \u00ab\u00a0C&rsquo;est donc difficile de lui appliquer le protocole\u00a0\u00bb, a-t-il dit. [<em>Selon le fr\u00e8re de Hussein, qui l\u2019a rencontr\u00e9 en prison au Maroc, il avait dit aux policiers espagnols qu\u2019il souhaitait demander l\u2019asile, mais peut-\u00eatre l\u2019avocat et l\u2019interpr\u00e8te s\u2019\u00e9taient-ils absent\u00e9s pour aller pisser jusque \u00e0 ce moment-l\u00e0 NdT<\/em>]<\/span><\/p>\n<p style=\"text-align: justify;\"><span style=\"font-size: 12pt;\">La secr\u00e9taire d&rsquo;\u00c9tat aux Migrations, Consuelo Rumi, a d\u00e9j\u00e0 expliqu\u00e9 qu&rsquo;en raison d&rsquo;un accord bilat\u00e9ral, les citoyens marocains ne se voient pas accorder l&rsquo;asile, une explication que Ciudadanos ont estim\u00e9e valable, ne partageant donc pas avec Unidos Podemos et Comprom\u00eds l\u2019avis qu\u2019une comparution du ministre de l\u2019Int\u00e9rieur \u00e9tait n\u00e9cessaire<\/span><\/p>\n<p style=\"text-align: justify;\"><span style=\"font-size: 12pt;\">Le porte-parole \u00e0 l\u2019Int\u00e9rieur des \u00ab\u00a0orang\u00e9s\u00a0\u00bb [Ciudadanos], Miguel Guti\u00e9rrez, a demand\u00e9 \u00e0 l&rsquo;Assembl\u00e9e de discuter avec le gouvernement quelle va \u00eatre sa politique pour am\u00e9liorer le syst\u00e8me d&rsquo;asile et de refuge en Espagne, qui, \u00e0 son avis, ne fonctionne pas.<\/span><\/p>\n<p style=\"text-align: justify;\"><span style=\"font-size: 12pt;\">Enfin, le PP a \u00e9galement rejet\u00e9 la pr\u00e9sence de Grande-Marlaska au Parlement parce que, \u00e0 son avis, ce qui est arriv\u00e9 \u00e0 Bachir Brahim est le renvoi d&rsquo;un immigrant irr\u00e9gulier appartenant \u00e0 un pays avec lequel il existe une coop\u00e9ration \u00e9troite en mati\u00e8re de s\u00e9curit\u00e9. Cette attitude, a d\u00e9clar\u00e9 la d\u00e9put\u00e9e\u00a0\u00bbpopulaire\u00a0\u00bb Valentina Martinez, est n\u00e9cessaire pour lutter contre \u00ab\u00a0le terrorisme, le trafic de drogue et l&rsquo;immigration clandestine\u00a0\u00bb.<\/span><\/p>\n<p style=\"text-align: justify;\"><strong><span class=\"auteur\"><span style=\"font-size: 12pt;\">Europa Press<\/span> <\/span><\/strong><\/p>\n<p>Traduit par <span class=\"trad\"><b> <a href=\"http:\/\/www.tlaxcala-int.org\/biographie.asp?ref_aut=2&amp;lg_pp=fr\">Fausto Giudice \u0424\u0430\u0443\u0441\u0442\u043e \u0414\u0436\u0443\u0434\u0438\u0447\u0435 \u0641\u0627\u0648\u0633\u062a\u0648 \u062c\u064a\u0648\u062f\u064a\u0634\u064a<\/a><\/b><\/span><\/p>\n<p>Source: <a href=\"http:\/\/www.tlaxcala-int.org\/article.asp?reference=25203\">Tlaxcala<\/a>, le 30 janvier 2019<\/p>\n","protected":false},"excerpt":{"rendered":"<p> Pour les Basques, c&rsquo;est une question d&rsquo;urgence, tandis que les ind\u00e9pendantistes (catalans) critiquent le fait que le cas de Bachir Brahim montre que l&rsquo;ex\u00e9cutif actuel \u00ab\u00a0semble suivre les m\u00eames politiques d&rsquo;asile et de refuge\u00a0\u00bb que ses pr\u00e9d\u00e9cesseurs du PP.<\/p>\n","protected":false},"author":324,"featured_media":5884,"comment_status":"open","ping_status":"open","sticky":false,"template":"","format":"standard","meta":{"_uf_show_specific_survey":0,"_uf_disable_surveys":false,"footnotes":""},"categories":[218],"tags":[],"coauthors":[2955],"class_list":["post-5876","post","type-post","status-publish","format-standard","has-post-thumbnail","hentry","category-monde"],"translation":{"provider":"WPGlobus","version":"2.12.2","language":"fr","enabled_languages":["es","fr"],"languages":{"es":{"title":true,"content":true,"excerpt":true},"fr":{"title":true,"content":true,"excerpt":true}}},"_links":{"self":[{"href":"https:\/\/www.lapluma.net\/fr\/wp-json\/wp\/v2\/posts\/5876","targetHints":{"allow":["GET"]}}],"collection":[{"href":"https:\/\/www.lapluma.net\/fr\/wp-json\/wp\/v2\/posts"}],"about":[{"href":"https:\/\/www.lapluma.net\/fr\/wp-json\/wp\/v2\/types\/post"}],"author":[{"embeddable":true,"href":"https:\/\/www.lapluma.net\/fr\/wp-json\/wp\/v2\/users\/324"}],"replies":[{"embeddable":true,"href":"https:\/\/www.lapluma.net\/fr\/wp-json\/wp\/v2\/comments?post=5876"}],"version-history":[{"count":10,"href":"https:\/\/www.lapluma.net\/fr\/wp-json\/wp\/v2\/posts\/5876\/revisions"}],"predecessor-version":[{"id":5886,"href":"https:\/\/www.lapluma.net\/fr\/wp-json\/wp\/v2\/posts\/5876\/revisions\/5886"}],"wp:featuredmedia":[{"embeddable":true,"href":"https:\/\/www.lapluma.net\/fr\/wp-json\/wp\/v2\/media\/5884"}],"wp:attachment":[{"href":"https:\/\/www.lapluma.net\/fr\/wp-json\/wp\/v2\/media?parent=5876"}],"wp:term":[{"taxonomy":"category","embeddable":true,"href":"https:\/\/www.lapluma.net\/fr\/wp-json\/wp\/v2\/categories?post=5876"},{"taxonomy":"post_tag","embeddable":true,"href":"https:\/\/www.lapluma.net\/fr\/wp-json\/wp\/v2\/tags?post=5876"},{"taxonomy":"author","embeddable":true,"href":"https:\/\/www.lapluma.net\/fr\/wp-json\/wp\/v2\/coauthors?post=5876"}],"curies":[{"name":"wp","href":"https:\/\/api.w.org\/{rel}","templated":true}]}}