{"id":58514,"date":"2023-10-20T14:49:01","date_gmt":"2023-10-20T14:49:01","guid":{"rendered":"https:\/\/www.lapluma.net\/?p=58514"},"modified":"2023-10-20T14:49:01","modified_gmt":"2023-10-20T14:49:01","slug":"no-somos-na","status":"publish","type":"post","link":"https:\/\/www.lapluma.net\/fr\/2023\/10\/20\/no-somos-na\/","title":{"rendered":"No somos n\u00e1&#8230;"},"content":{"rendered":"<p style=\"text-align: justify;\"><em><span style=\"font-size: 14pt;\"><a href=\"https:\/\/www.df.cl\/economia-y-politica\/pais\/s-p-modifica-la-perspectiva-para-la-nota-de-chile-a-negativa-debido-a\">S&amp;P<\/a> tosi\u00f3, o escupi\u00f3, o frunci\u00f3 el entrecejo&#8230; y <a href=\"https:\/\/www.hacienda.cl\/ministerio\/ministro\">Mario Marcel<\/a> tuvo una bajada de \u00f3rganos. Se puso nervioso, y le vinieron sudaciones fr\u00edas. Cuando un pa\u00eds independiente y soberano toma decisiones econ\u00f3micas, financieras o fiscales&#8230; tiene que pedir permiso. A menos que siga las recomendaciones de los que saben lo que es bueno para los chilenos. Principal caracter\u00edstica para ser ministro de Hacienda: ser obediente. [ N de Politika].<\/span><br \/>\n<\/em><\/p>\n<p style=\"text-align: justify;\" align=\"left\"><span style=\"font-size: 14pt;\">Alg\u00fan enterao dir\u00e1 que me contradigo. Primero afirm\u00e9 derechamente: <em>Chile no existe<\/em>.<\/span><\/p>\n<p style=\"text-align: justify;\" align=\"left\"><span style=\"font-size: 14pt;\">Luego difund\u00ed una nota en la que sugiero: <em>Art.1\u00ba de la Constituci\u00f3n: Chile es un feudo<\/em>.<\/span><\/p>\n<p style=\"text-align: justify;\" align=\"left\"><span style=\"font-size: 14pt;\">Antes que yo, <a href=\"https:\/\/www.esglobal.org\/autor\/david-rothkopf\/\">David Rothkopf<\/a>, yanqui perdulario que entre otros desatinos fue bola derecha de Clinton, gerente de la consultora Kissinger Associates y agente extranjero de los Emiratos \u00c1rabes Unidos, escribi\u00f3 un libro en el que constata:<\/span><\/p>\n<p align=\"left\"><span style=\"font-size: 14pt;\"><a href=\"https:\/\/kaosenlared.net\/chile-no-existe-lo-se-vivi-alli\/\"><em>\u201cChile es un Club privado\u201d<\/em> <\/a>(sic).<\/span><\/p>\n<p style=\"text-align: justify;\" align=\"left\"><span style=\"font-size: 14pt;\">Nuestro amigo <a href=\"https:\/\/edmundomoure.cl\/\">Edmundo Moure<\/a> afirma con autoridad que en Chile tenemos un Estado paradojal, lo que en buen romance quiere decir <a href=\"https:\/\/www.lapluma.net\/fr\/2023\/09\/30\/ud-no-es-na-ni-chicha-ni-limona\/\">que no es un Estado,<\/a> o bien es lo contrario de un Estado, en todo caso una vaina cualquiera pero en ning\u00fan caso algo que se parezca a un Estado.<\/span><\/p>\n<p style=\"text-align: justify;\" align=\"left\"><span style=\"font-size: 14pt;\">Sin referirse espec\u00edficamente a Chile, pero sin excluirlo nominalmente del paquete de claveles, <a href=\"https:\/\/www.mcnbiografias.com\/app-bio\/do\/show?key=huntington-samuel\">Samuel Huntington<\/a> escribi\u00f3:<\/span><\/p>\n<blockquote>\n<p style=\"padding-left: 40px; text-align: justify;\" align=\"left\"><span style=\"font-size: 14pt;\">\u201cLos gobiernos nacionales no son sino residuos del pasado cuya \u00fanica funci\u00f3n consiste en facilitar la acci\u00f3n de las elites\u201d<\/span><em><span style=\"font-size: 14pt;\">.<\/span><\/em><\/p>\n<\/blockquote>\n<p style=\"text-align: justify;\" align=\"left\"><span style=\"font-size: 14pt;\"><a href=\"https:\/\/erratanaturae.com\/autores\/frederic-lordon\/\">Fr\u00e9d\u00e9ric Lordon<\/a> le explica a qui\u00e9n quiera o\u00edrle que los gobiernos dimitieron voluntariamente de sus poderes en favor de los mercados financieros y de los bancos centrales. El tristemente c\u00e9lebre \u2018<a href=\"https:\/\/elordenmundial.com\/que-fue-consenso-washington\/\">Consenso de Washington\u2019 <\/a>impuso la moda de la independencia de los BC.<\/span><\/p>\n<p align=\"left\"><img loading=\"lazy\" decoding=\"async\" class=\" wp-image-58521 aligncenter\" src=\"https:\/\/www.lapluma.net\/wp-content\/uploads\/2023\/10\/consenso-washington-neoliberalismo-historia.jpg-300x193.webp\" alt=\"\" width=\"417\" height=\"268\" srcset=\"https:\/\/www.lapluma.net\/wp-content\/uploads\/2023\/10\/consenso-washington-neoliberalismo-historia.jpg-300x193.webp 300w, https:\/\/www.lapluma.net\/wp-content\/uploads\/2023\/10\/consenso-washington-neoliberalismo-historia.jpg-1024x658.webp 1024w, https:\/\/www.lapluma.net\/wp-content\/uploads\/2023\/10\/consenso-washington-neoliberalismo-historia.jpg-768x494.webp 768w, https:\/\/www.lapluma.net\/wp-content\/uploads\/2023\/10\/consenso-washington-neoliberalismo-historia.jpg.webp 1280w\" sizes=\"auto, (max-width: 417px) 100vw, 417px\" \/><\/p>\n<p style=\"text-align: justify;\" align=\"left\"><span style=\"font-size: 14pt;\">La obediente dictadura chilena la plasm\u00f3 en la Constituci\u00f3n de 1980. Ah\u00ed estamos.<\/span><\/p>\n<p style=\"text-align: justify;\" align=\"left\"><span style=\"font-size: 14pt;\">De ah\u00ed en adelante el banco central -como los milicos- se manda solo y su Estatuto lo libera de la obligaci\u00f3n de rendirle cuentas a nadie. Entre las competencias del BC est\u00e1n la creaci\u00f3n monetaria, que fue el s\u00edmbolo mayor de la soberan\u00eda de una naci\u00f3n, y la fijaci\u00f3n de las tasas de inter\u00e9s que sirven para refinanciar los bancos privados, la econom\u00eda y&#8230; las finanzas p\u00fablicas.<\/span><\/p>\n<p style=\"text-align: justify;\" align=\"left\"><span style=\"font-size: 14pt;\">Los gobiernos perdieron adem\u00e1s la posibilidad de intervenir en la econom\u00eda por v\u00eda presupuestaria. En Chile convirtieron el \u2018super\u00e1vit estructural\u2019 en caca: eso no se toca.<\/span><\/p>\n<p style=\"text-align: justify;\" align=\"left\"><span style=\"font-size: 14pt;\">Como la imbecilidad no puede con la realidad, retrocedieron un paso demonizando el \u2018gasto fiscal\u2019. Gastar es pecado mortal y no hay d\u00f3nde ir a confesarse. Reducir el gasto es la receta: fuera de ella no hay salud. Esa decisi\u00f3n cuyo efecto se entiende per secula seculorum&#8230; \u00bfqui\u00e9n la tom\u00f3?<\/span><\/p>\n<p style=\"text-align: justify;\" align=\"left\"><span style=\"font-size: 14pt;\">N\u00f3tese que la <a href=\"https:\/\/www.google.com\/search?client=firefox-b-d&amp;q=euda+p%C3%BAblica+chilena+represent%C3%B3+en+el+a%C3%B1o+2022+37%2C98%25+del+PIB...\">deuda p\u00fablica chilena represent\u00f3 en el a\u00f1o 2022 un pijotero 37,98%<\/a> del PIB&#8230; <\/span><br \/>\n<span style=\"font-size: 14pt;\">\u00bfY ah\u00ed?<\/span><\/p>\n<p style=\"text-align: justify;\" align=\"left\"><span style=\"font-size: 14pt;\">Pasa que -para el mismo a\u00f1o- <a href=\"https:\/\/www.google.com\/search?q=Deduda+p%C3%BAblica+de+los+EEUU+se+acerca+al+130%25+del+PIB+represent%C3%B3+en+el+a%C3%B1o+2022+&amp;client=firefox-b-d&amp;sca_esv=575201999&amp;sxsrf=AM9HkKkYuQyZhSQQ7UqxAozrOMRL870Hcw%3A1697812036776&amp;ei=RI4yZe3yLummkdUP2Z2i0Ao&amp;ved=0ahUKEwjtpOPa6oSCAxVpU6QEHdmOCKoQ4dUDCBA&amp;oq=Deduda+p%C3%BAblica+de+los+EEUU+se+acerca+al+130%25+del+PIB+represent%C3%B3+en+el+a%C3%B1o+2022+&amp;gs_lp=Egxnd3Mtd2l6LXNlcnAiUkRlZHVkYSBww7pibGljYSBkZSBsb3MgRUVVVSBzZSBhY2VyY2EgYWwgMTMwJSBkZWwgUElCIHJlcHJlc2VudMOzIGVuIGVsIGHDsW8gMjAyMiBIAFAAWABwAHgBkAEAmAEAoAEAqgEAuAEMyAEA-AEC-AEB4gMEGAAgQQ&amp;sclient=gws-wiz-serp\">la deuda p\u00fablica de los EEUU se acerca al 130%<\/a> del PIB&#8230;<\/span><\/p>\n<p style=\"text-align: justify;\" align=\"left\"><span style=\"font-size: 14pt;\">La <a href=\"https:\/\/www.swissinfo.ch\/spa\/francia-deuda_la-deuda-p%C3%BAblica-francesa-supera-los-3-billones-de-euros--y-sube-hasta-el-112-5---del-pib\/48630996\">deuda p\u00fablica francesa representa 112,50%<\/a> de su PIB.<\/span><\/p>\n<p style=\"text-align: justify;\" align=\"left\"><span style=\"font-size: 14pt;\">En comparaci\u00f3n Chile no le debe nada a nadie. <\/span><br \/>\n<span style=\"font-size: 14pt;\">\u00bfC\u00f3mo podr\u00eda? Chile no existe&#8230;<\/span><\/p>\n<p style=\"text-align: justify;\" align=\"left\"><span style=\"font-size: 14pt;\">Sin embargo, no hace mucho le\u00ed una boludez en la prensa chilensis: <a href=\"https:\/\/www.df.cl\/economia-y-politica\/macro\/gremios-y-economistas-advierten-un-crecimiento-del-gasto-publico\"><em>\u201cGremios y economistas advierten de un crecimiento del gasto p\u00fablico &lsquo;excesivo&rsquo; para el 2024\u201d<\/em>.<\/a><\/span><\/p>\n<p style=\"text-align: justify;\" align=\"left\"><span style=\"font-size: 14pt;\">\u00bfEn serio?<\/span><\/p>\n<p style=\"text-align: justify;\" align=\"left\"><span style=\"font-size: 14pt;\">En Chile la palabra <em>Gremios<\/em> designa a los patrones, no a los trabajadores como en Europa y otros sitios. La palabra economistas se refiere a los mismos abrazafarolas de cualquier lenocinio intelectual, cuya \u00fanica neurona activa estar\u00eda mejor empleada preparando ese caf\u00e9 que en el archipi\u00e9lago de Canarias es conocido, seg\u00fan sea la isla, como un desgraciadito, o bien un cortado maric\u00f3n (1).<\/span><\/p>\n<p style=\"text-align: justify;\" align=\"left\"><span style=\"font-size: 14pt;\">En estas condiciones, una pinche reforma tributaria, o, para ser claros, la posibilidad de cobrarle impuestos al riquer\u00edo se transforma en uno de los doce trabajos de H\u00e9rcules.<\/span><\/p>\n<p style=\"text-align: justify;\" align=\"left\"><span style=\"font-size: 14pt;\">Y si lo intentas, las agencias de calificaci\u00f3n como <a href=\"https:\/\/www.bloomberglinea.com\/latinoamerica\/chile\/standard-poors-reduce-la-perspectiva-de-chile-de-estable-a-negativa\/\">Standard &amp; Poors rebajan la nota crediticia del pa\u00eds<\/a> lo que obliga al ministro de Hacienda de turno a bajarse <em>as calcinhas<\/em>, a pedir perd\u00f3n y a prometer no intentarlo de nuevo. Pa\u00eds <em>independiente<\/em>, que le llaman.<\/span><\/p>\n<figure id=\"attachment_58522\" aria-describedby=\"caption-attachment-58522\" style=\"width: 526px\" class=\"wp-caption aligncenter\"><img loading=\"lazy\" decoding=\"async\" class=\"wp-image-58522\" src=\"https:\/\/www.lapluma.net\/wp-content\/uploads\/2023\/10\/Capture-decran-Una-bandera-de-chilena-en-el-centro-de-Santiago-Chile--300x207.png\" alt=\"\" width=\"526\" height=\"363\" srcset=\"https:\/\/www.lapluma.net\/wp-content\/uploads\/2023\/10\/Capture-decran-Una-bandera-de-chilena-en-el-centro-de-Santiago-Chile--300x207.png 300w, https:\/\/www.lapluma.net\/wp-content\/uploads\/2023\/10\/Capture-decran-Una-bandera-de-chilena-en-el-centro-de-Santiago-Chile-.png 693w\" sizes=\"auto, (max-width: 526px) 100vw, 526px\" \/><figcaption id=\"caption-attachment-58522\" class=\"wp-caption-text\">Standard &amp; Poor\u2019s reduce la perspectiva de la nota de Chile de \u2018estable\u2019 a \u2018negativa\u2019Una bandera de chilena en el centro de Santiago, Chile, el 16 de diciembre de 2022. Foto: Tamara Merino\/Bloomberg(Bloomberg\/Tamara Merino)<\/figcaption><\/figure>\n<p style=\"text-align: justify;\" align=\"left\"><span style=\"font-size: 14pt;\">Reflexi\u00f3n hecha ca\u00ed en la cuenta de que Chile tampoco es una Rep\u00fablica.<\/span><\/p>\n<p style=\"text-align: justify;\" align=\"left\"><span style=\"font-size: 14pt;\">La palabra nos viene del lat\u00edn: <em>Res=Cosa<\/em> y <em>Publicus=P\u00fablica<\/em>, \u00fasease lo que es com\u00fan a todo el personal.<\/span><\/p>\n<p style=\"text-align: justify;\" align=\"left\"><span style=\"font-size: 14pt;\">El concepto determina una forma de organizaci\u00f3n pol\u00edtica en la que qui\u00e9n accede al poder lo ejerce en virtud de un mandato conferido por el cuerpo social, la ciudadan\u00eda.<\/span><\/p>\n<p style=\"text-align: justify;\" align=\"left\"><span style=\"font-size: 14pt;\">En este sentido <em>rep\u00fablica<\/em> se opone a <em>monarqu\u00eda<\/em>, pero no se confunde con <em>democracia<\/em>, visto que m\u00e1s de alg\u00fan entera\u00edllo le impuso restricciones al sufragio: as\u00ed se vio alguna rep\u00fablica aristocr\u00e1tica, para no mencionar las rep\u00fablicas populares, y periodos en que las mujeres y\/o los j\u00f3venes no tuvieron derecho a voto. Sin olvidar los reg\u00edmenes de sufragio censitario: para votar hab\u00eda que ser propietario, saber leer y escribir o pertenecer a una etnia determinada. Detallitos que privaron a los pringaos de ciudadan\u00eda.<\/span><\/p>\n<p style=\"text-align: justify;\" align=\"left\"><span style=\"font-size: 14pt;\">Al abolir la monarqu\u00eda, la Revoluci\u00f3n Francesa estableci\u00f3 que la Constituci\u00f3n y las leyes tienen al pueblo como \u00fanico Soberano. \u00bfC\u00f3mo se les pueden ocurrir cosas parecidas?<\/span><\/p>\n<p style=\"text-align: justify;\" align=\"left\"><span style=\"font-size: 14pt;\">Las conspiraciones para deshacerse de tan perversa ocurrencia nacieron al mismo tiempo. Que la Rep\u00fablica y la democracia sobreviviesen a tanto aprendiz de tirano forma parte de las inc\u00f3gnitas que amenizan la Historia.<\/span><\/p>\n<p style=\"text-align: justify;\" align=\"left\"><span style=\"font-size: 14pt;\">Democracia y Rep\u00fablica sobrevivieron, pero como escapados de un choque de trenes: es dif\u00edcil reconocerlas sin echar mano al ADN.<\/span><\/p>\n<p style=\"text-align: justify;\" align=\"left\"><span style=\"font-size: 14pt;\">Confrontados, como estamos, al riesgo de perder una vez m\u00e1s el invicto en materia de libertades p\u00fablicas, Constituci\u00f3n, leyes y derechos humanos&#8230; me permito ofrecerte una frase para el bronce que, a pesar de su improbable origen, habr\u00eda que aprender de memoria, mira ver:<\/span><\/p>\n<blockquote>\n<p style=\"padding-left: 40px; text-align: justify;\" align=\"left\">\u201cLas democracias no mueren necesariamente por la fuerza de las armas. Pueden morir cuando las gente se callan, cuando las gentes no se movilizan o cuando no condenan los ataques contra la democracia. Cuando las gentes est\u00e1n prontas a abandonar lo que les es m\u00e1s precioso porque est\u00e1n confrontadas a la frustraci\u00f3n, la desilusi\u00f3n, la fatiga, un sentimiento de exclusi\u00f3n\u201d.<\/p>\n<\/blockquote>\n<p style=\"text-align: justify;\" align=\"left\"><span style=\"font-size: 14pt;\">Aunque cueste creerlo, el autor de tan esclarecida parrafada no es otro que el abuelito Joe Biden (28\/09\/2023).<\/span><\/p>\n<p style=\"text-align: justify;\" align=\"left\"><span style=\"font-size: 14pt;\">Tengo incluso mucho mejor: un militar de alto rango que al despedirse del servicio activo, en uniforme de gala, aprovech\u00f3 la ocasi\u00f3n para proclamar alto y fuerte lo que los milicos vern\u00e1culos no saben:<\/span><\/p>\n<blockquote>\n<p style=\"padding-left: 40px; text-align: justify;\" align=\"left\">\u201cNosotros no prestamos juramento para servir a un rey, ni a una reina, ni a un tirano, ni a un dictador. Y no prestamos juramento para servir a un dictador en potencia (\u2026) Nosotros prestamos juramento para defender la Constituci\u00f3n\u201d.<\/p>\n<\/blockquote>\n<p style=\"text-align: justify;\" align=\"left\"><span style=\"font-size: 14pt;\">El autor de tan sabias palabras no es otro que el Jefe de Estado Mayor de las FFAA de los EEUU, el general <a href=\"https:\/\/www.planv.com.ec\/historias\/politica\/jefe-militar-eeuu-militares-no-hacemos-juramento-un-individuo\">Mark Milley<\/a>.<\/span><\/p>\n<h5 align=\"left\"><span style=\"font-size: 14pt;\">Nota:<\/span><\/h5>\n<p align=\"left\"><span class=\"yiv9239584305module-3 yiv9239584305text-container\" style=\"font-size: 14pt;\">(1) el desgraciadito, o cortado maric\u00f3n, es un caf\u00e9 descafeinado, con crema desnatada y edulcorante.<\/span><\/p>\n<h2><span style=\"font-size: 14pt;\">Luis Casado para La Pluma<\/span><\/h2>\n<h2 align=\"left\"><span style=\"font-size: 14pt;\">Editado por <a href=\"https:\/\/www.lapluma.net\/nosotros\/editora\/\">Mar\u00eda Piedad Ossaba<\/a><\/span><\/h2>\n<h2 align=\"left\"><span style=\"font-size: 14pt;\">Publicado por <a href=\"https:\/\/madmimi.com\/p\/92c6a71?pact=7314001-176687016-4158025400-9249c7e5ff22069406647bc6c4156d343da7c871\">Politika<\/a>, 20 de octubre de 2023<\/span><\/h2>\n","protected":false},"excerpt":{"rendered":"<p>Las conspiraciones para deshacerse de tan perversa ocurrencia nacieron al mismo tiempo. Que la Rep\u00fablica y la democracia sobreviviesen a tanto aprendiz de tirano forma parte de las inc\u00f3gnitas que amenizan la Historia. Democracia y Rep\u00fablica sobrevivieron, pero como escapados de un choque de trenes: es dif\u00edcil reconocerlas sin echar mano al ADN.<\/p>\n","protected":false},"author":38,"featured_media":58527,"comment_status":"open","ping_status":"open","sticky":false,"template":"","format":"standard","meta":{"_uf_show_specific_survey":0,"_uf_disable_surveys":false,"footnotes":""},"categories":[5],"tags":[24687,191,3523,24576,24685,871,5654,2360,335,17139,24553,24684,24686,24688],"coauthors":[336],"class_list":["post-58514","post","type-post","status-publish","format-standard","has-post-thumbnail","hentry","category-editoriales-y-opiniones","tag-bc-creacion-monetaria","tag-chile","tag-consenso-de-washington","tag-constitucion-de-1980-dictadura","tag-david-rothkopf","tag-deudas-publicas","tag-edmundo-moure","tag-frederic-lordon","tag-luis-casado","tag-mario-marcel","tag-mark-milley","tag-sp","tag-samuel-huntington","tag-standard-poors"],"translation":{"provider":"WPGlobus","version":"2.12.2","language":"fr","enabled_languages":["es","fr"],"languages":{"es":{"title":true,"content":true,"excerpt":true},"fr":{"title":false,"content":false,"excerpt":false}}},"_links":{"self":[{"href":"https:\/\/www.lapluma.net\/fr\/wp-json\/wp\/v2\/posts\/58514","targetHints":{"allow":["GET"]}}],"collection":[{"href":"https:\/\/www.lapluma.net\/fr\/wp-json\/wp\/v2\/posts"}],"about":[{"href":"https:\/\/www.lapluma.net\/fr\/wp-json\/wp\/v2\/types\/post"}],"author":[{"embeddable":true,"href":"https:\/\/www.lapluma.net\/fr\/wp-json\/wp\/v2\/users\/38"}],"replies":[{"embeddable":true,"href":"https:\/\/www.lapluma.net\/fr\/wp-json\/wp\/v2\/comments?post=58514"}],"version-history":[{"count":6,"href":"https:\/\/www.lapluma.net\/fr\/wp-json\/wp\/v2\/posts\/58514\/revisions"}],"predecessor-version":[{"id":58531,"href":"https:\/\/www.lapluma.net\/fr\/wp-json\/wp\/v2\/posts\/58514\/revisions\/58531"}],"wp:featuredmedia":[{"embeddable":true,"href":"https:\/\/www.lapluma.net\/fr\/wp-json\/wp\/v2\/media\/58527"}],"wp:attachment":[{"href":"https:\/\/www.lapluma.net\/fr\/wp-json\/wp\/v2\/media?parent=58514"}],"wp:term":[{"taxonomy":"category","embeddable":true,"href":"https:\/\/www.lapluma.net\/fr\/wp-json\/wp\/v2\/categories?post=58514"},{"taxonomy":"post_tag","embeddable":true,"href":"https:\/\/www.lapluma.net\/fr\/wp-json\/wp\/v2\/tags?post=58514"},{"taxonomy":"author","embeddable":true,"href":"https:\/\/www.lapluma.net\/fr\/wp-json\/wp\/v2\/coauthors?post=58514"}],"curies":[{"name":"wp","href":"https:\/\/api.w.org\/{rel}","templated":true}]}}