{"id":5820,"date":"2019-02-01T02:57:56","date_gmt":"2019-02-01T02:57:56","guid":{"rendered":"http:\/\/www.lapluma.net\/?p=5820"},"modified":"2019-02-07T03:04:03","modified_gmt":"2019-02-07T03:04:03","slug":"emmanuel-macron-pedro-sanchez-angela-merkel-theresa-may-no-tienen-ningun-derecho-a-dar-un-ultimatum-a-venezuela","status":"publish","type":"post","link":"https:\/\/www.lapluma.net\/fr\/2019\/02\/01\/emmanuel-macron-pedro-sanchez-angela-merkel-theresa-may-no-tienen-ningun-derecho-a-dar-un-ultimatum-a-venezuela\/","title":{"rendered":"Emmanuel Macron, Pedro S\u00e1nchez, Angela Merkel, Theresa May n\u2019ont aucun droit de poser un ultimatum au Venezuela"},"content":{"rendered":"<div class=\"chapo\">\n<p style=\"text-align: justify;\"><span style=\"font-size: 12pt;\">Samedi 26 janvier 2019, Emmanuel Macron, Pedro S\u00e1nchez, Angela Merkel, suivis par Theresa May ont donn\u00e9 8 jours au gouvernement du Venezuela pour convoquer des \u00e9lections. Pass\u00e9 ce d\u00e9lai si le gouvernement v\u00e9n\u00e9zu\u00e9lien ne se plie pas \u00e0 cette injonction, Macron, Sanchez, Merkel et May annoncent qu\u2019ils reconna\u00eetront Juan Guaid\u00f3 qui s\u2019est autoproclam\u00e9 <strong>pr\u00e9sident<\/strong> du Venezuela le 23 janvier 2019.<\/span><\/p>\n<p><img loading=\"lazy\" decoding=\"async\" class=\"spip_logo spip_logos aligncenter\" src=\"http:\/\/www.cadtm.org\/local\/cache-vignettes\/L640xH320\/arton17062-db719.jpg?1548691595\" alt=\"\" width=\"640\" height=\"320\" \/><\/p>\n<\/div>\n<div class=\"texte\">\n<p style=\"text-align: justify;\"><span style=\"font-size: 12pt;\">Le lendemain de cet ultimatum, le pr\u00e9sident fran\u00e7ais a entam\u00e9 une visite officielle de trois jours en \u00c9gypte afin d\u2019apporter une fois de plus son soutien au mar\u00e9chal Abdel Fattah al-Sissi qui est \u00e0 la t\u00eate d\u2019un r\u00e9gime dictatorial semblable \u00e0, voire pire que, celui de Hosni Moubarak qui a \u00e9t\u00e9 renvers\u00e9 par le peuple en f\u00e9vrier 2011. Le mar\u00e9chal al-Sissi a pris le pouvoir en 2013 par un coup d\u2019\u00c9tat, d\u00e9tournant et \u00e9touffant les aspirations de celles et ceux qui s\u2019\u00e9taient soulev\u00e9s en masse pour renverser Mohamed Morsi, et il est choy\u00e9 par le pr\u00e9sident fran\u00e7ais.<\/span><\/p>\n<p style=\"text-align: justify;\"><span style=\"font-size: 12pt;\">Sissi est responsable d\u2019une r\u00e9pression massive et brutale. Dans les prisons \u00e9gyptiennes croupissent des dizaines de milliers de prisonniers politiques, la peine capitale a \u00e9t\u00e9 prononc\u00e9e par des tribunaux militaires contre des centaines d\u2019opposants, les organisations de d\u00e9fense des droits humains d\u00e9noncent la pers\u00e9cution massive et les centaines d\u2019ex\u00e9cutions extrajudiciaires de militants syndicaux et d\u2019autres activistes ainsi que des journalistes ind\u00e9pendants du r\u00e9gime. Le r\u00e9gime de Sissi organise litt\u00e9ralement la terreur en Egypte et Macron lui rend visite, le soutient et lui vend des armes. Les gouvernements britannique, espagnol et allemand vendent aussi des armes \u00e0 Sissi et le soutiennent.<\/span><\/p>\n<p style=\"text-align: justify;\"><span style=\"font-size: 12pt;\">Quant au r\u00e9gime espagnol, rappelons que Jos\u00e9 Mar\u00eda Aznar, chef du gouvernement espagnol de 1996 \u00e0 2004, avait soutenu le coup d\u2019\u00c9tat contre Hugo Ch\u00e1vez en avril 2002. Pedro S\u00e1nchez humilie le peuple espagnol en suivant l\u2019exemple d\u2019Aznar en mena\u00e7ant le pr\u00e9sident \u00e9lu Nicol\u00e1s Maduro de reconna\u00eetre le pr\u00e9sident autoproclam\u00e9 Guaid\u00f3 directement soutenu par Washington et les pires gouvernements latino-am\u00e9ricains.<\/span><\/p>\n<p style=\"text-align: justify;\"><span style=\"font-size: 12pt;\">Aucun de ces quatre gouvernements europ\u00e9ens ne d\u00e9nonce l\u2019assassinat syst\u00e9matique des leaders sociaux et les violations de l\u2019accord de paix en Colombie.<\/span><\/p>\n<p style=\"text-align: justify;\"><span style=\"font-size: 12pt;\">La gauche a bien des raisons d\u2019exprimer de tr\u00e8s fortes critiques \u00e0 l\u2019\u00e9gard du gouvernement de Nicol\u00e1s Maduro. Parmi les critiques qu\u2019il faut exprimer\u00a0: la poursuite du paiement de la <a class=\"cs_glossaire\" href=\"http:\/\/www.cadtm.org\/Dette-970\" name=\"mot970_0\"><span class=\"gl_mot\">dette<\/span><\/a> externe au lieu de d\u00e9clarer un <a class=\"cs_glossaire\" href=\"http:\/\/www.cadtm.org\/Moratoire\" name=\"mot1000_1\"><span class=\"gl_mot\">moratoire<\/span><\/a> et d\u2019utiliser les ressources financi\u00e8res ainsi \u00e9pargn\u00e9es pour faire mieux face \u00e0 la crise humanitaire qui accable le peuple v\u00e9n\u00e9zu\u00e9lien. Le CADTM d\u00e8s 2016 avait exhort\u00e9 le gouvernement v\u00e9n\u00e9zu\u00e9lien \u00e0 proc\u00e9der \u00e0 un audit de la dette avec la participation des citoyens et citoyennes (<a class=\"spip_url auto\" href=\"http:\/\/www.cadtm.org\/Le-CADTM-AYNA-exhorte-le\" rel=\"nofollow\">http:\/\/www.cadtm.org\/Le-CADTM-AYNA-exhorte-le<\/a>). D\u2019autres critiques de gauche de la politique du gouvernement Maduro sont \u00e9galement justifi\u00e9es\u00a0: l\u2019absence de combat contre la fuite des capitaux organis\u00e9e avec la complicit\u00e9 des plus hautes autorit\u00e9s de l\u2019administration et du gouvernement, la poursuite du mod\u00e8le extractiviste exportateur favorisant l\u2019\u00e9puisement des ressources naturelles du pays, la r\u00e9pression contre des d\u00e9l\u00e9gu\u00e9s syndicaux et d\u2019autres activistes, le d\u00e9veloppement de politiques client\u00e9listes et un fonctionnement de l\u2019assembl\u00e9e constituante qui ne r\u00e9pond pas aux espoirs que son \u00e9lection avait suscit\u00e9s.<\/span><\/p>\n<p style=\"text-align: justify;\"><span style=\"font-size: 12pt;\">Mais en tant que militants de gauche respectueux du droit des peuples \u00e0 l\u2019autod\u00e9termination, on ne peut en aucun cas accepter un ultimatum du type de celui \u00e9mis par Macron, S\u00e1nchez, Merkel et May et on doit s\u2019opposer avec la plus grande vigueur possible \u00e0 la politique de Washington et du groupe de Lima qu\u2019il dirige. Il faut d\u00e9noncer le coup du pr\u00e9sident autoproclam\u00e9 Guaid\u00f3.<\/span><\/p>\n<p><strong><span style=\"font-size: 12pt;\">Eric Toussaint , Joaldo Dominguez pour La Pluma, le 28 janvier 2019<\/span><\/strong><\/p>\n<\/div>\n<div><\/div>\n<div><strong><span style=\"font-size: 12pt;\">Source: CADTM<\/span><\/strong><\/div>\n<div><\/div>\n<div><a dir=\"ltr\" href=\"http:\/\/www.cadtm.org\/Emmanuel-Macron-Pedro-Sanchez-Angela-Merkel-Theresa-May-nao-tem-o-direito-de\"><span style=\"font-size: 12pt;\">Traductions disponibles: Espa\u00f1ol\u00a0\u00a0 English\u00a0\u00a0 Portugu\u00eas<\/span><\/a><\/div>\n<div><\/div>\n<p><span style=\"font-size: 12pt;\"><strong>En lien avec l\u2019actualit\u00e9, voir \u00e9galement l\u2019article de Nathan Legrand du 28 janvier 2019<\/strong>\u00a0: <\/span><a class=\"spip_in\" href=\"http:\/\/www.cadtm.org\/Egypte-La-France-a-du-sang-sur-les-mains\"><span style=\"font-size: 12pt;\">\u00c9gypte\u00a0: La France a du sang sur les mains<\/span><\/a><\/p>\n","protected":false},"excerpt":{"rendered":"<p>Mais en tant que militants de gauche respectueux du droit des peuples \u00e0 l\u2019autod\u00e9termination, on ne peut en aucun cas accepter un ultimatum du type de celui \u00e9mis par Macron, S\u00e1nchez, Merkel et May et on doit s\u2019opposer avec la plus grande vigueur possible \u00e0 la politique de Washington et du groupe de Lima qu\u2019il dirige. Il faut d\u00e9noncer le coup du pr\u00e9sident autoproclam\u00e9 Guaid\u00f3.<\/p>\n","protected":false},"author":342,"featured_media":6119,"comment_status":"open","ping_status":"open","sticky":false,"template":"","format":"standard","meta":{"_uf_show_specific_survey":0,"_uf_disable_surveys":false,"footnotes":""},"categories":[218],"tags":[28,3091,882,195,2479,3096,2738,3095,3094,3093,3092],"coauthors":[3088],"class_list":["post-5820","post","type-post","status-publish","format-standard","has-post-thumbnail","hentry","category-monde","tag-colombia","tag-asesinato-sistematico-de-lideres-sociales","tag-eric-toussaint","tag-golpe-de-estado","tag-grupo-de-lima","tag-joaldo-dominguez","tag-juan-guaido","tag-politicas-washington","tag-ultimatun","tag-venezuela-ue","tag-violaciones-acuerdo-de-paz"],"translation":{"provider":"WPGlobus","version":"2.12.2","language":"fr","enabled_languages":["es","fr"],"languages":{"es":{"title":true,"content":true,"excerpt":true},"fr":{"title":true,"content":true,"excerpt":true}}},"_links":{"self":[{"href":"https:\/\/www.lapluma.net\/fr\/wp-json\/wp\/v2\/posts\/5820","targetHints":{"allow":["GET"]}}],"collection":[{"href":"https:\/\/www.lapluma.net\/fr\/wp-json\/wp\/v2\/posts"}],"about":[{"href":"https:\/\/www.lapluma.net\/fr\/wp-json\/wp\/v2\/types\/post"}],"author":[{"embeddable":true,"href":"https:\/\/www.lapluma.net\/fr\/wp-json\/wp\/v2\/users\/342"}],"replies":[{"embeddable":true,"href":"https:\/\/www.lapluma.net\/fr\/wp-json\/wp\/v2\/comments?post=5820"}],"version-history":[{"count":4,"href":"https:\/\/www.lapluma.net\/fr\/wp-json\/wp\/v2\/posts\/5820\/revisions"}],"predecessor-version":[{"id":6120,"href":"https:\/\/www.lapluma.net\/fr\/wp-json\/wp\/v2\/posts\/5820\/revisions\/6120"}],"wp:featuredmedia":[{"embeddable":true,"href":"https:\/\/www.lapluma.net\/fr\/wp-json\/wp\/v2\/media\/6119"}],"wp:attachment":[{"href":"https:\/\/www.lapluma.net\/fr\/wp-json\/wp\/v2\/media?parent=5820"}],"wp:term":[{"taxonomy":"category","embeddable":true,"href":"https:\/\/www.lapluma.net\/fr\/wp-json\/wp\/v2\/categories?post=5820"},{"taxonomy":"post_tag","embeddable":true,"href":"https:\/\/www.lapluma.net\/fr\/wp-json\/wp\/v2\/tags?post=5820"},{"taxonomy":"author","embeddable":true,"href":"https:\/\/www.lapluma.net\/fr\/wp-json\/wp\/v2\/coauthors?post=5820"}],"curies":[{"name":"wp","href":"https:\/\/api.w.org\/{rel}","templated":true}]}}