{"id":57106,"date":"2023-09-12T17:04:46","date_gmt":"2023-09-12T17:04:46","guid":{"rendered":"https:\/\/www.lapluma.net\/?p=57106"},"modified":"2023-09-13T20:54:51","modified_gmt":"2023-09-13T20:54:51","slug":"allende-cincuenta-anos-despues","status":"publish","type":"post","link":"https:\/\/www.lapluma.net\/fr\/2023\/09\/12\/allende-cincuenta-anos-despues\/","title":{"rendered":"Allende, cinquante ans apr\u00e8s"},"content":{"rendered":"<p style=\"text-align: justify;\"><em><span style=\"font-size: 14pt;\">Cinquante ans ont pass\u00e9 et les id\u00e9es du pr\u00e9sident Allende sont toujours pleinement valables au Chili comme en Am\u00e9rique latine et dans une bonne partie de ce que l&rsquo;on appelle le tiers-monde. Il y a des ann\u00e9es, \u00e0 Guadalajara, nous avons eu la chance de voir un magnifique enregistrement de ce discours devant les professeurs et les \u00e9tudiants de sa prestigieuse universit\u00e9 o\u00f9 le pr\u00e9sident chilien r\u00e9cemment \u00e9lu a expos\u00e9 sa pens\u00e9e, qui \u00e9tait certainement r\u00e9volutionnaire dans ses objectifs, ainsi que sans pr\u00e9c\u00e9dent dans sa promesse d&rsquo;apporter des changements en mati\u00e8re de d\u00e9mocratie et de libert\u00e9.<\/span><\/em><\/p>\n<p>&lt;div style=\u00a0\u00bbtext-align: center;\u00a0\u00bb&gt;&lt;iframe width=\u00a0\u00bb640&Prime; height=\u00a0\u00bb360&Prime; src=\u00a0\u00bbhttps:\/\/www.youtube.com\/embed\/K1dUBDWoyes\u00a0\u00bb title=\u00a0\u00bbDiscurso de Salvador Allende en la Universidad de Guadalajara\u00a0\u00bb frameborder=\u00a0\u00bb0&Prime; allow=\u00a0\u00bbaccelerometer; autoplay; clipboard-write; encrypted-media; gyroscope; picture-in-picture; web-share\u00a0\u00bb allowfullscreen&gt;&lt;\/iframe&gt;<\/p>\n<h5 style=\"text-align: center;\"><span style=\"font-size: 14pt;\"><a href=\"http:\/\/archivo.juventudes.org\/textos\/Salvador%20Allende\/Discurso%20en%20la%20Universidad%20de%20Guadalajara.pdf\"><strong>Discours prononc\u00e9 par Salvador Allende \u00e0 l&rsquo;universit\u00e9 de Guadalajara, Mexique, le 2 d\u00e9cembre 1972 <\/strong><\/a><strong><br \/>\n<\/strong><a href=\"http:\/\/archivo.juventudes.org\/textos\/Salvador%20Allende\/Discurso%20en%20la%20Universidad%20de%20Guadalajara.pdf\"><strong>PDF en espagnol<\/strong><\/a><strong><u><br \/>\n<\/u><\/strong><\/span><strong><a href=\"https:\/\/ngchili.wordpress.com\/2022\/09\/11\/salvador-allende-sur-les-etudiants\/\"><span style=\"font-size: 12pt;\"><span style=\"font-size: 14pt;\">Extrait en fran\u00e7ais<\/span><\/span><\/a><\/strong><\/h5>\n<p style=\"text-align: justify;\"><span style=\"font-size: 14pt;\">Un discours magistral o\u00f9, en plus de d\u00e9fendre ses convictions, il a appel\u00e9 les jeunes \u00e9tudiants \u00e0 s&rsquo;atteler \u00e0 une t\u00e2che qui, bien s\u00fbr, d\u00e9passe l&rsquo;action d&rsquo;un seul gouvernement ou d&rsquo;une seule g\u00e9n\u00e9ration. Un discours prononc\u00e9 dans la chaleur de ses valeurs in\u00e9branlables, sans recours \u00e0 un texte ou \u00e0 un aide-m\u00e9moire, d\u00e9montrant comme souvent son grand talent et son verbe brillant. Un ensemble de propositions visant \u00e0 ce que nos pays se r\u00e9approprient la propri\u00e9t\u00e9 et la gestion de leurs richesses fondamentales, consolidant ainsi la souverainet\u00e9 qui nous a \u00e9t\u00e9 l\u00e9gu\u00e9e par nos lib\u00e9rateurs, puis bafou\u00e9e par l&rsquo;imp\u00e9rialisme usam\u00e9ricain. Dans notre cas, il s&rsquo;agissait de la volont\u00e9 de nationaliser, en plus, nos grandes mines de cuivre et de donner une valeur ajout\u00e9e \u00e0 ces tonnes de m\u00e9tal qui partaient et continuent aujourd&rsquo;hui \u00e0 partir \u00e0 l&rsquo;\u00e9tranger et dans lesquelles il est \u00e9galement possible de d\u00e9couvrir de l&rsquo;or, de l&rsquo;argent, du molybd\u00e8ne et d&rsquo;autres mati\u00e8res premi\u00e8res importantes.<\/span><\/p>\n<p style=\"text-align: justify;\"><span style=\"font-size: 14pt;\">Il voulait aussi r\u00e9cup\u00e9rer la souverainet\u00e9 populaire dans nos campagnes ravag\u00e9es par les grandes propri\u00e9t\u00e9s et l&rsquo;exploitation de millions de paysans qui pouvaient \u00e0 peine survivre avec leur salaire de mis\u00e8re. Diversifier notre production agricole, moderniser l&rsquo;agriculture, mais surtout faire en sorte que ceux qui cultivent la terre en soient propri\u00e9taires et m\u00e9ritent de vivre dans des logements d\u00e9cents, afin que leurs enfants aient acc\u00e8s \u00e0 une alimentation suffisante et \u00e0 une \u00e9ducation lib\u00e9ratrice.<\/span><\/p>\n<p style=\"text-align: justify;\"><span style=\"font-size: 14pt;\">Promouvoir, bien s\u00fbr, la r\u00e9forme de l&rsquo;\u00e9ducation \u00e0 tous les niveaux, afin de rendre l&rsquo;enseignement obligatoire pour les enfants et de permettre non seulement aux enfants des riches mais aussi aux Chiliens des classes moyennes et populaires d&rsquo;acc\u00e9der \u00e0 l&rsquo;universit\u00e9, alors que moins d&rsquo;un pour cent d&rsquo;entre eux avaient cette possibilit\u00e9 \u00e0 l&rsquo;\u00e9poque. En m\u00eame temps, ils \u00e9taient d\u00e9termin\u00e9s \u00e0 prendre des mesures importantes pour la formation continue des adultes et des travailleurs, o\u00f9 les niveaux d&rsquo;analphab\u00e9tisme \u00e9taient effrayants. \u00c0 tel point qu&rsquo;aujourd&rsquo;hui encore, on reconna\u00eet que plus de 50 % de notre population ne comprend pas ce qu&rsquo;elle lit, ainsi que plus de 15 % des \u00e9tudiants de l&rsquo;enseignement sup\u00e9rieur.<\/span><\/p>\n<p style=\"text-align: justify;\"><span style=\"font-size: 14pt;\">La proposition d&rsquo;Allende incluait \u00e9galement la possibilit\u00e9 d&rsquo;entreprendre une r\u00e9forme constitutionnelle qui mod\u00e9rerait le pr\u00e9sidentialisme excessif et chercherait s\u00e9rieusement \u00e0 mettre fin au <a href=\"https:\/\/www.cnrtl.fr\/definition\/matabiche\">matabiche<\/a> et autres pratiques qui emp\u00eachaient l&rsquo;acc\u00e8s du peuple au Parlement et aux municipalit\u00e9s. Convoquer, dans les plus brefs d\u00e9lais, une Assembl\u00e9e constituante pour r\u00e9tablir notre cadre institutionnel, qui \u00e9tait en soi un simulacre, dans lequel le pouvoir de l&rsquo;argent et des m\u00e9dias d\u00e9finissait l&rsquo;agenda politique, \u00e9conomique, social et culturel du pays.<\/span><\/p>\n<h2><span style=\"font-size: 14pt;\"><strong>Un renversement annonc\u00e9<\/strong><\/span><\/h2>\n<p style=\"text-align: justify;\"><span style=\"font-size: 14pt;\">Personne ne peut d\u00e9sormais ignorer qu&rsquo;avant que Salvador Allende ne prenne ses fonctions de chef d&rsquo;\u00c9tat, des pr\u00e9paratifs \u00e9taient en cours \u00e0 Washington pour d\u00e9stabiliser son gouvernement et le remplacer par un autre qui serait docile aux int\u00e9r\u00eats imp\u00e9rialistes. Peu \u00e0 peu, les \u00e9normes ressources allou\u00e9es \u00e0 l&rsquo;encouragement de l&rsquo;action s\u00e9ditieuse des grands corps nationaux, \u00e0 l&rsquo;encouragement du coup d&rsquo;\u00c9tat de la droite politique et d&rsquo;autres partis d&rsquo;opposition, qui ont \u00e9t\u00e9 d\u00e9cisives pour encourager les tra\u00eetres militaires et justifier les premi\u00e8res violations des droits humains, ont fait leur \u0153uvre. Ce r\u00f4le est honteusement revenu aux d\u00e9mocrates-chr\u00e9tiens, un parti qui promouvait jusqu&rsquo;alors des changements en faveur de la justice sociale, mais dont les principaux dirigeants ont succomb\u00e9 \u00e0 la corruption par Kissinger, de la Maison Blanche et du Pentagone. On est \u00e9galement au fait des millions de dollars allou\u00e9s au journal <em>El Mercurio<\/em>, propri\u00e9t\u00e9 d&rsquo;Agust\u00edn Edwards, qui, en plus d&rsquo;\u00eatre un putschiste, \u00e9tait \u00e9galement vice-pr\u00e9sident de Pepsi Cola. Un individu abominable qui a conserv\u00e9 son pouvoir intact, voire l&rsquo;a accru, tout au long de la p\u00e9riode post-dictature, charmant les gouvernements successifs de la soi-disant Concertaci\u00f3n Democr\u00e1tica, de la Nueva Mayor\u00eda et, bien s\u00fbr, de la droite elle-m\u00eame, qui est revenue \u00e0 La Moneda \u00e0 deux reprises entretemps.<\/span><\/p>\n<p style=\"text-align: justify;\"><span style=\"font-size: 14pt;\">Les promesses d&rsquo;Allende se sont m\u00eame concr\u00e9tis\u00e9es pendant son bref gouvernement, comme la nationalisation des grandes mines de cuivre, la remise de milliers d&rsquo;hectares de terres aux paysans et l&rsquo;introduction de changements significatifs dans le syst\u00e8me \u00e9ducatif, ce qui a \u00e9galement \u00e9t\u00e9 fortement combattu par les opposants qui ont \u00e9t\u00e9 appel\u00e9s \u00e0 participer aux \u00e9lections l\u00e9gislatives qui ont suivi le triomphe de l&rsquo;Unidad Popular et au cours desquelles, malgr\u00e9 tout, la gauche est redevenue la premi\u00e8re majorit\u00e9, en d\u00e9pit des campagnes de terreur promues et financ\u00e9es \u00e9galement par les USA et le pouvoir \u00e9conomique national.<\/span><\/p>\n<p style=\"text-align: justify;\"><span style=\"font-size: 14pt;\">Bien que nous ne l&rsquo;ayons pas du tout pr\u00e9vu \u00e0 l&rsquo;\u00e9poque, le 11 septembre 1973 a \u00e9t\u00e9 le jour du bombardement criminel de La Moneda, dans lequel les forces arm\u00e9es, pouss\u00e9es par la droite et l&rsquo;imp\u00e9rialisme, ont jou\u00e9 le r\u00f4le principal, et dans lequel, d\u00e8s la premi\u00e8re heure, des centaines ou des milliers d&rsquo;opposants ont \u00e9t\u00e9 cribl\u00e9s de balles, les premiers camps de d\u00e9tention et de torture ont \u00e9t\u00e9 cr\u00e9\u00e9s, tandis que des milliers d&rsquo;autres Chiliens ont \u00e9t\u00e9 arr\u00eat\u00e9s et tortur\u00e9s lorsqu&rsquo;ils ne parvenaient pas \u00e0 s&rsquo;enfuir en exil. Il s&rsquo;agit sans aucun doute d&rsquo;un processus sans pr\u00e9c\u00e9dent de trahison et d&rsquo;insoumission \u00e0 l&rsquo;ordre \u00e9tabli, respect\u00e9 par Allende jusqu&rsquo;\u00e0 sa derni\u00e8re heure, au cours duquel la d\u00e9mocratie et les changements entrepris en faveur de la r\u00e9demption des opprim\u00e9s ont vol\u00e9 en \u00e9clats en quelques heures.<\/span><\/p>\n<p style=\"text-align: justify;\"><span style=\"font-size: 14pt;\">Nous savons d\u00e9j\u00e0 que le corps du pr\u00e9sident a quitt\u00e9 La Moneda sans que l&rsquo;on sache avec certitude s&rsquo;il s&rsquo;est r\u00e9ellement suicid\u00e9 ou s&rsquo;il a \u00e9t\u00e9 assassin\u00e9 par les premiers officiers qui sont entr\u00e9s dans le palais pr\u00e9sidentiel. Cela ne change pas vraiment le caract\u00e8re criminel de l&rsquo;attentat, m\u00eame si les militaires, la droite et d&rsquo;autres secteurs se sont efforc\u00e9s, avec la complicit\u00e9 de certains juges, d&rsquo;\u00e9tablir le suicide comme la v\u00e9rit\u00e9 officielle. Une \u201cv\u00e9rit\u00e9 officielle\u201d qui permettrait \u00e0 Pinochet de recevoir la reconnaissance diplomatique de nombreuses nations qui, dit-on, n&rsquo;auraient pas \u00e9t\u00e9 en mesure de le faire si le pr\u00e9sident d\u00e9chu avait \u00e9t\u00e9 assassin\u00e9.<\/span><\/p>\n<p style=\"text-align: justify;\"><span style=\"font-size: 14pt;\">Entre parenth\u00e8ses, certains ont \u00e9t\u00e9 convaincus qu\u2019il avait \u00e9t\u00e9 assassin\u00e9 apr\u00e8s qu&rsquo;un capitaine de l&rsquo;arm\u00e9e a t\u00e9moign\u00e9 devant un groupe de d\u00e9tenus qu&rsquo;il avait lui-m\u00eame tir\u00e9 sur la tempe du pr\u00e9sident et qu&rsquo;il s&rsquo;\u00e9tait vant\u00e9 d&rsquo;avoir exhib\u00e9 la montre de ce dernier comme un troph\u00e9e. Il existe plusieurs \u00e9crits et t\u00e9moignages sur le sujet, ainsi qu&rsquo;un documentaire du cin\u00e9aste Miguel Litt\u00edn.<\/span><\/p>\n<p style=\"text-align: justify;\"><span style=\"font-size: 14pt;\">La chose la plus importante \u00e0 enregistrer maintenant dans cette comm\u00e9moration historique est le respect que l&rsquo;exemple d&rsquo;Allende, sa cons\u00e9quence politique, sa trajectoire d\u00e9mocratique et sa r\u00e9solution h\u00e9ro\u00efque de payer de sa vie la loyaut\u00e9 de son peuple, comme il l&rsquo;a promis dans son discours final, m\u00e9ritent dans tous les secteurs, ainsi que dans le monde entier.<\/span><\/p>\n<p style=\"text-align: justify;\"><span style=\"font-size: 14pt;\">Son gouvernement, l&rsquo;Unit\u00e9 Populaire et la conduite de ses partis sont encore aujourd&rsquo;hui une source de controverses et d&rsquo;attaques de bas \u00e9tage par ceux qui ont \u00e9t\u00e9 ses opposants et qui continuent aujourd&rsquo;hui \u00e0 \u00eatre des militants de droite. Cependant, personne ou presque n&rsquo;ose le discr\u00e9diter moralement et sa figure reste, 50 ans plus tard, celle du pr\u00e9sident et du leader politique le plus appr\u00e9ci\u00e9 par le peuple chilien. \u00c0 tel point qu&rsquo;une \u00e9tude int\u00e9ressante r\u00e9alis\u00e9e en 2008 par Televisi\u00f3n Nacional (avec des centaines de t\u00e9moignages recueillis aupr\u00e8s d&rsquo;historiens, de journalistes et de divers intellectuels) a conclu que pour la grande majorit\u00e9 nationale, Allende est la figure la plus pertinente de notre histoire r\u00e9publicaine, \u00e9gale ou sup\u00e9rieure \u00e0 l&rsquo;hommage rendu \u00e0 nos p\u00e8res de la nation, et sup\u00e9rieure au prestige de Pablo Neruda, Gabriela Mistral, Violeta Parra, Alberto Hurtado et d&rsquo;autres Chiliens \u00e9minents.<\/span><\/p>\n<h2><span style=\"font-size: 14pt;\"><strong>Validit\u00e9 permanente<\/strong><\/span><\/h2>\n<p style=\"text-align: justify;\"><span style=\"font-size: 14pt;\">En ce sens, et malgr\u00e9 tout ce qui s&rsquo;est pass\u00e9, 50 ans, ce n\u2019est vraiment rien. Les id\u00e9es d&rsquo;Allende sont toujours aussi pr\u00e9sentes dans les manifestations qui r\u00e9clament du pain, de la justice et de la libert\u00e9. Surtout lorsqu&rsquo;elles insistent sur la r\u00e9cup\u00e9ration des gisements de cuivre et maintenant sur l&rsquo;exploitation du lithium et d&rsquo;autres ressources. Lorsque les enseignants d\u00e9filent et paralysent leurs activit\u00e9s pour exiger plus de ressources pour l&rsquo;\u00e9ducation publique, ainsi que le paiement de la dette historique que l&rsquo;\u00c9tat leur doit depuis tant d&rsquo;ann\u00e9es. Tandis que des centaines d&rsquo;enseignants languissent sans r\u00e9cup\u00e9rer ce droit qui leur a \u00e9t\u00e9 arrach\u00e9 et leur dignit\u00e9.<\/span><\/p>\n<p style=\"text-align: justify;\"><span style=\"font-size: 14pt;\">Les revendications actuelles en faveur d&rsquo;un syst\u00e8me de sant\u00e9 qui garantisse des soins ad\u00e9quats \u00e0 tous les Chiliens vont dans le m\u00eame sens. La dictature et les gouvernements qui lui ont succ\u00e9d\u00e9 ont consolid\u00e9 l&rsquo;opprobre du syst\u00e8me priv\u00e9 des ISAPREs [<em>soci\u00e9t\u00e9s d\u2019assurances sant\u00e9 priv\u00e9es, au nombre de 13<\/em><em>, NdT<\/em>], qui refuse des soins ad\u00e9quats aux pauvres et \u00e0 la classe moyenne, en pr\u00e9sentant de longues listes d&rsquo;attente pour les soins m\u00e9dicaux, o\u00f9 il est av\u00e9r\u00e9 que, seulement au cours du dernier semestre, plus de 19 000 Chiliens qui avaient besoin d&rsquo;op\u00e9rations chirurgicales urgentes sont morts. Allende, en tant que m\u00e9decin, soutiendrait sans aucun doute ces demandes aujourd&rsquo;hui, ainsi que la fin des inf\u00e2mes AFP [<em>soci\u00e9t\u00e9s priv\u00e9es d\u2019administration des fonds de pension ayant substitu\u00e9 en 1981 le syst\u00e8me par r\u00e9partition par un syst\u00e8me par capitalisation, NdT<\/em>] qui g\u00e8rent les cotisations de millions de travailleurs qui, \u00e0 la fin de leur vie, re\u00e7oivent des pensions mis\u00e9rables et se voient oblig\u00e9s de continuer \u00e0 travailler. Un syst\u00e8me \u00e9galement privatis\u00e9 par la dictature et qui a m\u00eame fait l&rsquo;objet de compliments \u00e0 l&rsquo;\u00e9poque de la soi-disant transition vers la d\u00e9mocratie, o\u00f9, en r\u00e9alit\u00e9, ceux qui ont int\u00e9gr\u00e9 ces gouvernements ont fini par \u00eatre enchant\u00e9s par le n\u00e9olib\u00e9ralisme, le capitalisme sauvage et les in\u00e9galit\u00e9s provoqu\u00e9es par le march\u00e9. Sauf, bien s\u00fbr, quelques exceptions minimes, malgr\u00e9 les origines socialistes, social-chr\u00e9tiennes ou social-d\u00e9mocrates de leurs protagonistes.<\/span><\/p>\n<p style=\"text-align: justify;\"><span style=\"font-size: 14pt;\">Il est parfaitement logique d&rsquo;assurer qu&rsquo;Allende soutiendrait aujourd&rsquo;hui la lutte h\u00e9ro\u00efque du peuple mapuche pour la reconnaissance de ses droits \u00e0 l&rsquo;autod\u00e9termination, la r\u00e9cup\u00e9ration de ses territoires occup\u00e9s et la pleine reconnaissance de son patrimoine culturel. Tout cela ne sera possible qu&rsquo;en neutralisant l&rsquo;action \u00e9cocide, par exemple, des entreprises foresti\u00e8res qui se sont empar\u00e9es de la r\u00e9gion. Le d\u00e9funt pr\u00e9sident n&rsquo;aurait certainement pas pu consentir \u00e0 la militarisation de l&rsquo;Araucanie impos\u00e9e par des gouvernements se pr\u00e9tendant h\u00e9ritiers d&rsquo;Allende, \u00e0 la judiciarisation des causes de notre peuple fondateur et aux assassinats habituels et r\u00e9p\u00e9t\u00e9s de membres de la communaut\u00e9, ainsi qu&rsquo;\u00e0 la r\u00e9pression qui s&rsquo;abat aujourd&rsquo;hui sur ceux qui, jusqu&rsquo;\u00e0 tr\u00e8s r\u00e9cemment, \u00e9taient reconnus comme des leaders et m\u00eame des h\u00e9ros par les partis et mouvements autoproclam\u00e9s de gauche. Il est bien connu que ce qui se passe dans le sud du pays est tr\u00e8s similaire aux \u00e9v\u00e9nements tragiques de la soi-disant Pacification de l&rsquo;Araucanie, il y a plus d&rsquo;un si\u00e8cle, dont les principaux auteurs sont encore reconnaissables dans les noms de rues et d&rsquo;espaces publics. M\u00eame si la statue du g\u00e9n\u00e9ral Cornelio Saavedra a \u00e9t\u00e9 arrach\u00e9e de son socle par des manifestants en 2020 et jet\u00e9e dans la rivi\u00e8re Lumaco. Tout aussi r\u00e9cemment, le monument au g\u00e9n\u00e9ral Baquedano, qui s&rsquo;est \u00e9galement distingu\u00e9 dans ce sombre \u00e9pisode d&rsquo;usurpation des terres mapuches, a contraint les autorit\u00e9s \u00e0 le retirer de la Plaza Italia, en plein centre de notre capitale.<\/span><\/p>\n<p style=\"text-align: justify;\"><span style=\"font-size: 14pt;\">Le peuple chilien a l&rsquo;intuition qu&rsquo;Allende serait aujourd&rsquo;hui le leader qu&rsquo;il a \u00e9t\u00e9 des revendications socio-\u00e9conomiques de son \u00e9poque. Son nom est \u00e9galement reconnu comme celui e l&rsquo;un des principaux combattants de notre \u00e9poque. Lorsque l&rsquo;in\u00e9galit\u00e9 sociale pr\u00e9vaut et que la marginalisation et le manque d&rsquo;opportunit\u00e9s expliquent le d\u00e9veloppement de ph\u00e9nom\u00e8nes tels que la criminalit\u00e9 et le trafic de drogue, des fl\u00e9aux que m\u00eame les politiciens qui se disent progressistes pensent qu&rsquo;il faut combattre avec plus de pouvoirs pour la police, plus d&rsquo;armes dissuasives et des peines punitives m\u00eame pour les mineurs qui commettent des d\u00e9lits. Aujourd&rsquo;hui, ils sont donc \u00e0 nouveau tent\u00e9s d&rsquo;envoyer de plus en plus de militaires dans les rues et les villes du nord et du sud. Une fois de plus, ils sont au bord d&rsquo;une nouvelle et juste explosion sociale, sans aucune autre pand\u00e9mie en vue pour la contenir, comme cela s&rsquo;est produit, emp\u00eachant ce qui \u00e9tait un effondrement institutionnel imminent.<\/span><\/p>\n<p style=\"text-align: justify;\"><span style=\"font-size: 14pt;\">\u201cLa gauche unie ne sera jamais vaincue\u201d est l&rsquo;un des slogans les plus connus et celui qui a \u00e9t\u00e9 le plus longtemps brandi sur les banderoles des avant-gardes dans leurs mobilisations. Il ne fait aucun doute que c&rsquo;\u00e9tait aussi l&rsquo;aspiration et la r\u00e9ussite d&rsquo;Allende lorsqu&rsquo;il est arriv\u00e9 au gouvernement et qu&rsquo;il a pu devenir le porte-drapeau de la gauche, apr\u00e8s la mesquinerie qui s&rsquo;est manifest\u00e9e entre partis pour obtenir une plus grande h\u00e9g\u00e9monie dans l&rsquo;influence sur les d\u00e9cisions pr\u00e9sidentielles. Cependant, il est plus qu&rsquo;\u00e9vident que ce sont les controverses entre socialistes, communistes et autres qui ont affaibli le gouvernement de l&rsquo;Unit\u00e9 Populaire et, dans une large mesure, encourag\u00e9 le coup d&rsquo;\u00c9tat. Comment ne pas se rappeler que, depuis le c\u0153ur m\u00eame de la gauche, Allende a \u00e9t\u00e9 qualifi\u00e9 de \u201csocial-d\u00e9mocrate\u201d et accus\u00e9 de d\u00e9fendre la d\u00e9mocratie \u201cbourgeoise\u201d par des dirigeants qui, pendant qu\u2019Allende mourait \u00e0 La Moneda, se cachaient d\u00e9j\u00e0 dans des ambassades et renon\u00e7aient \u00e0 toute tentative de r\u00e9sistance au d\u00e9cha\u00eenement militaire !<\/span><\/p>\n<p style=\"text-align: justify;\"><span style=\"font-size: 14pt;\">En disant cela, nous n&rsquo;avons pas l&rsquo;intention de justifier l&rsquo;action des s\u00e9ditieux, qui ont commenc\u00e9 \u00e0 comploter son renversement avant que ces contradictions ne se manifestent. Pour eux, Allende ne devait \u00eatre renvers\u00e9 qu&rsquo;en raison de sa proposition programmatique et de la possibilit\u00e9 que son exp\u00e9rience soit reproduite dans d&rsquo;autres pays appartenant \u00e0 la zone d&rsquo;influence des USA, en pleine guerre froide. Il faut donc reconna\u00eetre que sa tentative de gagner le soutien de l&rsquo;Union sovi\u00e9tique et du monde socialiste de l&rsquo;Europe de l&rsquo;Est a \u00e9t\u00e9 vaine.<\/span><\/p>\n<p><img loading=\"lazy\" decoding=\"async\" class=\"aligncenter wp-image-57221\" src=\"https:\/\/www.lapluma.net\/wp-content\/uploads\/2023\/09\/Partidos-chilenos-1-300x114.png\" alt=\"\" width=\"600\" height=\"228\" srcset=\"https:\/\/www.lapluma.net\/wp-content\/uploads\/2023\/09\/Partidos-chilenos-1-300x114.png 300w, https:\/\/www.lapluma.net\/wp-content\/uploads\/2023\/09\/Partidos-chilenos-1-768x292.png 768w, https:\/\/www.lapluma.net\/wp-content\/uploads\/2023\/09\/Partidos-chilenos-1.png 960w\" sizes=\"auto, (max-width: 600px) 100vw, 600px\" \/><\/p>\n<p style=\"text-align: justify;\"><span style=\"font-size: 14pt;\">Ce qui est grave, c&rsquo;est que cinquante ans apr\u00e8s sa mort, la situation de la gauche chilienne n&rsquo;a fait qu&#8217;empirer par rapport au slogan cit\u00e9 plus haut, et aujourd&rsquo;hui le panorama est franchement d\u00e9sastreux quand les r\u00e9f\u00e9rents avant-gardistes se multiplient dans toutes sortes de collectifs et d&rsquo;associations dont les id\u00e9ologies et les intentions sont pratiquement incompr\u00e9hensibles pour le pays. Des entit\u00e9s qui ne comptent g\u00e9n\u00e9ralement pas plus d&rsquo;une centaine de militants actifs et qui manquent de pratiques d\u00e9mocratiques internes pour d\u00e9finir leurs dirigeants et leurs propositions. Une flop\u00e9e de sigles, qui ne sont rien d&rsquo;autre que des noms bizarres, composent le soi-disant Frente Amplio [Front Large], ainsi que l&rsquo;autoproclam\u00e9 socialisme d\u00e9mocratique. Tous exhibent leurs querelles \u00e0 travers les m\u00e9dias, alors qu&rsquo;ensemble ils n&rsquo;ont pas \u00e9t\u00e9 capables de remplir un th\u00e9\u00e2tre ou un stade avec leurs adh\u00e9rents et sympathisants depuis longtemps.<\/span><\/p>\n<p style=\"text-align: justify;\"><span style=\"font-size: 14pt;\">Il ne fait aucun doute que le principal objectif de ces camarillas est de placer leurs partisans inconditionnels au sein de l&rsquo;appareil d&rsquo;\u00c9tat et d&rsquo;acc\u00e9der aux minist\u00e8res et aux sous-secr\u00e9tariats, o\u00f9 les quotas sont le d\u00e9nominateur commun. Et quand ils n&rsquo;y parviennent pas, ils cr\u00e9ent des fondations et d&rsquo;autres entit\u00e9s pour recevoir des millions du Tr\u00e9sor public qui, bien s\u00fbr, servent \u00e0 financer leurs ambitions \u00e9lectorales et, accessoirement, leur enrichissement illicite. Nous savons d\u00e9j\u00e0 que parmi tous les \u00e9pisodes de corruption politique, la justice enqu\u00eate actuellement sur la destination de quelque 30 milliards de pesos [= 30 millions d\u2019\u20ac]. Ce qui est reconnu comme la fraude la plus grave contre le tr\u00e9sor national de toute la p\u00e9riode post-dictature.<\/span><\/p>\n<p><img loading=\"lazy\" decoding=\"async\" class=\"aligncenter wp-image-57222\" src=\"https:\/\/www.lapluma.net\/wp-content\/uploads\/2023\/09\/Izquierda-derecha-chile-1-300x225.jpg\" alt=\"\" width=\"600\" height=\"450\" srcset=\"https:\/\/www.lapluma.net\/wp-content\/uploads\/2023\/09\/Izquierda-derecha-chile-1-300x225.jpg 300w, https:\/\/www.lapluma.net\/wp-content\/uploads\/2023\/09\/Izquierda-derecha-chile-1.jpg 480w\" sizes=\"auto, (max-width: 600px) 100vw, 600px\" \/><\/p>\n<p style=\"text-align: center;\"><span style=\"font-size: 12pt;\"><strong>Le probl\u00e8me de la gauche :<\/strong><\/span><br \/>\n<span style=\"font-size: 12pt;\"><em>-Sur le fond on est d&rsquo;accord<br \/>\n-Mais d&rsquo;innombrables nuances nous s\u00e9parent<\/em><\/span><br \/>\n<span style=\"font-size: 12pt;\"><strong>L&rsquo;avantage de la droite:<\/strong><\/span><br \/>\n<span style=\"font-size: 12pt;\"><em>-D&rsquo;innombrables nuances nous s\u00e9parent<br \/>\n-Mais sur le fond on est d&rsquo;accord<\/em><\/span><\/p>\n<p style=\"text-align: justify;\"><span style=\"font-size: 14pt;\">Pour la consolation de cette gauche qui se d\u00e9grade et s&rsquo;effrite, la droite souffre d&rsquo;une atomisation similaire, tout comme les multiples scissions de la D\u00e9mocratie chr\u00e9tienne, du <a href=\"https:\/\/es.wikipedia.org\/wiki\/Partido_por_la_Democracia\">PPD<\/a> et d&rsquo;autres organisations qui, selon les sondages, obtiennent moins de trois ou quatre pour cent du soutien populaire. Le parti le plus vot\u00e9 est le Parti r\u00e9publicain d&rsquo;extr\u00eame droite, mais avec moins de 5 % du soutien \u00e9lectoral.<\/span><\/p>\n<p style=\"text-align: justify;\"><span style=\"font-size: 14pt;\">Sans parler de la responsabilit\u00e9 politique qui doit \u00eatre attribu\u00e9e aux partis en ce qui concerne la disparition des anciennes r\u00e9f\u00e9rences syndicales. De la faible importance aujourd&rsquo;hui de la Central Unitaria de Trabajadores, ainsi que des associations professionnelles qui ont \u00e9t\u00e9 \u00e0 l&rsquo;avant-garde de la lutte contre la dictature. Toutes ces organisations se morfondent dans la lutte de leur caudillisme interne et sont confront\u00e9es \u00e0 des scandales de corruption qui se d\u00e9clenchent pr\u00e9cis\u00e9ment lorsqu&rsquo;elles doivent \u201cn\u00e9gocier\u201d avec les gouvernements en place le montant du salaire minimum et l&rsquo;application de certaines lois sur le travail.<\/span><\/p>\n<p style=\"text-align: justify;\"><span style=\"font-size: 14pt;\">Allende grandit d\u00e9finitivement dans la m\u00e9moire du peuple chilien, bien qu&rsquo;il soit syst\u00e9matiquement ignor\u00e9 par les dirigeants politiques et sociaux qui se r\u00e9clament de lui. Tout cela s&rsquo;explique par le manque d&rsquo;id\u00e9es et de programmes d&rsquo;action et, surtout, par l&rsquo;absence de m\u00e9dias qui favorisent le d\u00e9bat id\u00e9ologique et la prise de conscience des Chiliens, en particulier des plus jeunes.<\/span><\/p>\n<p style=\"text-align: justify;\"><span style=\"font-size: 14pt;\">Il est bien connu que la lutte contre l&rsquo;oppression de Pinochet a impliqu\u00e9 des organisations sociales et politiques spontan\u00e9es, mais aussi les m\u00e9dias, dont la mission \u00e9tait de d\u00e9noncer les abus de la dictature et de promouvoir le retour \u00e0 la d\u00e9mocratie. Au d\u00e9but, les timides efforts journalistiques ont gagn\u00e9 en influence et ont eu le m\u00e9rite d&rsquo;enregistrer toutes les horreurs commises contre la dignit\u00e9 humaine et les droits du peuple au sein de la dictature. Cependant, m\u00eame aujourd&rsquo;hui, on suppose que toutes ces r\u00e9f\u00e9rences ont \u00e9t\u00e9 extermin\u00e9es par les premiers gouvernements de la Concertation, lorsque d&rsquo;obscurs personnages comme Edgardo Boeninguer, Enrique Correa et d&rsquo;autres ministres et op\u00e9rateurs de La Moneda ont d\u00e9cid\u00e9 qu&rsquo;il serait trop risqu\u00e9 d&rsquo;avoir des journaux, des magazines et des stations de radio qui pourraient exiger la r\u00e9alisation des promesses faites par les nouvelles autorit\u00e9s et, ce faisant, d\u00e9stabiliser les militaires, ainsi qu&#8217;embarrasser les grands hommes d&rsquo;affaires pinoch\u00e9tistes qui ont pris leur place dans la nouvelle d\u00e9mocratie. D&rsquo;ailleurs, dans l&rsquo;impunit\u00e9 la plus totale en ce qui concerne les entreprises et les ressources de l&rsquo;\u00c9tat accapar\u00e9es sous la protection du tyran et du voleur qui gouvernait de facto.<\/span><\/p>\n<p style=\"text-align: justify;\"><span style=\"font-size: 14pt;\">Le temps nous a donn\u00e9 raison lorsque nous avons constat\u00e9 que des missions diplomatiques envoy\u00e9es en Europe ont averti les gouvernements qu&rsquo;ils devaient s&rsquo;abstenir de toute aide aux m\u00e9dias chiliens et au monde prolifique des organisations sociales et de d\u00e9fense des droits humains. Une demande sans doute \u00e9cout\u00e9e par les pays qui soutenaient ces m\u00e9dias et envisageaient m\u00eame de leur accorder une aide d\u00e9finitive et substantielle qui servirait \u00e0 les consolider pendant la pr\u00e9tendue d\u00e9mocratie \u00e0 venir. Malheureusement<em>, la realpolitik s<\/em>&lsquo;est impos\u00e9e \u00e0 ces pays qui voulaient d\u00e9sormais faire des affaires dans notre pays et acc\u00e9der \u00e0 nos richesses naturelles. Tout cela se passait, rappelons-le, pendant que le gouvernement de Patricio Aylwin effa\u00e7ait les dettes d&rsquo;<em>El Mercurio<\/em>, de <em>La Tercera<\/em> et d&rsquo;autres m\u00e9dias, tout en renouvelant les contrats publicitaires de plusieurs millions de dollars avec l&rsquo;\u00c9tat qui les soutenait alors que leur d\u00e9clin \u00e9tait imminent. Ces m\u00eames contrats publicitaires ont \u00e9galement \u00e9t\u00e9 refus\u00e9s \u00e0 la presse ind\u00e9pendante qui, sans aucun doute, aurait continu\u00e9 \u00e0 s&rsquo;opposer \u00e0 l&rsquo;impunit\u00e9 et \u00e0 plaider en faveur d&rsquo;une d\u00e9mocratie solide et de ces r\u00e9formes \u00e9conomiques et sociales, dont beaucoup sont encore en suspens aujourd&rsquo;hui. Tout comme ils auraient d\u00e9nonc\u00e9 les premiers actes de corruption qui sont aujourd&rsquo;hui si r\u00e9pandus dans notre vie politique.<\/span><\/p>\n<p style=\"text-align: justify;\"><span style=\"font-size: 14pt;\">S&rsquo;il est vrai que ces m\u00e9dias ind\u00e9pendants et dignes ont r\u00e9ussi \u00e0 briser le blocus de l&rsquo;information impos\u00e9 par la dictature, nous devrions aujourd&rsquo;hui \u00eatre reconnaissants et applaudir le fait qu&rsquo;il existe un nombre infini de sites web libres sur l&rsquo;internet, ce qui rend tr\u00e8s difficile pour la classe politique de continuer \u00e0 commettre ses inepties, et maintenant m\u00eame la presse de droite elle-m\u00eame est incapable de les \u00e9viter.<\/span><\/p>\n<p style=\"text-align: justify;\"><span style=\"font-size: 14pt;\">Des centaines de milliers, voire des millions de Chiliens vivent aujourd&rsquo;hui dans le d\u00e9senchantement, \u00e0 cause de ce qui aurait pu \u00eatre et n&rsquo;a pas \u00e9t\u00e9. Nous sommes d\u00e9\u00e7us par la trahison id\u00e9ologique et la corruption morale de ceux qui ont acc\u00e9d\u00e9 au gouvernement de notre nation. Nous craignons que le pays ne soit \u00e0 nouveau au bord de l&rsquo;effondrement et que les heures am\u00e8res de notre coexistence ne reviennent. Mais ce sur quoi nous sommes d&rsquo;accord et qui nous anime est le fait que, malgr\u00e9 tout, les id\u00e9es et les objectifs de Salvador Allende sont toujours valables et que son nom est un cri et un ferment d&rsquo;espoir.<\/span><\/p>\n<h2><span style=\"font-size: 14pt;\"><strong><a href=\"https:\/\/tlaxcala-int.blogspot.com\/p\/auteurs.html\">Juan Pablo C\u00e1rdenas S.<\/a><\/strong><strong>, <\/strong><strong><a href=\"http:\/\/juanpablocardenas.cl\/\">Pol\u00edtica y Utopia<\/a><\/strong><strong>,\u00a0 le <\/strong><strong>11 septembre 2023<em><br \/>\n<\/em><\/strong><\/span><\/h2>\n<h2><span style=\"font-size: 14pt;\">Original: <a tabindex=\"0\" href=\"https:\/\/www.lapluma.net\/2023\/09\/12\/allende-cincuenta-anos-despues\/\" rel=\"bookmark\">Allende, cincuenta a\u00f1os despu\u00e9s<\/a><\/span><\/h2>\n<h2><span style=\"font-size: 14pt;\"><strong>Traduit par <\/strong><strong><a href=\"https:\/\/docs.google.com\/document\/d\/1iCMKgo4n9QO9LQzVQUf3JXAkTrNmAGrNIkQgnIOlIdM\/edit\">Fausto Giudice<\/a><\/strong><strong>, <\/strong><\/span><\/h2>\n<h2><span style=\"font-size: 14pt;\"><strong>Source : <a href=\"https:\/\/tlaxcala-int.blogspot.com\/search\/label\/Fausto%20Giudice\">Tlaxcala<\/a>, le 13 septembre 2023<\/strong><\/span><\/h2>\n","protected":false},"excerpt":{"rendered":"<p>es centaines de milliers, voire des millions de Chiliens vivent aujourd&rsquo;hui dans le d\u00e9senchantement, \u00e0 cause de ce qui aurait pu \u00eatre et n&rsquo;a pas \u00e9t\u00e9. Nous sommes d\u00e9\u00e7us par la trahison id\u00e9ologique et la corruption morale de ceux qui ont acc\u00e9d\u00e9 au gouvernement de notre nation. Mais ce sur quoi nous sommes d&rsquo;accord et qui nous anime est le fait que, malgr\u00e9 tout, les id\u00e9es et les objectifs de Salvador Allende sont toujours valables et que son nom est un cri et un ferment d&rsquo;espoir.<\/p>\n","protected":false},"author":315,"featured_media":57108,"comment_status":"open","ping_status":"open","sticky":false,"template":"","format":"standard","meta":{"_uf_show_specific_survey":0,"_uf_disable_surveys":false,"footnotes":""},"categories":[217],"tags":[6501,65,191,269,24387,2873,208,268],"coauthors":[2866],"class_list":["post-57106","post","type-post","status-publish","format-standard","has-post-thumbnail","hentry","category-abya-yala","tag-11-septembre-1973","tag-abya-yala","tag-chile","tag-chili","tag-gauche-et-goche","tag-juan-pablo-cardenas-s","tag-salvador-allende","tag-unidad-popular"],"translation":{"provider":"WPGlobus","version":"2.12.2","language":"fr","enabled_languages":["es","fr"],"languages":{"es":{"title":true,"content":true,"excerpt":true},"fr":{"title":true,"content":true,"excerpt":true}}},"_links":{"self":[{"href":"https:\/\/www.lapluma.net\/fr\/wp-json\/wp\/v2\/posts\/57106","targetHints":{"allow":["GET"]}}],"collection":[{"href":"https:\/\/www.lapluma.net\/fr\/wp-json\/wp\/v2\/posts"}],"about":[{"href":"https:\/\/www.lapluma.net\/fr\/wp-json\/wp\/v2\/types\/post"}],"author":[{"embeddable":true,"href":"https:\/\/www.lapluma.net\/fr\/wp-json\/wp\/v2\/users\/315"}],"replies":[{"embeddable":true,"href":"https:\/\/www.lapluma.net\/fr\/wp-json\/wp\/v2\/comments?post=57106"}],"version-history":[{"count":11,"href":"https:\/\/www.lapluma.net\/fr\/wp-json\/wp\/v2\/posts\/57106\/revisions"}],"predecessor-version":[{"id":57220,"href":"https:\/\/www.lapluma.net\/fr\/wp-json\/wp\/v2\/posts\/57106\/revisions\/57220"}],"wp:featuredmedia":[{"embeddable":true,"href":"https:\/\/www.lapluma.net\/fr\/wp-json\/wp\/v2\/media\/57108"}],"wp:attachment":[{"href":"https:\/\/www.lapluma.net\/fr\/wp-json\/wp\/v2\/media?parent=57106"}],"wp:term":[{"taxonomy":"category","embeddable":true,"href":"https:\/\/www.lapluma.net\/fr\/wp-json\/wp\/v2\/categories?post=57106"},{"taxonomy":"post_tag","embeddable":true,"href":"https:\/\/www.lapluma.net\/fr\/wp-json\/wp\/v2\/tags?post=57106"},{"taxonomy":"author","embeddable":true,"href":"https:\/\/www.lapluma.net\/fr\/wp-json\/wp\/v2\/coauthors?post=57106"}],"curies":[{"name":"wp","href":"https:\/\/api.w.org\/{rel}","templated":true}]}}