{"id":56966,"date":"2023-09-10T14:21:08","date_gmt":"2023-09-10T14:21:08","guid":{"rendered":"https:\/\/www.lapluma.net\/?p=56966"},"modified":"2023-09-11T07:55:48","modified_gmt":"2023-09-11T07:55:48","slug":"chile-50-anos-despues-de-la-ignominia-el-neoliberalismo-a-punta-de-metralla","status":"publish","type":"post","link":"https:\/\/www.lapluma.net\/fr\/2023\/09\/10\/chile-50-anos-despues-de-la-ignominia-el-neoliberalismo-a-punta-de-metralla\/","title":{"rendered":"Chili : 50 ans apr\u00e8s l\u2019ignominie <br><i>Le n\u00e9olib\u00e9ralisme \u00e0 la pointe des mitraillettes<\/i>"},"content":{"rendered":"<p style=\"text-align: justify;\"><span style=\"font-size: 14pt;\">Le coup d\u2019\u00c9tat contre le gouvernement du pr\u00e9sident chilien Salvador Allende qui a eu lieu le 11 septembre 1973, a brutalement et violemment ferm\u00e9 la voie que plusieurs pays d\u2019Am\u00e9rique latine \u00e9taient en train de construire vers un \u00c9tat-providence et la souverainet\u00e9 sur leurs ressources naturelles. Le Chili a pr\u00e9figur\u00e9 ce qui allait se passer dans le monde au cours des dix ann\u00e9es suivantes : la contre-offensive de l\u2019imp\u00e9rialisme, notamment \u00e9tasunien, contre les politiques de redistribution des revenus, le d\u00e9veloppement industriel endog\u00e8ne et la construction de ce que l\u2019on a appel\u00e9 l\u2019\u00c9tat-providence, explique \u00c9ric Toussaint, fondateur du Comit\u00e9 pour l\u2019abolition des dettes ill\u00e9gitimes (<a class=\"spip_url spip_out auto\" href=\"http:\/\/www.cadtm.org\" target=\"_blank\" rel=\"external nofollow noopener\">www.cadtm.org<\/a>) et membre du conseil scientifique de l\u2019Association pour la Taxation des Transactions Financi\u00e8res (ATTAC) France.<\/span><\/p>\n<table style=\"width: 100%; border-collapse: collapse; background-color: #f0f0f0;\">\n<tbody>\n<tr>\n<td style=\"width: 100%;\">\n<div class=\"cs_sommaire_corps\">\n<ul>\n<li><a title=\"Le coup d'\u00c9tat contre Salvador Allende a impos\u00e9 un mod\u00e8le \u00e9conomique contraire aux classes (...)\" href=\"https:\/\/www.cadtm.org\/Chili-50-ans-apres-l-ignominie-Le-neoliberalisme-au-bout-de-la-mitraillette#le_coup_d_etat_contre_salvador_allende_a_impose_un_modele_economique_contraire_aux_classes_populaires\">Le coup d\u2019\u00c9tat contre Salvador Allende a impos\u00e9 un mod\u00e8le \u00e9conomique contraire aux classes\u00a0(&#8230;)<\/a><\/li>\n<li><a title=\"Le coup d'\u00c9tat de Pinochet a \u00e9t\u00e9 \u00ab le d\u00e9but d'un voyage vers l'enfer n\u00e9olib\u00e9ral (...)\" href=\"https:\/\/www.cadtm.org\/Chili-50-ans-apres-l-ignominie-Le-neoliberalisme-au-bout-de-la-mitraillette#le_coup_d_etat_de_pinochet_a_ete_le_debut_d_un_voyage_vers_l_enfer_neoliberal\">Le coup d\u2019\u00c9tat de Pinochet a \u00e9t\u00e9 \u00ab\u00a0le d\u00e9but d\u2019un voyage vers l\u2019enfer n\u00e9olib\u00e9ral\u00a0(&#8230;)<\/a><\/li>\n<\/ul>\n<\/div>\n<\/td>\n<\/tr>\n<\/tbody>\n<\/table>\n<p style=\"text-align: justify;\"><span style=\"font-size: 14pt;\">Cinquante ans plus tard, le coup d\u2019\u00c9tat contre le gouvernement l\u00e9gitimement \u00e9lu de Salvador Allende marque un point historique\u00a0: l\u2019imposition d\u2019un mod\u00e8le, que nous connaissons sous le nom de n\u00e9olib\u00e9ral, par l\u2019utilisation d\u2019une violence brutale contre les classes populaires, ajoute-t-il dans une interview accord\u00e9e \u00e0 <i>La Jornada.<\/i><\/span><\/p>\n<p style=\"text-align: justify;\"><span style=\"font-size: 14pt;\">\u00ab\u00a0Le mod\u00e8le n\u00e9olib\u00e9ral, qu\u2019il s\u2019agisse de la version Pinochet au Chili, Carlos Menem en Argentine ou Carlos Salinas de Gortari au Mexique, a \u00e9t\u00e9 un \u00e9chec, malgr\u00e9 les discours sur un pr\u00e9tendu miracle. Si l\u2019on se place dans une perspective historique, il a repr\u00e9sent\u00e9 pour l\u2019Am\u00e9rique latine la privatisation et la \u00ab\u00a0reprimarisation\u00a0\u00bb<span class=\"spip_note_ref\">\u00a0[<a id=\"nh1\" class=\"spip_note\" title=\"Reprimarisation. On distingue trois grands secteurs \u00e9conomiques : le secteur\u00a0(...)\" href=\"https:\/\/www.cadtm.org\/Chili-50-ans-apres-l-ignominie-Le-neoliberalisme-au-bout-de-la-mitraillette#nb1\" rel=\"appendix\">1<\/a>]<\/span> (= la r\u00e9gression d\u2019une \u00e9conomie qui a connu un processus d\u2019industrialisation diversifi\u00e9e vers une plus grande d\u00e9pendance \u00e0 l\u2019\u00e9gard de ses exportations de mati\u00e8res premi\u00e8res -p\u00e9trole, gaz, min\u00e9raux solides, produits agricoles-) de ses \u00e9conomies, note \u00c9ric Toussaint, critique des politiques des organismes financiers internationaux \u00e0 l\u2019\u00e9gard des pays du Sud, internationaliste et animateur de mouvements tels que le Forum Social Mondial.<\/span><\/p>\n<h3 id=\"le_coup_d_etat_contre_salvador_allende_a_impose_un_modele_economique_contraire_aux_classes_populaires\" class=\"spip\" style=\"text-align: justify;\"><a class=\"sommaire_ancre\" title=\"Sommaire\" href=\"https:\/\/www.cadtm.org\/Chili-50-ans-apres-l-ignominie-Le-neoliberalisme-au-bout-de-la-mitraillette#outil_sommaire\">\u00a0<\/a><span style=\"color: #ff0000;\">Le coup d\u2019\u00c9tat contre Salvador Allende a impos\u00e9 un mod\u00e8le \u00e9conomique contraire aux classes populaires<\/span><\/h3>\n<p><img loading=\"lazy\" decoding=\"async\" class=\"aligncenter wp-image-56968\" src=\"https:\/\/www.lapluma.net\/wp-content\/uploads\/2023\/09\/1_chilebombardeo-62f91-300x218.jpg\" alt=\"\" width=\"600\" height=\"437\" srcset=\"https:\/\/www.lapluma.net\/wp-content\/uploads\/2023\/09\/1_chilebombardeo-62f91-300x218.jpg 300w, https:\/\/www.lapluma.net\/wp-content\/uploads\/2023\/09\/1_chilebombardeo-62f91.jpg 640w\" sizes=\"auto, (max-width: 600px) 100vw, 600px\" \/><\/p>\n<p style=\"text-align: center;\">Coup d&rsquo;\u00c9tat au Chili le 11 septembre 1973. Bombardement du Palais de la Moneda (Palais du gouvernement). Biblioth\u00e8que du Congr\u00e8s national.<br class=\"autobr\" \/>CC BY 3.0 cl<\/p>\n<p style=\"text-align: justify;\"><span style=\"font-size: 14pt;\">Le r\u00e9gime dictatorial d\u2019Augusto Pinochet, le g\u00e9n\u00e9ral qui a dirig\u00e9 le coup d\u2019\u00c9tat contre le pr\u00e9sident Allende, a inaugur\u00e9 la vague n\u00e9olib\u00e9rale et la mise en \u0153uvre d\u2019un mod\u00e8le \u00e9conomique et politique. Le Chili a \u00e9t\u00e9, selon Toussaint, le laboratoire de l\u2019imposition de ce mod\u00e8le, bas\u00e9, entre autres, sur la r\u00e9duction de l\u2019intervention du secteur public dans la r\u00e9gulation des activit\u00e9s \u00e9conomiques, la privatisation des ressources strat\u00e9giques et le transfert de services tels que la sant\u00e9 et l\u2019\u00e9ducation \u00e0 des entreprises priv\u00e9es<span class=\"spip_note_ref\">\u00a0[<a id=\"nh2\" class=\"spip_note\" title=\"\u00c9ric Toussaint montre dans le livre Banque mondiale : Une histoire critique,\u00a0(...)\" href=\"https:\/\/www.cadtm.org\/Chili-50-ans-apres-l-ignominie-Le-neoliberalisme-au-bout-de-la-mitraillette#nb2\" rel=\"appendix\">2<\/a>]<\/span>.<\/span><\/p>\n<p style=\"text-align: justify; padding-left: 40px;\"><span style=\"font-size: 14pt;\"><q>Le Chili a \u00e9t\u00e9 le laboratoire de l\u2019imposition du mod\u00e8le n\u00e9olib\u00e9ral bas\u00e9 sur la r\u00e9duction de l\u2019intervention du secteur public dans la r\u00e9gulation des activit\u00e9s \u00e9conomiques, la privatisation des ressources strat\u00e9giques et le transfert de services tels que la sant\u00e9 et l\u2019\u00e9ducation \u00e0 des entreprises priv\u00e9es<\/q><\/span><\/p>\n<p style=\"text-align: justify;\"><span style=\"font-size: 14pt;\">En termes de politiques \u00e9conomiques, le coup d\u2019\u00c9tat militaire chilien s\u2019est d\u00e9roul\u00e9 dans un contexte particulier, selon \u00c9ric Toussaint\u00a0: les d\u00e9cennies pr\u00e9c\u00e9dentes avaient \u00e9t\u00e9 marqu\u00e9es par les politiques de promotion de la croissance et du d\u00e9veloppement par l\u2019\u00c9tat, mises en place \u00e0 la fin de la Seconde Guerre mondiale dans les pays du Nord. Dans cet environnement, des \u00e9conomistes comme Milton Friedman, qui a form\u00e9 \u00e0 l\u2019Universit\u00e9 de Chicago les principaux \u00e9conomistes qui ont mis en pratique le mod\u00e8le \u00e9conomique de la dictature chilienne, \u00ab\u00a0ou des penseurs r\u00e9actionnaires inspir\u00e9s par la soi-disant \u00c9cole Autrichienne esp\u00e9raient, au d\u00e9but des ann\u00e9es 1970, mettre fin \u00e0 une p\u00e9riode de plus de trois d\u00e9cennies &#8211; selon les r\u00e9gions \u2013 et ont appuy\u00e9 le virage n\u00e9olib\u00e9ral qui, dans le cas du Chili, a \u00e9t\u00e9 impos\u00e9 litt\u00e9ralement \u00e0 la pointe de la mitraillette\u00a0\u00bb.<\/span><\/p>\n<p style=\"text-align: justify;\"><span style=\"font-size: 14pt;\">Les politiques impos\u00e9es au Chili \u00e0 partir de 1973 \u00ab\u00a0visaient \u00e0 mettre fin \u00e0 une p\u00e9riode, qui a vari\u00e9 selon les r\u00e9gions, d\u2019environ 35 ans de politiques keyn\u00e9siennes au Nord et au Sud<span class=\"spip_note_ref\">\u00a0[<a id=\"nh3\" class=\"spip_note\" title=\"Au Br\u00e9sil, le tournant brutal anti populaire a \u00e9t\u00e9 pris, avec le soutien de\u00a0(...)\" href=\"https:\/\/www.cadtm.org\/Chili-50-ans-apres-l-ignominie-Le-neoliberalisme-au-bout-de-la-mitraillette#nb3\" rel=\"appendix\">3<\/a>]<\/span>\u00a0; des politiques qui affirmaient \u00e0 la fois une certaine autonomie par rapport \u00e0 l\u2019imp\u00e9rialisme et des concessions de la part des classes dominantes \u00e0 l\u2019\u00e9gard des classes populaires. Je me r\u00e9f\u00e8re \u00e0 une p\u00e9riode qui, en Am\u00e9rique latine, comprend la pr\u00e9sidence de <a class=\"spip_out\" href=\"https:\/\/fr.wikipedia.org\/wiki\/L%C3%A1zaro_C%C3%A1rdenas\" target=\"_blank\" rel=\"external noopener\">L\u00e1zaro C\u00e1rdenas<\/a> au Mexique, <a class=\"spip_out\" href=\"https:\/\/fr.wikipedia.org\/wiki\/Juan_Per%C3%B3n\" target=\"_blank\" rel=\"external noopener\">Juan Domingo Per\u00f3n<\/a> en Argentine et au Br\u00e9sil, Getulio Vargas, suivi de <a class=\"spip_out\" href=\"https:\/\/fr.wikipedia.org\/wiki\/Juscelino_Kubitschek\" target=\"_blank\" rel=\"external noopener\">Juscelino Kubitschek<\/a> et <a class=\"spip_out\" href=\"https:\/\/fr.wikipedia.org\/wiki\/Jo%C3%A3o_Goulart\" target=\"_blank\" rel=\"external noopener\">Joao Goulart<\/a>. Le Chili a donc \u00e9t\u00e9 un pr\u00e9curseur de ce qui allait se passer dans les ann\u00e9es qui ont suivi le coup d\u2019\u00c9tat. C\u2019est une date historique parce qu\u2019elle marque le d\u00e9but de la g\u00e9n\u00e9ralisation de la contre-offensive contre les politiques keyn\u00e9siennes de promotion du d\u00e9veloppement \u00e0 partir de l\u2019\u00c9tat et aux politiques de d\u00e9veloppement mises en pratique en Am\u00e9rique latine, comme le proposait la CEPAL.\u00a0\u00bb<\/span><\/p>\n<p style=\"text-align: justify;\"><span style=\"font-size: 14pt;\">Le coup d\u2019\u00c9tat de Pinochet a \u00e9t\u00e9 \u00ab\u00a0le d\u00e9but d\u2019un voyage vers l\u2019enfer n\u00e9olib\u00e9ral\u00a0\u00bb, qui a connu une autre \u00e9tape avec l\u2019arriv\u00e9e au pouvoir de Margaret Thatcher au Royaume-Uni en 1979 et de Ronald Reagan \u00e0 la Maison Blanche en 1980. \u00ab\u00a0Il s\u2019agit d\u2019un basculement historique, l\u2019imposition d\u2019un mod\u00e8le \u00e9conomique par l\u2019utilisation de la violence brutale contre les classes populaires et les mouvements de gauche, comme cela s\u2019est \u00e9galement produit en Uruguay et en Argentine\u00a0\u00bb. Ce fut, ajoute-t-il, \u00ab\u00a0une p\u00e9riode terrible en termes de r\u00e9pression en Am\u00e9rique latine. C\u2019est pourquoi nous parlons d\u2019un mod\u00e8le \u00e9conomique, le mod\u00e8le n\u00e9olib\u00e9ral, avec une dimension politique tr\u00e8s claire, conservatrice, accompagn\u00e9e d\u2019une r\u00e9pression massive par les forces arm\u00e9es, comme cela s\u2019est produit au Chili et en Argentine\u00a0\u00bb.<\/span><\/p>\n<h3 id=\"le_coup_d_etat_de_pinochet_a_ete_le_debut_d_un_voyage_vers_l_enfer_neoliberal\" class=\"spip\" style=\"text-align: justify;\"><span style=\"color: #ff0000;\"><a class=\"sommaire_ancre\" style=\"color: #ff0000;\" title=\"Sommaire\" href=\"https:\/\/www.cadtm.org\/Chili-50-ans-apres-l-ignominie-Le-neoliberalisme-au-bout-de-la-mitraillette#outil_sommaire\">\u00a0<\/a>Le coup d\u2019\u00c9tat de Pinochet a \u00e9t\u00e9 \u00ab\u00a0le d\u00e9but d\u2019un voyage vers l\u2019enfer n\u00e9olib\u00e9ral\u00a0\u00bb<\/span><\/h3>\n<p style=\"text-align: justify;\"><span style=\"font-size: 14pt;\">\u00c9ric Toussaint attire l\u2019attention sur le fait que le coup d\u2019\u00c9tat au Chili a \u00e9t\u00e9 soutenu non seulement par les \u00c9tats-Unis, leur arm\u00e9e et leurs agences de renseignement et d\u2019espionnage, mais aussi par des institutions financi\u00e8res telles que la <a class=\"cs_glossaire\" href=\"https:\/\/www.cadtm.org\/Banque-mondiale-BM\" name=\"mot961_0\"><span class=\"gl_mot\">Banque Mondiale<\/span><\/a> et le Fonds Mon\u00e9taire International.<\/span><\/p>\n<p style=\"text-align: justify;\"><span style=\"font-size: 14pt;\"><strong>-Quels sont les int\u00e9r\u00eats \u00e9conomiques qui ont cr\u00e9\u00e9 les conditions ou soutenu le coup d\u2019\u00c9tat contre le pr\u00e9sident Allende\u00a0?<\/strong><\/span><\/p>\n<p style=\"text-align: justify;\"><img loading=\"lazy\" decoding=\"async\" class=\"puce\" src=\"https:\/\/www.cadtm.org\/local\/cache-vignettes\/L8xH11\/puce-32883.gif?1680773115\" alt=\"-\" width=\"8\" height=\"11\" \/><span style=\"font-size: 14pt;\">\u00a0L\u2019une des raisons de l\u2019effondrement du gouvernement Allende a \u00e9t\u00e9 la nationalisation du cuivre. Celle-ci a affect\u00e9 les grandes entreprises \u00e9tatsuniennes, qui exerc\u00e8rent une pression sur le gouvernement des \u00c9tats-Unis et encourag\u00e8rent l\u2019arm\u00e9e chilienne de droite. Le mod\u00e8le a ensuite commenc\u00e9 \u00e0 \u00eatre mis en \u0153uvre par le biais de privatisations massives et de \u00ab\u00a0re-primarisation\u00a0\u00bb, de la lib\u00e9ralisation des investissements et de l\u2019augmentation de la <a class=\"cs_glossaire\" href=\"https:\/\/www.cadtm.org\/Dette-970\" name=\"mot970_1\"><span class=\"gl_mot\">dette<\/span><\/a> ext\u00e9rieure. Tout cela dans l\u2019id\u00e9e que pour attirer les investissements, il \u00e9tait n\u00e9cessaire de privatiser et d\u2019adopter des lois pour \u00ab\u00a0prot\u00e9ger\u00a0\u00bb ces investissements contre toute nationalisation. Au fil des ans, les responsables de la politique \u00e9conomique de plusieurs pays d\u2019Am\u00e9rique latine en sont venus \u00e0 affirmer qu\u2019il n\u2019y avait pas d\u2019autre voie que celle de la poursuite de telles politiques \u00e9conomiques.<\/span><\/p>\n<p style=\"text-align: justify; padding-left: 40px;\"><span style=\"font-size: 14pt;\"><q>L\u2019Am\u00e9rique Latine a privatis\u00e9 ses \u00e9conomies et est devenue un exportateur de mati\u00e8res premi\u00e8res alors que dans les d\u00e9cennies pr\u00e9c\u00e9dant le coup d\u2019\u00c9tat, un processus d\u2019industrialisation \u00e9tait en cours dans plusieurs pays<\/q><\/span><\/p>\n<p style=\"text-align: justify;\"><span style=\"font-size: 14pt;\">Je dirais qu\u2019il n\u2019y avait pas d\u2019autre chemin vers l\u2019enfer. Cette voie fut accompagn\u00e9e d\u2019une forte propagande, sur le pr\u00e9tendu miracle du mod\u00e8le chilien, tout comme il y eut une propagande sur le pr\u00e9tendu miracle de <a class=\"spip_out\" href=\"https:\/\/fr.wikipedia.org\/wiki\/Carlos_Salinas_de_Gortari\" target=\"_blank\" rel=\"external noopener\">Salinas de Gortari<\/a> au d\u00e9but des ann\u00e9es 1990 au Mexique. Mais tous ces mod\u00e8les ont \u00e9chou\u00e9. Au Chili, il y a eu une crise g\u00e9n\u00e9ralis\u00e9e des banques, sous la dictature de Pinochet, et elles ont d\u00fb \u00eatre renflou\u00e9es, comme au Mexique, en \u00c9quateur et dans d\u2019autres pays. L\u2019Am\u00e9rique Latine a privatis\u00e9 ses \u00e9conomies et est devenue un exportateur de mati\u00e8res premi\u00e8res ou le si\u00e8ge de maquiladoras (les maquiladoras sont des usines d\u2019assemblage \/ montage). Par exemple, il s\u2019agit des usines automobiles o\u00f9 l\u2019on ne produit pas les pi\u00e8ces car elles sont import\u00e9es et assembl\u00e9es par des ouvri\u00e8r-es sous pay\u00e9-es et peu qualifi\u00e9-es, alors que dans les d\u00e9cennies pr\u00e9c\u00e9dant le coup d\u2019\u00c9tat, un processus d\u2019industrialisation \u00e9tait en cours dans plusieurs pays.<\/span><\/p>\n<figure id=\"attachment_42252\" aria-describedby=\"caption-attachment-42252\" style=\"width: 600px\" class=\"wp-caption aligncenter\"><img loading=\"lazy\" decoding=\"async\" class=\"wp-image-42252\" src=\"https:\/\/www.lapluma.net\/wp-content\/uploads\/2022\/09\/chicagoboysotuimg-300x189.jpg\" alt=\"\" width=\"600\" height=\"378\" srcset=\"https:\/\/www.lapluma.net\/wp-content\/uploads\/2022\/09\/chicagoboysotuimg-300x189.jpg 300w, https:\/\/www.lapluma.net\/wp-content\/uploads\/2022\/09\/chicagoboysotuimg-768x484.jpg 768w, https:\/\/www.lapluma.net\/wp-content\/uploads\/2022\/09\/chicagoboysotuimg.jpg 770w\" sizes=\"auto, (max-width: 600px) 100vw, 600px\" \/><figcaption id=\"caption-attachment-42252\" class=\"wp-caption-text\">Pinochet fut un \u00e9l\u00e8ve ob\u00e9issant des Chicago Boys.<\/figcaption><\/figure>\n<p style=\"text-align: justify;\"><span style=\"font-size: 14pt;\"><strong>Que se passe-t-il aujourd\u2019hui avec cette fa\u00e7on de penser la politique \u00e9conomique\u00a0?<\/strong><\/span><\/p>\n<p style=\"text-align: justify;\"><span style=\"font-size: 14pt;\"><img loading=\"lazy\" decoding=\"async\" class=\"puce\" src=\"https:\/\/www.cadtm.org\/local\/cache-vignettes\/L8xH11\/puce-32883.gif?1680773115\" alt=\"-\" width=\"8\" height=\"11\" \/>\u00a0Le rejet massif des politiques n\u00e9olib\u00e9rales par la majorit\u00e9 des classes populaires des pays d\u2019Am\u00e9rique latine a commenc\u00e9 \u00e0 s\u2019exprimer clairement apr\u00e8s les dictatures et la crise de la dette des ann\u00e9es 1980. On peut citer les r\u00e9bellions au Venezuela en 1989 (connues sous le nom de Caracazo), des mouvements comme les Zapatistes au Mexique (\u00e0 partir de 1994) et les \u00e9lections de Hugo Ch\u00e1vez au Venezuela, Rafael Correa en Equateur et Evo Morales en Bolivie entre la fin des ann\u00e9es 1990 et le d\u00e9but de ce si\u00e8cle. Leur point commun \u00e9tait de reprendre le contr\u00f4le des ressources naturelles telles que le p\u00e9trole et le gaz. Plus r\u00e9cemment, on peut citer les victoires \u00e9lectorales d\u2019Andr\u00e9s Manuel L\u00f3pez Obrador au Mexique en 2018, d\u2019Alberto Fern\u00e1ndez en Argentine en 2019 et, plus r\u00e9cemment en 2022 et 2023, de Gabriel Boric, Gustavo Petro, et Lula respectivement au Chili, en Colombie et au Br\u00e9sil.<\/span><\/p>\n<p style=\"text-align: justify; padding-left: 40px;\"><span style=\"font-size: 14pt;\"><q>Il y a une nouvelle vague de gouvernements progressistes, mais nous ne voyons pas de rupture avec le mod\u00e8le \u00e9conomique.<\/q><\/span><\/p>\n<p style=\"text-align: justify;\"><span style=\"font-size: 14pt;\">Il y a une nouvelle vague de gouvernements progressistes, mais nous ne voyons pas de rupture avec le mod\u00e8le \u00e9conomique. Ce qu\u2019ils font, c\u2019est mettre en \u0153uvre une politique d\u2019assistance et d\u2019aides publiques aux secteurs les plus pauvres des classes populaires, ce qui est important, bien s\u00fbr, mais il n\u2019y a pas de r\u00e9elle volont\u00e9 d\u2019apporter un changement structurel.<\/span><\/p>\n<h5 style=\"text-align: justify;\"><span style=\"font-size: 18pt;\">Notes:<\/span><\/h5>\n<div id=\"nb1\" style=\"text-align: justify;\">\n<p><span style=\"font-size: 14pt;\"><span class=\"spip_note_ref\">[<a class=\"spip_note\" title=\"Notes 1\" href=\"https:\/\/www.cadtm.org\/Chili-50-ans-apres-l-ignominie-Le-neoliberalisme-au-bout-de-la-mitraillette#nh1\" rev=\"appendix\">1<\/a>]\u00a0<\/span>Reprimarisation. On distingue trois grands secteurs \u00e9conomiques\u00a0: le secteur primaire (exploitation directe des ressources naturelles), le secteur secondaire (industries de transformation) et le secteur tertiaire (services). En g\u00e9n\u00e9ral, plus les \u00e9conomies progressent et int\u00e8grent de la technologie, plus elles se renforcent dans les secteurs secondaire et tertiaire. Dans certains pays particuli\u00e8rement riches en mati\u00e8res premi\u00e8res, toutefois, la part du secteur primaire cro\u00eet parfois au d\u00e9triment du reste de l\u2019\u00e9conomie. On parle alors de \u00ab\u00a0reprimarisation\u00a0\u00bb. Source\u00a0: <a class=\"spip_url spip_out auto\" href=\"https:\/\/www.monde-diplomatique.fr\/publications\/manuel_d_economie_critique\/a57221\" target=\"_blank\" rel=\"external nofollow noopener\">https:\/\/www.monde-diplomatique.fr\/publications\/manuel_d_economie_critique\/a57221<\/a><\/span><\/p>\n<\/div>\n<div id=\"nb2\" style=\"text-align: justify;\">\n<p><span style=\"font-size: 14pt;\"><span class=\"spip_note_ref\">[<a class=\"spip_note\" title=\"Notes 2\" href=\"https:\/\/www.cadtm.org\/Chili-50-ans-apres-l-ignominie-Le-neoliberalisme-au-bout-de-la-mitraillette#nh2\" rev=\"appendix\">2<\/a>]\u00a0<\/span>\u00c9ric Toussaint montre dans le livre Banque mondiale\u00a0: Une histoire critique, qu\u2019une \u00e9volution partiellement similaire s\u2019est d\u00e9roul\u00e9e aux Philippines \u00e0 partir de la deuxi\u00e8me moiti\u00e9 de 1972. Voir chapitre 7\u00a0: La Banque mondiale et les Philippines (voir en ligne <a class=\"spip_url auto\" href=\"https:\/\/www.cadtm.org\/Banque-mondiale-et-Philippines\" target=\"_blank\" rel=\"nofollow noopener\">https:\/\/www.cadtm.org\/Banque-mondiale-et-Philippines<\/a> )<\/span><\/p>\n<\/div>\n<div id=\"nb3\">\n<p style=\"text-align: justify;\"><span style=\"font-size: 14pt;\"><span class=\"spip_note_ref\">[<a class=\"spip_note\" title=\"Notes 3\" href=\"https:\/\/www.cadtm.org\/Chili-50-ans-apres-l-ignominie-Le-neoliberalisme-au-bout-de-la-mitraillette#nh3\" rev=\"appendix\">3<\/a>]\u00a0<\/span>Au Br\u00e9sil, le tournant brutal anti populaire a \u00e9t\u00e9 pris, avec le soutien de Washington, d\u00e8s la fin mars 1964 avec le renversement par les militaires du gouvernement progressiste du pr\u00e9sident Joao Goulart. Voir <a class=\"spip_url auto\" href=\"https:\/\/www.cadtm.org\/Bresil-55-ans-apres-le-renversement-du-president-democratique-Joao-Goulart-le\" target=\"_blank\" rel=\"nofollow noopener\">https:\/\/www.cadtm.org\/Bresil-55-ans-apres-le-renversement-du-president-democratique-Joao-Goulart-le<\/a><\/span><\/p>\n<h2><span style=\"font-size: 14pt;\">Eric Toussaint et Roberto Gonz\u00e1lez Amador <\/span><\/h2>\n<h2><span style=\"font-size: 14pt;\">Source <a href=\"https:\/\/www.cadtm.org\/Chili-50-ans-apres-l-ignominie-Le-neoliberalisme-au-bout-de-la-mitraillette\">CADTM<\/a>, le 8 septembre 2023<\/span><\/h2>\n<h2><span style=\"font-size: 14pt;\">Editado por <a href=\"https:\/\/www.lapluma.net\/nosotros\/editora\/\">Mar\u00eda Piedad Ossaba<\/a><\/span><\/h2>\n<h2><span style=\"font-size: 14pt;\">Tradutions disponibles:\u00a0 <a href=\"https:\/\/www.lapluma.net\/2023\/09\/10\/chile-50-anos-despues-de-la-ignominia-el-neoliberalismo-a-punta-de-metralla\/\">Espa\u00f1ol<\/a>,\u00a0 <a dir=\"ltr\" href=\"https:\/\/www.cadtm.org\/Chile-50-years-after-the-disgrace-Neoliberalism-at-gun-point\">English<\/a>, <a dir=\"ltr\" href=\"https:\/\/www.cadtm.org\/Chile-50-anos-apos-a-ignominia-O-neoliberalismo-imposto-a-forca-de-bala\">Portugu\u00eas <\/a><br \/>\n<\/span><\/h2>\n<\/div>\n","protected":false},"excerpt":{"rendered":"<p>Il y a une nouvelle vague de gouvernements progressistes, mais nous ne voyons pas de rupture avec le mod\u00e8le \u00e9conomique. Ce qu\u2019ils font, c\u2019est mettre en \u0153uvre une politique d\u2019assistance et d\u2019aides publiques aux secteurs les plus pauvres des classes populaires, ce qui est important, bien s\u00fbr, mais il n\u2019y a pas de r\u00e9elle volont\u00e9 d\u2019apporter un changement structurel.<\/p>\n","protected":false},"author":1328,"featured_media":57014,"comment_status":"open","ping_status":"open","sticky":false,"template":"","format":"standard","meta":{"_uf_show_specific_survey":0,"_uf_disable_surveys":false,"footnotes":""},"categories":[217],"tags":[15012,24361,24357,7395,24359,4332,24358,24362,24360],"coauthors":[24356],"class_list":["post-56966","post","type-post","status-publish","format-standard","has-post-thumbnail","hentry","category-abya-yala","tag-chile-golpe-de-estado","tag-chili-coup-detat","tag-eric-toussaint-y-roberto-gonzalez-amador","tag-expansion-politicas-neoliberales","tag-inicio-viraje-hacia-el-infierno","tag-modelo-neoliberal","tag-usa-banco-mundial-fondo-monetario-internacional","tag-vague-neoliberale","tag-violacia-vs-clases-populares"],"translation":{"provider":"WPGlobus","version":"2.12.2","language":"fr","enabled_languages":["es","fr"],"languages":{"es":{"title":true,"content":true,"excerpt":true},"fr":{"title":true,"content":true,"excerpt":true}}},"_links":{"self":[{"href":"https:\/\/www.lapluma.net\/fr\/wp-json\/wp\/v2\/posts\/56966","targetHints":{"allow":["GET"]}}],"collection":[{"href":"https:\/\/www.lapluma.net\/fr\/wp-json\/wp\/v2\/posts"}],"about":[{"href":"https:\/\/www.lapluma.net\/fr\/wp-json\/wp\/v2\/types\/post"}],"author":[{"embeddable":true,"href":"https:\/\/www.lapluma.net\/fr\/wp-json\/wp\/v2\/users\/1328"}],"replies":[{"embeddable":true,"href":"https:\/\/www.lapluma.net\/fr\/wp-json\/wp\/v2\/comments?post=56966"}],"version-history":[{"count":17,"href":"https:\/\/www.lapluma.net\/fr\/wp-json\/wp\/v2\/posts\/56966\/revisions"}],"predecessor-version":[{"id":57064,"href":"https:\/\/www.lapluma.net\/fr\/wp-json\/wp\/v2\/posts\/56966\/revisions\/57064"}],"wp:featuredmedia":[{"embeddable":true,"href":"https:\/\/www.lapluma.net\/fr\/wp-json\/wp\/v2\/media\/57014"}],"wp:attachment":[{"href":"https:\/\/www.lapluma.net\/fr\/wp-json\/wp\/v2\/media?parent=56966"}],"wp:term":[{"taxonomy":"category","embeddable":true,"href":"https:\/\/www.lapluma.net\/fr\/wp-json\/wp\/v2\/categories?post=56966"},{"taxonomy":"post_tag","embeddable":true,"href":"https:\/\/www.lapluma.net\/fr\/wp-json\/wp\/v2\/tags?post=56966"},{"taxonomy":"author","embeddable":true,"href":"https:\/\/www.lapluma.net\/fr\/wp-json\/wp\/v2\/coauthors?post=56966"}],"curies":[{"name":"wp","href":"https:\/\/api.w.org\/{rel}","templated":true}]}}