{"id":56687,"date":"2023-08-31T17:10:15","date_gmt":"2023-08-31T17:10:15","guid":{"rendered":"https:\/\/www.lapluma.net\/?p=56687"},"modified":"2023-08-31T17:17:22","modified_gmt":"2023-08-31T17:17:22","slug":"lupita-cuando-lo-esencial-no-es-invisible","status":"publish","type":"post","link":"https:\/\/www.lapluma.net\/fr\/2023\/08\/31\/lupita-cuando-lo-esencial-no-es-invisible\/","title":{"rendered":"Lupita: cuando lo esencial no es invisible"},"content":{"rendered":"<p style=\"text-align: justify;\"><span style=\"font-size: 14pt;\">He aqu\u00ed un campo de batalla donde la disputa por el sentido cobra dimensiones estremecedoras. El 22 de diciembre de 1997, un grupo paramilitar identificado con toda claridad, asesin\u00f3 a 45 personas pertenecientes a la organizaci\u00f3n civil pacifista \u201cLas Abejas\u201d. Nadie, que tenga vida, puede ser indiferente. Esto no es un \u201cdocumental\u201d, es un poema \u00e9pico revolucionario en el que una voluntad, que se niega al olvido y la indiferencia, lucha con las armas de la dignidad m\u00e1s transparente. Es la palabra y el ejemplo de corazones llenos de razones humanistas, en pie de guerra contra lo macabro. La vida misma luchando contra los mercenarios de la muerte. A la vista de todos y todas. La memoria tambi\u00e9n es un campo de batalla.<\/span><\/p>\n<figure id=\"attachment_56696\" aria-describedby=\"caption-attachment-56696\" style=\"width: 600px\" class=\"wp-caption aligncenter\"><img loading=\"lazy\" decoding=\"async\" class=\"wp-image-56696\" src=\"https:\/\/www.lapluma.net\/wp-content\/uploads\/2023\/08\/2_Lupita_Tsotsil-1024x683-1-300x200.jpg\" alt=\"\" width=\"600\" height=\"400\" srcset=\"https:\/\/www.lapluma.net\/wp-content\/uploads\/2023\/08\/2_Lupita_Tsotsil-1024x683-1-300x200.jpg 300w, https:\/\/www.lapluma.net\/wp-content\/uploads\/2023\/08\/2_Lupita_Tsotsil-1024x683-1-768x512.jpg 768w, https:\/\/www.lapluma.net\/wp-content\/uploads\/2023\/08\/2_Lupita_Tsotsil-1024x683-1-435x290.jpg 435w, https:\/\/www.lapluma.net\/wp-content\/uploads\/2023\/08\/2_Lupita_Tsotsil-1024x683-1-150x100.jpg 150w, https:\/\/www.lapluma.net\/wp-content\/uploads\/2023\/08\/2_Lupita_Tsotsil-1024x683-1-370x247.jpg 370w, https:\/\/www.lapluma.net\/wp-content\/uploads\/2023\/08\/2_Lupita_Tsotsil-1024x683-1.jpg 1024w\" sizes=\"auto, (max-width: 600px) 100vw, 600px\" \/><figcaption id=\"caption-attachment-56696\" class=\"wp-caption-text\">La organizaci\u00f3n Las Abejas de Acteal busca un di\u00e1logo y soluciones por medio de la costumbre y las pl\u00e1ticas<\/figcaption><\/figure>\n<p style=\"text-align: justify;\"><span style=\"font-size: 14pt;\">En Acteal, el capitalismo dej\u00f3 tatuadas todas sus canalladas criminales. No falta una sola. Y no contentos, los due\u00f1os del poder, con el despojo, la persecuci\u00f3n, el hambre, la insalubridad y las humillaciones sin freno, completaron su perversi\u00f3n con una masacre. Un cuarto de siglo despu\u00e9s los herederos de las v\u00edctimas resisten. Acteal, y todas las matanzas que ah\u00ed se perpetran diariamente, bajo mil disfraces, condensa la maldad criminal y en ella hay una interpelaci\u00f3n hist\u00f3rica a quienes nada -o poco- han hecho para que no gane el silencio. <\/span><\/p>\n<p style=\"text-align: justify;\"><span style=\"font-size: 14pt;\">Por su voz habla la voz de la especie humana que reclama lo elemental, lo crucial y lo decisivo. Aunque eligieron los recursos del relato audiovisual, la disputa por el sentido que conlleva excede a sus herramientas y a las evidencias. No se trata s\u00f3lo de mostrar la criminalidad hist\u00f3rica de las mafias que se adue\u00f1aron de la tierra y de la vida para mancillar la dignidad de los pueblos originarios, y de todo el proletariado, en todo el mundo. Lupita habla y lucha por la igualdad de todos y todas. Es inaceptable tomar distancia. Habla por la especie humana que reclama tierra, techo y trabajo, para todos y todas, en un mundo donde el poder econ\u00f3mico, pol\u00edtico, militar y medi\u00e1tico descargan su furia contra los m\u00e1s d\u00e9biles, contra quienes s\u00f3lo cuentan con su fuerza de trabajo para alimentar a su porle.<br \/>\n<\/span><\/p>\n<figure id=\"attachment_56695\" aria-describedby=\"caption-attachment-56695\" style=\"width: 600px\" class=\"wp-caption aligncenter\"><img loading=\"lazy\" decoding=\"async\" class=\"wp-image-56695\" src=\"https:\/\/www.lapluma.net\/wp-content\/uploads\/2023\/08\/1_Lupita_Tsotsil-300x200.jpg\" alt=\"\" width=\"600\" height=\"400\" srcset=\"https:\/\/www.lapluma.net\/wp-content\/uploads\/2023\/08\/1_Lupita_Tsotsil-300x200.jpg 300w, https:\/\/www.lapluma.net\/wp-content\/uploads\/2023\/08\/1_Lupita_Tsotsil-1024x683.jpg 1024w, https:\/\/www.lapluma.net\/wp-content\/uploads\/2023\/08\/1_Lupita_Tsotsil-768x512.jpg 768w, https:\/\/www.lapluma.net\/wp-content\/uploads\/2023\/08\/1_Lupita_Tsotsil-1536x1025.jpg 1536w, https:\/\/www.lapluma.net\/wp-content\/uploads\/2023\/08\/1_Lupita_Tsotsil-435x290.jpg 435w, https:\/\/www.lapluma.net\/wp-content\/uploads\/2023\/08\/1_Lupita_Tsotsil-150x100.jpg 150w, https:\/\/www.lapluma.net\/wp-content\/uploads\/2023\/08\/1_Lupita_Tsotsil-370x247.jpg 370w, https:\/\/www.lapluma.net\/wp-content\/uploads\/2023\/08\/1_Lupita_Tsotsil.jpg 1559w\" sizes=\"auto, (max-width: 600px) 100vw, 600px\" \/><figcaption id=\"caption-attachment-56695\" class=\"wp-caption-text\">Guadalupe V\u00e1zquez Luna, Concejala tsotsil. Comunidad de Acteal, Chiapas<\/figcaption><\/figure>\n<p style=\"text-align: justify;\"><span style=\"font-size: 14pt;\">Todas nuestras ideas sobre la igualdad tienen en el mensaje de Lupita un examen riguroso que es indispensable atender y entender si, en verdad, hay compromiso fraterno con el futuro de la especie humana liberada de las perversiones asesinas del capitalismo. Aunque algunos se tornan requisitosos a la hora de expresar y practicar la solidaridad; aunque un cierto escepticismo t\u00f3xico obnubila a la necesaria hermandad con las luchas desde abajo; aunque un \u201cizquierdismo\u201d infantil manotea argumentos sesudos para profundizar delirios sectarios y burocratistas\u2026 En la lucha que Lupita expresa hay una transparencia que fulmina a las exquisiteces rancias de los teoremas \u201cporgres\u201d m\u00e1s de moda. Queda expuesta, en la lucha de Lupita, una de las m\u00e1s n\u00edtidas agendas del proletariado. En la mirada y la palabra de Lupita anida una agenda que, mayormente, no est\u00e1 en el palabrer\u00edo de ciertas \u201cizquierdas\u201d. \u00bfA qu\u00e9 se lo debemos?<\/span><\/p>\n<p style=\"text-align: justify;\"><span style=\"font-size: 14pt;\">Est\u00e1 desatada la barbarie paramilitar en Chiapas, nadie toca a los terratenientes ni a la servidumbre pol\u00edtica armada, \u201chasta los dientes\u201d, para el despojo y el asesinato. Nada nuevo. Toda la criminalidad usurpadora financia \u201cguardias bancas\u201d cuyo prontuario es el asesinato de inocentes, destrucci\u00f3n de sus viviendas e incendio de parcelas, apuntalados y protegidos por cuerpos policiacos y controles militares corruptos como siempre y peor. Hay miles de personas desplazadas, asesinadas y torturadas. Todo a la vista, aunque muchos se niegan a ver. Los detalles los da Lupita. No se los pierdan, no se pierdan.<\/span><\/p>\n<p style=\"text-align: justify;\"><span style=\"font-size: 14pt;\"><a href=\"https:\/\/floreseneldesierto.desinformemonos.org\/guadalupe\/\">Guadalupe V\u00e1zquez Luna<\/a> es una mujer, madre y luchadora tsotsil*, que sobrevivi\u00f3 a la masacre de Acteal. Nos educa el compendio enorme de sus cualidades humanas. Hace de la sencillez un arma de combate que rescata de inmediato, con una sabidur\u00eda concreta, lo mejor de la especie humana que es la capacidad de luchar, unidos, contra todas las vejaciones del capitalismo. No es una virtud puramente individual porque le viene de la lucha de su pueblo, de su compromiso hist\u00f3rico y de la consistencia irrompible de su resistencia cotidiana con dimensiones pol\u00edtico-sociales m\u00faltiples. Su lucha deber\u00eda ser acompa\u00f1ada por todos y todas incansablemente. Apela a lo que deber\u00edamos apelar en cada palmo de nuestras vidas, estemos donde estemos, en defensa de la justicia social y la del territorio, no s\u00f3lo en Los Altos de Chiapas. <em>Post scriptum<\/em>: La matanza de Acteal sigue siendo pisoteada por la impunidad y la impudicia. An\u00f3tese.<\/span><\/p>\n<p style=\"text-align: justify;\"><span style=\"font-size: 12pt;\">*<strong>Tsotsil:<\/strong> Grupo ind\u00edgena mexicano que habita en el estado de Chiapas, al noreste del nudo de Hueitepec. <\/span><span id=\"MainContent_repeater_lblDefinicion_1\"><span style=\"font-size: 12pt;\">El territorio en el que viven es de valles h\u00famedos y calientes, y monta\u00f1as templadas o fr\u00edas, por lo que los cultivos var\u00edan seg\u00fan la zona. <\/span><a href=\"https:\/\/www.gob.mx\/inpi\/articulos\/etnografia-de-los-pueblos-tzotzil-batsil-winik-otik-y-tzeltal-winik-atel?idiom=es\"><span style=\"font-size: 12pt;\">Mayor informaci\u00f3n<\/span><\/a><\/span><\/p>\n<h3><strong>Lupita:<\/strong><\/h3>\n<div style=\"text-align: center;\">\n<p><iframe loading=\"lazy\" title=\"LUPITA | Documentales\" src=\"https:\/\/www.youtube.com\/embed\/JcDr5pjH5Z4\" width=\"640\" height=\"360\" frameborder=\"0\" allowfullscreen=\"allowfullscreen\"><\/iframe><\/p>\n<div style=\"text-align: center;\">\n<h2 style=\"text-align: justify;\"><span style=\"font-size: 14pt;\">Fernando Buen Abad Dom\u00ednguez para La Pluma, 29 de agosto de 2023<\/span><\/h2>\n<h2 style=\"text-align: justify;\"><span style=\"font-size: 14pt;\">Editado por <a href=\"https:\/\/www.lapluma.net\/nosotros\/editora\/\">Mar\u00eda Piedad Ossaba<\/a><\/span><\/h2>\n<\/div>\n<div class=\"site-branding-text\">\n<p class=\"site-description\">\n<\/div>\n<\/div>\n","protected":false},"excerpt":{"rendered":"<p>He aqu&iacute; un campo de batalla donde la disputa por el sentido cobra dimensiones estremecedoras. El 22 de diciembre de 1997, un grupo paramilitar identificado con toda claridad, asesin&oacute; a 45 personas pertenecientes a la organizaci&oacute;n civil pacifista &ldquo;Las Abejas&rdquo;. Nadie, que tenga vida, puede ser indiferente. Esto no es un &ldquo;documental&rdquo;, es un poema&#8230;<\/p>\n","protected":false},"author":10,"featured_media":56694,"comment_status":"open","ping_status":"open","sticky":false,"template":"","format":"standard","meta":{"_uf_show_specific_survey":0,"_uf_disable_surveys":false,"footnotes":""},"categories":[5,13],"tags":[18894,87,24278,24279,24281,385,14871,24283],"coauthors":[246],"class_list":["post-56687","post","type-post","status-publish","format-standard","has-post-thumbnail","hentry","category-editoriales-y-opiniones","category-videos","tag-disputa-por-el-sentido","tag-fernando-buen-abad-dominguez","tag-lupita","tag-masacre-de-acteal","tag-memoriae-campo-de-batalla","tag-mexico","tag-pueblos-originarios","tag-tierra-techo-trabajo"],"translation":{"provider":"WPGlobus","version":"2.12.2","language":"fr","enabled_languages":["es","fr"],"languages":{"es":{"title":true,"content":true,"excerpt":false},"fr":{"title":false,"content":false,"excerpt":false}}},"_links":{"self":[{"href":"https:\/\/www.lapluma.net\/fr\/wp-json\/wp\/v2\/posts\/56687","targetHints":{"allow":["GET"]}}],"collection":[{"href":"https:\/\/www.lapluma.net\/fr\/wp-json\/wp\/v2\/posts"}],"about":[{"href":"https:\/\/www.lapluma.net\/fr\/wp-json\/wp\/v2\/types\/post"}],"author":[{"embeddable":true,"href":"https:\/\/www.lapluma.net\/fr\/wp-json\/wp\/v2\/users\/10"}],"replies":[{"embeddable":true,"href":"https:\/\/www.lapluma.net\/fr\/wp-json\/wp\/v2\/comments?post=56687"}],"version-history":[{"count":8,"href":"https:\/\/www.lapluma.net\/fr\/wp-json\/wp\/v2\/posts\/56687\/revisions"}],"predecessor-version":[{"id":56699,"href":"https:\/\/www.lapluma.net\/fr\/wp-json\/wp\/v2\/posts\/56687\/revisions\/56699"}],"wp:featuredmedia":[{"embeddable":true,"href":"https:\/\/www.lapluma.net\/fr\/wp-json\/wp\/v2\/media\/56694"}],"wp:attachment":[{"href":"https:\/\/www.lapluma.net\/fr\/wp-json\/wp\/v2\/media?parent=56687"}],"wp:term":[{"taxonomy":"category","embeddable":true,"href":"https:\/\/www.lapluma.net\/fr\/wp-json\/wp\/v2\/categories?post=56687"},{"taxonomy":"post_tag","embeddable":true,"href":"https:\/\/www.lapluma.net\/fr\/wp-json\/wp\/v2\/tags?post=56687"},{"taxonomy":"author","embeddable":true,"href":"https:\/\/www.lapluma.net\/fr\/wp-json\/wp\/v2\/coauthors?post=56687"}],"curies":[{"name":"wp","href":"https:\/\/api.w.org\/{rel}","templated":true}]}}