{"id":56350,"date":"2023-08-25T13:53:41","date_gmt":"2023-08-25T13:53:41","guid":{"rendered":"https:\/\/www.lapluma.net\/?p=56350"},"modified":"2023-08-25T18:24:42","modified_gmt":"2023-08-25T18:24:42","slug":"hannah-arendt-la-banalidad-del-mal","status":"publish","type":"post","link":"https:\/\/www.lapluma.net\/fr\/2023\/08\/25\/hannah-arendt-la-banalidad-del-mal\/","title":{"rendered":"Hannah Arendt: la banalidad del mal <br><i>Reflexiones desde Chile entorno a la c\u00e9lebre frase de la famosa escritora alemana<\/i>"},"content":{"rendered":"<div class=\"article-body\">\n<p style=\"text-align: justify;\"><span style=\"font-size: 14pt;\"><em>Un cuarter\u00f3n de militares chilenos en retiro le ha dirigido una carta al presidente de la Rep\u00fablica, con el lastimoso y abyecto prop\u00f3sito de disimular -una vez m\u00e1s- sus responsabilidades criminales durante la dictadura. El comportamiento de los nazis en Francia, durante la Ocupaci\u00f3n 22 junio 1940 &#8211; junio\/julio 1944 entrega una sorpresa: la bestialidad no alcanz\u00f3 los inveros\u00edmiles niveles que alcanz\u00f3 en Chile. Los nazis torturaron y asesinaron, pero nunca lo ocultaron. Permitieron incluso que los fusilados le escribieran a sus familias antes de morir. Y no disimularon sus cad\u00e1veres. Las FFAA chilenas debiesen mirarse en el espejo y verse como lo que fueron y lo que son. Esta nota de Pedro Vergara Meersohn hace una reflexi\u00f3n sobre la banalidad del mal. Seg\u00fan Hannah Arendt los nazis no eran tan malos, sino simplemente muy cobardes.<\/em>[ N de Politika].<\/span><\/p>\n<p style=\"text-align: justify;\"><span style=\"font-size: 14pt;\">A\u00f1os despu\u00e9s de la segunda guerra mundial, <a href=\"https:\/\/www.biografiasyvidas.com\/biografia\/a\/arendt.htm\">Hannah Arendt<\/a> viaj\u00f3 a Israel como corresponsal de la revista <em>The New Yorker<\/em> para entrevistar <a href=\"https:\/\/www.biografiasyvidas.com\/biografia\/e\/eichmann.htm\">Adolf Eichmann,<\/a> que estaba siendo procesado por genocidio y condenado a muerte en Tel Aviv. En sus conversaciones con este personaje, que reencarnaba el mal, Hannah Arendt, llega a la triste conclusi\u00f3n, que Adolf Eichmann no era una persona perversa, tampoco un antisemita por definici\u00f3n o naturaleza, sino un bur\u00f3crata perfeccionista habituado a seguir \u00f3rdenes y hacer las cosas bien para avanzar en su carrera militar.<\/span><\/p>\n<figure id=\"attachment_56360\" aria-describedby=\"caption-attachment-56360\" style=\"width: 600px\" class=\"wp-caption aligncenter\"><img loading=\"lazy\" decoding=\"async\" class=\"wp-image-56360\" src=\"https:\/\/www.lapluma.net\/wp-content\/uploads\/2023\/08\/Adolf-Eichmann-fue-un-criminal-de-guerra-austroaleman-y-funcionario-en-el-regimen-nazi-durante-300x225.jpg\" alt=\"\" width=\"600\" height=\"451\" srcset=\"https:\/\/www.lapluma.net\/wp-content\/uploads\/2023\/08\/Adolf-Eichmann-fue-un-criminal-de-guerra-austroaleman-y-funcionario-en-el-regimen-nazi-durante-300x225.jpg 300w, https:\/\/www.lapluma.net\/wp-content\/uploads\/2023\/08\/Adolf-Eichmann-fue-un-criminal-de-guerra-austroaleman-y-funcionario-en-el-regimen-nazi-durante.jpg 574w\" sizes=\"auto, (max-width: 600px) 100vw, 600px\" \/><figcaption id=\"caption-attachment-56360\" class=\"wp-caption-text\">Adolf Eichmann\u200b\u200b fue un criminal de guerra\u200b austroalem\u00e1n\u200b y funcionario en el r\u00e9gimen nazi\u200b durante la Segunda Guerra Mundial<\/figcaption><\/figure>\n<p style=\"text-align: justify;\"><span style=\"font-size: 14pt;\">En esta ocasi\u00f3n, Hannah Arendt, habla de la banalidad del mal y escribe: <\/span><\/p>\n<p style=\"text-align: justify;\"><span style=\"font-size: 14pt;\">\u00abEn esos minutos finales fue como si el propio Eichmann estuviera resumiendo la larga lecci\u00f3n sobre la maldad humana que hab\u00edamos presenciado: la espantosa <em>banalidad del mal<\/em> ante la cual fallan las palabras y el pensamiento\u00bb.<\/span><\/p>\n<p><img loading=\"lazy\" decoding=\"async\" class=\" wp-image-56352 aligncenter\" src=\"https:\/\/www.lapluma.net\/wp-content\/uploads\/2023\/08\/Capture-decran-Hanna-Arendt-Eichmann-en-Jeuralen-215x300.jpg\" alt=\"\" width=\"486\" height=\"678\" srcset=\"https:\/\/www.lapluma.net\/wp-content\/uploads\/2023\/08\/Capture-decran-Hanna-Arendt-Eichmann-en-Jeuralen-215x300.jpg 215w, https:\/\/www.lapluma.net\/wp-content\/uploads\/2023\/08\/Capture-decran-Hanna-Arendt-Eichmann-en-Jeuralen.jpg 357w\" sizes=\"auto, (max-width: 486px) 100vw, 486px\" \/><\/p>\n<h5 style=\"text-align: center;\"><span style=\"font-size: 12pt;\"><a href=\"https:\/\/maytemunoz.net\/wp-content\/uploads\/2016\/10\/arendt-hannah-eichmann-en-jerusalen.pdf\">Hannah Arendt,\u00a0 Eichmann en Jerusal\u00e9n. Un estudio acerca de la banalidad del mal,<\/a> Formato PDF<\/span><\/h5>\n<p style=\"text-align: justify;\"><span style=\"font-size: 14pt;\">En muchos casos, cuando se habla de atrocidades humanas, delitos contra la humanidad y genocidio, afrontamos un sistema, que con su l\u00f3gica perversa, arrastra a hombres incapaces de oponerse a ensuciarse de sangre sin que ellos por disposici\u00f3n o car\u00e1cter sean malignos, sino m\u00e1s bien, maleables. La maldad est\u00e1 fundamentalmente en el sistema, la organizaci\u00f3n, en la presi\u00f3n de grupo, el miedo y las ambiciones personales, junto a la apat\u00eda y el conformismo.<\/span><\/p>\n<figure id=\"attachment_56359\" aria-describedby=\"caption-attachment-56359\" style=\"width: 600px\" class=\"wp-caption aligncenter\"><img loading=\"lazy\" decoding=\"async\" class=\"wp-image-56359\" src=\"https:\/\/www.lapluma.net\/wp-content\/uploads\/2023\/08\/Hannah-Arendt-considerada-como-una-de-las-filosofas-mas-influyentes-del-siglo-XX-300x225.jpg\" alt=\"\" width=\"600\" height=\"450\" srcset=\"https:\/\/www.lapluma.net\/wp-content\/uploads\/2023\/08\/Hannah-Arendt-considerada-como-una-de-las-filosofas-mas-influyentes-del-siglo-XX-300x225.jpg 300w, https:\/\/www.lapluma.net\/wp-content\/uploads\/2023\/08\/Hannah-Arendt-considerada-como-una-de-las-filosofas-mas-influyentes-del-siglo-XX-768x576.jpg 768w, https:\/\/www.lapluma.net\/wp-content\/uploads\/2023\/08\/Hannah-Arendt-considerada-como-una-de-las-filosofas-mas-influyentes-del-siglo-XX.jpg 980w\" sizes=\"auto, (max-width: 600px) 100vw, 600px\" \/><figcaption id=\"caption-attachment-56359\" class=\"wp-caption-text\">Hannah Arendt, escritora y fil\u00f3sofa alemana<\/figcaption><\/figure>\n<p style=\"text-align: justify;\"><span style=\"font-size: 14pt;\">Por experiencia personal, s\u00e9 de persona realmente perversas y estas son relativamente pocas. Cuando uno, se hace participe de un crimen una vez, la segunda vez ser\u00e1 m\u00e1s f\u00e1cil y la tercera a\u00fan m\u00e1s, hasta llegar a un punto irreversible, donde se excluye toda posibilidad de volver atr\u00e1s y despu\u00e9s, sinti\u00e9ndose culpable, se buscar\u00e1n todas las excusas posibles para negar y esconder cualquier tipo de responsabilidad.<\/span><\/p>\n<p style=\"text-align: justify;\"><span style=\"font-size: 14pt;\">El problema en Chile en estos momentos es el reconocimiento del mal causado, asumirse la responsabilidad de atrocidades enormes para poder cambiar. Los ex funcionarios de la dictadura, los viejos torturadores, los violadores en masa, los carniceros de j\u00f3venes inocentes y los pol\u00edticos comprometidos con ese infierno no aceptar\u00e1n jam\u00e1s sus culpas. Inventar\u00e1n historias inconcebibles para vestirse de humanidad en toda su inhumanidad. Minimizar\u00e1n sus delitos, dir\u00e1n que fue culpa de unos pocos, pero nosotros sabemos que el mal estaba en el sistema, en el odio, en las instituciones, en la historia y adem\u00e1s en la cabeza desquiciada de unos cuantos l\u00edderes que arrastraron consigo miles de otros, convirti\u00e9ndolos ante la ley en asesinos.<\/span><\/p>\n<p style=\"text-align: justify;\"><span style=\"font-size: 14pt;\">Adolf Eichmann fue sentenciado a muerte, Alemania cambi\u00f3 su constituci\u00f3n e hizo ilegal la discriminaci\u00f3n, el antisemitismo y la participaci\u00f3n activa en movimientos fascistas. La pregunta es \u00bfc\u00f3mo volver\u00e1 Chile a ser un pa\u00eds, una naci\u00f3n, un pueblo?, ahora que el pasado ya no se puede ocultar y salen a flotes los crimines y las bestialidades, como cad\u00e1veres podridos escupidos por el mar.<\/span><\/p>\n<figure id=\"attachment_56367\" aria-describedby=\"caption-attachment-56367\" style=\"width: 600px\" class=\"wp-caption aligncenter\"><img loading=\"lazy\" decoding=\"async\" class=\"wp-image-56367\" src=\"https:\/\/www.lapluma.net\/wp-content\/uploads\/2023\/08\/Soldado-chileno-dispara-contra-manifestantes-durante-la-dictadura-militar-de-Pinochet-300x225.jpg\" alt=\"\" width=\"600\" height=\"450\" srcset=\"https:\/\/www.lapluma.net\/wp-content\/uploads\/2023\/08\/Soldado-chileno-dispara-contra-manifestantes-durante-la-dictadura-militar-de-Pinochet-300x225.jpg 300w, https:\/\/www.lapluma.net\/wp-content\/uploads\/2023\/08\/Soldado-chileno-dispara-contra-manifestantes-durante-la-dictadura-militar-de-Pinochet.jpg 465w\" sizes=\"auto, (max-width: 600px) 100vw, 600px\" \/><figcaption id=\"caption-attachment-56367\" class=\"wp-caption-text\">Soldado chileno dispara contra manifestantes durante la dictadura militar de Pinochet<\/figcaption><\/figure>\n<p style=\"text-align: justify;\"><span style=\"font-size: 14pt;\">Ya han pasado 50 a\u00f1os del golpe militar en Chile y las heridas producidas a\u00fan no sanan. El pa\u00eds est\u00e1 dividido por muros invisibles y la remoci\u00f3n del pasado es una estrategia imposible que debilita y paraliza en vez de recrear una comunidad nacional. Los fantasmas del pasado siguen pululando en las calles y ciudades, desuniendo y separando hasta impedir cualquier gesto de recobrada unidad. Un fen\u00f3meno que comprendi\u00f3 anticipadamente Nelson Mandela, que impuso un proceso que permiti\u00f3 dejar enterrado en el pasado las atrocidades del \u00abapartheid\u00bb.<\/span><\/p>\n<p style=\"text-align: justify;\"><span style=\"font-size: 14pt;\">Si los culpables no aceptan sus delitos ni piden perd\u00f3n, insistiendo en sus \u00abrazones\u00bb, la banalidad del mal se convierte en la negaci\u00f3n de un posible bien y esto excluye la capacidad de sanar. Los traumas del pasado se transmiten de generaci\u00f3n en generaci\u00f3n y lo que fue y no es aceptado como tal, un crimen en contra de la humanidad se transforma en el estigma imborrable de lo irreconciliable. La banalidad del mal existe, como tambi\u00e9n existe la culpa y la responsabilidad.<\/span><\/p>\n<\/div>\n<h2 align=\"left\"><span style=\"font-size: 14pt;\">Pedro Vergara Meersohn<\/span><\/h2>\n<h2 align=\"left\"><span style=\"font-size: 14pt;\">Editado por <a href=\"https:\/\/www.lapluma.net\/nosotros\/editora\/\">Mar\u00eda Piedad Ossaba<\/a><\/span><\/h2>\n<h2 align=\"left\"><span style=\"font-size: 14pt;\">Fuente:\u00a0 <a href=\"https:\/\/www.meer.com\/es\/authors\/319-pedro-vergara-meersohn\">Meer<\/a> \/ <a href=\"https:\/\/madmimi.com\/p\/97ff171?pact=6317695-175431776-4158025400-a4754f853c5701ef94d185bdf1da57c6599b2bb9\">Politika<\/a>, 25 de julio de 2023<\/span><\/h2>\n","protected":false},"excerpt":{"rendered":"<p>Los traumas del pasado se transmiten de generaci\u00f3n en generaci\u00f3n y lo que fue y no es aceptado como tal, un crimen en contra de la humanidad se transforma en el estigma imborrable de lo irreconciliable. La banalidad del mal existe, como tambi\u00e9n existe la culpa y la responsabilidad.<\/p>\n","protected":false},"author":1323,"featured_media":56353,"comment_status":"open","ping_status":"open","sticky":false,"template":"","format":"standard","meta":{"_uf_show_specific_survey":0,"_uf_disable_surveys":false,"footnotes":""},"categories":[22393,218],"tags":[8352,24214,16660,24215,8930,24213,24216],"coauthors":[24211],"class_list":["post-56350","post","type-post","status-publish","format-standard","has-post-thumbnail","hentry","category-economia","category-monde","tag-augusto-pinochet","tag-banalidad-del-mal","tag-chile-america-latina-abya-yala-2","tag-dictadura-torturadores-violadores","tag-hannah-arendt","tag-pedro-vergara-meersohn","tag-violaciones-de-ddhh-dih"],"translation":{"provider":"WPGlobus","version":"2.12.2","language":"fr","enabled_languages":["es","fr"],"languages":{"es":{"title":true,"content":true,"excerpt":true},"fr":{"title":false,"content":false,"excerpt":false}}},"_links":{"self":[{"href":"https:\/\/www.lapluma.net\/fr\/wp-json\/wp\/v2\/posts\/56350","targetHints":{"allow":["GET"]}}],"collection":[{"href":"https:\/\/www.lapluma.net\/fr\/wp-json\/wp\/v2\/posts"}],"about":[{"href":"https:\/\/www.lapluma.net\/fr\/wp-json\/wp\/v2\/types\/post"}],"author":[{"embeddable":true,"href":"https:\/\/www.lapluma.net\/fr\/wp-json\/wp\/v2\/users\/1323"}],"replies":[{"embeddable":true,"href":"https:\/\/www.lapluma.net\/fr\/wp-json\/wp\/v2\/comments?post=56350"}],"version-history":[{"count":14,"href":"https:\/\/www.lapluma.net\/fr\/wp-json\/wp\/v2\/posts\/56350\/revisions"}],"predecessor-version":[{"id":56374,"href":"https:\/\/www.lapluma.net\/fr\/wp-json\/wp\/v2\/posts\/56350\/revisions\/56374"}],"wp:featuredmedia":[{"embeddable":true,"href":"https:\/\/www.lapluma.net\/fr\/wp-json\/wp\/v2\/media\/56353"}],"wp:attachment":[{"href":"https:\/\/www.lapluma.net\/fr\/wp-json\/wp\/v2\/media?parent=56350"}],"wp:term":[{"taxonomy":"category","embeddable":true,"href":"https:\/\/www.lapluma.net\/fr\/wp-json\/wp\/v2\/categories?post=56350"},{"taxonomy":"post_tag","embeddable":true,"href":"https:\/\/www.lapluma.net\/fr\/wp-json\/wp\/v2\/tags?post=56350"},{"taxonomy":"author","embeddable":true,"href":"https:\/\/www.lapluma.net\/fr\/wp-json\/wp\/v2\/coauthors?post=56350"}],"curies":[{"name":"wp","href":"https:\/\/api.w.org\/{rel}","templated":true}]}}