{"id":56192,"date":"2023-08-23T10:32:48","date_gmt":"2023-08-23T10:32:48","guid":{"rendered":"https:\/\/www.lapluma.net\/?p=56192"},"modified":"2023-08-23T10:40:35","modified_gmt":"2023-08-23T10:40:35","slug":"masacre-de-trelew-memoria-verdad-y-justicia","status":"publish","type":"post","link":"https:\/\/www.lapluma.net\/fr\/2023\/08\/23\/masacre-de-trelew-memoria-verdad-y-justicia\/","title":{"rendered":"Masacre de Trelew:  Memoria, verdad y justicia"},"content":{"rendered":"<h2 style=\"text-align: justify;\"><span style=\"font-size: 18pt;\">Argentina 22 de agosto: a 51 a\u00f1os de la Masacre de Trelew<\/span><\/h2>\n<p style=\"text-align: justify;\"><span style=\"font-size: 14pt;\">El 22 de agosto de 1972, 19 presas y presos pol\u00edticos que se encontraban detenidos en Trelew fueron fusilados por los guardias, que simularon un intento de fuga. Tres de los detenidos sobrevivieron y contaron lo sucedido.<\/span><\/p>\n<p style=\"text-align: justify;\"><span style=\"font-size: 14pt;\">La Secretaria de Derechos Humanos de la Naci\u00f3n recuerda que \u00ab\u00a0La Masacre de Trelew fue un punto de quiebre para la historia reciente de nuestro pa\u00eds y anticip\u00f3 la sistematizaci\u00f3n del terrorismo de Estado que se implementar\u00eda en todo el territorio nacional a partir del Golpe de 1976\u00a0\u00bb.<\/span><\/p>\n<p style=\"text-align: justify;\"><span style=\"font-size: 14pt;\">En 2012, el Tribunal Oral Federal de Comodoro Rivadavia conden\u00f3 por cr\u00edmenes de Lesa Humanidad a tres de los responsables de la Masacre: Luis Emilio Sosa, Emilio Del Real y Carlos Marandino.<\/span><\/p>\n<p style=\"text-align: justify;\"><span style=\"font-size: 14pt;\">Por otra parte, en julio de 2022, el ex marino Guillermo Bravo fue condenado en Estados Unidos (donde vive desde 1973) por los fusilamientos de Trelew. La Justicia argentina sigue solicitando a Estados Unidos su extradici\u00f3n para juzgarlo en el pa\u00eds.<\/span><\/p>\n<h5><a href=\"http:\/\/www.unp.edu.ar\/index.php\/110-efemerides\/4078-a-51-anos-de-la-masacre-de-trelew\"><span style=\"font-size: 14pt;\">Universidad Nacional de La Patagon\u00eda, San juan Bosco<\/span><\/a><\/h5>\n<p>_________________________<\/p>\n<h5>Masacre de Trelew 22 de agosto de 1972- 22 de agosto de 2023<\/h5>\n<p><img loading=\"lazy\" decoding=\"async\" class=\" wp-image-56195 aligncenter\" src=\"https:\/\/www.lapluma.net\/wp-content\/uploads\/2023\/08\/masacre-trelew-728x485-1-300x200.webp\" alt=\"\" width=\"588\" height=\"392\" srcset=\"https:\/\/www.lapluma.net\/wp-content\/uploads\/2023\/08\/masacre-trelew-728x485-1-300x200.webp 300w, https:\/\/www.lapluma.net\/wp-content\/uploads\/2023\/08\/masacre-trelew-728x485-1-435x290.webp 435w, https:\/\/www.lapluma.net\/wp-content\/uploads\/2023\/08\/masacre-trelew-728x485-1-150x100.webp 150w, https:\/\/www.lapluma.net\/wp-content\/uploads\/2023\/08\/masacre-trelew-728x485-1-370x247.webp 370w, https:\/\/www.lapluma.net\/wp-content\/uploads\/2023\/08\/masacre-trelew-728x485-1.webp 728w\" sizes=\"auto, (max-width: 588px) 100vw, 588px\" \/><\/p>\n<p style=\"text-align: justify;\"><span style=\"font-size: 14pt;\">Fusilados: Carlos Astudillo &#8211; Ricardo Mena &#8211; Rub\u00e9n Bonet &#8211; Miguel \u00c1ngel Polti<\/span><br \/>\n<span style=\"font-size: 14pt;\">Eduardo Capello &#8211; Mariano Pujadas &#8211; Mario Delfino &#8211; Mar\u00eda Ang\u00e9lica Sabelli<\/span><br \/>\n<span style=\"font-size: 14pt;\">Alberto del Rey &#8211; Ana Mar\u00eda de Santucho &#8211; Alfredo Kohon &#8211; Humberto Suarez<\/span><br \/>\n<span style=\"font-size: 14pt;\">Clarisa Lea Place &#8211; Humberto Toschi &#8211; Susana Lesgard &#8211; Jorge Ulla<\/span><br \/>\n<span style=\"font-size: 14pt;\">Asesinado en 1977: Alberto Camps<\/span><br \/>\n<span style=\"font-size: 14pt;\">Secuestrada y desparecida en 1979: Mar\u00eda Antonia Berger,<\/span><br \/>\n<span style=\"font-size: 14pt;\">Secuestrado y desparecido en 1982: Ricardo Haidar<\/span><\/p>\n<p style=\"text-align: justify;\"><span style=\"font-size: 14pt;\">La masacre de Trelew, ocurrida el 22 de agosto de 1972, conmocion\u00f3 a la sociedad argentina y tuvo un profundo significado pol\u00edtico por lo que ocurrir\u00eda unos a\u00f1os m\u00e1s tarde durante la dictadura. Estos hechos, que llevaron a la ejecuci\u00f3n de 16 presos pol\u00edticos y 3 supervivientes que fueron posteriormente asesinados, marcaron el nacimiento del terrorismo de Estado en Argentina.<\/span><\/p>\n<p style=\"text-align: justify;\"><span style=\"font-size: 14pt;\">Mantener viva la memoria es necesario para que las nuevas generaciones sepan que la lucha por la libertad y la justicia social es el objetivo fundamental del ser humano, y que nuestros seres queridos son un ejemplo de ello.<\/span><\/p>\n<p style=\"text-align: justify;\"><span style=\"font-size: 14pt;\">En 2012, los tribunales argentinos condenaron a los asesinos por \u00ab\u00a0cr\u00edmenes contra la humanidad\u00a0\u00bb. S\u00f3lo Roberto Bravo, que vive bajo la protecci\u00f3n de Estados Unidos, sigue libre.<\/span><br \/>\n<span style=\"font-size: 14pt;\">51 a\u00f1os despu\u00e9s, \u00a1los familiares de Trelew nos lo cuentan una vez m\u00e1s!<\/span><\/p>\n<p><img loading=\"lazy\" decoding=\"async\" class=\"aligncenter wp-image-56196\" src=\"https:\/\/www.lapluma.net\/wp-content\/uploads\/2023\/08\/masacre-trelew-300x169.jpg\" alt=\"\" width=\"600\" height=\"338\" srcset=\"https:\/\/www.lapluma.net\/wp-content\/uploads\/2023\/08\/masacre-trelew-300x169.jpg 300w, https:\/\/www.lapluma.net\/wp-content\/uploads\/2023\/08\/masacre-trelew-768x432.jpg 768w, https:\/\/www.lapluma.net\/wp-content\/uploads\/2023\/08\/masacre-trelew-870x489.jpg 870w, https:\/\/www.lapluma.net\/wp-content\/uploads\/2023\/08\/masacre-trelew.jpg 892w\" sizes=\"auto, (max-width: 600px) 100vw, 600px\" \/><\/p>\n<h3 style=\"text-align: center;\">\u00a1NI OLVIDO ! NI PERD\u00d3N !<br \/>\n\u00a1Hasta la victoria siempre\u00a0!<\/h3>\n<div><b><span style=\"font-size: large;\">Alicia Bonet- Krueger<\/span><\/b><\/div>\n<div><b><span style=\"font-size: large;\">Collectif Argentin pour la M\u00e9moire<\/span><\/b><\/div>\n<div><\/div>\n<div><\/div>\n","protected":false},"excerpt":{"rendered":"<p>En 2012, el Tribunal Oral Federal de Comodoro Rivadavia conden\u00f3 por cr\u00edmenes de Lesa Humanidad a tres de los responsables de la Masacre: Luis Emilio Sosa, Emilio Del Real y Carlos Marandino. S\u00f3lo Roberto Bravo, que vive bajo la protecci\u00f3n de Estados Unidos, sigue libre. 51 a\u00f1os despu\u00e9s, \u00a1los familiares de Trelew nos lo cuentan una vez m\u00e1s!<\/p>\n","protected":false},"author":45,"featured_media":56201,"comment_status":"open","ping_status":"open","sticky":false,"template":"","format":"standard","meta":{"_uf_show_specific_survey":0,"_uf_disable_surveys":false,"footnotes":""},"categories":[7,217],"tags":[450,10446,645],"coauthors":[423],"class_list":["post-56192","post","type-post","status-publish","format-standard","has-post-thumbnail","hentry","category-ddhh","category-abya-yala","tag-asesinatos-selectivos","tag-masacre-de-trelew-genocidio","tag-ni-perdon-ni-olvido"],"translation":{"provider":"WPGlobus","version":"2.12.2","language":"fr","enabled_languages":["es","fr"],"languages":{"es":{"title":true,"content":true,"excerpt":true},"fr":{"title":false,"content":false,"excerpt":false}}},"_links":{"self":[{"href":"https:\/\/www.lapluma.net\/fr\/wp-json\/wp\/v2\/posts\/56192","targetHints":{"allow":["GET"]}}],"collection":[{"href":"https:\/\/www.lapluma.net\/fr\/wp-json\/wp\/v2\/posts"}],"about":[{"href":"https:\/\/www.lapluma.net\/fr\/wp-json\/wp\/v2\/types\/post"}],"author":[{"embeddable":true,"href":"https:\/\/www.lapluma.net\/fr\/wp-json\/wp\/v2\/users\/45"}],"replies":[{"embeddable":true,"href":"https:\/\/www.lapluma.net\/fr\/wp-json\/wp\/v2\/comments?post=56192"}],"version-history":[{"count":5,"href":"https:\/\/www.lapluma.net\/fr\/wp-json\/wp\/v2\/posts\/56192\/revisions"}],"predecessor-version":[{"id":56203,"href":"https:\/\/www.lapluma.net\/fr\/wp-json\/wp\/v2\/posts\/56192\/revisions\/56203"}],"wp:featuredmedia":[{"embeddable":true,"href":"https:\/\/www.lapluma.net\/fr\/wp-json\/wp\/v2\/media\/56201"}],"wp:attachment":[{"href":"https:\/\/www.lapluma.net\/fr\/wp-json\/wp\/v2\/media?parent=56192"}],"wp:term":[{"taxonomy":"category","embeddable":true,"href":"https:\/\/www.lapluma.net\/fr\/wp-json\/wp\/v2\/categories?post=56192"},{"taxonomy":"post_tag","embeddable":true,"href":"https:\/\/www.lapluma.net\/fr\/wp-json\/wp\/v2\/tags?post=56192"},{"taxonomy":"author","embeddable":true,"href":"https:\/\/www.lapluma.net\/fr\/wp-json\/wp\/v2\/coauthors?post=56192"}],"curies":[{"name":"wp","href":"https:\/\/api.w.org\/{rel}","templated":true}]}}