{"id":56130,"date":"2023-08-21T17:31:30","date_gmt":"2023-08-21T17:31:30","guid":{"rendered":"https:\/\/www.lapluma.net\/?p=56130"},"modified":"2023-08-22T18:34:52","modified_gmt":"2023-08-22T18:34:52","slug":"argentinaentre-lo-malo-conocido-y-lo-malo-por-conocer-el-desafio-de-transformar-la-desesperacion-en-esperanza","status":"publish","type":"post","link":"https:\/\/www.lapluma.net\/fr\/2023\/08\/21\/argentinaentre-lo-malo-conocido-y-lo-malo-por-conocer-el-desafio-de-transformar-la-desesperacion-en-esperanza\/","title":{"rendered":"Argentina: Entre lo malo conocido y lo malo por conocer<br><i> El desaf\u00edo de transformar la desesperaci\u00f3n en esperanza<\/i>"},"content":{"rendered":"<p style=\"text-align: justify;\"><span style=\"font-size: 14pt;\">Una ofensiva t\u00e1ctica de car\u00e1cter disciplinador acompa\u00f1\u00f3 el aluvi\u00f3n de votos libertarios, como prefigurando a la Argentina que se viene: Un <a href=\"https:\/\/www.lapluma.net\/2023\/08\/11\/represion-criminal-quien-era-facundo-molares-el-periodista-y-militante-asesinado-por-la-policia-de-larreta\/\">militante internacionalista inducido a la muerte en pleno Obelisco porte\u00f1o<\/a>, la infanter\u00eda desalojando entre gallos y medianoche el <a href=\"https:\/\/www.pagina12.com.ar\/578663-represion-desalojo-y-al-menos-un-detenido-en-el-corte-de-pur\">corte de Purmamarca,<\/a> el garroteo contra los <a href=\"https:\/\/politicaobrera.com\/9710-ferroviarios-corte-de-vias-de-los-tercerizados-en-avellaneda\">ferroviarios terciarizados<\/a>, el escrache negacionista contra varios colegios secundarios, constituyen hitos que encuentran su antecedente inmediato en la <a href=\"https:\/\/ansol.com.ar\/organizaciones-repudiaron-represion-jujuy\/principales\/\">cacer\u00eda de activistas antirreforma producida en Jujuy<\/a> durante el \u00faltimo D\u00eda de la Bandera. Nada parece m\u00e1s sensato ante dicho panorama que la confluencia activa &#8211; y supra electoral &#8211; de todas las fuerzas populares que se resisten a que nuestro pa\u00eds se convierta en una maquila de los mega fondos de inversi\u00f3n globales como <a href=\"https:\/\/poderlatam.org\/project\/conoceablackrock\/\">Black Rock.<\/a><\/span><\/p>\n<figure id=\"attachment_56140\" aria-describedby=\"caption-attachment-56140\" style=\"width: 527px\" class=\"wp-caption aligncenter\"><img loading=\"lazy\" decoding=\"async\" class=\"wp-image-56140\" src=\"https:\/\/www.lapluma.net\/wp-content\/uploads\/2023\/08\/blackrock-980x546-1-300x167.png\" alt=\"\" width=\"527\" height=\"293\" srcset=\"https:\/\/www.lapluma.net\/wp-content\/uploads\/2023\/08\/blackrock-980x546-1-300x167.png 300w, https:\/\/www.lapluma.net\/wp-content\/uploads\/2023\/08\/blackrock-980x546-1-768x428.png 768w, https:\/\/www.lapluma.net\/wp-content\/uploads\/2023\/08\/blackrock-980x546-1.png 980w\" sizes=\"auto, (max-width: 527px) 100vw, 527px\" \/><figcaption id=\"caption-attachment-56140\" class=\"wp-caption-text\"><a href=\"https:\/\/poderlatam.org\/2021\/06\/blackrock-el-emporio-global-que-avanza-en-las-pensiones-latinoamericanas\/\">BlackRock, el emporio global que avanza en las pensiones latinoamericanas <\/a><\/figcaption><\/figure>\n<p style=\"text-align: justify;\"><span style=\"font-size: 14pt;\"><strong>\u201cUna golondrina no hace verano\u201d<\/strong>\u00a0<\/span><\/p>\n<p style=\"text-align: justify;\"><span style=\"font-size: 14pt;\">Asimilado el cimbronazo inicial de ver nuestro mapa te\u00f1irse de violeta, colocando ventajosamente en carrera hacia la presidencia de la Naci\u00f3n al m\u00e1s <em>outsider<\/em> de los candidatxs &#8211; y al que muchas encuestadoras daban en baja -, comienza a comprenderse que lo que el voto de las mayor\u00edas produjo no fue un cheque en blanco sino una advertencia a esa clase pol\u00edtica que les dio la espalda.<\/span><\/p>\n<p style=\"text-align: justify;\"><span style=\"font-size: 14pt;\">Entre tantas opiniones vertidas, destacaremos una producida desde el pensamiento cr\u00edtico, que interpret\u00f3 dicho fen\u00f3meno como una suerte de 2001 pasivo contra los referentes de \u201cLa Grieta\u201d (<strong>Macri<\/strong> y <strong>Cristina<\/strong>), dado que ambos defraudaron su respectivo contrato electoral.\u00a0<\/span><\/p>\n<figure id=\"attachment_56142\" aria-describedby=\"caption-attachment-56142\" style=\"width: 473px\" class=\"wp-caption aligncenter\"><img loading=\"lazy\" decoding=\"async\" class=\"wp-image-56142\" src=\"https:\/\/www.lapluma.net\/wp-content\/uploads\/2023\/08\/La-grieta-entre-cristina-y-Macri-300x200.png\" alt=\"\" width=\"473\" height=\"315\" srcset=\"https:\/\/www.lapluma.net\/wp-content\/uploads\/2023\/08\/La-grieta-entre-cristina-y-Macri-300x200.png 300w, https:\/\/www.lapluma.net\/wp-content\/uploads\/2023\/08\/La-grieta-entre-cristina-y-Macri-768x511.png 768w, https:\/\/www.lapluma.net\/wp-content\/uploads\/2023\/08\/La-grieta-entre-cristina-y-Macri-435x290.png 435w, https:\/\/www.lapluma.net\/wp-content\/uploads\/2023\/08\/La-grieta-entre-cristina-y-Macri-150x100.png 150w, https:\/\/www.lapluma.net\/wp-content\/uploads\/2023\/08\/La-grieta-entre-cristina-y-Macri-370x247.png 370w, https:\/\/www.lapluma.net\/wp-content\/uploads\/2023\/08\/La-grieta-entre-cristina-y-Macri.png 880w\" sizes=\"auto, (max-width: 473px) 100vw, 473px\" \/><figcaption id=\"caption-attachment-56142\" class=\"wp-caption-text\"><a href=\"https:\/\/diariofull.com.ar\/nota\/9686\/ni_macri_ni_cristina_el_discurso_anti_grieta_comenzo_a_ganar_elecciones\">Ni Macri, ni Cristina, el discurso anti grieta comenz\u00f3 a ganar elecciones<\/a><\/figcaption><\/figure>\n<p style=\"text-align: justify;\"><span style=\"font-size: 14pt;\">Las corrientes pol\u00edticas surgidas de la crisis del 2001 (<a href=\"https:\/\/nuso.org\/articulo\/argentina-crisis-macri-cristina-lavagna\/\">kirchnerismo y macrismo<\/a>) debieron aceptar que el significativo triunfo en casi todo el espectro federal de un candidato sin estructura nacional no se explica sin la traici\u00f3n de gobernadores e intendentes a sus propios partidos de origen.<\/span><\/p>\n<p style=\"text-align: justify;\"><span style=\"font-size: 14pt;\">En referencia a las dos \u00faltimas administraciones del Estado, a primera vista podr\u00eda inferirse que una sociedad altamente insatisfecha parece haberse planteado &#8211; incluso ante el compromiso de votar (recu\u00e9rdese que el candidato ganador contabiliz\u00f3 alrededor de 7 millones de votos y entre abstencionismo y votos anulados la cifra ascendi\u00f3 a unos 13 millones) &#8211; algo as\u00ed como \u201cporqu\u00e9 voy a responderle a un Estado que no me responde\u201d.\u00a0<\/span><\/p>\n<p style=\"text-align: justify;\"><span style=\"font-size: 14pt;\">El peronismo\/kirchnerismo conserva el basti\u00f3n bonaerense como retaguardia para cranear su contragolpe. Si en vez de hacer la plancha es capaz de poner en valor sus tres banderas hist\u00f3ricas, acaso tenga chance de demostrar su proverbial resiliencia. Por lo pronto, las tres centrales obreras y otros espacios gremiales se autoconvocaron a \u201cuna asamblea por los derechos laborales\u201d en el Congreso de la Naci\u00f3n en procura de garantizar \u201clos cuidados en el mundo del trabajo\u201d. Es una virtual respuesta a la propuesta de eliminar los derechos laborales.<\/span><\/p>\n<p style=\"text-align: justify;\"><span style=\"font-size: 14pt;\">La suerte de Juntxs por el Cambio, jugando como \u201csegunda marca\u201d de la derecha, es mucho m\u00e1s incierta.\u00a0<\/span><\/p>\n<p style=\"text-align: justify;\"><span style=\"font-size: 14pt;\">En los \u00faltimos d\u00edas, las voces m\u00e1s alarmistas &#8211; que tildan a <strong>Milei<\/strong> de fascista, pasando por alto la base nacionalista de aquel movimiento &#8211; han vaticinado la inauguraci\u00f3n de una era de oscurantismo sin precedentes en caso de que el economista anarcocapitalista se imponga en las elecciones generales. A su vez, con extrema liviandad, se lo ha comparado con dos antiglobalistas como <strong>Trump<\/strong> y <strong>Bolsonaro<\/strong>, que llegaron a la Primera Magistratura cabalgando sobre sendos movimientos sociales, sustento del que este medi\u00e1tico personaje carece.\u00a0<\/span><\/p>\n<p style=\"text-align: justify;\"><span style=\"font-size: 14pt;\">En videoconferencia organizada por la Editorial Siglo XXI inmediatamente despu\u00e9s de las PASO, el cientista social <strong>Andr\u00e9s Malamud<\/strong> culmin\u00f3 su intervenci\u00f3n arriesgando una comparaci\u00f3n sumamente atinada: \u201cMilei no es Bolsonaro sino Collor de Melo\u201d.\u00a0<\/span><\/p>\n<p>&nbsp;<\/p>\n<p><img loading=\"lazy\" decoding=\"async\" class=\" wp-image-54743 aligncenter\" src=\"https:\/\/www.lapluma.net\/wp-content\/uploads\/2023\/07\/javier-milei-1551851-300x225.jpg\" alt=\"\" width=\"456\" height=\"342\" srcset=\"https:\/\/www.lapluma.net\/wp-content\/uploads\/2023\/07\/javier-milei-1551851-300x225.jpg 300w, https:\/\/www.lapluma.net\/wp-content\/uploads\/2023\/07\/javier-milei-1551851.jpg 696w\" sizes=\"auto, (max-width: 456px) 100vw, 456px\" \/><\/p>\n<p style=\"text-align: justify;\"><span style=\"font-size: 14pt;\">Para entenderla vale la pena recordar que el mandato de aquel ex presidente brasile\u00f1o estuvo signado por la aplicaci\u00f3n del plan de reestructuraci\u00f3n m\u00e1s severo de la historia del pa\u00eds: privatizaci\u00f3n de empresas, desregulaci\u00f3n de las negociaciones salariales, confiscaci\u00f3n temporal de ahorros y dep\u00f3sitos bancarios, recortes en programas sociales, etc. El desempleo aument\u00f3, los salarios cayeron y el pa\u00eds se encontr\u00f3 en recesi\u00f3n econ\u00f3mica. Estos desajustes en el plano econ\u00f3mico y las acusaciones por corrupci\u00f3n que salieron a la luz en 1992, llevaron a la presentaci\u00f3n de un\u00a0<em>impeachment<\/em>\u00a0en el parlamento, que lo destituy\u00f3 de la presidencia.<\/span><\/p>\n<p style=\"text-align: justify;\"><span style=\"font-size: 14pt;\">Recapitulando, resulta tan razonable suponer que Milei llegue a un <em>ballotage<\/em>, como apresurado considerar que repetir\u00e1 en las elecciones de octubre el mismo batacazo que dio en las intermedias.\u00a0<\/span><\/p>\n<p style=\"text-align: justify;\"><span style=\"font-size: 14pt;\">En el peor de los casos, cualquiera que haya revisado atentamente su programa de gobierno &#8211; y tenga presente la insoslayable tradici\u00f3n de lucha del pueblo argentino -, seguramente concluya que un triunfo de La Libertad Avanza en los comicios presidenciales augura un fr\u00e1gil horizonte para la gobernabilidad.<\/span><\/p>\n<h2 style=\"text-align: justify;\"><span style=\"font-size: 14pt;\"><strong>El agotamiento del Siglo XX<\/strong><strong>\u00a0<\/strong><\/span><\/h2>\n<p style=\"text-align: justify;\"><span style=\"font-size: 14pt;\">Si algo han demostrado las campa\u00f1as electorales realizadas en nuestro pa\u00eds hasta la fecha ha sido la repetici\u00f3n de viejos clich\u00e9s que tuvieron eficacia en otro contexto hist\u00f3rico.\u00a0<\/span><\/p>\n<p style=\"text-align: justify;\"><span style=\"font-size: 14pt;\">Para definir a qu\u00e9 sociedad le habla hoy la pol\u00edtica vale la pena repasar en qu\u00e9 escenario nos encontramos.<\/span><\/p>\n<p style=\"text-align: justify;\"><span style=\"font-size: 14pt;\">En\u00a0historia\u00a0econ\u00f3mica, el\u00a0capitalismo\u00a0industrial es la etapa de desarrollo del\u00a0sistema capitalista de producci\u00f3n\u00a0que se corresponde con el advenimiento de la Primera\u00a0Revoluci\u00f3n Industrial\u00a0(entre los siglos XVIII y XIX), y que sustituy\u00f3 al llamado\u00a0capitalismo comercial\u00a0del momento.<\/span><\/p>\n<p style=\"text-align: justify;\"><span style=\"font-size: 14pt;\">El rasgo fundamental del capitalismo industrial fue el reemplazo de los m\u00e9todos de producci\u00f3n artesanal mediante el uso de maquinaria, lo cual permiti\u00f3 una producci\u00f3n mecanizada que fue de la mano del desarrollo cient\u00edfico tecnol\u00f3gico. Esto quiere decir que<strong>\u00a0<\/strong>la\u00a0producci\u00f3n\u00a0se hizo m\u00e1s veloz y eficiente a trav\u00e9s de la implementaci\u00f3n de m\u00e1quinas industriales, y que dicho reemplazo se hizo cada vez mayor a medida que nuevas y mejores maquinarias eran inventadas.<\/span><\/p>\n<p><img loading=\"lazy\" decoding=\"async\" class=\" wp-image-56144 aligncenter\" src=\"https:\/\/www.lapluma.net\/wp-content\/uploads\/2023\/08\/revolucion-industrial-1-e1567618384256-300x150.png\" alt=\"\" width=\"488\" height=\"244\" srcset=\"https:\/\/www.lapluma.net\/wp-content\/uploads\/2023\/08\/revolucion-industrial-1-e1567618384256-300x150.png 300w, https:\/\/www.lapluma.net\/wp-content\/uploads\/2023\/08\/revolucion-industrial-1-e1567618384256-768x384.png 768w, https:\/\/www.lapluma.net\/wp-content\/uploads\/2023\/08\/revolucion-industrial-1-e1567618384256.png 800w\" sizes=\"auto, (max-width: 488px) 100vw, 488px\" \/><\/p>\n<p style=\"text-align: justify;\"><span style=\"font-size: 14pt;\">El impacto del capitalismo industrial en el mundo fue enorme. El \u00e9xito de su modelo\u00a0otorg\u00f3 el predominio econ\u00f3mico a los pa\u00edses europeos altamente industrializados, como Gran Breta\u00f1a, Alemania y Francia, muy por encima de las potencias agr\u00edcolas mundiales. Esto\u00a0trajo consigo una importante migraci\u00f3n del campo a las ciudades<strong>\u00a0<\/strong>y la transformaci\u00f3n en\u00a0clase obrera\u00a0del antiguo campesinado, as\u00ed como el abandono de los m\u00e9todos artesanales de producci\u00f3n industrial. En esto tuvieron una gran importancia las nuevas tecnolog\u00edas del momento, como la\u00a0m\u00e1quina de vapor.\u00a0<\/span><\/p>\n<p style=\"text-align: justify;\"><span style=\"font-size: 14pt;\">Pero &#8211; y he aqu\u00ed a \u201cla madre del borrego\u201d &#8211; el capitalismo industrial<strong>\u00a0<\/strong>fue reemplazado en el siglo XX por el capitalismo financiero y el capitalismo inform\u00e1tico\u00a0o digital, un proceso clave para la construcci\u00f3n de una\u00a0econom\u00eda globalizada\u00a0como la contempor\u00e1nea.\u00a0<\/span><\/p>\n<p style=\"text-align: justify;\"><span style=\"font-size: 14pt;\">Con el pasaje del capitalismo industrial al capitalismo financiero, el r\u00e9gimen de acumulaci\u00f3n cambi\u00f3 y lo que lo sostiene no es ya la explotaci\u00f3n del trabajo humano vivo sino directamente la destrucci\u00f3n de las instituciones sociales.\u00a0<\/span><\/p>\n<p style=\"text-align: justify;\"><span style=\"font-size: 14pt;\">As\u00ed, la actual acumulaci\u00f3n se realiza sobre la precarizaci\u00f3n de millones de trabajadores y el desplazamiento de gran parte de ellos hacia la desocupaci\u00f3n definitiva, desarticulando la protecci\u00f3n de derechos. De modo que hoy la variable de ajuste no es el salario sino la existencia misma del asalariado, ya que en Argentina el 50,2% de la poblaci\u00f3n est\u00e1 inmersa en la informalidad.<\/span><\/p>\n<p style=\"text-align: justify;\"><span style=\"font-size: 14pt;\">Y justamente ese gregario sujeto social ya no constituye la clientela cautiva de los partidos pol\u00edticos que tuvieron su m\u00e1xima gravitaci\u00f3n durante el pasado siglo.\u00a0<\/span><\/p>\n<p style=\"text-align: justify;\"><span style=\"font-size: 14pt;\">A ello se suma que a lo largo de la cuarentena se deterior\u00f3 severamente el poder adquisitivo de esos sectores informales que oportunamente constituyeron la base social del actual gobierno. La primera manifestaci\u00f3n de dicho fen\u00f3meno fue la alt\u00edsima abstenci\u00f3n en las primarias de 2021.<\/span><\/p>\n<p style=\"text-align: justify;\"><span style=\"font-size: 14pt;\">Si se mira el mapa de la Argentina,<strong>\u00a0<\/strong><strong>en diez provincias hay m\u00e1s inscripciones en el registro de la econom\u00eda popular que en la privada<\/strong>. Tucum\u00e1n, Chaco, Salta, Santiago del Estero, Misiones, Jujuy, Formosa, Corrientes, Catamarca y La Rioja.\u00a0<strong>En la mitad de ellas gan\u00f3 Milei.<\/strong><strong>\u00a0<\/strong>Por otro lado, en 12 provincias la econom\u00eda popular registrada supera en cantidad a los asalariados registrados del sector p\u00fablico: Buenos Aires, Tucum\u00e1n, Chaco, Salta, Santiago del Estero, Misiones, Jujuy, Mendoza, Corrientes, San Juan, San Luis y Santa Cruz. En siete de ellas, gan\u00f3 el diputado libertario.\u00a0<\/span><\/p>\n<figure id=\"attachment_56145\" aria-describedby=\"caption-attachment-56145\" style=\"width: 531px\" class=\"wp-caption aligncenter\"><img loading=\"lazy\" decoding=\"async\" class=\"wp-image-56145\" src=\"https:\/\/www.lapluma.net\/wp-content\/uploads\/2023\/08\/Capture-decran-provincias-donde-triunfo-Milei-300x182.jpg\" alt=\"\" width=\"531\" height=\"322\" srcset=\"https:\/\/www.lapluma.net\/wp-content\/uploads\/2023\/08\/Capture-decran-provincias-donde-triunfo-Milei-300x182.jpg 300w, https:\/\/www.lapluma.net\/wp-content\/uploads\/2023\/08\/Capture-decran-provincias-donde-triunfo-Milei.jpg 753w\" sizes=\"auto, (max-width: 531px) 100vw, 531px\" \/><figcaption id=\"caption-attachment-56145\" class=\"wp-caption-text\"><a href=\"https:\/\/www.perfil.com\/noticias\/politica\/mapa-libertario-paso-estas-16-provincias-donde-triunfo-javier-milei.phtml\">Mapa libertario de las PASO: estas son las 16 provincias donde triunf\u00f3 Javier Milei<\/a><\/figcaption><\/figure>\n<p style=\"text-align: justify;\"><span style=\"font-size: 14pt;\">El supuesto salto al vac\u00edo de ese electorado que en las recientes elecciones intermedias opt\u00f3 por quien supo diferenciarse n\u00edtidamente de lo que denomina \u201ccasta pol\u00edtica\u201d encuentra alguna de sus motivaciones en esa realidad de base, dado que los partidos pol\u00edticos tradicionales le hablan a un sujeto social que fue hegem\u00f3nico durante el Siglo XX, pero que en el capitalismo financiero e inform\u00e1tico tiende a contraerse.\u00a0<\/span><\/p>\n<p style=\"text-align: justify;\"><span style=\"font-size: 14pt;\">Otro factor influyente son las superdevaluaciones e hiperinflaciones, rasgos por excelencia de la violencia monetaria, y sus efectos de disciplinamiento en la sociedad, dado que estos fen\u00f3menos est\u00e1n al servicio de los miedos y la despolitizaci\u00f3n.\u00a0<\/span><\/p>\n<p style=\"text-align: justify;\"><span style=\"font-size: 14pt;\">En el marco de la atomizaci\u00f3n social que suele acompa\u00f1ar al caos econ\u00f3mico, a muchas personas solo les queda refugiarse en la vida privada, con la esperanza vana de encontrar alguna seguridad. Cuando se est\u00e1 en el pico de una crisis, la gente siente amenazado su sentido del orden, aquello que le hace inteligible su vida en sociedad, debido a lo cual suele volverse m\u00e1s obediente frente a los programas de ajuste y los economistas supuestamente salvadores.<\/span><\/p>\n<p style=\"text-align: justify;\"><span style=\"font-size: 14pt;\">Sin embargo, en esa violencia monetaria hay una brutal transferencia de recursos a las manos de quienes desencadenan y operan dicho proceso, incrementando la distribuci\u00f3n desigual del ingreso. Sin ir m\u00e1s lejos, en los \u00faltimos cinco a\u00f1os, el 10% m\u00e1s rico de la poblaci\u00f3n se convirti\u00f3 en due\u00f1a del 49,8% del ingreso total.\u00a0<\/span><\/p>\n<p style=\"text-align: justify;\"><span style=\"font-size: 14pt;\">En consecuencia, los escenarios de globalizaci\u00f3n financiera favorecen que las sociedades tiendan a organizarse dualmente. Por un lado, hay un sector altamente instruido y con acceso a la tecnolog\u00eda compleja, integrado al mundo, y por el otro quienes no tienen nada de estos saberes y pr\u00e1cticas y que con sus viejos oficios quedan socialmente excluidos.\u00a0<\/span><\/p>\n<p style=\"text-align: justify;\"><span style=\"font-size: 14pt;\">El presente demuestra que hemos llegado al fin de los programas de ajuste. De no ser as\u00ed, deberemos resignarnos a la regulaci\u00f3n de la pobreza, la administraci\u00f3n de la precariedad, y a vivir a considerable distancia de la deseada cohesi\u00f3n social.\u00a0<\/span><\/p>\n<p style=\"text-align: justify;\"><span style=\"font-size: 14pt;\">El Ministro de Econom\u00eda candidato a presidente ya aplic\u00f3 las medidas acordadas con el FMI, como el nuevo d\u00f3lar agro, impuestos a las importaciones, quita de subsidios a tarifas de luz y gas, asumiendo el riesgo de la reacci\u00f3n social a pocas semanas de las elecciones &#8211; ya se han registrado los primeros saqueos a supermercados en la localidad de Las Heras (Mendoza) y posteriormente en R\u00edo Cuarto (C\u00f3rdoba) &#8211; y aceleraci\u00f3n de la tasa de devaluaci\u00f3n del tipo de cambio oficial.<\/span><\/p>\n<p style=\"text-align: justify;\"><span style=\"font-size: 14pt;\">En esta clase de\u00a0relaci\u00f3n desigual, la demostraci\u00f3n de buena voluntad del deudor procura que el acreedor \u00ab\u00a0crea\u00a0\u00bb que se cumplir\u00e1n los t\u00e9rminos del acuerdo.\u00a0<\/span><\/p>\n<p style=\"text-align: justify;\"><span style=\"font-size: 14pt;\">Si se eval\u00faa en perspectiva hist\u00f3rica, este comportamiento de los acreedores internacionales se expres\u00f3 en un per\u00edodo cambiario (primer semestre del a\u00f1o) en el cual se acumulaban reservas, pero ahora no ha sido as\u00ed por el impacto negativo de la sequ\u00eda.\u00a0<\/span><\/p>\n<p style=\"text-align: justify;\"><span style=\"font-size: 14pt;\">Ese oscuro panorama exhibe una p\u00e9rdida r\u00e9cord de d\u00f3lares de exportaci\u00f3n. No obstante, pese a este impacto negativo hubo exigencia de medidas de sesgos regresivos y, para apretar un poco m\u00e1s la soga en el cuello del deudor, se demoraron los desembolsos de d\u00f3lares hasta despu\u00e9s de las elecciones.\u00a0<\/span><\/p>\n<p style=\"text-align: justify;\"><span style=\"font-size: 14pt;\">Para fin de a\u00f1o se espera que Argentina mantenga un saldo negativo con el Fondo de aproximadamente 4300 millones de d\u00f3lares. El voto del organismo est\u00e1 cantado y lo ejerce sin ning\u00fan pudor.\u00a0\u00a0<\/span><\/p>\n<h2 style=\"text-align: justify;\"><span style=\"font-size: 14pt;\"><strong>\u201cNo est\u00e1 muerto quien pelea\u201d<\/strong><\/span><\/h2>\n<p style=\"text-align: justify;\"><span style=\"font-size: 14pt;\">Una lecci\u00f3n que deber\u00eda tener en cuenta la militancia en general, a partir del contundente resultado de las PASO, es que la palabra parece estar en penitencia.<\/span><\/p>\n<p style=\"text-align: justify;\"><span style=\"font-size: 14pt;\">De hecho, gran parte del electorado joven ha apostado por la gestualidad.\u00a0<\/span><\/p>\n<p style=\"text-align: justify;\"><span style=\"font-size: 14pt;\">Pero a\u00fan sobre la amenaza latente que propone el resultado de esa votaci\u00f3n, la \u00fanica alternativa sigue siendo encaminarse hacia un modelo de sociedad de semejantes, en cuyo seno nadie est\u00e9 excluido y donde se impone una reforma de la matriz productiva y distributiva, la implementaci\u00f3n de pol\u00edticas de pleno empleo, desprecarizaci\u00f3n laboral, garant\u00eda y calidad educativa, y formaci\u00f3n profesional para la empleabilidad, de cara a un mundo en el que varios pa\u00edses se van ocupando de reducir la jornada laboral para que cada m\u00e1s excluidos se vayan integrando al proceso productivo, iniciativa que a\u00fan crispa a los mandamases empresariales de por aqu\u00ed.\u00a0<\/span><\/p>\n<p style=\"text-align: justify;\"><span style=\"font-size: 14pt;\">El desaf\u00edo de una nueva utop\u00eda exige, en consecuencia, ir generando un horizonte intermedio entre la Argentina del pleno empleo y la amenaza de la uberizaci\u00f3n laboral.<\/span><\/p>\n<p style=\"text-align: justify;\"><span style=\"font-size: 14pt;\">En conclusi\u00f3n, quien apueste por un futuro venturoso deber\u00e1 demostrar &#8211; ya no prometer &#8211; de qu\u00e9 manera multiplicar los panes y los peces.\u00a0<\/span><\/p>\n<p style=\"text-align: justify;\"><span style=\"font-size: 14pt;\">Hasta entonces, toda la esperanza reside en el sentido com\u00fan y la dignidad del sabio pueblo argentino. &#8211;<\/span><\/p>\n<h2 style=\"text-align: justify;\"><span style=\"font-size: 14pt;\">Jorge Falcone para La Pluma<\/span><\/h2>\n<h2><span style=\"font-size: 14pt;\"><strong><a href=\"https:\/\/chiquifalcone.blogspot.com\/\">La Gomera de David<\/a>, 21 de agosto de 2023<\/strong><\/span><\/h2>\n<h2><strong><span style=\"font-size: 14pt;\">Editado por <\/span><a href=\"https:\/\/www.lapluma.net\/nosotros\/editora\/\"><span style=\"font-size: 14pt;\">Mar\u00eda Piedad Ossaba<\/span><\/a><\/strong><\/h2>\n<p><strong><img loading=\"lazy\" decoding=\"async\" class=\" wp-image-52093 aligncenter\" src=\"https:\/\/www.lapluma.net\/wp-content\/uploads\/2023\/05\/La-gomera-de-David--254x300.jpg\" alt=\"\" width=\"430\" height=\"508\" srcset=\"https:\/\/www.lapluma.net\/wp-content\/uploads\/2023\/05\/La-gomera-de-David--254x300.jpg 254w, https:\/\/www.lapluma.net\/wp-content\/uploads\/2023\/05\/La-gomera-de-David-.jpg 433w\" sizes=\"auto, (max-width: 430px) 100vw, 430px\" \/><\/strong><\/p>\n<h5 style=\"text-align: center;\">BLOG DE JORGE FALCONE \/ UNA MIRADA CR\u00cdTICA SOBRE EL ACONTECER NOSTRAMERICANO<\/h5>\n<p style=\"text-align: justify;\"><span style=\"font-size: 14pt;\"><strong>\u00a0<\/strong><\/span><\/p>\n","protected":false},"excerpt":{"rendered":"<p>El desaf\u00edo de una nueva utop\u00eda exige, en consecuencia, ir generando un horizonte intermedio entre la Argentina del pleno empleo y la amenaza de la uberizaci\u00f3n laboral. En conclusi\u00f3n, quien apueste por un futuro venturoso deber\u00e1 demostrar &#8211; ya no prometer &#8211; de qu\u00e9 manera multiplicar los panes y los peces.\u00a0 Hasta entonces, toda la esperanza reside en el sentido com\u00fan y la dignidad del sabio pueblo argentino. &#8211;<\/p>\n","protected":false},"author":551,"featured_media":56138,"comment_status":"open","ping_status":"open","sticky":false,"template":"","format":"standard","meta":{"_uf_show_specific_survey":0,"_uf_disable_surveys":false,"footnotes":""},"categories":[217],"tags":[6103,65,225,24170,601,24180,24172,7900,24176],"coauthors":[7901],"class_list":["post-56130","post","type-post","status-publish","format-standard","has-post-thumbnail","hentry","category-abya-yala","tag-paso","tag-abya-yala","tag-argentina","tag-capitalismo-financiero","tag-capitalismo-industrial","tag-capitalismo-informatico","tag-economia-globalizada","tag-jorge-falcone","tag-kirchnerismo-y-macrismo"],"translation":{"provider":"WPGlobus","version":"2.12.2","language":"fr","enabled_languages":["es","fr"],"languages":{"es":{"title":true,"content":true,"excerpt":true},"fr":{"title":false,"content":false,"excerpt":false}}},"_links":{"self":[{"href":"https:\/\/www.lapluma.net\/fr\/wp-json\/wp\/v2\/posts\/56130","targetHints":{"allow":["GET"]}}],"collection":[{"href":"https:\/\/www.lapluma.net\/fr\/wp-json\/wp\/v2\/posts"}],"about":[{"href":"https:\/\/www.lapluma.net\/fr\/wp-json\/wp\/v2\/types\/post"}],"author":[{"embeddable":true,"href":"https:\/\/www.lapluma.net\/fr\/wp-json\/wp\/v2\/users\/551"}],"replies":[{"embeddable":true,"href":"https:\/\/www.lapluma.net\/fr\/wp-json\/wp\/v2\/comments?post=56130"}],"version-history":[{"count":8,"href":"https:\/\/www.lapluma.net\/fr\/wp-json\/wp\/v2\/posts\/56130\/revisions"}],"predecessor-version":[{"id":56189,"href":"https:\/\/www.lapluma.net\/fr\/wp-json\/wp\/v2\/posts\/56130\/revisions\/56189"}],"wp:featuredmedia":[{"embeddable":true,"href":"https:\/\/www.lapluma.net\/fr\/wp-json\/wp\/v2\/media\/56138"}],"wp:attachment":[{"href":"https:\/\/www.lapluma.net\/fr\/wp-json\/wp\/v2\/media?parent=56130"}],"wp:term":[{"taxonomy":"category","embeddable":true,"href":"https:\/\/www.lapluma.net\/fr\/wp-json\/wp\/v2\/categories?post=56130"},{"taxonomy":"post_tag","embeddable":true,"href":"https:\/\/www.lapluma.net\/fr\/wp-json\/wp\/v2\/tags?post=56130"},{"taxonomy":"author","embeddable":true,"href":"https:\/\/www.lapluma.net\/fr\/wp-json\/wp\/v2\/coauthors?post=56130"}],"curies":[{"name":"wp","href":"https:\/\/api.w.org\/{rel}","templated":true}]}}