{"id":56097,"date":"2023-08-20T19:28:41","date_gmt":"2023-08-20T19:28:41","guid":{"rendered":"https:\/\/www.lapluma.net\/?p=56097"},"modified":"2023-08-25T14:44:44","modified_gmt":"2023-08-25T14:44:44","slug":"denuncian-ecuatorianos-en-el-exterior-dificultades-para-votar","status":"publish","type":"post","link":"https:\/\/www.lapluma.net\/fr\/2023\/08\/20\/denuncian-ecuatorianos-en-el-exterior-dificultades-para-votar\/","title":{"rendered":"Denuncian ecuatorianos en el exterior dificultades para votar"},"content":{"rendered":"<p style=\"text-align: justify;\"><span style=\"font-size: 14pt;\">\u201c\u00a1Queremos votar, queremos votar, queremos votar!\u201d, dec\u00eda un grupo de migrantes reunidos afuera de un recinto electoral en Madrid (Espa\u00f1a), en un video subido a la red social Twitter.<\/span><\/p>\n<div class=\"txt_newworld\">\n<p style=\"text-align: justify;\"><span style=\"font-size: 14pt;\">El Consejo Nacional Electoral (CNE) pidi\u00f3 paciencia a los votantes en el exterior, puesto que han denunciado numerosas irregularidades en el acceso a la plataforma.<\/span><\/p>\n<p style=\"text-align: justify;\"><span style=\"font-size: 14pt;\">Debido a la alta demanda de sufragantes, exhortamos a los compatriotas a ser pacientes mientras se procesa la informaci\u00f3n\u201d, dijo el CNE, indicando que hasta las 08H44 de este domingo se han inscrito m\u00e1s de 113.000 votantes.<\/span><\/p>\n<p><span style=\"font-size: 14pt;\">En diferentes plazas de pa\u00edses europeos, donde los ecuatorianos residentes en el exterior desean emitir su sufragio, se han reportado problemas para tal efecto.<\/span><\/p>\n<p style=\"text-align: justify;\"><span style=\"font-size: 14pt;\">Migrantes ecuatorianos en distintas ciudades de B\u00e9lgica, Italia, Espa\u00f1a, Suiza, el Reino Unido y dem\u00e1s pa\u00edses europeos han reportado dificultades en el sistema de sufragio telem\u00e1tico.<\/span><\/p>\n<p style=\"text-align: justify;\"><span style=\"font-size: 14pt;\">\u201c\u00a1Queremos votar, queremos votar, queremos votar!\u201d, dec\u00eda un grupo de migrantes reunidos afuera de un recinto electoral en Madrid (Espa\u00f1a), en un video subido a la red social Twitter.<\/span><\/p>\n<p style=\"text-align: justify;\"><span style=\"font-size: 14pt;\">Las irregulares se han presentado en ingreso a la p\u00e1gina web del CNE de Ecuador para\u00a0Voto Telem\u00e1tico.<\/span><\/p>\n<p style=\"text-align: justify;\"><span style=\"font-size: 14pt;\">En un nuevo mensaje de la presidenta del CNE, garantiz\u00f3 que ning\u00fan votante en el extranjero se quedar\u00e1 sin sufragar y se\u00f1al\u00f3 que los t\u00e9cnicos esta trabajando para resolver las irregularidades presentadas en la plataforma.<\/span><\/p>\n<p style=\"text-align: justify;\"><span style=\"font-size: 14pt;\">Numerosas denuncias presentadas a trav\u00e9s de las redes sociales\u00a0por ecuatorianos\u00a0residentes en el extranjero se han vuelto tendencia, mientras los votantes expresaron estar indignados.<\/span><\/p>\n<p style=\"text-align: justify;\"><span style=\"font-size: 14pt;\">Tambi\u00e9n se han registrado fallas en el sistema de voto telem\u00e1tico en otras ciudades europeas como Alicante, Murcia, Par\u00eds, Valencia y Roma.<\/span><\/p>\n<p style=\"text-align: justify;\"><span style=\"font-size: 14pt;\">Estamos recibiendo numerosas denuncias desde Europa y Estados Unidos donde viven miles de ecuatorianos y ecuatorianas comunic\u00e1ndonos que se le est\u00e1 siendo imposible votar, el sistema no est\u00e1 funcionando, escribi\u00f3 en un tuit Alejandro Rusconi.<\/span><\/p>\n<p style=\"text-align: justify;\"><span style=\"font-size: 14pt;\">A este problema tambi\u00e9n se unen otros migrantes alrededor del mundo. Una ciudadana en Italia report\u00f3 que el sistema est\u00e1 colapsado y les hab\u00edan mencionado que es un problema de red. \u201cEs una burla para todos nosotros\u201d, dijo.<\/span><\/p>\n<p style=\"text-align: justify;\"><span style=\"font-size: 14pt;\">S\u00f3lo el 26,8 % lograron sufragar en Espa\u00f1a, lugar en donde existen varios inconvenientes que la nueva modalidad de voto en el exterior.<\/span><\/p>\n<p style=\"text-align: justify;\"><span style=\"font-size: 14pt;\">En Nueva York, una migrante ecuatoriana expuso \u00ab\u00a0las pruebas de que por dos horas desde mi hogar y desde mi tel\u00e9fono personal estoy tratando de ejercer mi derecho al voto y NO PUEDO, tengo cientos de reclamos de compatriotas que ac\u00e1 en Estados Unidos TAMPOCO PUEDEN VOTAR\u00a0\u00bb.<\/span><\/p>\n<p style=\"text-align: justify;\"><span style=\"font-size: 14pt;\">El movimiento Revoluci\u00f3n Ciudadana denunci\u00f3 que el sistema implementado por el CNE para el voto telem\u00e1tico de los ecuatorianos residentes en el exterior presenta \u00ab\u00a0graves deficiencias\u00a0\u00bb.<\/span><\/p>\n<p style=\"text-align: justify;\"><span style=\"font-size: 14pt;\">La dificultad\u00a0e impedir que los ecuatorianos en el exterior puedan ejercer su derecho al voto es una clara violaci\u00f3n de los derechos humanos, indicaron organizaciones no gubernamentales en Europa.<\/span><\/p>\n<p style=\"text-align: justify;\"><span style=\"font-size: 14pt;\">La canciller\u00eda ecuatoriana tambi\u00e9n report\u00f3 que numerosas oficinas consulares han reportado la dificultad de votar por v\u00eda telem\u00e1tica. \u00ab\u00a0Requerimos al CNE, \u00fanica instituci\u00f3n competente, tomar de manera urgente las medidas t\u00e9cnicas necesarias para corregir esta situaci\u00f3n\u00a0\u00bb, pidi\u00f3 en un tuit.<\/span><\/p>\n<p style=\"text-align: justify;\"><span style=\"font-size: 14pt;\">En Venezuela, de m\u00e1s de nueve mil ecuatorianos residentes, tres mil se inscribieron para ejercer su voto, pero s\u00f3lo pudieron sufragar alrededor de cien a las 14H00 horas de Caracas, de acuerdo con un reportes de la periodista de teleSUR, Adriana Sivori.<\/span><\/p>\n<p>Publicado 20 agosto 2023 (Hace 1 hora 31 minutos)<\/p>\n<div class=\"capcredit\">\n<h2><span style=\"font-size: 14pt;\"><a class=\"her\" href=\"https:\/\/www.telesurtv.net\/news\/ecuador-votantes-exterior-dificultades-20230820-0012.html\"> Primicias &#8211; El Universo &#8211; Radio LaCalle<br \/>\n<\/a>Por: <span class=\"itacaput\"><a class=\"her\" title=\"teleSUR - JCM\">teleSUR &#8211; JCM<\/a><\/span><\/span><\/h2>\n<p>_____________________<\/p>\n<h2 id=\"h-elecciones-en-ecuador\"><span style=\"font-size: 18pt;\">Elecciones en Ecuador<\/span><\/h2>\n<p style=\"text-align: justify;\"><span style=\"font-size: 14pt;\">M\u00e1s de un mill\u00f3n de ecuatorianos residen en el exterior, aunque hasta esta ma\u00f1ana <strong>solo se hab\u00edan registrado 113.000 electores<\/strong>. El CNE ha dispuesto la modalidad de votaci\u00f3n telem\u00e1tica para votar a trav\u00e9s de Internet. <strong><a href=\"https:\/\/www.voto-telematico.cne.gob.ec\/info\" target=\"_blank\" rel=\"noreferrer noopener nofollow\">El proceso consta de dos fases:\u00a0la de inscripci\u00f3n, que se habilit\u00f3 en junio, y la de votaci\u00f3n<\/a><\/strong>. Sin embargo, ecuatorianos residentes en B\u00e9lgica, Alemania, Espa\u00f1a, Italia y Estados Unidos se han quejado de no poder ejercer su derecho.<\/span><\/p>\n<p style=\"text-align: justify;\"><span style=\"font-size: 14pt;\">Myriam Caicedo asegura que <strong>\u00ablo he intentado por diferentes exploradores (de Internet), pero ha sido imposible\u00bb<\/strong>. La mujer, residente en Madrid desde hace d\u00e9cadas, se pregunta qu\u00e9 va a pasar ahora con su voto. \u00abPara nosotros el certificado de votaci\u00f3n es muy importante. Para algunos tr\u00e1mites administrativos ese documento es fundamental. Quienes votan reciben por correo electr\u00f3nico ese certificado. <strong>Nos hemos quedado sin \u00e9l. El CNE tiene que dar una respuesta<\/strong>\u00bb, insiste Caicedo.<\/span><\/p>\n<p><img loading=\"lazy\" decoding=\"async\" class=\" wp-image-56104 aligncenter\" src=\"https:\/\/www.lapluma.net\/wp-content\/uploads\/2023\/08\/voto-telematico-566x1024-1-166x300.jpg\" alt=\"\" width=\"565\" height=\"1021\" srcset=\"https:\/\/www.lapluma.net\/wp-content\/uploads\/2023\/08\/voto-telematico-566x1024-1-166x300.jpg 166w, https:\/\/www.lapluma.net\/wp-content\/uploads\/2023\/08\/voto-telematico-566x1024-1.jpg 566w\" sizes=\"auto, (max-width: 565px) 100vw, 565px\" \/><\/p>\n<div class=\"wp-block-image\">\n<figure class=\"aligncenter size-large\">\n<div>\n<div id=\"adsviu-widget\" style=\"text-align: justify;\"><span style=\"font-size: 14pt;\"><strong>\u00abSe est\u00e1 vulnerando el art\u00edculo 63 de la Constituci\u00f3n\u00bb<\/strong>, se queja V\u00edctor. Raymy apunta al fraude: <strong>\u00abPiensa mal y acertar\u00e1s\u00bb<\/strong>. En su opini\u00f3n, el sistema telem\u00e1tico <strong>\u00abse prepar\u00f3 para impedir el voto en el exterior\u00bb<\/strong>. Otros electores explican que el proceso es<strong> \u00abtedioso y desesperante\u00bb <\/strong>y que muchas personas se topan con la dificultad insalvable de la brecha generacional. <strong>\u00abDe esa manera se logra disuadirlos\u00bb<\/strong>, insiste otro ecuatoriano que no ha podido votar. El proceso se ha cerrado a las 19.00 horas de Espa\u00f1a (en Ecuador son siete menos).<\/span><\/div>\n<\/div>\n<\/figure>\n<\/div>\n<p style=\"text-align: justify;\"><span style=\"font-size: 14pt;\">La presidenta del CNE,<strong><a href=\"https:\/\/twitter.com\/DianaAtamaint\" target=\"_blank\" rel=\"noreferrer noopener nofollow\"> Diana Atamaint<\/a><\/strong>, ha confirmado que muchos ecuatorianos en el exterior han tenido problemas para ejercer el voto telem\u00e1tico. No obstante, el \u00f3rgano electoral <strong>desminti\u00f3 en un primer momento que el sistema tuviera problemas<\/strong>. Incluso puso una marca de agua con la leyenda <strong>\u00abfalso\u00bb<\/strong> a las denuncias de unos electores publicada por <em>Expreso<\/em>, uno de los diarios m\u00e1s importantes del pa\u00eds.<\/span><\/p>\n<h2><span style=\"font-size: 14pt;\">Quejas sin respuesta<\/span><\/h2>\n<p style=\"text-align: justify;\"><span style=\"font-size: 14pt;\">\u00abNuestros t\u00e9cnicos est\u00e1n atendiendo de forma personalizada a trav\u00e9s del <em>call center<\/em> y a trav\u00e9s del link que se ha dado a cada uno de ellos para acompa\u00f1arles\u00bb, ha insistido Atamaint. Melissa Gavilanes lamenta que <strong>ha estado llamando y escribiendo a trav\u00e9s de chat durante horas y que nunca le respondieron<\/strong>.<\/span><\/p>\n<p style=\"text-align: justify;\"><span style=\"font-size: 14pt;\">Hasta las 17.00 horas en Espa\u00f1a hab\u00edan ejercido su derecho a voto 21.974 ecuatorianos que residen en Europa, Ocean\u00eda y Asia, seg\u00fan datos del CNE. En Sudam\u00e9rica, Caribe y \u00c1frica lo hab\u00edan hecho 177, mientras que en Estados Unidos la cifra llegaba a los 196. Lo m\u00e1s probable es <strong>que el pr\u00f3ximo presidente de Ecuador se decida en segunda vuelta, que se celebrar\u00eda el 15 de octubre<\/strong>.<\/span><\/p>\n<h5 class=\"postmeta__authors__item__card__name\"><span style=\"font-size: 14pt;\"><a href=\"https:\/\/theobjective.com\/autor\/francisco-serrato\/\">Fran Serrato<\/a><\/span><\/h5>\n<h5><span style=\"font-size: 14pt;\"><a class=\"postmeta__authors__item__card__twitter\" href=\"https:\/\/twitter.com\/FcoSerrato\">@FcoSerrato<\/a><a class=\"postmeta__authors__item__card__email\" href=\"mailto:fs@theobjective.com\">fs@theobjective.co<\/a><\/span><\/h5>\n<h5><span style=\"font-size: 14pt;\">Por<a href=\"https:\/\/theobjective.com\/internacional\/2023-08-20\/ecuatorianos-exterior-voto-telematico\/\"> The OBJETIVE<\/a>, 20 de agosto de 2023<\/span><\/h5>\n<p>_________________________<\/p>\n<\/div>\n<\/div>\n<h2><span style=\"font-size: 14pt;\">CARTA ABIERTA A PRESIDENTE DEL CNE Y LA PRENSA:<\/span><\/h2>\n<p style=\"text-align: justify;\"><span style=\"font-size: 14pt;\">Doctora<\/span><\/p>\n<p style=\"text-align: justify;\"><span style=\"font-size: 14pt;\">DIANA ATAMAINT<\/span><\/p>\n<p style=\"text-align: justify;\"><span style=\"font-size: 14pt;\">Presidente del CNE<\/span><\/p>\n<p style=\"text-align: justify;\"><span style=\"font-size: 14pt;\">Quito<\/span><\/p>\n<p style=\"text-align: justify;\"><span style=\"font-size: 14pt;\">Estimada Diana:<\/span><\/p>\n<p style=\"text-align: justify;\"><span style=\"font-size: 14pt;\">Las quejas tanto en Europa como en Estados Unidos, se multiplican.<\/span><\/p>\n<ol style=\"text-align: justify;\">\n<li><span style=\"font-size: 14pt;\">Se advirti\u00f3 de esto con tiempo, pero se insisti\u00f3 en modalidad telem\u00e1tica. HUBO TOZUDEZ Y OIDOS SORDOS a una realidad que ya se ve\u00eda venir. Y con dependencias diplom\u00e1ticas escasas o sin iniciativa ni capacidad operativa.<\/span><\/li>\n<li><span style=\"font-size: 14pt;\">Falt\u00f3 informaci\u00f3n y capacitaci\u00f3n y debi\u00f3 haber sido un sistema mixto, como transici\u00f3n, para dar opciones, antes de ir al totalmente telem\u00e1tico. Esto se recomend\u00f3, pero no se acogi\u00f3.<\/span><\/li>\n<li><span style=\"font-size: 14pt;\">No hubo depuraci\u00f3n de padr\u00f3n. Mi hijo vive en Inglaterra, desde hace dos a\u00f1os; registr\u00f3 su cambio de domicilio en ENERO, pero nunca se hizo el cambio y no pudo registrarse para votar ahora. Deber\u00e1 esperar el 2025.<\/span><\/li>\n<li><span style=\"font-size: 14pt;\">Lo propio con mi hija y yerno en Argentina. Y esos casos tambi\u00e9n abundan en otros pa\u00edses. Recordemos ola migratoria nueva, esto se reflejar\u00e1 fuertemente aun m\u00e1s en el 2025.<\/span><\/li>\n<li><span style=\"font-size: 14pt;\">USA y CANAD\u00c1 llevan tres horas y no pueden votar. Tienen varios usos horarios por extensi\u00f3n de sus territorios y algunos reci\u00e9n arrancaron procesos, mientras otros ya est\u00e1n cerr\u00e1ndolos, sin haber podido sufragar.<\/span><\/li>\n<li><span style=\"font-size: 14pt;\">Y Europa es un desastre total, y est\u00e1n ya por cerrar proceso en poco tiempo m\u00e1s por diferencia horaria.<\/span><\/li>\n<li><span style=\"font-size: 14pt;\">Violaci\u00f3n total de derechos constitucionales a elegir y ser elegidos. Me consta. Estuve en USA Y tengo los reportes de Europa.<\/span><\/li>\n<li><span style=\"font-size: 14pt;\">Creo que se debe suspender, dar m\u00e1s plazo o repetir estas elecciones en el exterior, dando primero soluci\u00f3n a la parte tecnol\u00f3gica y garant\u00edas al votante.<\/span><\/li>\n<li><span style=\"font-size: 14pt;\">Lo dice la Constituci\u00f3n: el ESTADO debe garantizar el respeto y cumplimiento de los derechos ciudadanos, humanos y pol\u00edticos a la poblaci\u00f3n. Una de las Funciones del Estado es la ELECTORAL, por tanto, est\u00e1n faltando a su deber y responsabilidad.<\/span><\/li>\n<li><span style=\"font-size: 14pt;\">Son SEIS CURULES en JUEGO!!<\/span><\/li>\n<li><span style=\"font-size: 14pt;\">Las voces de los migrantes est\u00e1 siendo silenciada.<\/span><\/li>\n<li><span style=\"font-size: 14pt;\">Se les est\u00e1 vulnerando su derecho CONSTITUCIONAL a elegir y ser elegidos.<\/span><\/li>\n<li><span style=\"font-size: 14pt;\">Adem\u00e1s, olvidamos que son uno de los puntales principales de la econom\u00eda del pa\u00eds, con m\u00e1s de 4.720 millones de d\u00f3lares de remesas, aun a costa de dolor, sacrificio y muerte.<\/span><\/li>\n<li><span style=\"font-size: 14pt;\">Los migrantes merecen respeto y tienen nuestros mismos derechos.<\/span><\/li>\n<li><span style=\"font-size: 14pt;\">Recordemos que en circunscripci\u00f3n exterior no es obligatorio votar. Por tanto, tiene doble valor respetar la voluntad de quien desea hacerlo.<\/span><\/li>\n<\/ol>\n<p style=\"text-align: justify;\"><span style=\"font-size: 14pt;\">Todav\u00eda se puede enmendar este error y rectificar, dar soluci\u00f3n. Los migrantes lo demandan y nosotros tambi\u00e9n.<\/span><\/p>\n<p style=\"text-align: justify;\"><span style=\"font-size: 14pt;\">Conf\u00edo en que sabr\u00e1n escuchar y respetar la Democracia.<\/span><\/p>\n<p style=\"text-align: justify;\"><span style=\"font-size: 14pt;\">Saludos,<\/span><\/p>\n<p style=\"text-align: justify;\"><span style=\"font-size: 14pt;\">Pierina Correa Delgado Arquitecta<\/span><\/p>\n<p style=\"text-align: justify;\"><span style=\"font-size: 14pt;\">CI: 1705494761<\/span><\/p>\n<p style=\"text-align: justify;\"><span style=\"font-size: 14pt;\">Candidata a la Asamblea Nacional RC5<\/span><\/p>\n<p style=\"text-align: justify;\"><span style=\"font-size: 14pt;\">Ex Coordinadora\u00a0de\u00a0Migrantes<\/span><\/p>\n<p>________________________<\/p>\n<h2><span style=\"font-size: 14pt;\">Varios autores<\/span><\/h2>\n<div class=\"txt_newworld\">\n<div class=\"capcredit\">\n<h2><strong><span style=\"font-size: 14pt;\">Editado por <\/span><a href=\"https:\/\/www.lapluma.net\/nosotros\/editora\/\"><span style=\"font-size: 14pt;\">Mar\u00eda Piedad Ossaba<\/span><\/a><\/strong><\/h2>\n<h2><span style=\"font-size: 14pt;\">Lea tambi\u00e9n: <\/span><a href=\"https:\/\/www.telesurtv.net\/news\/ecuador-elecciones-extraordinarias-presidente-20230820-0009.html\"><span style=\"font-size: 14pt;\">Elecciones sin incidentes en Ecuador pero con problemas en el exterior<\/span><\/a><\/h2>\n<\/div>\n<\/div>\n","protected":false},"excerpt":{"rendered":"<p>Estamos recibiendo numerosas denuncias desde Europa y Estados Unidos donde viven miles de ecuatorianos y ecuatorianas comunic\u00e1ndonos que se le est\u00e1 siendo imposible votar, el sistema no est\u00e1 funcionando, escribi\u00f3 en un tuit Alejandro Rusconi&#8230; Las quejas tanto en Europa como en Estados Unidos, se multiplican. Todav\u00eda se puede enmendar este error y rectificar, dar soluci\u00f3n. Los migrantes lo demandan y nosotros tambi\u00e9n. Conf\u00edo en que sabr\u00e1n escuchar y respetar la Democracia.<\/p>\n","protected":false},"author":45,"featured_media":56099,"comment_status":"open","ping_status":"open","sticky":false,"template":"","format":"standard","meta":{"_uf_show_specific_survey":0,"_uf_disable_surveys":false,"footnotes":""},"categories":[5],"tags":[24157,46,24210,24158,4312,24155,24209],"coauthors":[423],"class_list":["post-56097","post","type-post","status-publish","format-standard","has-post-thumbnail","hentry","category-editoriales-y-opiniones","tag-diana-atamaint","tag-ecuador","tag-elecciones-ecuador-2023","tag-pierina-correa-delgado","tag-varios-autores","tag-votantes-en-el-exterior","tag-voto-telematico"],"translation":{"provider":"WPGlobus","version":"2.12.2","language":"fr","enabled_languages":["es","fr"],"languages":{"es":{"title":true,"content":true,"excerpt":true},"fr":{"title":false,"content":false,"excerpt":false}}},"_links":{"self":[{"href":"https:\/\/www.lapluma.net\/fr\/wp-json\/wp\/v2\/posts\/56097","targetHints":{"allow":["GET"]}}],"collection":[{"href":"https:\/\/www.lapluma.net\/fr\/wp-json\/wp\/v2\/posts"}],"about":[{"href":"https:\/\/www.lapluma.net\/fr\/wp-json\/wp\/v2\/types\/post"}],"author":[{"embeddable":true,"href":"https:\/\/www.lapluma.net\/fr\/wp-json\/wp\/v2\/users\/45"}],"replies":[{"embeddable":true,"href":"https:\/\/www.lapluma.net\/fr\/wp-json\/wp\/v2\/comments?post=56097"}],"version-history":[{"count":6,"href":"https:\/\/www.lapluma.net\/fr\/wp-json\/wp\/v2\/posts\/56097\/revisions"}],"predecessor-version":[{"id":56106,"href":"https:\/\/www.lapluma.net\/fr\/wp-json\/wp\/v2\/posts\/56097\/revisions\/56106"}],"wp:featuredmedia":[{"embeddable":true,"href":"https:\/\/www.lapluma.net\/fr\/wp-json\/wp\/v2\/media\/56099"}],"wp:attachment":[{"href":"https:\/\/www.lapluma.net\/fr\/wp-json\/wp\/v2\/media?parent=56097"}],"wp:term":[{"taxonomy":"category","embeddable":true,"href":"https:\/\/www.lapluma.net\/fr\/wp-json\/wp\/v2\/categories?post=56097"},{"taxonomy":"post_tag","embeddable":true,"href":"https:\/\/www.lapluma.net\/fr\/wp-json\/wp\/v2\/tags?post=56097"},{"taxonomy":"author","embeddable":true,"href":"https:\/\/www.lapluma.net\/fr\/wp-json\/wp\/v2\/coauthors?post=56097"}],"curies":[{"name":"wp","href":"https:\/\/api.w.org\/{rel}","templated":true}]}}