{"id":55805,"date":"2023-08-16T20:37:04","date_gmt":"2023-08-16T20:37:04","guid":{"rendered":"https:\/\/www.lapluma.net\/?p=55805"},"modified":"2023-08-16T22:12:57","modified_gmt":"2023-08-16T22:12:57","slug":"argentina-nueva-derecha-nuevos-desafios","status":"publish","type":"post","link":"https:\/\/www.lapluma.net\/fr\/2023\/08\/16\/argentina-nueva-derecha-nuevos-desafios\/","title":{"rendered":"Argentine : nouvelle droite, nouveaux d\u00e9fis"},"content":{"rendered":"<p style=\"text-align: justify;\"><span style=\"font-size: 14pt;\">Le r\u00e9sultat choquant des \u00e9lections primaires de dimanche donne lieu \u00e0 d&rsquo;importants d\u00e9bats. Je consid\u00e8re qu&rsquo;il est essentiel d&rsquo;examiner au moins dix questions :<\/span><\/p>\n<p style=\"text-align: justify;\"><span style=\"font-size: 14pt;\">1) La croissance exponentielle de l&rsquo;extr\u00eame droite est un ph\u00e9nom\u00e8ne mondial qui a commenc\u00e9 en 2015 et 2016 avec les triomphes de Trump et de Bolsonaro. Boric et Petro ont remport\u00e9 leurs scrutins contre des candidats du m\u00eame type et ces forces font partie de tous les parlements en Europe. Nous sommes dans une nouvelle \u00e9tape historique, de grande instabilit\u00e9 \u00e9conomique et politique et de renforcement des forces d&rsquo;extr\u00eame droite.<\/span><\/p>\n<p style=\"text-align: justify;\"><span style=\"font-size: 14pt;\">2) Au niveau mondial, cette droite radicalis\u00e9e s&rsquo;est manifest\u00e9e de deux mani\u00e8res. Soit par l&rsquo;\u00e9mergence de nouvelles forces, comme Vox en Espagne, soit par la radicalisation des partis traditionnels, comme aux USA. En Argentine, les deux se produisent en m\u00eame temps. Ces droites ont des agendas \u00e9conomiques diff\u00e9rents dans le monde entier et ne cadrent pas toutes facilement avec les st\u00e9r\u00e9otypes sur les vieilles extr\u00eames droites.<\/span><\/p>\n<figure id=\"attachment_55913\" aria-describedby=\"caption-attachment-55913\" style=\"width: 412px\" class=\"wp-caption aligncenter\"><img loading=\"lazy\" decoding=\"async\" class=\"wp-image-55913\" src=\"https:\/\/www.lapluma.net\/wp-content\/uploads\/2023\/08\/Dios-Salve-a-Argentina-300x169.jpg\" alt=\"\" width=\"412\" height=\"232\" srcset=\"https:\/\/www.lapluma.net\/wp-content\/uploads\/2023\/08\/Dios-Salve-a-Argentina-300x169.jpg 300w, https:\/\/www.lapluma.net\/wp-content\/uploads\/2023\/08\/Dios-Salve-a-Argentina.jpg 620w\" sizes=\"auto, (max-width: 412px) 100vw, 412px\" \/><figcaption id=\"caption-attachment-55913\" class=\"wp-caption-text\">Que Dieu sauve l&rsquo;Argentine<\/figcaption><\/figure>\n<p style=\"text-align: justify;\"><span style=\"font-size: 14pt;\">3) Dans le cas de l&rsquo;Argentine, il s&rsquo;agit de n\u00e9olib\u00e9raux en surr\u00e9gime. Ils ont des candidats li\u00e9s \u00e0 la dictature et d&rsquo;autres qui font partie de la vie d\u00e9mocratique depuis des d\u00e9cennies. Au fond, ils sont x\u00e9nophobes, l&rsquo;\u00e9crasante majorit\u00e9 est anti-droits des femmes et anti-diversit\u00e9, mais ils sont ambivalents parce qu&rsquo;ils ne pensent pas tous de la m\u00eame fa\u00e7on et aussi parce que pour l&rsquo;instant ce ne sont pas ces aspects qui op\u00e8rent dans la soci\u00e9t\u00e9. Ce qui fonctionne, c&rsquo;est l&rsquo;invention d&rsquo;une issue pr\u00e9tendument simple \u00e0 une crise \u00e9conomique d\u00e9j\u00e0 insupportable. La \u201cdollarisation\u201d, la \u201ccaste\u201d et la promesse de r\u00e9pression et d&rsquo;ordre ont conduit \u00e0 cette performance \u00e9lectorale.<\/span><\/p>\n<p style=\"text-align: justify;\"><span style=\"font-size: 14pt;\">4) Il ne faut pas confondre le fait que les candidats et leurs \u00e9quipes appartiennent \u00e0 l&rsquo;extr\u00eame droite et les \u00e9lecteurs. Aujourd&rsquo;hui, l&rsquo;\u00e9crasante majorit\u00e9 de ce vote est contre le<em> statu quo<\/em>, contre<em> l&rsquo;establishment <\/em>et en partie contre les \u201cpoliticiens\u201d. Il ressemble au vote bolsonarien d&rsquo;il y a cinq ans. En revanche, le vote pour Bolsonaro de l&rsquo;ann\u00e9e derni\u00e8re comportait d\u00e9j\u00e0 une importante composante id\u00e9ologique postfasciste. En quatre ans, Bolsonaro a consolid\u00e9 id\u00e9ologiquement un quart de la population. Cela ne s&rsquo;est pas encore produit en Argentine.<\/span><\/p>\n<p style=\"text-align: justify;\"><span style=\"font-size: 14pt;\">5) Les \u00e9motions jouent \u00e9videmment un r\u00f4le important. L\u00e0 o\u00f9 l&rsquo;extr\u00eame droite monte, il y a des sentiments de col\u00e8re, de ras-le-bol, de frustration, de rage. Cela ne veut pas dire qu&rsquo;il s&rsquo;agit d&rsquo;un vote \u201c\u00e9motionnel\u201d par opposition \u00e0 un vote \u201crationnel\u201d. Il n&rsquo;y a pas de politique sans \u00e9motions. Les p\u00e9ronistes le savent bien\u00a0: voir la \u201ccris pasi\u00f3n\u201d [<em>la passion de\/pour Cristina Kirchner, jeu de mots avec la passion du Christ, NdT<\/em>] et parce que \u201cle p\u00e9ronisme est un sentiment\u201d*.<\/span><\/p>\n<p style=\"text-align: justify;\"><span style=\"font-size: 14pt;\">6) Cette croissance mondiale s&rsquo;est produite au lendemain de la crise \u00e9conomique des Lehman Brothers, avec les difficult\u00e9s des partis traditionnels dans de nombreux pays \u00e0 maintenir les certitudes de l&rsquo;\u00c9tat-providence, avec la crise de la pand\u00e9mie et l&rsquo;inflation dans les ann\u00e9es qui ont suivi. Une croissance exponentielle des in\u00e9galit\u00e9s.<\/span><\/p>\n<p style=\"text-align: justify;\"><span style=\"font-size: 14pt;\">7) En Argentine, le ph\u00e9nom\u00e8ne est peut-\u00eatre arriv\u00e9 plus tard en raison de l&rsquo;importance historique du Pacte du <em>Nunca M\u00e1s<\/em> [<em>Plus jamais \u00e7a<\/em>] et du rejet de la violence politique. Mais en m\u00eame temps, la crise structurelle, produit de la dette et maintenant de la s\u00e9cheresse, est plus grave que dans d&rsquo;autres pays.<\/span><\/p>\n<figure id=\"attachment_55915\" aria-describedby=\"caption-attachment-55915\" style=\"width: 600px\" class=\"wp-caption aligncenter\"><img loading=\"lazy\" decoding=\"async\" class=\"wp-image-55915\" src=\"https:\/\/www.lapluma.net\/wp-content\/uploads\/2023\/08\/nunca-mas-1-300x100.jpg\" alt=\"\" width=\"600\" height=\"200\" srcset=\"https:\/\/www.lapluma.net\/wp-content\/uploads\/2023\/08\/nunca-mas-1-300x100.jpg 300w, https:\/\/www.lapluma.net\/wp-content\/uploads\/2023\/08\/nunca-mas-1-1024x341.jpg 1024w, https:\/\/www.lapluma.net\/wp-content\/uploads\/2023\/08\/nunca-mas-1-768x256.jpg 768w, https:\/\/www.lapluma.net\/wp-content\/uploads\/2023\/08\/nunca-mas-1-1536x512.jpg 1536w, https:\/\/www.lapluma.net\/wp-content\/uploads\/2023\/08\/nunca-mas-1.jpg 1800w\" sizes=\"auto, (max-width: 600px) 100vw, 600px\" \/><figcaption id=\"caption-attachment-55915\" class=\"wp-caption-text\">Plus jamais \u00e7a<\/figcaption><\/figure>\n<p style=\"text-align: justify;\"><span style=\"font-size: 14pt;\">8) Un candidat peut monter ou descendre dans les intentions de vote d&rsquo;une semaine \u00e0 l&rsquo;autre. Mais dans la phase politique actuelle, l&rsquo;extr\u00eame droite en Argentine et en Am\u00e9rique latine est appel\u00e9e \u00e0 faire partie du paysage et des conflits politiques centraux. S&rsquo;il est une chose qui caract\u00e9rise l&rsquo;extr\u00eame droite, c&rsquo;est qu&rsquo;elle enfreint les r\u00e8gles formelles de la politique (par exemple, en envahissant le Capitole, en inventant des fraudes en cas de d\u00e9faite), mais aussi les r\u00e8gles informelles dans nombre de ses comportements, y compris la violence verbale ou la diffusion incessante de <em>fake news.<\/em> Jusqu&rsquo;\u00e0 pr\u00e9sent, ils n&rsquo;ont pas \u00e9t\u00e9 en mesure d&rsquo;abolir les r\u00e8gles minimales de la d\u00e9mocratie lib\u00e9rale, ce qui a eu des cons\u00e9quences importantes au Br\u00e9sil et aux USA.<\/span><\/p>\n<p><img loading=\"lazy\" decoding=\"async\" class=\"wp-image-55929 aligncenter\" src=\"https:\/\/www.lapluma.net\/wp-content\/uploads\/2023\/08\/Les-nouveau-visages-du-Fascisme-Enzo-Traverso-161x300.jpg\" alt=\"\" width=\"285\" height=\"531\" srcset=\"https:\/\/www.lapluma.net\/wp-content\/uploads\/2023\/08\/Les-nouveau-visages-du-Fascisme-Enzo-Traverso-161x300.jpg 161w, https:\/\/www.lapluma.net\/wp-content\/uploads\/2023\/08\/Les-nouveau-visages-du-Fascisme-Enzo-Traverso.jpg 269w\" sizes=\"auto, (max-width: 285px) 100vw, 285px\" \/><\/p>\n<h5 style=\"text-align: justify;\"><span style=\"font-size: 10pt;\">Un fant\u00f4me hante le monde aujourd&rsquo;hui, et ce n&rsquo;est certainement pas le communisme, mais une nouvelle droite qui gagne du terrain en Europe, aux \u00c9tats-Unis et en Am\u00e9rique latine et que, par rejet ou par perplexit\u00e9, presque personne ne comprend.<\/span><\/h5>\n<p>&nbsp;<\/p>\n<p style=\"text-align: justify;\"><span style=\"font-size: 14pt;\">9) Les forces du camp populaire doivent assumer leurs difficult\u00e9s et leurs erreurs afin de pouvoir compatir \u00e0 la souffrance d&rsquo;une grande partie du peuple. Et pour pouvoir se r\u00e9orienter dans tous les domaines n\u00e9cessaires.<\/span><\/p>\n<p style=\"text-align: justify;\"><span style=\"font-size: 14pt;\">10) Face \u00e0 cette nouvelle \u00e9tape politique, le camp populaire doit \u00eatre plus organis\u00e9 et uni que jamais. Avec un programme \u00e9conomique et social qui construise un horizon clair et fort pour les grandes majorit\u00e9s populaires. Et il doit \u00eatre pr\u00eat, comme Lula et le PT, \u00e0 construire des alliances tr\u00e8s larges pour d\u00e9fendre la vie, la paix et les droits fondamentaux du peuple.<\/span><\/p>\n<h2 style=\"text-align: justify;\"><span style=\"font-size: 14pt;\">NdT<\/span><\/h2>\n<p style=\"text-align: justify;\"><span style=\"font-size: 14pt;\">*\u00a0\u00ab\u00a0Les p\u00e9ronistes ne sont ni bons ni mauvais, ils sont incorrigibles\u00a0\u00bb (Jorge Luis Borges)<\/span><\/p>\n<h2><span style=\"font-size: 14pt;\">Alejando Grimson<\/span><\/h2>\n<h2><span style=\"font-size: 14pt;\">Original: \u00a0<a href=\"https:\/\/www.lapluma.net\/2023\/08\/16\/argentina-nueva-derecha-nuevos-desafios\/\" rel=\"bookmark\">Argentina: nueva derecha, nuevos desaf\u00edos<\/a><\/span><\/h2>\n<h2><span style=\"font-size: 14pt;\">Traduit par <a href=\"https:\/\/docs.google.com\/document\/d\/1iCMKgo4n9QO9LQzVQUf3JXAkTrNmAGrNIkQgnIOlIdM\/edit\">Fausto Giudice<\/a><\/span><\/h2>\n<h2><span style=\"font-size: 14pt;\">Source: <a href=\"https:\/\/tlaxcala-int.blogspot.com\/2023\/08\/alejandro-grimson-argentine-nouvelle.html\">Tlaxcala<\/a>, le 15 ao\u00fbt 2023<\/span><\/h2>\n","protected":false},"excerpt":{"rendered":"<p>Face \u00e0 cette nouvelle \u00e9tape politique, le camp populaire doit \u00eatre plus organis\u00e9 et uni que jamais. Avec un programme \u00e9conomique et social qui construise un horizon clair et fort pour les grandes majorit\u00e9s populaires. Et il doit \u00eatre pr\u00eat, comme Lula et le PT, \u00e0 construire des alliances tr\u00e8s larges pour d\u00e9fendre la vie, la paix et les droits fondamentaux du peuple.<\/p>\n","protected":false},"author":1318,"featured_media":55937,"comment_status":"open","ping_status":"open","sticky":false,"template":"","format":"standard","meta":{"_uf_show_specific_survey":0,"_uf_disable_surveys":false,"footnotes":""},"categories":[5],"tags":[24134,239,661,679,745,6285,959,23414,24107],"coauthors":[24133],"class_list":["post-55805","post","type-post","status-publish","format-standard","has-post-thumbnail","hentry","category-editoriales-y-opiniones","tag-alejandro-grimson","tag-argentine","tag-bolsonaro","tag-bresil","tag-donald-trump","tag-elecciones-primarias-paso","tag-jair-bolsonaro","tag-javier-milei","tag-liberfachos"],"translation":{"provider":"WPGlobus","version":"2.12.2","language":"fr","enabled_languages":["es","fr"],"languages":{"es":{"title":true,"content":true,"excerpt":true},"fr":{"title":true,"content":true,"excerpt":true}}},"_links":{"self":[{"href":"https:\/\/www.lapluma.net\/fr\/wp-json\/wp\/v2\/posts\/55805","targetHints":{"allow":["GET"]}}],"collection":[{"href":"https:\/\/www.lapluma.net\/fr\/wp-json\/wp\/v2\/posts"}],"about":[{"href":"https:\/\/www.lapluma.net\/fr\/wp-json\/wp\/v2\/types\/post"}],"author":[{"embeddable":true,"href":"https:\/\/www.lapluma.net\/fr\/wp-json\/wp\/v2\/users\/1318"}],"replies":[{"embeddable":true,"href":"https:\/\/www.lapluma.net\/fr\/wp-json\/wp\/v2\/comments?post=55805"}],"version-history":[{"count":14,"href":"https:\/\/www.lapluma.net\/fr\/wp-json\/wp\/v2\/posts\/55805\/revisions"}],"predecessor-version":[{"id":55939,"href":"https:\/\/www.lapluma.net\/fr\/wp-json\/wp\/v2\/posts\/55805\/revisions\/55939"}],"wp:featuredmedia":[{"embeddable":true,"href":"https:\/\/www.lapluma.net\/fr\/wp-json\/wp\/v2\/media\/55937"}],"wp:attachment":[{"href":"https:\/\/www.lapluma.net\/fr\/wp-json\/wp\/v2\/media?parent=55805"}],"wp:term":[{"taxonomy":"category","embeddable":true,"href":"https:\/\/www.lapluma.net\/fr\/wp-json\/wp\/v2\/categories?post=55805"},{"taxonomy":"post_tag","embeddable":true,"href":"https:\/\/www.lapluma.net\/fr\/wp-json\/wp\/v2\/tags?post=55805"},{"taxonomy":"author","embeddable":true,"href":"https:\/\/www.lapluma.net\/fr\/wp-json\/wp\/v2\/coauthors?post=55805"}],"curies":[{"name":"wp","href":"https:\/\/api.w.org\/{rel}","templated":true}]}}