{"id":55674,"date":"2023-08-14T13:48:57","date_gmt":"2023-08-14T13:48:57","guid":{"rendered":"https:\/\/www.lapluma.net\/?p=55674"},"modified":"2023-08-14T19:12:47","modified_gmt":"2023-08-14T19:12:47","slug":"jose-pablo-crialeselecciones-en-argentina-ultra-libertario-y-anarco-capitalista-asi-es-javier-milei-el-grito-de-la-argentina-mas-enfadada","status":"publish","type":"post","link":"https:\/\/www.lapluma.net\/fr\/2023\/08\/14\/jose-pablo-crialeselecciones-en-argentina-ultra-libertario-y-anarco-capitalista-asi-es-javier-milei-el-grito-de-la-argentina-mas-enfadada\/","title":{"rendered":"\u00c9lections primaires en Argentine : victoire de Javier Milei, ultra, libertarien et \u201canarcho-capitaliste\u201d<br><i>Portrait d\u2019un clown trumpo-bolsonarien<\/i>"},"content":{"rendered":"<p style=\"text-align: justify;\"><span style=\"font-size: 14pt;\">Enfant battu, ado col\u00e9rique, le candidat d\u2019extr\u00eame droite remporte les primaires en capitalisant sur le ras-le-bol et en fixant l\u2019ordre du jour politique par son histrionisme<\/span><\/p>\n<figure id=\"attachment_55698\" aria-describedby=\"caption-attachment-55698\" style=\"width: 600px\" class=\"wp-caption aligncenter\"><img loading=\"lazy\" decoding=\"async\" class=\"wp-image-55698\" src=\"https:\/\/www.lapluma.net\/wp-content\/uploads\/2023\/08\/Milei-Trump-Bolso-300x169.jpg\" alt=\"\" width=\"600\" height=\"338\" srcset=\"https:\/\/www.lapluma.net\/wp-content\/uploads\/2023\/08\/Milei-Trump-Bolso-300x169.jpg 300w, https:\/\/www.lapluma.net\/wp-content\/uploads\/2023\/08\/Milei-Trump-Bolso.jpg 640w\" sizes=\"auto, (max-width: 600px) 100vw, 600px\" \/><figcaption id=\"caption-attachment-55698\" class=\"wp-caption-text\">Milei Trump Bolsonaro<\/figcaption><\/figure>\n<p style=\"text-align: justify;\"><span style=\"font-size: 14pt;\">Br\u00fbler la Banque centrale \u201cmettra fin \u00e0 l\u2019inflation\u201d ; la vente d\u2019organes peut \u00eatre \u201cun march\u00e9 comme un autre\u201d ; les politiciens \u201cdevraient \u00eatre vir\u00e9s \u00e0 coups de pied au cul\u201d. C\u2019est avec de telles propositions, cri\u00e9es sur des estrades, que l\u2019\u00e9conomiste ultralib\u00e9ral Javier Milei s\u2019est empar\u00e9 de l\u2019agenda public argentin. Histrionesque, \u00e9chevel\u00e9, mais en m\u00eame temps tr\u00e8s attentif \u00e0 son image, le candidat d\u2019extr\u00eame droite a impos\u00e9 sa fureur anti-establishment dans le d\u00e9bat politique depuis la premi\u00e8re fois qu\u2019il a foul\u00e9 un plateau de t\u00e9l\u00e9vision en 2016. Sa col\u00e8re a capt\u00e9 la frustration d\u2019une soci\u00e9t\u00e9 d\u00e9go\u00fbt\u00e9e par la politique : d\u2019animateur de talk-show \u00e0 candidat \u00e0 la pr\u00e9sidentielle, Milei a \u00e9t\u00e9 le candidat le plus vot\u00e9 lors des primaires de dimanche. Il a obtenu pr\u00e8s de 32 % des voix, devan\u00e7ant le parti p\u00e9roniste au pouvoir et une droite qui avait commenc\u00e9 \u00e0 lui demander d\u2019\u00e9crire son propre sc\u00e9nario. Milei n\u2019a pas voulu faire de pacte. Son cri de guerre est contre tous les autres : \u00ab\u00a0La caste a peur\u00a0\u00bb.<\/span><\/p>\n<p style=\"text-align: justify;\"><span style=\"font-size: 14pt;\">Fils d\u2019un chauffeur de bus devenu entrepreneur dans le transport et d\u2019une femme au foyer, Javier Milei (Buenos Aires, 52 ans) a grandi dans un foyer violent. \u00ab\u00a0Pour moi, ils sont morts\u00a0\u00bb, r\u00e9p\u00e9tait-il \u00e0 propos de ses parents en 2018, \u00e0 l\u2019apog\u00e9e de sa carri\u00e8re d\u2019animateur de talk-shows t\u00e9l\u00e9vis\u00e9s. Milei avait alors pass\u00e9 une d\u00e9cennie sans parler \u00e0 Norberto et Alicia, qui l\u2019ont \u00e9lev\u00e9 au milieu des coups et des violences verbales. Inhib\u00e9 \u00e0 la maison, soutenu uniquement par sa grand-m\u00e8re maternelle et Karina, sa jeune s\u0153ur, il s\u2019est fait conna\u00eetre pour ses col\u00e8res \u00e0 l\u2019\u00e9cole.\u00a0<\/span><\/p>\n<p><img loading=\"lazy\" decoding=\"async\" class=\"aligncenter wp-image-55699\" src=\"https:\/\/www.lapluma.net\/wp-content\/uploads\/2023\/08\/Milei-Noticias-Esoterismo-226x300.jpg\" alt=\"\" width=\"452\" height=\"600\" srcset=\"https:\/\/www.lapluma.net\/wp-content\/uploads\/2023\/08\/Milei-Noticias-Esoterismo-226x300.jpg 226w, https:\/\/www.lapluma.net\/wp-content\/uploads\/2023\/08\/Milei-Noticias-Esoterismo.jpg 566w\" sizes=\"auto, (max-width: 452px) 100vw, 452px\" \/><\/p>\n<p style=\"text-align: justify;\"><span style=\"font-size: 14pt;\">Selon son biographe non autoris\u00e9, le journaliste Juan Luis Gonz\u00e1lez, il \u00e9tait surnomm\u00e9 <em>El Loco (le fou) <\/em>\u00e0 l\u2019\u00e9cole catholique secondaire qu\u2019il fr\u00e9quentait, en raison de ses acc\u00e8s de col\u00e8re qui, des d\u00e9cennies plus tard, ont fait de lui l\u2019\u00e9conomiste pr\u00e9f\u00e9r\u00e9 de la t\u00e9l\u00e9vision et un d\u00e9put\u00e9 national. Milei a \u00e9tudi\u00e9 \u00e0 l\u2019\u00e9cole Cardenal Copello de Villa Devoto, une banlieue r\u00e9sidentielle de la classe moyenne sup\u00e9rieure de Buenos Aires, o\u00f9 il a jou\u00e9 au football en tant que gardien de but dans les divisions inf\u00e9rieures de l\u2019\u00e9quipe Chacarita Juniors, a chant\u00e9 dans un groupe qui reprenait les Rolling Stones, et o\u00f9 il n\u2019y a aucun souvenir de petites amies ou d\u2019amis.<\/span><\/p>\n<p style=\"text-align: justify;\"><span style=\"font-size: 14pt;\">Milei peut encore \u00e9chouer dans sa course \u00e0 la pr\u00e9sidence le 22 octobre, mais il s\u2019est veng\u00e9 de la solitude de sa jeunesse par les acclamations populaires. Quelque 10 000 personnes l\u2019ont applaudi lundi 7 ao\u00fbt lors de la cl\u00f4ture de sa campagne. Le candidat, qui a fait sa carri\u00e8re politique en mena\u00e7ant de \u201cvirer les politiciens \u00e0 coups de pied au cul\u201d et en fulminant contre \u201cla caste\u201d, est revenu sur le chemin parcouru depuis qu\u2019il a \u00e9t\u00e9 le fer de lance de l\u2019arriv\u00e9e de l\u2019extr\u00eame droite au Congr\u00e8s argentin en novembre 2021. Depuis un an et demi qu\u2019il si\u00e8ge parmi les d\u00e9put\u00e9s, il n\u2019a promu aucun projet et a tir\u00e9 au sort parmi ses partisans chacun de ses salaires. Ses fid\u00e8les applaudissent ces deux gestes : Milei ne r\u00e9chauffe pas le banc, il r\u00e9v\u00e8le l\u2019inefficacit\u00e9 de la Chambre ; il n\u2019est pas un populiste qui partage le g\u00e2teau, il d\u00e9nonce les politiciens et leurs salaires chaque mois plus \u00e9lev\u00e9s. Alors que le stade \u00e0 moiti\u00e9 plein entonnait le chant dont il a fait sa banni\u00e8re, \u201cQue se vayan todos\u201d [<em>Qu\u2019ils d\u00e9gagent tous<\/em>], Milei a remerci\u00e9 six \u00eatres : <em>El Jefe<\/em>, comme il appelle sa s\u0153ur Karina, son pilier affectif et la coordinatrice de sa campagne, et Conan, Murray, Milton, Robert et Lucas, les cinq mastiffs anglais qu\u2019il appelle ses \u201cpetits enfants \u00e0 quatre pattes\u201d.<\/span><\/p>\n<p style=\"text-align: justify;\"><span style=\"font-size: 14pt;\">\u00c9conomiste, titulaire d\u2019une licence et d\u2019une ma\u00eetrise d\u2019universit\u00e9s priv\u00e9es de Buenos Aires, Milei a jou\u00e9 un r\u00f4le moteur dans le d\u00e9bat sur la dollarisation face \u00e0 l\u2019inflation galopante, sur l\u2019ajustement des d\u00e9penses publiques qui, en Argentine, maintiennent un \u00c9tat fort auquel aucun politicien n\u2019ose toucher, et sur la lutte contre la criminalit\u00e9. Mais rien n\u2019a autant fait parler de lui que sa vie priv\u00e9e.<\/span><\/p>\n<p style=\"text-align: justify;\"><span style=\"font-size: 14pt;\">C\u2019est en partie sa responsabilit\u00e9. Milei pr\u00e9f\u00e8re souvent s\u2019enliser dans des explications plut\u00f4t que de se sortir d\u2019une situation d\u00e9licate par un oui ou un non. Le biographe Gonz\u00e1lez affirme par exemple que Milei \u00e9tudie la t\u00e9l\u00e9pathie et dispose d\u2019un m\u00e9dium pour communiquer avec l\u2019a\u00een\u00e9 de ses mastiffs, mort en 2017, \u00e0 qui il demande conseil. \u00ab\u00a0Ce que je fais \u00e0 l\u2019int\u00e9rieur de ma maison, c\u2019est mon probl\u00e8me\u00a0\u00bb, a-t-il r\u00e9pondu dans une interview accord\u00e9e \u00e0 notre journal. \u00ab\u00a0Et s\u2019il est, comme on le dit, mon conseiller politique, la v\u00e9rit\u00e9 est qu\u2019il a enfonc\u00e9 tout le monde\u00a0\u00bb.<\/span><\/p>\n<p style=\"text-align: justify;\"><span style=\"font-size: 14pt;\">C\u2019est sa r\u00e9ponse classique. En juin de l\u2019ann\u00e9e derni\u00e8re, il a qualifi\u00e9 la vente d\u2019organes de \u201cmarch\u00e9 de plus\u201d lors d\u2019un d\u00e9bat radiophonique. \u00ab\u00a0La personne qui a d\u00e9cid\u00e9 de vous vendre l\u2019organe, en quoi a-t-elle port\u00e9 atteinte \u00e0 la vie, \u00e0 la propri\u00e9t\u00e9 ou \u00e0 la libert\u00e9 d\u2019autrui ? Qui \u00eates-vous pour d\u00e9terminer ce qu\u2019il doit faire de sa vie ?\u00a0\u00bb, a demand\u00e9 Milei, et la spirale s\u2019est emball\u00e9e. Quelques jours plus tard, un journaliste lui demande s\u2019il adh\u00e8re \u00e0 une autre th\u00e9orie qui postule la \u201cvente d\u2019enfants\u201d. \u201c\u00e7a d\u00e9pend\u201d, r\u00e9pond Milei, qui s\u2019emp\u00eatre. \u201cLa r\u00e9ponse ne devrait pas \u00eatre n\u00e9gative ?\u201d, lui demande le journaliste. \u201cSi j\u2019avais un enfant, je ne le vendrais pas\u201d, a-t-il r\u00e9pondu. \u00ab\u00a0La r\u00e9ponse d\u00e9pend des termes dans lesquels vous pensez, peut-\u00eatre que dans 200 ans, on pourrait en d\u00e9battre\u201d.<\/span><\/p>\n<p style=\"text-align: justify;\"><span style=\"font-size: 14pt;\">Fin mai, il a fr\u00f4l\u00e9 le non-sens en relevant le gant de la d\u00e9rision. \u00ab\u00a0Javier Milei est un pan\u00e9liste \u00e9bouriff\u00e9 qui crie sur sc\u00e8ne et couche avec huit chiens et sa s\u0153ur\u00a0\u00bb, a d\u00e9crit Victoria Donda, ancienne d\u00e9put\u00e9e de gauche et directrice de l\u2019Institut national contre la discrimination sous l\u2019actuel gouvernement p\u00e9roniste, \u00ab\u00a0Je n\u2019ai pas huit chiens, j\u2019en ai cinq\u00a0\u00bb, s\u2019est-il born\u00e9 \u00e0 r\u00e9pondre sur le plateau d\u2019une cha\u00eene de t\u00e9l\u00e9vision amie qui lui demandait une r\u00e9ponse.<\/span><\/p>\n<p style=\"text-align: justify;\"><span style=\"font-size: 14pt;\">Ce sont des sorties peu communes pour quelqu\u2019un qui devrait \u00eatre habitu\u00e9 aux cha\u00eenes de t\u00e9l\u00e9vision, o\u00f9 il est arriv\u00e9 le 26 juillet 2016 lors de l\u2019un des talk-shows t\u00e9l\u00e9vis\u00e9s de minuit. \u00ab\u00a0Il pourrait \u00eatre ministre de la Culture, mais il sera ministre de l\u2019\u00c9conomie\u00a0\u00bb, l\u2019 a pr\u00e9sent\u00e9 l\u2019animateur d\u2019<em>Animales Sueltos, <\/em>Alejandro Fantino. \u00ab\u00a0Donne-moi la Banque centrale\u00a0\u00bb, a r\u00e9pondu Milei avec ironie, et il a monopolis\u00e9 toute l\u2019heure. Ce fut le moment inaugural de sa nouvelle vie. Milei avait pass\u00e9 des ann\u00e9es \u00e0 travailler dur. Il a \u00e9t\u00e9 conseiller du g\u00e9n\u00e9ral Antonio Bussi, un militaire qui a \u00e9t\u00e9 gouverneur de la province de Tucum\u00e1n pendant la dictature, puis d\u00e9put\u00e9 national ; \u00e9conomiste en chef de la Fundaci\u00f3n Acordar, le groupe de r\u00e9flexion d\u2019un ancien gouverneur p\u00e9roniste de Buenos Aires, Daniel Scioli ; et il a travaill\u00e9 dans l\u2019entreprise qui g\u00e8re la plupart des a\u00e9roports argentins. Son ancien patron, Eduardo Eurnekian, l\u2019un des hommes les plus riches du pays, est \u00e9galement propri\u00e9taire de la cha\u00eene de t\u00e9l\u00e9vision qui l\u2019a rendu c\u00e9l\u00e8bre.<\/span><\/p>\n<p style=\"text-align: justify;\"><span style=\"font-size: 14pt;\">Ses contradictions ne semblent pas g\u00eaner un tiers du pays qui f\u00eate sa victoire ce dimanche. Il fulmine contre la \u201ccaste\u201d, mais la conna\u00eet depuis longtemps ; libertarien, il s\u2019oppose \u00e0 l\u2019avortement et \u00e0 l\u2019\u00e9ducation sexuelle dans les \u00e9coles ; il a gagn\u00e9 l\u2019affection d\u2019une grande partie de la communaut\u00e9 immigr\u00e9e, mais la menace d\u2019un traitement diff\u00e9rent en interdisant l\u2019entr\u00e9e des \u00e9trangers ayant un casier judiciaire et en expulsant ceux qui commettent des d\u00e9lits dans le pays. \u00ab\u00a0Il m\u2019est arriv\u00e9 des choses tr\u00e8s fortes qui d\u00e9passent toute explication scientifique\u00a0\u00bb, d\u00e9clare Milei, qui a grandi dans le catholicisme et conna\u00eet bien la Bible. Aujourd\u2019hui, l\u2019un de ses grands conseillers est un rabbin et il dit qu\u2019il \u201c\u00e9tudie\u201d la possibilit\u00e9 de se convertir au juda\u00efsme.<\/span><\/p>\n<p style=\"text-align: justify;\"><span style=\"font-size: 14pt;\">Il y a un an, beaucoup pensaient que sa campagne n\u2019arriverait pas jusqu\u2019\u00e0 cet hiver austral. Le 10 juin 2022, par un froid glacial \u00e0 Buenos Aires, Javier Milei a convoqu\u00e9 son premier grand meeting dans la banlieue de la capitale. Six mois s\u2019\u00e9taient \u00e9coul\u00e9s depuis son arriv\u00e9e au Congr\u00e8s, sa popularit\u00e9 \u00e9tait en plein essor et il commen\u00e7ait d\u00e9j\u00e0 \u00e0 annoncer qu\u2019il voulait \u00eatre pr\u00e9sident. Le rassemblement fut un \u00e9chec. Un peu plus d\u2019un millier de personnes y assist\u00e8rent et les moqueries \u00e0 l\u2019\u00e9gard de l\u2019\u00e9conomiste libertarien, qui mena\u00e7ait de mener une r\u00e9volution nationale contre la \u201ccaste politique\u201d depuis un stade vide au milieu de nulle part, furent intenses. Ce fut aussi le d\u00e9but de sa guerre politique : accompagn\u00e9 seulement de sa s\u0153ur et d\u2019un ancien conseiller de presse du gouvernement n\u00e9olib\u00e9ral des ann\u00e9es 1990, une partie de sa base commence \u00e0 d\u00e9noncer le fait que le parti qu\u2019ils avaient construit dans la boue, La Libertad Avanza, \u00e9tait coopt\u00e9 en faveur du recyclage de politiciens <em>has been<\/em>.<\/span><\/p>\n<p style=\"text-align: justify;\"><span style=\"font-size: 14pt;\">La justice enqu\u00eate actuellement pour savoir si l\u2019entourage de Milei a demand\u00e9 des milliers de dollars en esp\u00e8ces en \u00e9change de places sur les listes pour les \u00e9lections g\u00e9n\u00e9rales d\u2019octobre, mais son parti est plus fort que jamais. Il a \u00e9galement renou\u00e9 le dialogue avec ses parents. Il aura 53 ans le 22 octobre, jour de l\u2019\u00e9lection pr\u00e9sidentielle. Il pourrait s\u2019offrir le cadeau de sa vie.<\/span><\/p>\n<p><img loading=\"lazy\" decoding=\"async\" class=\"aligncenter wp-image-55743\" src=\"https:\/\/www.lapluma.net\/wp-content\/uploads\/2023\/08\/La-libertad-avanza-de-Milei-franquicia-300x300.webp\" alt=\"\" width=\"500\" height=\"500\" srcset=\"https:\/\/www.lapluma.net\/wp-content\/uploads\/2023\/08\/La-libertad-avanza-de-Milei-franquicia-300x300.webp 300w, https:\/\/www.lapluma.net\/wp-content\/uploads\/2023\/08\/La-libertad-avanza-de-Milei-franquicia-150x150.webp 150w, https:\/\/www.lapluma.net\/wp-content\/uploads\/2023\/08\/La-libertad-avanza-de-Milei-franquicia.webp 400w\" sizes=\"auto, (max-width: 500px) 100vw, 500px\" \/><\/p>\n<p style=\"text-align: center;\"><span style=\"font-size: 14pt;\"><strong>La Libertad Avanza: la franchise de Milei :<\/strong><br \/>\n<em>-Je voudrai une place sur la liste de d\u00e9put\u00e9s provinciaux<\/em><br \/>\n<em>&#8211;<\/em><\/span><em><span style=\"font-size: 14pt;\">\u00c7a fera 50 000 dollars. Vous ne voulez pas ajouter un maire et deux conseillers ?<\/span><\/em><\/p>\n<h2><span style=\"font-size: 18pt;\">Jos\u00e9 Pablo Criales<\/span><\/h2>\n<h2><span style=\"font-size: 18pt;\">Original: <a href=\"https:\/\/www.lapluma.net\/2023\/08\/14\/jose-pablo-crialeselecciones-en-argentina-ultra-libertario-y-anarco-capitalista-asi-es-javier-milei-el-grito-de-la-argentina-mas-enfadada\/\" rel=\"bookmark\">Elecciones en Argentina : Ultra, libertario y \u2018anarco-capitalista\u2019, as\u00ed es Javier Milei, el grito de la Argentina m\u00e1s enfadada<\/a><\/span><\/h2>\n<h2><span style=\"font-size: 18pt;\">Traduit par <a href=\"https:\/\/docs.google.com\/document\/d\/1iCMKgo4n9QO9LQzVQUf3JXAkTrNmAGrNIkQgnIOlIdM\/edit\">Fausto Giudice<\/a><\/span><\/h2>\n<h2><span style=\"font-size: 18pt;\">Source: <a href=\"https:\/\/tlaxcala-int.blogspot.com\/2023\/08\/jose-pablo-criales-elections-primaires.html\">Tlaxcala<\/a>, 14 ao\u00fbt 2023<\/span><\/h2>\n","protected":false},"excerpt":{"rendered":"<p>La justice enqu\u00eate actuellement pour savoir si l\u2019entourage de Milei a demand\u00e9 des milliers de dollars en esp\u00e8ces en \u00e9change de places sur les listes pour les \u00e9lections g\u00e9n\u00e9rales d\u2019octobre, mais son parti est plus fort que jamais.<\/p>\n","protected":false},"author":1316,"featured_media":55702,"comment_status":"open","ping_status":"open","sticky":false,"template":"","format":"standard","meta":{"_uf_show_specific_survey":0,"_uf_disable_surveys":false,"footnotes":""},"categories":[217],"tags":[6103,225,239,6317,24095,23414,24096,24097],"coauthors":[24093],"class_list":["post-55674","post","type-post","status-publish","format-standard","has-post-thumbnail","hentry","category-abya-yala","tag-paso","tag-argentina","tag-argentine","tag-elections-primaires-paso","tag-histrions-ultras","tag-javier-milei","tag-jose-pablo-criales","tag-payasos-ultras"],"translation":{"provider":"WPGlobus","version":"2.12.2","language":"fr","enabled_languages":["es","fr"],"languages":{"es":{"title":true,"content":true,"excerpt":true},"fr":{"title":true,"content":true,"excerpt":true}}},"_links":{"self":[{"href":"https:\/\/www.lapluma.net\/fr\/wp-json\/wp\/v2\/posts\/55674","targetHints":{"allow":["GET"]}}],"collection":[{"href":"https:\/\/www.lapluma.net\/fr\/wp-json\/wp\/v2\/posts"}],"about":[{"href":"https:\/\/www.lapluma.net\/fr\/wp-json\/wp\/v2\/types\/post"}],"author":[{"embeddable":true,"href":"https:\/\/www.lapluma.net\/fr\/wp-json\/wp\/v2\/users\/1316"}],"replies":[{"embeddable":true,"href":"https:\/\/www.lapluma.net\/fr\/wp-json\/wp\/v2\/comments?post=55674"}],"version-history":[{"count":28,"href":"https:\/\/www.lapluma.net\/fr\/wp-json\/wp\/v2\/posts\/55674\/revisions"}],"predecessor-version":[{"id":55710,"href":"https:\/\/www.lapluma.net\/fr\/wp-json\/wp\/v2\/posts\/55674\/revisions\/55710"}],"wp:featuredmedia":[{"embeddable":true,"href":"https:\/\/www.lapluma.net\/fr\/wp-json\/wp\/v2\/media\/55702"}],"wp:attachment":[{"href":"https:\/\/www.lapluma.net\/fr\/wp-json\/wp\/v2\/media?parent=55674"}],"wp:term":[{"taxonomy":"category","embeddable":true,"href":"https:\/\/www.lapluma.net\/fr\/wp-json\/wp\/v2\/categories?post=55674"},{"taxonomy":"post_tag","embeddable":true,"href":"https:\/\/www.lapluma.net\/fr\/wp-json\/wp\/v2\/tags?post=55674"},{"taxonomy":"author","embeddable":true,"href":"https:\/\/www.lapluma.net\/fr\/wp-json\/wp\/v2\/coauthors?post=55674"}],"curies":[{"name":"wp","href":"https:\/\/api.w.org\/{rel}","templated":true}]}}