{"id":55108,"date":"2023-08-01T23:14:27","date_gmt":"2023-08-01T23:14:27","guid":{"rendered":"https:\/\/www.lapluma.net\/?p=55108"},"modified":"2023-08-01T23:18:23","modified_gmt":"2023-08-01T23:18:23","slug":"retorno-del-tercer-mundo-america-latina-caribe-africa","status":"publish","type":"post","link":"https:\/\/www.lapluma.net\/fr\/2023\/08\/01\/retorno-del-tercer-mundo-america-latina-caribe-africa\/","title":{"rendered":"Retorno del Tercer Mundo: Am\u00e9rica Latina, Caribe, \u00c1frica"},"content":{"rendered":"<p style=\"text-align: justify;\"><span style=\"font-size: 14pt;\">\u00c1frica es un continente gigante, con 54 Estados soberanos. Am\u00e9rica Latina y el Caribe coincide en igual n\u00famero de Estados, tomando en cuenta las numerosas islas del Caribe. Pero en ambos continentes todav\u00eda hay territorios dependientes de antiguas potencias coloniales. Las <a href=\"https:\/\/uhlibraries.pressbooks.pub\/span3374\/chapter\/capitulo-5-2\/\">guerras de independencia en Am\u00e9rica Latina<\/a> arrancaron a inicios del siglo XIX y los nuevos Estados se constituyeron, finalmente, en <em>rep\u00fablicas presidenciales<\/em> (<a href=\"https:\/\/www.ecured.cu\/Independencia_de_Brasil_%28per%C3%ADodo_de_1808-1822%29#Caracter.C3.ADsticas\">Brasil <\/a>fue temporalmente imperio y <a href=\"https:\/\/www.ecured.cu\/Historia_de_M%C3%A9xico\">M\u00e9xico<\/a> tuvo dos momentos imperiales). En 1898 <a href=\"https:\/\/www.ecured.cu\/Historia_de_Cuba\">Cuba<\/a> reci\u00e9n logr\u00f3 la independencia, pero <a href=\"https:\/\/www.ecured.cu\/Portal:Puerto_Rico\">Puerto Rico<\/a>, igualmente liberado, pas\u00f3 a depender de los Estados Unidos y se transform\u00f3 en Estado Libre Asociado. <\/span><\/p>\n<figure id=\"attachment_55112\" aria-describedby=\"caption-attachment-55112\" style=\"width: 600px\" class=\"wp-caption aligncenter\"><img loading=\"lazy\" decoding=\"async\" class=\"wp-image-55112\" src=\"https:\/\/www.lapluma.net\/wp-content\/uploads\/2023\/08\/Africa-1885-1914-300x231.jpg\" alt=\"\" width=\"600\" height=\"461\" srcset=\"https:\/\/www.lapluma.net\/wp-content\/uploads\/2023\/08\/Africa-1885-1914-300x231.jpg 300w, https:\/\/www.lapluma.net\/wp-content\/uploads\/2023\/08\/Africa-1885-1914-768x591.jpg 768w, https:\/\/www.lapluma.net\/wp-content\/uploads\/2023\/08\/Africa-1885-1914.jpg 849w\" sizes=\"auto, (max-width: 600px) 100vw, 600px\" \/><figcaption id=\"caption-attachment-55112\" class=\"wp-caption-text\">Mapa en donde se puede observar el incremento en el reparto territorial una vez celebrada la Conferencia de Berl\u00edn.<\/figcaption><\/figure>\n<p style=\"text-align: justify;\"><span style=\"font-size: 14pt;\">\u00c1frica, en cambio fue un territorio gigante, con poblaci\u00f3n esclavizada desde un largo pasado hist\u00f3rico, pero que mereci\u00f3 el generalizado inter\u00e9s de Europa en plena era capitalista, de modo que en la <a href=\"https:\/\/e1.portalacademico.cch.unam.mx\/alumno\/historiauniversal2\/unidad1\/expansioncolonialsigloXIX\/conferenciadeberlin\">Conferencia de Berl\u00edn (1884-1885)<\/a> se acord\u00f3 el reparto de \u00c1frica, inaugurando as\u00ed la expansi\u00f3n imperialista europea. Las independencias de las colonias africanas ocurrieron despu\u00e9s de la <a href=\"https:\/\/www.ecured.cu\/Segunda_Guerra_Mundial\">II Guerra Mundial (1939-1945)<\/a> y la <em>descolonizaci\u00f3n<\/em> se prolong\u00f3 hasta mediados de la d\u00e9cada de 1970.<\/span><\/p>\n<figure id=\"attachment_55116\" aria-describedby=\"caption-attachment-55116\" style=\"width: 600px\" class=\"wp-caption aligncenter\"><img loading=\"lazy\" decoding=\"async\" class=\"wp-image-55116\" src=\"https:\/\/www.lapluma.net\/wp-content\/uploads\/2023\/08\/Conferencia-de-Berlin-y-el-reparto-de-Africa-300x231.jpg\" alt=\"\" width=\"600\" height=\"461\" srcset=\"https:\/\/www.lapluma.net\/wp-content\/uploads\/2023\/08\/Conferencia-de-Berlin-y-el-reparto-de-Africa-300x231.jpg 300w, https:\/\/www.lapluma.net\/wp-content\/uploads\/2023\/08\/Conferencia-de-Berlin-y-el-reparto-de-Africa-768x590.jpg 768w, https:\/\/www.lapluma.net\/wp-content\/uploads\/2023\/08\/Conferencia-de-Berlin-y-el-reparto-de-Africa.jpg 1024w\" sizes=\"auto, (max-width: 600px) 100vw, 600px\" \/><figcaption id=\"caption-attachment-55116\" class=\"wp-caption-text\"><a href=\"https:\/\/viajandoatravesdeltiempo4.com\/2022\/02\/18\/la-conferencia-de-berlin-y-el-reparto-de-africa-y-la-conferencia-de-berlin\/\">Conferencia de Berlin y reparto de \u00c1frica<\/a><\/figcaption><\/figure>\n<p style=\"text-align: justify;\"><img loading=\"lazy\" decoding=\"async\" class=\"aligncenter wp-image-55113\" src=\"https:\/\/www.lapluma.net\/wp-content\/uploads\/2023\/08\/descolonizacion-de-africa.png-300x212.webp\" alt=\"\" width=\"600\" height=\"425\" srcset=\"https:\/\/www.lapluma.net\/wp-content\/uploads\/2023\/08\/descolonizacion-de-africa.png-300x212.webp 300w, https:\/\/www.lapluma.net\/wp-content\/uploads\/2023\/08\/descolonizacion-de-africa.png-1024x725.webp 1024w, https:\/\/www.lapluma.net\/wp-content\/uploads\/2023\/08\/descolonizacion-de-africa.png-768x544.webp 768w, https:\/\/www.lapluma.net\/wp-content\/uploads\/2023\/08\/descolonizacion-de-africa.png.webp 1300w\" sizes=\"auto, (max-width: 600px) 100vw, 600px\" \/><span style=\"font-size: 14pt;\">Am\u00e9rica Latina\/Caribe conserv\u00f3 su independencia formal, porque la <em>dependencia econ\u00f3mica<\/em> que durante el siglo XIX qued\u00f3 establecida con Europa y particularmente con Inglaterra, pas\u00f3 a manos de los EE.UU. durante el siglo XX, sobre la base del <em>americanismo monro\u00edsta<\/em>.<\/span><\/p>\n<p><img loading=\"lazy\" decoding=\"async\" class=\"aligncenter wp-image-54979\" src=\"https:\/\/www.lapluma.net\/wp-content\/uploads\/2023\/07\/Doctrina-Monroe-300x214.jpg\" alt=\"\" width=\"600\" height=\"429\" srcset=\"https:\/\/www.lapluma.net\/wp-content\/uploads\/2023\/07\/Doctrina-Monroe-300x214.jpg 300w, https:\/\/www.lapluma.net\/wp-content\/uploads\/2023\/07\/Doctrina-Monroe.jpg 700w\" sizes=\"auto, (max-width: 600px) 100vw, 600px\" \/><\/p>\n<p style=\"text-align: justify;\"><span style=\"font-size: 14pt;\">Am\u00e9rica Latina\/Caribe y, sobre todo, \u00c1frica, son regiones en las que el colonialismo europeo marc\u00f3 las estructuras hist\u00f3ricas del subdesarrollo, la pobreza, la dependencia externa y las profundas divisiones sociales que se distinguen por el dominio interno de elites privilegiadas y ricas, frente a la mayor\u00eda de los habitantes que sigue en condiciones de pobreza y exclusi\u00f3n. Mientras \u00c1frica es el continente con la mayor polarizaci\u00f3n humana y la pobreza\/miseria m\u00e1s alta en el mundo, Am\u00e9rica Latina\/Caribe es la regi\u00f3n m\u00e1s inequitativa entre todos los continentes. El saqueo de recursos, las intervenciones directas de las potencias para garantizar sus intereses, la brutal incursi\u00f3n de compa\u00f1\u00edas extranjeras \u00e1vidas de minas y tantos otros ricos productos naturales de las variadas geograf\u00edas, la subordinaci\u00f3n pol\u00edtica o la explotaci\u00f3n inhumana de sus habitantes, han sido rasgos comunes en la historia de Am\u00e9rica Latina\/Caribe y del \u00c1frica bajo el colonialismo y durante la era del capitalismo industrial e imperialista de Europa y de los EE.UU.<\/span><br \/>\n<span style=\"font-size: 14pt;\">\u00a0<\/span><br \/>\n<span style=\"font-size: 14pt;\">Esas adversas condiciones comenzaron a cambiar, entre avances, estancamientos y retrocesos, desde la postguerra. La <a href=\"https:\/\/www.ecured.cu\/Conferencia_de_Bandung\">Conferencia de Bandung (1955)<\/a> puede considerarse como punto de partida, por el nacimiento de lo que entonces se llam\u00f3 el <em>Tercer Mundo<\/em>, que reivindic\u00f3 no solo independencia y soberan\u00eda, sino tambi\u00e9n el <em>No-alineamiento<\/em> con cualquiera de los dos bloques mundiales de la \u00e9poca: el capitalismo, hegemonizado por los EE.UU. y el socialismo, con la URSS a la cabeza. Sin embargo, \u00c1frica cont\u00f3 siempre con el apoyo y defensa de la URSS a los procesos de descolonizaci\u00f3n.<\/span><br \/>\n<span style=\"font-size: 14pt;\">\u00a0<\/span><br \/>\n<span style=\"font-size: 14pt;\">Pero la globalizaci\u00f3n capitalista y transnacional del mundo a ra\u00edz del derrumbe del socialismo de tipo sovi\u00e9tico trajo una \u00e9poca compleja y de variadas repercusiones econ\u00f3micas para Am\u00e9rica Latina\/Caribe y tambi\u00e9n para \u00c1frica, donde se impuso una verdadera re-colonizaci\u00f3n. En Am\u00e9rica Latina, desde las d\u00e9cadas finales del siglo XX, la penetraci\u00f3n del neoliberalismo y el papel del FMI resultaron nefastos. Pero en ambos continentes tambi\u00e9n crecieron, lentamente, las relaciones econ\u00f3micas con Rusia, China y otros pa\u00edses y regiones, incluyendo los todav\u00eda escasos v\u00ednculos que han logrado establecerse entre Am\u00e9rica Latina\/Caribe y \u00c1frica.<\/span><br \/>\n<span style=\"font-size: 14pt;\">\u00a0<\/span><br \/>\n<span style=\"font-size: 14pt;\">En plena globalizaci\u00f3n incub\u00f3, en forma inevitable, el ascenso anti-imperialista, anti-colonialista y soberanista del \u00c1frica y de Am\u00e9rica Latina\/Caribe. En las condiciones actuales, cuando tambi\u00e9n se ha vuelto indetenible el ascenso hist\u00f3rico de Rusia y especialmente de China, as\u00ed como de entidades regionales como los BRICS, la hegemon\u00eda de Occidente ha tenido que cambiar y se est\u00e1 configurando un <em>mundo multipolar<\/em>. Las \u201cviejas\u201d potencias advierten el fen\u00f3meno. Los EE.UU. tratan de retomar la senda del americanismo monro\u00edsta, mientras Europa busca relanzar los acercamientos tanto con Am\u00e9rica Latina\/Caribe, como con \u00c1frica. Entre tanto, Rusia ha logrado ampliar su influencia particularmente en \u00c1frica, mientras China lo hace all\u00ed y aceleradamente en Am\u00e9rica Latina.<\/span><br \/>\n<span style=\"font-size: 14pt;\">\u00a0<\/span><br \/>\n<span style=\"font-size: 14pt;\">En la reciente cumbre de la CELAC y la Uni\u00f3n Europea (UE), realizada el 17 y 18 de julio (2023), se acord\u00f3 una <a href=\"https:\/\/rb.gy\/pifqn\">Declaraci\u00f3n final<\/a> en la cual se condena a la esclavitud y la trata de esclavos, que incluye la trata transatla\u0301ntica, como \u201ctragedias atroces\u201d y un \u201ccrimen de lesa humanidad\u201d. Pero tambi\u00e9n en la m\u00e1s reciente II Cumbre Rusia-\u00c1frica realizada el 27 y 28 de julio (2023), la <a href=\"http:\/\/www.elespiadigital.com\/index.php\/noticias\/historico-de-noticias\/41219-2023-07-31-23-13-12\">Declaraci\u00f3n final es contundente en se\u00f1alar<\/a>: \u201c<em>Promover la culminaci\u00f3n del proceso de descolonizaci\u00f3n de \u00c1frica y buscar compensaciones por los da\u00f1os econ\u00f3micos y humanitarios infligidos a los Estados africanos como resultado de las pol\u00edticas coloniales, incluida la restituci\u00f3n de los bienes culturales arrebatados en el proceso de expolio colonial<\/em>\u201d. La Cumbre con la CELAC no admiti\u00f3 el alineamiento de esta regi\u00f3n con Europa en la condena a Rusia por la guerra de Ucrania. La Cumbre con \u00c1frica reconoci\u00f3 el hist\u00f3rico apoyo de Rusia a la causa anticolonial, pero impuls\u00f3 un plan espec\u00edfico para acordar la paz en Ucrania. Las cr\u00edticas de varios gobernantes del \u00c1frica contra Occidente fueron expl\u00edcitas y hasta radicales. Los pa\u00edses africanos, as\u00ed como los latinoamericanos y caribe\u00f1os, no est\u00e1n dispuestos a que contin\u00faen las sanciones unilaterales. La CELAC logr\u00f3 rechazar el bloqueo a Cuba. Para \u00c1frica y tambi\u00e9n Am\u00e9rica Latina\/Caribe, tanto Rusia como China no son potencias \u201cenemigas\u201d sino que ofrecen posibilidades e instrumentos econ\u00f3micos v\u00e1lidos para la promoci\u00f3n del desarrollo, como los acuerdos sobre energ\u00eda, comunicaciones, infraestructuras, cr\u00e9ditos e inversiones que deber\u00e1n fortalecerse en el futuro y que, con distintos alcances, ya est\u00e1n presentes en los dos continentes representantes del Sur Global.<\/span><br \/>\n<span style=\"font-size: 14pt;\">\u00a0<\/span><br \/>\n<span style=\"font-size: 14pt;\">Estos procesos de cambio mundial a\u00fan no son considerados con fortaleza en los debates pol\u00edticos. Pa\u00edses como Ecuador, cuyo retroceso en esta materia es impresionante, tiene un gobierno que todav\u00eda cree en la ideolog\u00eda neoliberal y en la libertaria, tanto como en los tratados de libre comercio para los buenos negocios de \u00e9lites empresariales, ajenas a las condiciones de vida y trabajo de la poblaci\u00f3n, que se han deteriorado en seis a\u00f1os. En los procesos hacia las elecciones presidenciales de varios pa\u00edses latinoamericanos estos temas no han sido abordados. Sin embargo, el fortalecimiento del Tercer Mundo, sobre la base de los acercamientos entre Am\u00e9rica Latina\/Caribe y el \u00c1frica, deber\u00e1 atenderse y fomentarse a fin de garantizar el afianzamiento de los principios de soberan\u00eda e independencia que hoy se han renovado ante un mundo multipolar.<\/span><\/p>\n<h2 style=\"text-align: justify;\"><span style=\"font-size: 18pt;\"><strong>Juan J. Paz y Mi\u00f1o Cepeda para La Pluma. Ecuador 24 de julio de 2023<\/strong><\/span><\/h2>\n<h2 style=\"text-align: justify;\"><span style=\"font-size: 18pt;\"><strong>Editado por <a href=\"https:\/\/www.lapluma.net\/nosotros\/editora\/\">Mar\u00eda Piedad Ossaba<\/a><\/strong><\/span><\/h2>\n<h2 style=\"text-align: justify;\"><span style=\"font-size: 18pt;\"><strong>Publicado por <a href=\"https:\/\/www.historiaypresente.com\/retorno-del-tercer-mundo-america-latina-caribe-africa\/\">Blog Historia y presente<\/a><\/strong><\/span><\/h2>\n<h2 style=\"text-align: justify;\"><span style=\"font-size: 18pt;\"><strong>Visita la red del colectivo\u00a0<a href=\"https:\/\/rutakritica.org\">Ruta Kr\u00edtica<\/a>, el\u00a0nuevo blog de difusi\u00f3n del pensamiento y la comunicaci\u00f3n alternativos<\/strong><\/span><\/h2>\n<h2 style=\"text-align: justify;\"><span style=\"font-size: 18pt;\">Lea en La Pluma:<\/span><\/h2>\n<p style=\"text-align: justify;\"><span style=\"font-size: 18pt;\"><strong><a href=\"https:\/\/pe.ambafrance.org\/Declaracion-de-la-Cumbre-UE-CELAC-de-2023\">Declaraci\u00f3n de la Cumbre UE-CELAC de 2023<\/a><\/strong><\/span><br \/>\n<span style=\"font-size: 18pt;\"><a href=\"https:\/\/pe.ambafrance.org\/Declaration-du-sommet-UE-CELAC-2023\"><strong>[Versi\u00f3n fr]<\/strong><\/a><\/span><\/p>\n","protected":false},"excerpt":{"rendered":"<p>En la reciente cumbre de la CELAC y la Uni\u00f3n Europea (UE), realizada el 17 y 18 de julio (2023), se acord\u00f3 una Declaraci\u00f3n final en la cual se condena a la esclavitud y la trata de esclavos, que incluye la trata transatla\u0301ntica, como \u201ctragedias atroces\u201d y un \u201ccrimen de lesa humanidad\u201d.<\/p>\n","protected":false},"author":8,"featured_media":55111,"comment_status":"open","ping_status":"open","sticky":false,"template":"","format":"standard","meta":{"_uf_show_specific_survey":0,"_uf_disable_surveys":false,"footnotes":""},"categories":[5,218],"tags":[23930,23936,17813,718,23935,23088,23932,23931,58,23934,23937,23933,588],"coauthors":[257],"class_list":["post-55108","post","type-post","status-publish","format-standard","has-post-thumbnail","hentry","category-editoriales-y-opiniones","category-monde","tag-africa-poblacion-esclavizada","tag-america-latina-caribe-africa","tag-americanismo-monroista-2","tag-colonialismo-europeo","tag-colonizacio-descolonizacion","tag-conferencia-de-bandung-1955","tag-conferencia-de-berlin-reparto-de-africa","tag-expansion-imperialista-europea","tag-juan-j-paz-y-mino-cepeda","tag-no-alineamiento","tag-retorno-tercer-mundo","tag-saqueo-de-recursos","tag-tercer-mundo"],"translation":{"provider":"WPGlobus","version":"2.12.2","language":"fr","enabled_languages":["es","fr"],"languages":{"es":{"title":true,"content":true,"excerpt":true},"fr":{"title":false,"content":false,"excerpt":false}}},"_links":{"self":[{"href":"https:\/\/www.lapluma.net\/fr\/wp-json\/wp\/v2\/posts\/55108","targetHints":{"allow":["GET"]}}],"collection":[{"href":"https:\/\/www.lapluma.net\/fr\/wp-json\/wp\/v2\/posts"}],"about":[{"href":"https:\/\/www.lapluma.net\/fr\/wp-json\/wp\/v2\/types\/post"}],"author":[{"embeddable":true,"href":"https:\/\/www.lapluma.net\/fr\/wp-json\/wp\/v2\/users\/8"}],"replies":[{"embeddable":true,"href":"https:\/\/www.lapluma.net\/fr\/wp-json\/wp\/v2\/comments?post=55108"}],"version-history":[{"count":13,"href":"https:\/\/www.lapluma.net\/fr\/wp-json\/wp\/v2\/posts\/55108\/revisions"}],"predecessor-version":[{"id":55125,"href":"https:\/\/www.lapluma.net\/fr\/wp-json\/wp\/v2\/posts\/55108\/revisions\/55125"}],"wp:featuredmedia":[{"embeddable":true,"href":"https:\/\/www.lapluma.net\/fr\/wp-json\/wp\/v2\/media\/55111"}],"wp:attachment":[{"href":"https:\/\/www.lapluma.net\/fr\/wp-json\/wp\/v2\/media?parent=55108"}],"wp:term":[{"taxonomy":"category","embeddable":true,"href":"https:\/\/www.lapluma.net\/fr\/wp-json\/wp\/v2\/categories?post=55108"},{"taxonomy":"post_tag","embeddable":true,"href":"https:\/\/www.lapluma.net\/fr\/wp-json\/wp\/v2\/tags?post=55108"},{"taxonomy":"author","embeddable":true,"href":"https:\/\/www.lapluma.net\/fr\/wp-json\/wp\/v2\/coauthors?post=55108"}],"curies":[{"name":"wp","href":"https:\/\/api.w.org\/{rel}","templated":true}]}}