{"id":55095,"date":"2023-07-31T11:44:31","date_gmt":"2023-07-31T11:44:31","guid":{"rendered":"https:\/\/www.lapluma.net\/?p=55095"},"modified":"2023-09-26T11:09:41","modified_gmt":"2023-09-26T11:09:41","slug":"la-retaliacion-mas-obvia-del-mundo","status":"publish","type":"post","link":"https:\/\/www.lapluma.net\/fr\/2023\/07\/31\/la-retaliacion-mas-obvia-del-mundo\/","title":{"rendered":"La retaliaci\u00f3n m\u00e1s obvia del mundo"},"content":{"rendered":"<p style=\"text-align: justify;\"><span style=\"font-size: 14pt;\">Hay carajos a lo largo de la historia que han sido famosos por su car\u00e1cter vengativo.<\/span><\/p>\n<p style=\"text-align: justify;\"><span style=\"font-size: 14pt;\">El m\u00e1s malo de todos, Hitler, era especialmente virulento cuando se trataba de retaliar en contra de sus enemigos.<\/span><\/p>\n<p style=\"text-align: justify;\"><span style=\"font-size: 14pt;\">Al pueblo en donde mataron a Heydrich, su comisario de la SS en Bohemia, lo quem\u00f3, y de yapa, mat\u00f3 a la mitad de sus habitantes.<\/span><\/p>\n<p style=\"text-align: justify;\"><span style=\"font-size: 14pt;\">A los que conspiraron contra \u00e9l en el plot del 20 de Julio de 1944 los fusil\u00f3 esa misma noche, y al resto de implicados, los colg\u00f3 semanas m\u00e1s tarde con cuerdas de piano despu\u00e9s de hacerles un juicio completamente imparcial.<\/span><\/p>\n<p style=\"text-align: justify;\"><span style=\"font-size: 14pt;\">Y despu\u00e9s de que los brit\u00e1nicos bombardearan Berl\u00edn, se volvi\u00f3 loco y les mand\u00f3 todo lo que ten\u00eda en la Luftwaffe para que acabaran con Londres.<\/span><\/p>\n<p style=\"text-align: justify;\"><span style=\"font-size: 14pt;\">Era jodido meterse con Hitler, pues su respuesta siempre era de tipo visceral.<\/span><\/p>\n<p style=\"text-align: justify;\"><span style=\"font-size: 14pt;\">Tan visceral como la respuesta corrupta y previsible de nuestro mamarracho de fiscal, quien en verdad se cree dizque \u201cla voz de la oposici\u00f3n\u201d.<\/span><\/p>\n<p style=\"text-align: justify;\"><span style=\"font-size: 14pt;\">Casi todo el mundo, columnista profesionales y amateurs, que han analizado el arresto de Nicol\u00e1s Petro de ayer, concluyen lo mismo: fue una retaliaci\u00f3n por el destape del esc\u00e1ndalo de Ecopetrol.<\/span><\/p>\n<p style=\"text-align: justify;\"><span style=\"font-size: 14pt;\">Yo voy un poco m\u00e1s lejos.<\/span><\/p>\n<p style=\"text-align: justify;\"><span style=\"font-size: 14pt;\">Petro, muy sutilmente, est\u00e1 arremetiendo con todo contra el r\u00e9gimen corrupto que le ha bloqueado sus reformas, y estos ya est\u00e1n sintiendo la \u201cbota pantanera\u201d del Presidente apison\u00e1ndole sus cuellos.<\/span><\/p>\n<p style=\"text-align: justify;\"><span style=\"font-size: 14pt;\">\u201cSe las tiene adentro\u201d, como se dice en buen coste\u00f1o.<\/span><\/p>\n<p style=\"text-align: justify;\"><span style=\"font-size: 14pt;\">Eso de decomisarles toneladas de coca todas las semanas, eso de mover sus fichas con los gringos para que estos aprieten a la Fiscal\u00eda con lo del caso Odebrecht; eso de nombrar a Mancuso de gestor de paz; eso de destapar la olla podrida de Ecopetrol, ha sido mucho para el r\u00e9gimen corrupto de Colombia que hasta hace poco mandaba sin \u00f3bice alguno.<\/span><\/p>\n<p style=\"text-align: justify;\"><span style=\"font-size: 14pt;\">Petro empez\u00f3 como pelao primerizo, solo empujando \u201cla puntica\u201d. Pero, con el paso del tiempo, ya lleva m\u00e1s de media mecambrea adentro, y el culito del r\u00e9gimen ya no aguanta m\u00e1s.<\/span><\/p>\n<p style=\"text-align: justify;\"><span style=\"font-size: 14pt;\">El cuento de Ecopetrol es bastante delicado porque esa era una especie de \u201ccaja mayor\u201d del R\u00e9gimen corrupto de Colombia, quien orde\u00f1aba el oleoducto por medio de intermediarios que transaban con el ELN, quienes son los que cuidan el \u201ctubo\u201d en el monte.<\/span><\/p>\n<p style=\"text-align: justify;\"><span style=\"font-size: 14pt;\">Y yo sospecho que para eso era que ten\u00edan a Luigi Echeverr\u00ed en la Junta de Ecopetrol.<\/span><\/p>\n<p style=\"text-align: justify;\"><span style=\"font-size: 14pt;\">Lo ten\u00edan ah\u00ed para que regulara las robadas, por eso el vergajo y sus amigos patalearon cuando lo sacaron.<\/span><\/p>\n<p style=\"text-align: justify;\"><span style=\"font-size: 14pt;\">Lo que yo creo que pas\u00f3, y esto es solo una conjetura, es que, el r\u00e9gimen anti-petrista, ll\u00e1mense Duque, Uribe, Pastrana, y el resto de segundones de la derecha, llegaron a la conclusi\u00f3n de que, como Petro aboga por energ\u00edas verdes, por energ\u00edas renovables como la energ\u00eda solar y el viento, el man estaba renegando del petr\u00f3leo, despreci\u00e1ndolo, y entonces estos saqueadores profesionales pasaron a legalizar el robo de Ecopetrol con la premisa de que \u201csi Petro no lo quiere, entonces es v\u00e1lido robar a Ecopetrol\u201d.<\/span><\/p>\n<p style=\"text-align: justify;\"><span style=\"font-size: 14pt;\">Esa es, m\u00e1s o menos, la ideolog\u00eda con la que han justificado el robo a Ecopetrol.<\/span><\/p>\n<p style=\"text-align: justify;\"><span style=\"font-size: 14pt;\">Orde\u00f1ar el tubo es v\u00e1lido porque Petro no es amigo del petr\u00f3leo, una l\u00f3gica retorcida, de gente igualmente retorcida.<\/span><\/p>\n<p style=\"text-align: justify;\"><span style=\"font-size: 14pt;\">Por decirlo de otra forma, Ecopetrol como fuente de financiaci\u00f3n de un gobierno \u201cen la sombra\u201d que quiere tumbar a Petro.<\/span><\/p>\n<p style=\"text-align: justify;\"><span style=\"font-size: 14pt;\">Este cuento de Ecopetrol apenas est\u00e1 empezando, y est\u00e1 \u201cjugadita\u201d del Fiscal para desviar la atenci\u00f3n no debe descolocarnos de lo que es verdaderamente importante, que es destapar todas las ollas podridas de las que se alimentan los enemigos del \u201ccambio\u201d.<\/span><\/p>\n<p style=\"text-align: justify;\"><span style=\"font-size: 14pt;\">Nicol\u00e1s Petro se tiene que ir preso porque ese pelao es una rata, y eso no lo voy a debatir con nadie por aqu\u00ed. De que tiene que pagar por sus cagadas, tiene que pagar. Aqu\u00ed lo que pasa es que, la Fiscal\u00eda no puede actuar con un doble rasero con el cual divide las cagadas de la gente entre aquellas de los amigos del Presidente, y aquellas de los amigos de la Fiscal\u00eda.<\/span><\/p>\n<p style=\"text-align: justify;\"><span style=\"font-size: 14pt;\">La justicia \u201cexpress\u201d que le ha ca\u00eddo a Nicol\u00e1s Petro contrasta con la justicia dilatada con la que se ha manejado el caso Odebrecht.<\/span><\/p>\n<p style=\"text-align: justify;\"><span style=\"font-size: 14pt;\">Peor a\u00fan.<\/span><\/p>\n<p style=\"text-align: justify;\"><span style=\"font-size: 14pt;\">Casi todos los juristas entrevistados han dicho que la medida de aseguramiento contra Nicol\u00e1s Petro era improcedente, que no aplicaba.<\/span><\/p>\n<p style=\"text-align: justify;\"><span style=\"font-size: 14pt;\">A ese pelao lo han metido preso, as\u00ed, r\u00e1pido, porque la Oposici\u00f3n corrupta de nuestro pa\u00eds necesitaba de un golpe con \u201cshock medi\u00e1tico\u201d para romper la cadencia de malas noticias que ven\u00eda soportando la derecha.<\/span><\/p>\n<p style=\"text-align: justify;\"><span style=\"font-size: 14pt;\">Todo lo que hacen los bandidos de la Oposici\u00f3n y medios como \u201cSemana\u201d es romper cadencia de malas noticias con noticias fabricadas, golpes de mano contra Petro, o bombas artificiales.<\/span><\/p>\n<p style=\"text-align: justify;\"><span style=\"font-size: 14pt;\">Que Petro no \u201cgane tanto\u201d, medi\u00e1ticamente hablando, que tambi\u00e9n sufra derrotas, es la premisa.<\/span><\/p>\n<p style=\"text-align: justify;\"><span style=\"font-size: 14pt;\">Los que manejan los hilos de estas maniobras medi\u00e1ticas saben que, en un pa\u00eds como Colombia, una m\u00e1quina de producir esc\u00e1ndalos sin igual, la vida de una noticia es, como maximo, una semana. Si Petro encaja 3 o 4 victorias al hilo, como lo ven\u00eda haciendo, eso es un mes de victorias.<\/span><\/p>\n<p style=\"text-align: justify;\"><span style=\"font-size: 14pt;\">Eso es mucho para la oposici\u00f3n, que de inemediato se mueve para cortar la racha negativa con cualquier cosa: una ayuda de la fiscal\u00eda, una noticia inventada, o un chisme sin confirmar.<\/span><\/p>\n<p style=\"text-align: justify;\"><span style=\"font-size: 14pt;\">Lo que reduce pol\u00edticamente a un candidato o partido es una seguidilla larga de noticias negativas, o de burlas en redes, como le pas\u00f3 a Duque, Fico y Fajardo hace un par de a\u00f1os.<\/span><\/p>\n<p style=\"text-align: justify;\"><span style=\"font-size: 14pt;\">Fajardo dio dos malas entrevistas hace dos anos, la cag\u00f3 en un debate por ah\u00ed, y le di palo yo en una columna titulada \u201cFajardo: Un Espantajopo Interestelar\u201d, y el tipo m\u00e1s nunca se volvi\u00f3 a levantar.<\/span><\/p>\n<p style=\"text-align: justify;\"><span style=\"font-size: 14pt;\">Por ah\u00ed lo trato de revivir el gordo chismoso de Jorge G\u00f3mez Pinilla rob\u00e1ndome esa misma columna y tergiversando su contenido, y le zamp\u00e9 otra llamada \u201cHaciendo Petros de Fajardos\u201d que se volvi\u00f3 viral y acab\u00f3 de enterrar al jefe de los verdes.<\/span><\/p>\n<p style=\"text-align: justify;\"><span style=\"font-size: 14pt;\">Eso es lo que buscan, que sus fichas no se desmoronen en rachas malas en donde no agarran una buena.<\/span><\/p>\n<p style=\"text-align: justify;\"><span style=\"font-size: 14pt;\">Ah\u00ed es cuando entra la Fiscal\u00eda en escena para dar una mano.<\/span><\/p>\n<p style=\"text-align: justify;\"><span style=\"font-size: 14pt;\">Barbosa revisa a ver qu\u00e9 investigaci\u00f3n tiene por ah\u00ed de un allegado de Petro, y la saca del fondo de la pila y la tira a la galer\u00eda para frenar la racha.<\/span><\/p>\n<p style=\"text-align: justify;\"><span style=\"font-size: 14pt;\">Eso es lo que ustedes acaban de ver.<\/span><\/p>\n<p style=\"text-align: justify;\"><span style=\"font-size: 14pt;\">Primero en la pila estaban las investigaciones de los Char, las investigaciones de Odebrecht, las investigaciones de los miembros y asociados del Clan del Golfo, pero Barbosa se pas\u00f3 todos esos procesos y busc\u00f3 en el fondo de la pila a ver que encontraba.<\/span><\/p>\n<p style=\"text-align: justify;\"><span style=\"font-size: 14pt;\">Para que me entiendan bien, Barbosa es como uno de esos \u00e1rbitros vendidos que deciden acabar un partido cuando el equipo que lo compr\u00f3 est\u00e1 sufriendo un contragolpe letal del equipo adversario.<\/span><\/p>\n<p style=\"text-align: justify;\"><span style=\"font-size: 14pt;\">El man est\u00e1 vendido, tiene que ayudar al equipo que le pag\u00f3, por lo tanto, pita el final del encuentro cuando ya el otro equipo est\u00e1 a punto de marcar.<\/span><\/p>\n<p style=\"text-align: justify;\"><span style=\"font-size: 14pt;\">Esa detenci\u00f3n de Nicol\u00e1s Petro, a pesar de que yo si creo que es culpable y que merece que se la hundan toda por hijueputa, no va a durar mucho.<\/span><\/p>\n<p style=\"text-align: justify;\"><span style=\"font-size: 14pt;\">Cualquier juez decente lo va a soltar en dos semanas porque ese man no es una amenaza para el sistema de justicia.<\/span><\/p>\n<p style=\"text-align: justify;\"><span style=\"font-size: 14pt;\">Nicol\u00e1s Petro no se va a volar, su padre no va dejar que siquiera lo piense.<\/span><\/p>\n<p style=\"text-align: justify;\"><span style=\"font-size: 14pt;\">Pero cuando la cadena de victorias de Petro se alargue otra vez, este corrupto fiscal, o \u201cSemana\u201d con informaci\u00f3n que la Fiscal\u00eda les habr\u00e1 filtrado, sacar\u00e1 alguna otra mierda contra Benedetti, o contra el hermano de Petro, o en contra de qui\u00e9n sabe quien, para aguantarlo otra vez.<\/span><\/p>\n<p style=\"text-align: justify;\"><span style=\"font-size: 14pt;\">Y, sin embargo, lo m\u00e1s incre\u00edble de esta historia no es nada de lo que he descrito anteriormente.<\/span><\/p>\n<p style=\"text-align: justify;\"><span style=\"font-size: 14pt;\">Lo incre\u00edble de toda esta historia ha sido la reacci\u00f3n de Petro.<\/span><\/p>\n<p style=\"text-align: justify;\"><span style=\"font-size: 14pt;\">Casi que de inmediato, la maldad de la movida result\u00f3 neutralizada por la ecuanimidad y decencia de Petro.<\/span><\/p>\n<p style=\"text-align: justify;\"><span style=\"font-size: 14pt;\">El arresto de su hijo pas\u00f3 a un segundo plano porque, su integridad, termin\u00f3 siendo la noticia.<\/span><\/p>\n<p style=\"text-align: justify;\"><span style=\"font-size: 14pt;\">Me dicen conocidos por ah\u00ed que<\/span><br \/>\n<span style=\"font-size: 14pt;\">\u201c\u00bfcu\u00e1l m\u00e9rito?\u201d, que Petro apenas ha hecho lo que le tocaba como presidente.<\/span><\/p>\n<p style=\"text-align: justify;\"><span style=\"font-size: 14pt;\">\u00bfEn serio?<\/span><\/p>\n<p style=\"text-align: justify;\"><span style=\"font-size: 14pt;\">Colombia es un pa\u00eds de \u201ctribus\u201d, un pa\u00eds de gente gregaria, y la primera tribu de todo colombiano es su familia inmediata y sus amigos m\u00e1s cercanos.<\/span><\/p>\n<p style=\"text-align: justify;\"><span style=\"font-size: 14pt;\">Que un Presidente en ejercicio suelte a su hijo a la justicia, sin mover un dedo para influenciar esa decisi\u00f3n, es algo que nunca se hab\u00eda visto en Colombia.<\/span><\/p>\n<p style=\"text-align: justify;\"><span style=\"font-size: 14pt;\">Petro ha dicho con su gesto \u201cyo no hago tribu con nadie, aqu\u00ed cada uno responde por sus propios actos\u201d, y eso es algo incre\u00edble.<\/span><\/p>\n<p style=\"text-align: justify;\"><span style=\"font-size: 14pt;\">Lo admirable es renunciar a ese comportamiento tribal y afirmar con su gesto que somos un pa\u00eds de individuos, y que cada individuo tiene que responder por sus actos.<\/span><\/p>\n<p style=\"text-align: justify;\"><span style=\"font-size: 14pt;\">En un pa\u00eds de delfines protegidos como Colombia, eso es un hito en la historia pol\u00edtica y social de este pa\u00eds.<\/span><\/p>\n<p style=\"text-align: justify;\"><span style=\"font-size: 14pt;\">En Colombia la gente hace lo que sea para sacar a sus hijos de problemas (al menos entre los estratos m\u00e1s altos), y ah\u00ed tienen ustedes a OIZ ech\u00e1ndose la culpa de la cagada de Odebrecht para que su hijo fil\u00f3sofo de Harvard no se vaya preso.<\/span><\/p>\n<p style=\"text-align: justify;\"><span style=\"font-size: 14pt;\">Colombia es el pa\u00eds de Sim\u00f3n Gaviria, un g\u00fcevoncito inepto que puso a su padre a corromper por completo el partido liberal para favorecerlo.<\/span><\/p>\n<p style=\"text-align: justify;\"><span style=\"font-size: 14pt;\">Este es el pa\u00eds de Misael Pastrana, que le limpi\u00f3 todas las cagadas a sus dos hijos cuando fue presidente.<\/span><\/p>\n<p style=\"text-align: justify;\"><span style=\"font-size: 14pt;\">Este es el pa\u00eds de L\u00f3pez Pumarejo, el que se rehus\u00f3 hasta lo \u00faltimo a renunciar a su puesto para proteger a \u201cAlfonsito\u201d (L\u00f3pez Michelsen), quien cag\u00f3 la segunda administraci\u00f3n de su padre con el lio de la \u201cHandel\u201d.<\/span><\/p>\n<p style=\"text-align: justify;\"><span style=\"font-size: 14pt;\">Y, claro, este es el pa\u00eds de Alvaro Uribe V\u00e9lez, quien corrompi\u00f3 todo, durante 8 a\u00f1os, para joder a cualquiera que se metiera con su familia o sus allegados. Uribe fue tan monstruoso en sus retaliaciones como Hitler.<\/span><\/p>\n<p style=\"text-align: justify;\"><span style=\"font-size: 14pt;\">Y sale este ex-guerrillero de Ci\u00e9naga de Oro y le entrega su hijo al Fiscal mas corrupto en la historia de Colombia, un tipo que ya ni esconde su corrupci\u00f3n, sin decir absolutamente una palabra. \u00a1Qu\u00e9 maravilla!, \u00a1qu\u00e9 lecci\u00f3n de integridad! Colombia acaba de presenciar la par\u00e1bola del \u201cHijo Pr\u00f3digo\u201d y no se ha dado cuenta de lo que ha visto\u2026<\/span><\/p>\n<p style=\"text-align: justify;\"><span style=\"font-size: 14pt;\">Si esa es la \u00e9tica de los guerrilleros amnistiados, la \u201cgente de bien\u201d de Colombia se puede ir para casa \u2018e la verga.<\/span><\/p>\n<p style=\"text-align: justify;\"><span style=\"font-size: 14pt;\">A mi denme un pa\u00eds con 50 millones de guerrilleros amnistiados, que con ellos construimos el para\u00edso.<\/span><\/p>\n<p style=\"text-align: justify;\"><span style=\"font-size: 14pt;\">Les juro que este debe ser el gesto m\u00e1s decente e \u00edntegro que debe haber sucedido en Colombia en el siglo XXI. Ya con esto Petro me pag\u00f3 el voto, ya no tiene que hacer m\u00e1s nada por mi estos pr\u00f3ximos 3 a\u00f1os.<\/span><\/p>\n<p style=\"text-align: justify;\"><span style=\"font-size: 14pt;\">Ese gesto encapsula toda la noci\u00f3n del cambio.<\/span><br \/>\n<span style=\"font-size: 14pt;\">Ese fue el cambio, ya el pa\u00eds cambi\u00f3\u2026<\/span><\/p>\n<p style=\"text-align: justify;\"><span style=\"font-size: 14pt;\">Felipe A. Priast*, Julio del 2023<\/span><\/p>\n<p style=\"text-align: justify;\"><span style=\"font-size: 12pt;\">*Felipe A. Priast: <em>Periodista colombiano. Escribe para <a href=\"https:\/\/www.laregional.net\/\">La Regional.net<\/a> (https:\/\/www.laregional.net\/el-secreto-mejor-guardado-en-colombia-f<\/em>elipe-a-priast\/) y <a href=\"https:\/\/www.elunicornio.co\/\">El Unicornio<\/a> (https:\/\/www.elunicornio.co\/author\/fpriast\/) entre otros.<\/span><\/p>\n<p>_________________________<\/p>\n<h2><span style=\"font-size: 14pt;\">Detienen al hijo del presidente Gustavo Petro en Colombia<\/span><\/h2>\n<div class=\"subtitle\">\n<p style=\"text-align: justify;\"><span style=\"font-size: 14pt;\">Nicol\u00e1s Fernando Petro Burgos est\u00e1 acusado de los delitos de lavado de activos y enriquecimiento il\u00edcito<\/span><\/p>\n<\/div>\n<div class=\"txt_newworld\">\n<p style=\"text-align: justify;\"><span style=\"font-size: 14pt;\">La fiscal\u00eda detuvo este s\u00e1bado\u00a0a Nicol\u00e1s Fernando Petro Burgos, hijo del presidente de Colombia, acusado de\u00a0los delitos de lavado de activos y enriquecimiento il\u00edcito.<\/span><\/p>\n<p><img loading=\"lazy\" decoding=\"async\" class=\"aligncenter wp-image-55103\" src=\"https:\/\/www.lapluma.net\/wp-content\/uploads\/2023\/07\/Capture-decran-Nicolas-Petro--300x176.jpg\" alt=\"\" width=\"600\" height=\"351\" srcset=\"https:\/\/www.lapluma.net\/wp-content\/uploads\/2023\/07\/Capture-decran-Nicolas-Petro--300x176.jpg 300w, https:\/\/www.lapluma.net\/wp-content\/uploads\/2023\/07\/Capture-decran-Nicolas-Petro-.jpg 588w\" sizes=\"auto, (max-width: 600px) 100vw, 600px\" \/><\/p>\n<p style=\"text-align: justify;\"><span style=\"font-size: 14pt;\">\u201cLa\u00a0Fiscal\u00eda General de la Naci\u00f3n\u00a0se permite informar que el d\u00eda de hoy 29 de julio de 2023, sobre las 06H00 horas, en cumplimiento a lo dispuesto por el Juzgado 16 Penal Municipal con Funci\u00f3n de Control de Garant\u00edas de Bogot\u00e1, se hicieron efectivas las \u00f3rdenes de captura proferidas contra\u00a0Nicol\u00e1s Fernando Petro Burgos, por los delitos de lavado de activos y enriquecimiento il\u00edcito\u00a0\u00bb.<\/span><\/p>\n<p style=\"text-align: justify;\"><span style=\"font-size: 14pt;\">Tambi\u00e9n \u00ab\u00a0Daysuris del Carmen V\u00e1squez Castro\u00a0por los punibles de lavado de activos y violaci\u00f3n de datos personales por hechos ocurridos desde 2022 a la fecha\u201d, se\u00f1al\u00f3 la entidad a trav\u00e9s de un comunicado.<\/span><\/p>\n<blockquote class=\"twitter-tweet\" data-width=\"550\" data-dnt=\"true\">\n<p lang=\"es\" dir=\"ltr\">Han sido capturados por la fiscal\u00eda mi hijo Nicol\u00e1s y su ex esposa Days<\/p>\n<p>Como persona y padre me duele mucho tanta autodestrucci\u00f3n y el que uno de mis hijos pase por la c\u00e1rcel; como presidente de la Rep\u00fablica asegur\u00f3  que la fiscal\u00eda tenga todas las garant\u00edas de mi parte para\u2026<\/p>\n<p>&mdash; Gustavo Petro (@petrogustavo) <a href=\"https:\/\/twitter.com\/petrogustavo\/status\/1685263250319884288?ref_src=twsrc%5Etfw\">July 29, 2023<\/a><\/p><\/blockquote>\n<p><script async src=\"https:\/\/platform.twitter.com\/widgets.js\" charset=\"utf-8\"><\/script><\/p>\n<p style=\"text-align: justify;\"><span style=\"font-size: 14pt;\">Por su parte, el presidente Gustavo Petro emiti\u00f3 su postura sobre el caso a trav\u00e9s de un mensaje en su cuenta oficial de Twitter:<\/span><\/p>\n<p style=\"text-align: justify;\"><span style=\"font-size: 14pt;\">\u00ab\u00a0Han sido capturados por la fiscal\u00eda mi hijo Nicol\u00e1s y su ex esposa Days Como persona y padre me duele mucho tanta autodestrucci\u00f3n y el que uno de mis hijos pase por la c\u00e1rcel;\u00a0como presidente de la Rep\u00fablica asegur\u00f3 que la fiscal\u00eda tenga todas las garant\u00edas de mi parte para proceder de acuerdo a la ley\u00a0\u00bb.<\/span><\/p>\n<p style=\"text-align: justify;\"><span style=\"font-size: 14pt;\">\u00ab\u00a0A mi hijo le deseo suerte y fuerza. Que estos sucesos forjen su caracter y pueda reflexionar sobre sus propios errores. Como afirm\u00e9 ante el fiscal general no intervendr\u00e9 ni presionar\u00e9 sus decisiones; que el derecho guie libremente el proceso\u00a0\u00bb.<\/span><\/p>\n<h5><span style=\"font-size: 14pt;\"><a href=\"https:\/\/www.telesurtv.net\/news\/colombia-detencion-hijo-presidente-20230729-0007.html\">teleSur<\/a>, 29 de julio de 2023<\/span><\/h5>\n<\/div>\n<p>__________________<\/p>\n<p><img loading=\"lazy\" decoding=\"async\" class=\" wp-image-55098 aligncenter\" src=\"https:\/\/www.lapluma.net\/wp-content\/uploads\/2023\/07\/Gonzalo-Guillen-Heliodoptero-300x226.jpg\" alt=\"\" width=\"426\" height=\"321\" srcset=\"https:\/\/www.lapluma.net\/wp-content\/uploads\/2023\/07\/Gonzalo-Guillen-Heliodoptero-300x226.jpg 300w, https:\/\/www.lapluma.net\/wp-content\/uploads\/2023\/07\/Gonzalo-Guillen-Heliodoptero.jpg 705w\" sizes=\"auto, (max-width: 426px) 100vw, 426px\" \/><\/p>\n<p>_________________________<\/p>\n<h5 id=\"m63-62-64\"><a href=\"https:\/\/www.publico.es\/internacional\/nicolas-petro-hijo-presidente-colombia-detenido-lavado-capital.html\"><span style=\"font-size: 18pt;\"><span style=\"font-size: 14pt;\">Detenido Nicol\u00e1s Petro, hijo del presidente de Colombia, acusado de lavado de capital<\/span><\/span><\/a><\/h5>\n<h2 class=\"title\" style=\"text-align: justify;\"><a href=\"https:\/\/www.cronica.com.mx\/mundo\/detienen-hijo-presidente-colombia-lavado-dinero.html\"><span style=\"font-size: 14pt;\">Detienen al hijo del presidente de Colombia por lavado de dinero<\/span><\/a><\/h2>\n<h2><span style=\"font-size: 18pt;\">Varios Autores<\/span><\/h2>\n<h2><span style=\"font-size: 18pt;\">Editado por <\/span><a href=\"http:\/\/www.lapluma.net\/nosotros\/editora\/\"><span style=\"font-size: 18pt;\">Mar\u00eda Piedad Ossaba<\/span><\/a><\/h2>\n<p><strong><span class=\"content-related content-border \" style=\"font-size: 14pt;\"><span class=\"module-details\"><span class=\"module-supra-title\"> Lea tambi\u00e9n<\/span><\/span><\/span><\/strong><\/p>\n<h2 class=\"module-title\"><a id=\"m25958-25957-25959\" href=\"https:\/\/www.cronica.com.mx\/mundo\/politicos-20-paises-alertan-sobre-golpe-blando-petro.html\"><span style=\"font-size: 14pt;\">Pol\u00edticos de m\u00e1s de 20 pa\u00edses alertan sobre \u00ab\u00a0golpe blando\u00a0\u00bb contra Petro<\/span><\/a><\/h2>\n","protected":false},"excerpt":{"rendered":"<p>Casi todo el mundo, columnista profesionales y amateurs, que han analizado el arresto de Nicol\u00e1s Petro de ayer, concluyen lo mismo: fue una retaliaci\u00f3n por el destape del esc\u00e1ndalo de Ecopetrol. Nicol\u00e1s Fernando Petro Burgos est\u00e1 acusado de los delitos de lavado de activos y enriquecimiento il\u00edcito<\/p>\n","protected":false},"author":45,"featured_media":55102,"comment_status":"open","ping_status":"open","sticky":false,"template":"","format":"standard","meta":{"_uf_show_specific_survey":0,"_uf_disable_surveys":false,"footnotes":""},"categories":[216,5],"tags":[4655,23925,23927,16106,23929,662,23926,23928],"coauthors":[423],"class_list":["post-55095","post","type-post","status-publish","format-standard","has-post-thumbnail","hentry","category-colombia","category-editoriales-y-opiniones","tag-caso-odebrecht","tag-colombia-felipe-a-priast","tag-escandalo-de-ecopetrol","tag-fiscalia","tag-gonzalo-guillen","tag-hitler","tag-nicolas-petro-arresto","tag-retaliacion"],"translation":{"provider":"WPGlobus","version":"2.12.2","language":"fr","enabled_languages":["es","fr"],"languages":{"es":{"title":true,"content":true,"excerpt":true},"fr":{"title":false,"content":false,"excerpt":false}}},"_links":{"self":[{"href":"https:\/\/www.lapluma.net\/fr\/wp-json\/wp\/v2\/posts\/55095","targetHints":{"allow":["GET"]}}],"collection":[{"href":"https:\/\/www.lapluma.net\/fr\/wp-json\/wp\/v2\/posts"}],"about":[{"href":"https:\/\/www.lapluma.net\/fr\/wp-json\/wp\/v2\/types\/post"}],"author":[{"embeddable":true,"href":"https:\/\/www.lapluma.net\/fr\/wp-json\/wp\/v2\/users\/45"}],"replies":[{"embeddable":true,"href":"https:\/\/www.lapluma.net\/fr\/wp-json\/wp\/v2\/comments?post=55095"}],"version-history":[{"count":6,"href":"https:\/\/www.lapluma.net\/fr\/wp-json\/wp\/v2\/posts\/55095\/revisions"}],"predecessor-version":[{"id":57798,"href":"https:\/\/www.lapluma.net\/fr\/wp-json\/wp\/v2\/posts\/55095\/revisions\/57798"}],"wp:featuredmedia":[{"embeddable":true,"href":"https:\/\/www.lapluma.net\/fr\/wp-json\/wp\/v2\/media\/55102"}],"wp:attachment":[{"href":"https:\/\/www.lapluma.net\/fr\/wp-json\/wp\/v2\/media?parent=55095"}],"wp:term":[{"taxonomy":"category","embeddable":true,"href":"https:\/\/www.lapluma.net\/fr\/wp-json\/wp\/v2\/categories?post=55095"},{"taxonomy":"post_tag","embeddable":true,"href":"https:\/\/www.lapluma.net\/fr\/wp-json\/wp\/v2\/tags?post=55095"},{"taxonomy":"author","embeddable":true,"href":"https:\/\/www.lapluma.net\/fr\/wp-json\/wp\/v2\/coauthors?post=55095"}],"curies":[{"name":"wp","href":"https:\/\/api.w.org\/{rel}","templated":true}]}}