{"id":55005,"date":"2023-07-26T23:28:05","date_gmt":"2023-07-26T23:28:05","guid":{"rendered":"https:\/\/www.lapluma.net\/?p=55005"},"modified":"2023-07-28T21:25:54","modified_gmt":"2023-07-28T21:25:54","slug":"presidente-gustavo-petro-consolida-su-apuesta-estrategica-por-el-cambio-popular","status":"publish","type":"post","link":"https:\/\/www.lapluma.net\/fr\/2023\/07\/26\/presidente-gustavo-petro-consolida-su-apuesta-estrategica-por-el-cambio-popular\/","title":{"rendered":"Presidente Gustavo Petro consolida su apuesta estrat\u00e9gica por el cambio popular"},"content":{"rendered":"<p style=\"text-align: justify;\"><span style=\"font-size: 14pt;\">En un contundente discurso ante el Congreso de la rep\u00fablica, con ocasi\u00f3n de su instalaci\u00f3n para un nuevo periodo que ocurri\u00f3 el 20 de julio, fecha que celebra la independencia nacional, el presidente de la rep\u00fablica Gustavo Petro, ha trazado un horizonte de acci\u00f3n pol\u00edtica din\u00e1mica y cargada de iniciativas y propuestas acertadas para fortalecer la transici\u00f3n democr\u00e1tica hacia la paz, la unidad y el bienestar de los colombianos.\u00a0<\/span><\/p>\n<div id=\"cols\">\n<p><iframe loading=\"lazy\" title=\"Discurso del presidente, Gustavo Petro en la instalaci\u00f3n del Congreso 2023- 2024\" width=\"660\" height=\"371\" src=\"https:\/\/www.youtube.com\/embed\/xytkLb7ZBm8?feature=oembed\" frameborder=\"0\" allow=\"accelerometer; autoplay; clipboard-write; encrypted-media; gyroscope; picture-in-picture; web-share\" referrerpolicy=\"strict-origin-when-cross-origin\" allowfullscreen><\/iframe><\/p>\n<h5 class=\"style-scope ytd-watch-metadata\" style=\"text-align: center;\"><span style=\"font-size: 12pt;\">Discurso del presidente, Gustavo Petro en la instalaci\u00f3n del Congreso 2023- 2024<\/span><\/h5>\n<p style=\"text-align: justify;\"><span style=\"font-size: 14pt;\">Mientras la ultraderecha reaccionaria ha querido paralizar y bloquear el gobierno con distintas estratagemas e intrigas pol\u00edticas en todos los frentes, el presidente Petro ha mostrado imaginaci\u00f3n y creatividad para desbloquear el proceso pol\u00edtico de transformaciones progresistas en las que est\u00e1 empe\u00f1ado desde su elecci\u00f3n como presidente de la naci\u00f3n.\u00a0<\/span><\/p>\n<p style=\"text-align: justify;\"><span style=\"font-size: 14pt;\">En su exposici\u00f3n ante las c\u00e1maras legislativas ha planteado nuevamente la tesis de la unidad nacional, pero para hacer realidad los derechos de millones de ciudadanos que padecen la pobreza y la exclusi\u00f3n m\u00e1s aberrante, pues la sociedad colombiana es una que registra los mayores niveles de concentraci\u00f3n de la riqueza.\u00a0<\/span><\/p>\n<p style=\"text-align: justify;\"><span style=\"font-size: 14pt;\">Petro ha dicho que quiere impulsar la movilizaci\u00f3n de la sociedad nacional alrededor de dos pilares: el de la justicia ambiental y el de la justicia social.<\/span><\/p>\n<p style=\"text-align: justify;\"><span style=\"font-size: 14pt;\"><img loading=\"lazy\" decoding=\"async\" class=\"aligncenter wp-image-55007\" src=\"https:\/\/www.lapluma.net\/wp-content\/uploads\/2023\/07\/Justicia-ambiental-social-300x204.png\" alt=\"\" width=\"600\" height=\"409\" srcset=\"https:\/\/www.lapluma.net\/wp-content\/uploads\/2023\/07\/Justicia-ambiental-social-300x204.png 300w, https:\/\/www.lapluma.net\/wp-content\/uploads\/2023\/07\/Justicia-ambiental-social-768x523.png 768w, https:\/\/www.lapluma.net\/wp-content\/uploads\/2023\/07\/Justicia-ambiental-social-220x150.png 220w, https:\/\/www.lapluma.net\/wp-content\/uploads\/2023\/07\/Justicia-ambiental-social.png 940w\" sizes=\"auto, (max-width: 600px) 100vw, 600px\" \/>\u00a0<\/span><span style=\"font-size: 14pt;\">La justicia ambiental debe construirse alrededor de la transici\u00f3n energ\u00e9tica y la protecci\u00f3n de los recursos naturales.\u00a0<\/span><\/p>\n<p style=\"text-align: justify;\"><span style=\"font-size: 14pt;\">La justicia social debe hacerse realidad mediante la reforma agraria (trancada por la oposici\u00f3n latifundista y el sabotaje burocr\u00e1tico de Ministerios, agencias de tierras y la SAE), la garant\u00eda del derecho a la salud, de las pensiones y de la reforma laboral que recupere las prestaciones para los trabajadores atrapados en la vor\u00e1gine neoliberal del libre mercado que se niega a ceder en sus privilegios defendidos por los encumbrados gremios de la oligarqu\u00eda empresarial y bancaria.\u00a0<\/span><\/p>\n<p style=\"text-align: justify;\"><span style=\"font-size: 14pt;\">La unidad nacional planteada debe tener un fin supremo que consiste en alcanzar la paz. Petro ha dicho que Colombia est\u00e1 cerca de terminar (o est\u00e1 terminando) <a href=\"https:\/\/www.cidob.org\/publicaciones\/documentacion\/dossiers\/dossier_proceso_de_paz_en_colombia\/dossier_proceso_de_paz_en_colombia\/conflicto_en_colombia_antecedentes_historicos_y_actores\">la guerra contrainsurgente del Estado contra las guerrillas revolucionarias de la resistencia campesina que se originaron en 1948<\/a>, a ra\u00edz del asesinato de <a href=\"https:\/\/www.aa.com.tr\/es\/mundo\/jorge-eli%C3%A9cer-gait%C3%A1n-el-caudillo-que-hubiera-transformado-a-colombia\/1112813\">Jorge Eliecer Gait\u00e1n,<\/a> el caudillo liberal que lideraba el levantamiento social contra las castas olig\u00e1rquicas herederas de la hegemon\u00eda conservadora del siglo XIX.\u00a0\u00a0<\/span><\/p>\n<p><img loading=\"lazy\" decoding=\"async\" class=\" wp-image-42724 aligncenter\" src=\"https:\/\/www.lapluma.net\/wp-content\/uploads\/2022\/09\/El-Bogotazo-Gaitan2-300x169.jpg\" alt=\"\" width=\"431\" height=\"243\" srcset=\"https:\/\/www.lapluma.net\/wp-content\/uploads\/2022\/09\/El-Bogotazo-Gaitan2-300x169.jpg 300w, https:\/\/www.lapluma.net\/wp-content\/uploads\/2022\/09\/El-Bogotazo-Gaitan2-1024x576.jpg 1024w, https:\/\/www.lapluma.net\/wp-content\/uploads\/2022\/09\/El-Bogotazo-Gaitan2-768x432.jpg 768w, https:\/\/www.lapluma.net\/wp-content\/uploads\/2022\/09\/El-Bogotazo-Gaitan2-870x489.jpg 870w, https:\/\/www.lapluma.net\/wp-content\/uploads\/2022\/09\/El-Bogotazo-Gaitan2-895x503.jpg 895w, https:\/\/www.lapluma.net\/wp-content\/uploads\/2022\/09\/El-Bogotazo-Gaitan2.jpg 1280w\" sizes=\"auto, (max-width: 431px) 100vw, 431px\" \/><\/p>\n<p style=\"text-align: justify;\"><span style=\"font-size: 14pt;\">Coincido completamente con esta visi\u00f3n del presidente. La apoyo sin pero alguno.\u00a0<\/span><\/p>\n<p style=\"text-align: justify;\"><span style=\"font-size: 14pt;\">Esta afirmaci\u00f3n tiene una carga de profundidad que a\u00fan no se logra interpretar en sus alcances y sentidos. Con esta hip\u00f3tesis Petro coloca los actuales procesos de paz con el Eln y las derivaciones de las Farc, en otro plano que es necesario interpretar en el Cese al fuego bilateral con el ELN (que empieza a rodar este 3 de agosto hasta enero del 2024, seg\u00fan lo dispone el decreto 1117 del 2023) y en el Dialogo acordado para caracterizar la naturaleza de nuestro conflicto social y armado y las propuestas para superarlo, que se inicia este 27 de julio; y en los avances determinados con el Estado Mayor Central de las FARC, ligados a la protecci\u00f3n ambiental de la amazonia, la democracia territorial, la reforma agraria y la depuraci\u00f3n de los aparatos militares y policiales del gobierno, infiltrados por la mafia de las drogas y el neoparamilitarismo.\u00a0<\/span><\/p>\n<figure id=\"attachment_55008\" aria-describedby=\"caption-attachment-55008\" style=\"width: 481px\" class=\"wp-caption aligncenter\"><img loading=\"lazy\" decoding=\"async\" class=\" wp-image-55008\" src=\"https:\/\/www.lapluma.net\/wp-content\/uploads\/2023\/07\/230706-Presidente-Petro-firmo-Decreto-que-ordena-cese-al-fuego-1280-300x169.jpg\" alt=\"\" width=\"481\" height=\"271\" srcset=\"https:\/\/www.lapluma.net\/wp-content\/uploads\/2023\/07\/230706-Presidente-Petro-firmo-Decreto-que-ordena-cese-al-fuego-1280-300x169.jpg 300w, https:\/\/www.lapluma.net\/wp-content\/uploads\/2023\/07\/230706-Presidente-Petro-firmo-Decreto-que-ordena-cese-al-fuego-1280-1024x576.jpg 1024w, https:\/\/www.lapluma.net\/wp-content\/uploads\/2023\/07\/230706-Presidente-Petro-firmo-Decreto-que-ordena-cese-al-fuego-1280-768x432.jpg 768w, https:\/\/www.lapluma.net\/wp-content\/uploads\/2023\/07\/230706-Presidente-Petro-firmo-Decreto-que-ordena-cese-al-fuego-1280-870x489.jpg 870w, https:\/\/www.lapluma.net\/wp-content\/uploads\/2023\/07\/230706-Presidente-Petro-firmo-Decreto-que-ordena-cese-al-fuego-1280-895x503.jpg 895w, https:\/\/www.lapluma.net\/wp-content\/uploads\/2023\/07\/230706-Presidente-Petro-firmo-Decreto-que-ordena-cese-al-fuego-1280.jpg 1280w\" sizes=\"auto, (max-width: 481px) 100vw, 481px\" \/><figcaption id=\"caption-attachment-55008\" class=\"wp-caption-text\"><a href=\"https:\/\/petro.presidencia.gov.co\/prensa\/Paginas\/Presidente-Petro-firmo-Decreto-que-ordena-cese-al-fuego-bilateral-y-temporal-con-el-Eln-entre-el-3-de-agosto-230706.aspx\">Presidente Petro firm\u00f3 Decreto que ordena cese al fuego bilateral y temporal con el Eln entre el 3 de agosto de 2023 y el 29 de enero de 2024<\/a><\/figcaption><\/figure>\n<p style=\"text-align: justify;\"><span style=\"font-size: 14pt;\">El anuncio presidencial del fin del conflicto social y armado con las guerrillas revolucionarias colombianas da la medida de la lucidez del liderazgo de Petro. Lo hecho hasta hoy en materia de paz total, bajo la responsabilidad de Danilo Rueda, el Alto Comisionado de Paz, es claramente la acci\u00f3n m\u00e1s f\u00e9rtil en la historia de Colombia para darle un vuelco a la sociedad colombiana. Petro y Rueda est\u00e1n en la l\u00ednea correcta, no obstante, la venenosa oposici\u00f3n de la ultraderecha fascista y las falacias de sus redes medi\u00e1ticas y comunicacionales.\u00a0<\/span><\/p>\n<p><img loading=\"lazy\" decoding=\"async\" class=\"aligncenter wp-image-55009\" src=\"https:\/\/www.lapluma.net\/wp-content\/uploads\/2023\/07\/Paz-total-300x169.jpg\" alt=\"\" width=\"600\" height=\"338\" srcset=\"https:\/\/www.lapluma.net\/wp-content\/uploads\/2023\/07\/Paz-total-300x169.jpg 300w, https:\/\/www.lapluma.net\/wp-content\/uploads\/2023\/07\/Paz-total-1024x576.jpg 1024w, https:\/\/www.lapluma.net\/wp-content\/uploads\/2023\/07\/Paz-total-768x432.jpg 768w, https:\/\/www.lapluma.net\/wp-content\/uploads\/2023\/07\/Paz-total-870x489.jpg 870w, https:\/\/www.lapluma.net\/wp-content\/uploads\/2023\/07\/Paz-total-895x503.jpg 895w, https:\/\/www.lapluma.net\/wp-content\/uploads\/2023\/07\/Paz-total.jpg 1280w\" sizes=\"auto, (max-width: 600px) 100vw, 600px\" \/><\/p>\n<p style=\"text-align: justify;\"><span style=\"font-size: 14pt;\">Lo que corresponde ahora es abordar la violencia originada en la criminalidad asociada con la pelea por las rentas ilegales como el tr\u00e1fico de drogas, el tr\u00e1fico con las mujeres, el despojo de los dineros p\u00fablicos y la concentraci\u00f3n de la tierra.\u00a0<\/span><\/p>\n<p style=\"text-align: justify;\"><span style=\"font-size: 14pt;\">As\u00ed que la Unidad nacional debe construirse para lograr la igualdad social, para hacer efectivos los compromisos incluidos en los acuerdos de paz del 2016, para avanzar en la reforma agraria (atacada violentamente por la casta latifundista en departamentos como el Meta, Cauca, Cesar, C\u00f3rdoba, Bol\u00edvar, Sucre y Magdalena). Reforma agraria que es esencial para apalancar el desarrollo industrial y de la econom\u00eda productiva, -incluidas las econom\u00edas populares-, para de esa manera otorgar los espacios a la juventud tanto en el trabajo como en su formaci\u00f3n acad\u00e9mica y cient\u00edfica.\u00a0<\/span><\/p>\n<h2 class=\"entradilla\" style=\"text-align: justify;\"><span style=\"font-size: 18pt;\"><b>Horacio Duque<br \/>\n<\/b><\/span><\/h2>\n<h2><span style=\"font-size: 18pt;\">Publicado por <a href=\"https:\/\/rebelion.org\/presidente-gustavo-petro-consolida-su-apuesta-estrategica-por-el-cambio-popular\/\">Rebeli\u00f3n<\/a> 26 de julio de 2023<\/span><\/h2>\n<h2><span style=\"font-size: 18pt;\">Editado por <\/span><a href=\"http:\/\/www.lapluma.net\/nosotros\/editora\/\"><span style=\"font-size: 18pt;\">Mar\u00eda Piedad Ossaba<\/span><\/a><\/h2>\n<\/div>\n","protected":false},"excerpt":{"rendered":"<p>Lo que corresponde ahora es abordar la violencia originada en la criminalidad asociada con la pelea por las rentas ilegales como el tr\u00e1fico de drogas, el tr\u00e1fico con las mujeres, el despojo de los dineros p\u00fablicos y la concentraci\u00f3n de la tierra.\u00a0<\/p>\n","protected":false},"author":308,"featured_media":55010,"comment_status":"open","ping_status":"open","sticky":false,"template":"","format":"standard","meta":{"_uf_show_specific_survey":0,"_uf_disable_surveys":false,"footnotes":""},"categories":[217],"tags":[23904,23905,2270],"coauthors":[2741],"class_list":["post-55005","post","type-post","status-publish","format-standard","has-post-thumbnail","hentry","category-abya-yala","tag-justicia-ambiental-justicia-social","tag-proteccion-recursos-naturales","tag-transicion-energetica"],"translation":{"provider":"WPGlobus","version":"2.12.2","language":"fr","enabled_languages":["es","fr"],"languages":{"es":{"title":true,"content":true,"excerpt":true},"fr":{"title":false,"content":false,"excerpt":false}}},"_links":{"self":[{"href":"https:\/\/www.lapluma.net\/fr\/wp-json\/wp\/v2\/posts\/55005","targetHints":{"allow":["GET"]}}],"collection":[{"href":"https:\/\/www.lapluma.net\/fr\/wp-json\/wp\/v2\/posts"}],"about":[{"href":"https:\/\/www.lapluma.net\/fr\/wp-json\/wp\/v2\/types\/post"}],"author":[{"embeddable":true,"href":"https:\/\/www.lapluma.net\/fr\/wp-json\/wp\/v2\/users\/308"}],"replies":[{"embeddable":true,"href":"https:\/\/www.lapluma.net\/fr\/wp-json\/wp\/v2\/comments?post=55005"}],"version-history":[{"count":4,"href":"https:\/\/www.lapluma.net\/fr\/wp-json\/wp\/v2\/posts\/55005\/revisions"}],"predecessor-version":[{"id":55041,"href":"https:\/\/www.lapluma.net\/fr\/wp-json\/wp\/v2\/posts\/55005\/revisions\/55041"}],"wp:featuredmedia":[{"embeddable":true,"href":"https:\/\/www.lapluma.net\/fr\/wp-json\/wp\/v2\/media\/55010"}],"wp:attachment":[{"href":"https:\/\/www.lapluma.net\/fr\/wp-json\/wp\/v2\/media?parent=55005"}],"wp:term":[{"taxonomy":"category","embeddable":true,"href":"https:\/\/www.lapluma.net\/fr\/wp-json\/wp\/v2\/categories?post=55005"},{"taxonomy":"post_tag","embeddable":true,"href":"https:\/\/www.lapluma.net\/fr\/wp-json\/wp\/v2\/tags?post=55005"},{"taxonomy":"author","embeddable":true,"href":"https:\/\/www.lapluma.net\/fr\/wp-json\/wp\/v2\/coauthors?post=55005"}],"curies":[{"name":"wp","href":"https:\/\/api.w.org\/{rel}","templated":true}]}}