{"id":54787,"date":"2023-07-21T09:56:51","date_gmt":"2023-07-21T09:56:51","guid":{"rendered":"https:\/\/www.lapluma.net\/?p=54787"},"modified":"2023-07-21T10:08:29","modified_gmt":"2023-07-21T10:08:29","slug":"pancho-villa-1878-1923","status":"publish","type":"post","link":"https:\/\/www.lapluma.net\/fr\/2023\/07\/21\/pancho-villa-1878-1923\/","title":{"rendered":"Pancho Villa (1878-1923)"},"content":{"rendered":"<p><span style=\"font-size: 12pt;\"><img loading=\"lazy\" decoding=\"async\" class=\"wp-image-54789 aligncenter\" src=\"https:\/\/www.lapluma.net\/wp-content\/uploads\/2023\/07\/2023-ano-Villa-300x300.jpg\" alt=\"\" width=\"436\" height=\"436\" srcset=\"https:\/\/www.lapluma.net\/wp-content\/uploads\/2023\/07\/2023-ano-Villa-300x300.jpg 300w, https:\/\/www.lapluma.net\/wp-content\/uploads\/2023\/07\/2023-ano-Villa-150x150.jpg 150w, https:\/\/www.lapluma.net\/wp-content\/uploads\/2023\/07\/2023-ano-Villa.jpg 640w\" sizes=\"auto, (max-width: 436px) 100vw, 436px\" \/><\/span><\/p>\n<p style=\"text-align: center;\"><span style=\"font-size: 12pt;\"><a href=\"https:\/\/www.lapluma.net\/wp-content\/uploads\/2023\/07\/Francisco-Villa-el-revolucionario-del-Pueblo.pdf\">Francisco Villa el revolucionario del Pueblo<\/a><\/span><\/p>\n<h2 style=\"text-align: justify;\"><a href=\"https:\/\/barriozona.com\/pancho-villa-historia-de-mexico-cultura\/\" target=\"_blank\" rel=\"noopener\"><b><span style=\"font-size: 18pt;\">Pancho Villa, figura esencial de la Revoluci\u00f3n mexicana e \u00edcono de la cultura popular<\/span><\/b><\/a><\/h2>\n<p><iframe loading=\"lazy\" title=\"Pancho Villa, Aqui y Alli - Paco Ignacio Taibo II\" width=\"660\" height=\"495\" src=\"https:\/\/www.youtube.com\/embed\/tmKwMRF8qoY?feature=oembed\" frameborder=\"0\" allow=\"accelerometer; autoplay; clipboard-write; encrypted-media; gyroscope; picture-in-picture; web-share\" referrerpolicy=\"strict-origin-when-cross-origin\" allowfullscreen><\/iframe><\/p>\n<h2 class=\"titre_page crayon article-titre-4141 titre\" style=\"text-align: center;\"><span style=\"font-size: 18pt;\">Pancho Villa, roman d\u2019une vie<\/span><br \/>\n<span style=\"font-size: 18pt;\">2 tomes<\/span><\/h2>\n<p><img loading=\"lazy\" decoding=\"async\" class=\"aligncenter wp-image-54793\" src=\"https:\/\/www.lapluma.net\/wp-content\/uploads\/2023\/07\/Paco-Ignacio-Taibo-Pancho-Villa-189x300.gif\" alt=\"\" width=\"378\" height=\"600\" \/><\/p>\n<p style=\"text-align: justify;\"><span style=\"font-size: 14pt;\"><b>Auteur : Paco-Ignacio Taibo II<br \/>\n\u00c9diteur : Payot<br \/>\n2012 | 1400 pages | 22,00 \u20ac<br \/>\n<\/b><b><a href=\"https:\/\/librairie-quilombo.org\/spip.php?page=boutique&amp;appel=mon_panier\" target=\"_blank\" rel=\"noopener\">Commander<\/a><\/b><\/span><\/p>\n<div class=\"crayon article-texte-4141 texte\">\n<p style=\"text-align: justify;\"><span style=\"font-size: 14pt;\">Personnage mythique, h\u00e9ros de cin\u00e9ma, de bandes dessin\u00e9es et de chansons, Pancho Villa est au c\u0153ur de nombreux r\u00e9cits l\u00e9gendaires qu\u2019il a parfois lui-m\u00eame racont\u00e9s ou suscit\u00e9s, et qui sont si vari\u00e9s qu\u2019il semble impossible de les d\u00e9m\u00ealer.<\/span><br class=\"autobr\" \/><span style=\"font-size: 14pt;\">Confront\u00e9 au manque de fiabilit\u00e9 des t\u00e9moignages et des sources, Paco Ignacio Taibo s\u2019efforce donc de \u201ctendre l\u2019oreille au c\u0153ur de cette rumeur immense et interminable\u201d, avec \u201cl\u2019impression d\u2019y \u00eatre arriv\u00e9, mais pas toujours\u201d. Il en d\u00e9coule pour lui la seule approche possible, celle de la biographie narrativa. Revendiquant sa fascination, il sait qu\u2019il devra aussi \u00eatre romancier pour cerner au plus juste son personnage, celui qui est devenu l\u2019embl\u00e8me d\u2019une r\u00e9volution et l\u2019inspirateur de beaucoup d\u2019autres.<\/span><br class=\"autobr\" \/><span style=\"font-size: 14pt;\">\u201cCeux qui aimeraient que le pass\u00e9 fonctionne comme une Bible, un guide routier, une le\u00e7on transparente, un manuel permettant de corriger le pr\u00e9sent se trompent de livre\u201d, pr\u00e9vient Taibo. \u201cLe pass\u00e9 est cette histoire chaotique qu\u2019on lit de fa\u00e7on conflictuelle dans le pr\u00e9sent&#8230; Partons du postulat que Pancho Villa ne m\u00e9rite pas une version \u00e9dulcor\u00e9e de lui-m\u00eame, pas plus que ne la m\u00e9rite l\u2019auteur de ces lignes, pas plus que ne la m\u00e9ritent \u00e9videmment les lecteurs\u201d.<\/span><\/p>\n<p>https:\/\/www.youtube.com\/watch?v=4LJe4NNWFxI&#038;t=6s<\/p>\n<h2><span style=\"font-size: 18pt;\"> <a href=\"https:\/\/drive.google.com\/file\/d\/1gsyqlAzJ3-AzJC7spjonwFSSRs8Qw6FM\/view\">Fausto Giudice<\/a><\/span><\/h2>\n<h2><span style=\"font-size: 18pt;\">Fuente: <a href=\"https:\/\/tlaxcala-int.blogspot.com\/p\/pancho-villa-1878-1923.html\">Tlaxcala<\/a>, 20 de julio de 2023<\/span><\/h2>\n<h2><span style=\"font-size: 18pt;\">Traducciones disponibles: <a href=\"https:\/\/barriozona.com\/pancho-villa-revolution-mexicaine\/\">Fran\u00e7ais<\/a>, <\/span><a href=\"https:\/\/barriozona.com\/pancho-villa-mexican-revolution\/\"><span style=\"font-size: 18pt;\">English<\/span><\/a><\/h2>\n<p>&nbsp;<\/p>\n<\/div>\n","protected":false},"excerpt":{"rendered":"<p>Francisco Villa el revolucionario del Pueblo Pancho Villa, figura esencial de la Revoluci&oacute;n mexicana e &iacute;cono de la cultura popular Pancho Villa, roman d&rsquo;une vie 2 tomes Auteur : Paco-Ignacio Taibo II &Eacute;diteur : Payot 2012 | 1400 pages | 22,00 &euro; Commander Personnage mythique, h&eacute;ros de cin&eacute;ma, de bandes dessin&eacute;es et de chansons, Pancho&#8230;<\/p>\n","protected":false},"author":84,"featured_media":54797,"comment_status":"open","ping_status":"open","sticky":false,"template":"","format":"standard","meta":{"_uf_show_specific_survey":0,"_uf_disable_surveys":false,"footnotes":""},"categories":[217],"tags":[23854,23856,23855,23853,578,10094,14404,23857,4424],"coauthors":[732],"class_list":["post-54787","post","type-post","status-publish","format-standard","has-post-thumbnail","hentry","category-abya-yala","tag-aniversario-145","tag-centauro-del-norte","tag-centenario-asesinato","tag-francisco-villa","tag-homenaje","tag-icono-popular","tag-memoria-historica-2","tag-parral-chihuahua","tag-revolucion-mexicana"],"translation":{"provider":"WPGlobus","version":"2.12.2","language":"fr","enabled_languages":["es","fr"],"languages":{"es":{"title":true,"content":true,"excerpt":false},"fr":{"title":false,"content":false,"excerpt":false}}},"_links":{"self":[{"href":"https:\/\/www.lapluma.net\/fr\/wp-json\/wp\/v2\/posts\/54787","targetHints":{"allow":["GET"]}}],"collection":[{"href":"https:\/\/www.lapluma.net\/fr\/wp-json\/wp\/v2\/posts"}],"about":[{"href":"https:\/\/www.lapluma.net\/fr\/wp-json\/wp\/v2\/types\/post"}],"author":[{"embeddable":true,"href":"https:\/\/www.lapluma.net\/fr\/wp-json\/wp\/v2\/users\/84"}],"replies":[{"embeddable":true,"href":"https:\/\/www.lapluma.net\/fr\/wp-json\/wp\/v2\/comments?post=54787"}],"version-history":[{"count":8,"href":"https:\/\/www.lapluma.net\/fr\/wp-json\/wp\/v2\/posts\/54787\/revisions"}],"predecessor-version":[{"id":54800,"href":"https:\/\/www.lapluma.net\/fr\/wp-json\/wp\/v2\/posts\/54787\/revisions\/54800"}],"wp:featuredmedia":[{"embeddable":true,"href":"https:\/\/www.lapluma.net\/fr\/wp-json\/wp\/v2\/media\/54797"}],"wp:attachment":[{"href":"https:\/\/www.lapluma.net\/fr\/wp-json\/wp\/v2\/media?parent=54787"}],"wp:term":[{"taxonomy":"category","embeddable":true,"href":"https:\/\/www.lapluma.net\/fr\/wp-json\/wp\/v2\/categories?post=54787"},{"taxonomy":"post_tag","embeddable":true,"href":"https:\/\/www.lapluma.net\/fr\/wp-json\/wp\/v2\/tags?post=54787"},{"taxonomy":"author","embeddable":true,"href":"https:\/\/www.lapluma.net\/fr\/wp-json\/wp\/v2\/coauthors?post=54787"}],"curies":[{"name":"wp","href":"https:\/\/api.w.org\/{rel}","templated":true}]}}