{"id":54406,"date":"2023-07-10T16:40:47","date_gmt":"2023-07-10T16:40:47","guid":{"rendered":"https:\/\/www.lapluma.net\/?p=54406"},"modified":"2023-07-10T17:01:16","modified_gmt":"2023-07-10T17:01:16","slug":"54406","status":"publish","type":"post","link":"https:\/\/www.lapluma.net\/fr\/2023\/07\/10\/54406\/","title":{"rendered":"Colombia: el genocidio en los tiempos de Uribe"},"content":{"rendered":"<p style=\"text-align: justify;\"><span style=\"font-size: 14pt;\">Las recientes\u00a0<a href=\"https:\/\/www.infobae.com\/colombia\/2023\/06\/28\/los-crudos-testimonios-de-militares-que-aceptaron-falsos-positvos-en-dabeiba-eran-personas-que-debiamos-haber-protegido-y-no-asesinado\/\">declaraciones en audiencia de reconocimiento de verdad, realizada en Medell\u00edn<\/a>, 25 militares, comandantes de brigada, de batall\u00f3n, suboficiales y soldados, reconocieron ante la Jurisdicci\u00f3n Especial para la Paz (JEP) y los familiares de las 49 personas inocentes, haber sido asesinadas por ellos, luego de que fueron reclutadas con enga\u00f1os y disfrazadas de guerrilleros para presentarlas como\u00a0<em>\u201cbajas en combate\u201d<\/em>. Verdades que ya no causan asombro sino indignaci\u00f3n por tantos a\u00f1os de complicidad y ocultamiento de los medios de comunicaci\u00f3n y columnistas defensores del r\u00e9gimen, sobre centenares de miles de seres humanos asesinados por la acci\u00f3n mancomunada de la canalla militar, policial y paramilitar, al servicio del su criminal r\u00e9gimen, en ejecuci\u00f3n de su tenebrosa pol\u00edtica de\u00a0<em>\u201cSeguridad Democr\u00e1tica\u201d<\/em>. Fueron m\u00e1s de 20 a\u00f1os de la aterradora y larga noche del p\u00e1nico uribista.<\/span><\/p>\n<h5><\/h5>\n<p style=\"text-align: justify;\"><span style=\"font-size: 14pt;\">Escandaliza si, el cinismo del cuestionado expresidente quien, a su condici\u00f3n de Comandante en jefe de la Fuerzas Armadas, sum\u00f3 la de jefe m\u00e1ximo e ide\u00f3logo de las bandas paramilitares creadas, armadas y entrenadas por las fuerza p\u00fablica regular, como parte de su pol\u00edtica de Estado (<a href=\"https:\/\/es.wikipedia.org\/wiki\/Salvatore_Mancuso\">Salvatore Mancuso<\/a>) que conjuntamente con militares y polic\u00edas sembraron el terror y la muerte en campos y ciudades, ahora se lave las manos al decir que los militares que cometieron los falsos positivos durante su\u00a0 gobierno\u00a0<em>\u201cmancharon la Seguridad Democr\u00e1tica que tanto le sirvi\u00f3 al pa\u00eds\u201d<\/em>, como si no se hubieran amparado en dicha pol\u00edtica para sembrar de muerte de inocentes el territorio nacional.<\/span><\/p>\n<p style=\"text-align: justify;\"><span style=\"font-size: 14pt;\">El imp\u00fadico expresidente, que enviaba mensajes televisivos de felicitaciones a quienes\u00a0 reportaban resultados con abultados indicadores de muertos, o, de advertencia a quienes informaban pocas bajas en combate,\u00a0<em>\u201cLos comandantes de brigada, de batall\u00f3n\u00a0 que vayan bien, magn\u00edfico, los que vayan mal y no den resultados que vayan presentando la renuncia\u201d<\/em>, result\u00f3 declarando que le duele y le mortifica que ahora acepten haber cometido falsos positivos y que su\u00a0\u00a0<em>\u201cafectaci\u00f3n es mayor\u201d<\/em>\u00a0por su\u00a0<em>\u201cinmenso cari\u00f1o a los soldados y polic\u00edas de Colombia\u201d<\/em>. No manifiesta arrepentimiento, ni se siente culpable, ni ofrece disculpas por haber dado la orden que los altos mandos militares y los capos paramilitares, transmit\u00edan a sus tropas y sus bandas,\u00a0<em>\u201cm\u00e1s all\u00e1 de que tuvieran combates, ten\u00edan que presentar resultados operacionales, que para el comandante del Ej\u00e9rcito eran litros de sangre, tanques de sangre\u201d<\/em>, muertos o no en combate (coronel Gabriel de Jes\u00fas Rinc\u00f3n amado), tampoco importaban si hab\u00edan o no informes de capturas, incautaciones, etc.,\u00a0<em>\u201clo \u00fanico que contaba era el n\u00famero de muertos\u201d\u00a0<\/em>(sargento Iv\u00e1n Ochoa Blanco). Asesinato de decenas de miles de seres humanos indefensos e inocentes, que engordaban las listas de\u00a0<em>\u201cdados de baja en combate\u201d<\/em>.<\/span><\/p>\n<p><img loading=\"lazy\" decoding=\"async\" class=\"aligncenter wp-image-54409\" src=\"https:\/\/www.lapluma.net\/wp-content\/uploads\/2023\/07\/Uribe-Mancuso2-284x300.jpg\" alt=\"\" width=\"600\" height=\"634\" srcset=\"https:\/\/www.lapluma.net\/wp-content\/uploads\/2023\/07\/Uribe-Mancuso2-284x300.jpg 284w, https:\/\/www.lapluma.net\/wp-content\/uploads\/2023\/07\/Uribe-Mancuso2.jpg 720w\" sizes=\"auto, (max-width: 600px) 100vw, 600px\" \/><\/p>\n<p style=\"text-align: justify;\"><span style=\"font-size: 14pt;\">Tampoco manifest\u00f3 condolencias, ni solidaridad con los familiares de las v\u00edctimas de su pol\u00edtica de muerte, solo hipocres\u00eda y lamentos porque los militares traicionaron su pol\u00edtica de\u00a0<em>\u201cSeguridad Democr\u00e1tica\u201d<\/em>. Con su trino, el exmandatario repite su patr\u00f3n de conducta que ha mantenido y sus c\u00f3mplices frente a la verdad reconocida por boca de los propios autores materiales de estos cr\u00edmenes de lesa humanidad, para legitimarlos y revictimizar a los asesinados, como en el caso de los j\u00f3venes reclutados en Soacha, Cundinamarca, y asesinados en zona rural de Oca\u00f1a, Norte de Santander.\u00a0<em>\u201cNo estar\u00edan cogiendo caf\u00e9\u201d<\/em>, declar\u00f3 en aquella ocasi\u00f3n, o, para salvar su responsabilidad\u00a0<em>\u201cfuimos enga\u00f1ados por los soldados\u201d<\/em>, afirm\u00f3 una vez conocida la verdad sobre esa monstruosidad, para responsabilizar a los militares del crimen, como ocurre con la masacre en Dabeiba, reconocida por las propios asesinos ante la JEP; tambi\u00e9n para negar las llamadas ejecuciones extrajudiciales\u00a0<em>\u201cson inventos de la izquierda colombiana\u201d<\/em>, dijo c\u00ednicamente la senadora Cabal.<\/span><\/p>\n<p style=\"text-align: justify;\"><span style=\"font-size: 14pt;\">Gracias a la irreductible perseverancia de las familias de las v\u00edctimas, las denuncias de los\/as defensores de los derechos humano y sus organizaciones nacionales e internacionales, adem\u00e1s del trabajo de la \u00a0Comisi\u00f3n de la\u00a0 Verdad, que document\u00f3 por lo menos 4.602 falsos positivos (cr\u00edmenes de Estado) y el ejercicio laborioso de la JEP \u2013ante la cual han comparecido decenas de generales, centenares de oficiales de todos los galones, suboficiales y soldados, as\u00ed como, comandantes y troperos de las bandas paramilitares-, la verdad ha emergido desde el fondo del silencio de los inocentes; el pueblo colombiano y la comunidad internacional est\u00e1n cada vez m\u00e1s enterados\u00a0 y horrorizados de los r\u00edos de sangre de seres humanos inocentes que corrieron por el territorio nacional, por acci\u00f3n de la mort\u00edfera maquinaria militar y paramilitar creada y puesta en marcha por el\u00a0<em>\u2018matarife\u2019<\/em>\u00a0durante sus ocho a\u00f1os y m\u00e1s all\u00e1, de sus dos periodos de gobierno autoritario, que se destac\u00f3 como el m\u00e1ximo violador de los Derechos Humanos.<\/span><\/p>\n<figure id=\"attachment_54410\" aria-describedby=\"caption-attachment-54410\" style=\"width: 550px\" class=\"wp-caption aligncenter\"><img loading=\"lazy\" decoding=\"async\" class=\"wp-image-54410\" src=\"https:\/\/www.lapluma.net\/wp-content\/uploads\/2023\/07\/alvaraco-259x300.jpg\" alt=\"\" width=\"550\" height=\"636\" srcset=\"https:\/\/www.lapluma.net\/wp-content\/uploads\/2023\/07\/alvaraco-259x300.jpg 259w, https:\/\/www.lapluma.net\/wp-content\/uploads\/2023\/07\/alvaraco-768x888.jpg 768w, https:\/\/www.lapluma.net\/wp-content\/uploads\/2023\/07\/alvaraco.jpg 830w\" sizes=\"auto, (max-width: 550px) 100vw, 550px\" \/><figcaption id=\"caption-attachment-54410\" class=\"wp-caption-text\">\u00c1lvaro Uribe V\u00e9lez, el l\u00edder de la ultraderecha colombiana, principal impulsor del narcoparamilitarismo y responsable pol\u00edtico de los eufem\u00edsticamente denominados \u201cfalsos positivos\u201d.<\/figcaption><\/figure>\n<p style=\"text-align: justify;\"><span style=\"font-size: 14pt;\">Cada vez que se ventila un episodio del genocidio en los tiempos de la eufem\u00edsticamente denominada\u00a0<em>\u201cSeguridad Democr\u00e1tica\u201d<\/em>, se reafirma la convicci\u00f3n de que el c\u00ednico expresidente era quien daba las \u00f3rdenes, ejecutadas, unas veces por los militares y otras por los paramilitares.<strong>\u00a0\u201cPido perd\u00f3n porque yo lo mand\u00e9 a matar por \u00f3rdenes del expresidente Uribe\u2026 Cuando el expresidente lo escuch\u00f3 protestando contra la propuesta del paramilitarismo en Sucre, me dijo que ten\u00eda que quitarlo del camino como fuera, que \u00e9l me sacaba del pa\u00eds si el asunto se calentaba, que los mismos muchachos (paramilitares h\u00e9roes de los Montes de Mar\u00eda) que ellos hac\u00edan el trabajo\u2026 Por mi error pido perd\u00f3n a los familiares del ex alcalde D\u00edaz\u201d<\/strong>\u00a0(confesi\u00f3n ante la JEP del exgobernador de Sucre, Salvador Arana sobre el asesinato del alcalde de El Roble, Eudaldo D\u00edaz) verdad ratificada por\u00a0<a href=\"https:\/\/larosaroja.org\/salvatore-mancuso-ante-la-jep-la-verdad-se-ha-dicho\/\">el criminal Salvatore Mancuso en su comparecencia\u00a0<em>\u201cUribe dio la orden y nosotros lo matamos\u201d<\/em><\/a>. Am\u00e9n, de los procesos penales que cursan en su contra por fraude procesal y soborno, asesinatos extrajudiciales, las masacres del Aro y La Granja, el asesinato del abogado y defensor de Derechos Humanos, Jes\u00fas Mar\u00eda Valle Jaramillo.<\/span><\/p>\n<p style=\"text-align: justify;\"><span style=\"font-size: 14pt;\">No hay menor duda, \u00c1lvaro Uribe dio la orden de integrar militares y paramilitares en un s\u00f3lo aparato de muerte:\u00a0<em>\u201cpara referirnos a los paramilitares dec\u00edamos que eran los primos, los ten\u00edamos a ellos como la sexta divisi\u00f3n del Ej\u00e9rcito, en ese entonces eran cinco divisiones\u201d<\/em>\u00a0(coronel Gabriel de Jes\u00fas Rinc\u00f3n amado).\u00a0<em>\u201cNosotros nos disfraz\u00e1bamos de paracos y ellos se disfrazaban de militares\u201d<\/em>\u00a0(sargento Iv\u00e1n Ochoa Blanco). El propio expresidente, se ufanaba ante las c\u00e1maras y los micr\u00f3fonos de\u00a0<em>Caracol<\/em>,\u00a0<em>RCN<\/em>\u00a0y otros medios a su servicio, de ser el comandante de militares y\u00a0<em>\u2018paracos\u2019:\u00a0<strong>\u201cpueden decirme lo que quieran, paramilitar o lo que quieran\u201d<\/strong><\/em><strong>,\u00a0<\/strong>afirmaba sin ning\u00fan reato. Cada vez que la verdad aflora, Uribe se consolida como el Presidente m\u00e1s criminal de nuestra historia, sobre su conciencia, si la tiene, pesar\u00e1n las vidas de centenares de miles de seres humanos inofensivos, masacrados por militares y\u00a0<em>\u2018paracos\u2019<\/em>\u00a0bajo su mando, por haber cometido el delito de ser inocentes.<strong>\u00a0\u00a1As\u00ed quedar\u00e1 registrado en la memoria hist\u00f3rica de nuestro pueblo!<\/strong><\/span><\/p>\n<p><span style=\"font-size: 18pt;\"><strong>Jos\u00e9 Arnulfo Bayona<br \/>\n<a href=\"http:\/\/El genocidio en los tiempos de Uribe\">La Rosa Roja<\/a>, 6-7-2023<\/strong><\/span><\/p>\n<p style=\"text-align: justify;\">\n","protected":false},"excerpt":{"rendered":"<p> Cada vez que la verdad aflora, Uribe se consolida como el presidente m\u00e1s criminal de nuestra historia, sobre su conciencia, si la tiene, pesar\u00e1n las vidas de centenares de miles de seres humanos inocentes masacrados por militares y paracos bajo su mando, por haber cometido el delito de ser inocentes. <\/p>\n","protected":false},"author":1299,"featured_media":54408,"comment_status":"open","ping_status":"open","sticky":false,"template":"","format":"standard","meta":{"_uf_show_specific_survey":0,"_uf_disable_surveys":false,"footnotes":""},"categories":[216,6],"tags":[14699,14145,2936,23770],"coauthors":[23771],"class_list":["post-54406","post","type-post","status-publish","format-standard","has-post-thumbnail","hentry","category-colombia","category-politique","tag-alvaro-uribe","tag-colombia-2","tag-crimenes-de-estado","tag-jose-arnulfo-bayona"],"translation":{"provider":"WPGlobus","version":"2.12.2","language":"fr","enabled_languages":["es","fr"],"languages":{"es":{"title":true,"content":true,"excerpt":true},"fr":{"title":false,"content":false,"excerpt":false}}},"_links":{"self":[{"href":"https:\/\/www.lapluma.net\/fr\/wp-json\/wp\/v2\/posts\/54406","targetHints":{"allow":["GET"]}}],"collection":[{"href":"https:\/\/www.lapluma.net\/fr\/wp-json\/wp\/v2\/posts"}],"about":[{"href":"https:\/\/www.lapluma.net\/fr\/wp-json\/wp\/v2\/types\/post"}],"author":[{"embeddable":true,"href":"https:\/\/www.lapluma.net\/fr\/wp-json\/wp\/v2\/users\/1299"}],"replies":[{"embeddable":true,"href":"https:\/\/www.lapluma.net\/fr\/wp-json\/wp\/v2\/comments?post=54406"}],"version-history":[{"count":6,"href":"https:\/\/www.lapluma.net\/fr\/wp-json\/wp\/v2\/posts\/54406\/revisions"}],"predecessor-version":[{"id":54428,"href":"https:\/\/www.lapluma.net\/fr\/wp-json\/wp\/v2\/posts\/54406\/revisions\/54428"}],"wp:featuredmedia":[{"embeddable":true,"href":"https:\/\/www.lapluma.net\/fr\/wp-json\/wp\/v2\/media\/54408"}],"wp:attachment":[{"href":"https:\/\/www.lapluma.net\/fr\/wp-json\/wp\/v2\/media?parent=54406"}],"wp:term":[{"taxonomy":"category","embeddable":true,"href":"https:\/\/www.lapluma.net\/fr\/wp-json\/wp\/v2\/categories?post=54406"},{"taxonomy":"post_tag","embeddable":true,"href":"https:\/\/www.lapluma.net\/fr\/wp-json\/wp\/v2\/tags?post=54406"},{"taxonomy":"author","embeddable":true,"href":"https:\/\/www.lapluma.net\/fr\/wp-json\/wp\/v2\/coauthors?post=54406"}],"curies":[{"name":"wp","href":"https:\/\/api.w.org\/{rel}","templated":true}]}}