{"id":53791,"date":"2023-06-20T18:45:27","date_gmt":"2023-06-20T18:45:27","guid":{"rendered":"https:\/\/www.lapluma.net\/?p=53791"},"modified":"2023-06-20T18:57:00","modified_gmt":"2023-06-20T18:57:00","slug":"borrando-el-pasado-nublando-el-presente-aguilas-y-palomas-en-nuestro-gallinero-uruguayo","status":"publish","type":"post","link":"https:\/\/www.lapluma.net\/fr\/2023\/06\/20\/borrando-el-pasado-nublando-el-presente-aguilas-y-palomas-en-nuestro-gallinero-uruguayo\/","title":{"rendered":"Borrando el pasado, nublando el presente: \u00e1guilas y palomas en nuestro gallinero uruguayo"},"content":{"rendered":"<p style=\"text-align: justify;\"><span style=\"font-size: 14pt;\"><em>Nota de Tlaxcala: Lacalle Pou dio marcha atr\u00e1s con el proyecto de transformaci\u00f3n del \u00e1guila nazi algunas horas despu\u00e9s de la escritura de este texto.<\/em><\/span><\/p>\n<p style=\"text-align: justify;\"><span style=\"font-size: 14pt;\"><em>Nuestro inefable presidente, Luis Lacalle Pou, cual demiurgo temporal, tras decisiones gubernamentales que configuran el incognoscible futuro de nuestro pa\u00eds, concedi\u00f3 a una empresa transnacional belga [Katoen Natie, propiedad del multimillonario y pol\u00edtico \u201cliberal\u201d Fernand Huts] 60 a\u00f1os de administraci\u00f3n del puerto de Montevideo \u2013con lo cual su firma tiende a embretar las de los pr\u00f3ximos doce presidentes\u2013. Ahora ha decidido tambi\u00e9n por s\u00ed y ante s\u00ed, modificar el pasado. <\/em><\/span><\/p>\n<p style=\"text-align: justify;\"><span style=\"font-size: 14pt;\"><em>Por supuesto que, como siempre, con las mejores intenciones y en aras de los m\u00e1s altos objetivos. Invocando la paz, no para concretarla pero s\u00ed para reverenciarla.<\/em><\/span><\/p>\n<p style=\"text-align: justify;\"><span style=\"font-size: 14pt;\">Lacalle Pou, decide que la enorme escultura en bronce del \u00e1guila \u201cguerrera\u201d \u2013emblema nazi\u2013 con su gigantesca esv\u00e1stica, que fuera extra\u00edda de los restos del acorazado <em>Admiral Graf Spee<\/em>, hundido en aguas territoriales uruguayas, cerca de la costa montevideana, sea fundida y trasmutada en paloma de la paz (para lo cual, cuenta finalmente con la aquiescencia de tal vez el escultor estrella vivo de mayor renombre en nuestro pa\u00eds, Pablo Atachugarry).<\/span><\/p>\n<p><img loading=\"lazy\" decoding=\"async\" class=\"aligncenter wp-image-53793\" src=\"https:\/\/www.lapluma.net\/wp-content\/uploads\/2023\/06\/Graf-Spee-Aquila-e1687278719328-300x169.jpg\" alt=\"\" width=\"600\" height=\"338\" srcset=\"https:\/\/www.lapluma.net\/wp-content\/uploads\/2023\/06\/Graf-Spee-Aquila-e1687278719328-300x169.jpg 300w, https:\/\/www.lapluma.net\/wp-content\/uploads\/2023\/06\/Graf-Spee-Aquila-e1687278719328.jpg 600w\" sizes=\"auto, (max-width: 600px) 100vw, 600px\" \/><\/p>\n<p style=\"text-align: justify;\"><span style=\"font-size: 14pt;\">Enfrentando o mejor dicho, ignorando el significado hist\u00f3rico que podr\u00eda tener rescatar todos los restos del Graf Spee, incluyendo el \u00e1guila en bronce, nuestro presidente opta por la apuesta ideol\u00f3gica y militante: desconocer el pasado, bas\u00e1ndose en un planteo que sabe caro a todos los poderes m\u00e1s o menos satisfechos del presente. Porque ya sabemos que todo poder establecido se convierte en defensor nato y neto de la paz: la paz es lo que asegura lo conseguido, lo establecido. En este aspecto, no figura si lo que se ha obtenido es justo o no; es lo que se ha obtenido.<\/span><\/p>\n<p style=\"text-align: justify;\"><span style=\"font-size: 14pt;\">Tal lo acontecido, hist\u00f3ricamente, con la pax romana, la pax britannica. Y es de ese mismo modo, que la dirigencia de EE.UU. ha invocado durante d\u00e9cadas \u201csu\u201d pax americana.<\/span><\/p>\n<p style=\"text-align: justify;\"><span style=\"font-size: 14pt;\">La decisi\u00f3n presidencial nos lleva directamente a George Orwell y su visi\u00f3n de los reconstructores del pasado. Ingsoc, el pesadillesco estado omnipresente de <em>1984, <\/em>ten\u00eda su Dpto. de Actualizaci\u00f3n Hist\u00f3rica, que refrescaba la memoria de acuerdo con una geoestrategia imperial siempre presente. Y si ayer hab\u00eda servido tener un pasado condenando un acontecimiento, hoy la coyuntura pod\u00eda necesitar borrar ese pasado condenatorio y tener, por ejemplo, uno nuevo que glorifique otro punto de vista, de pronto opuesto al anterior. Porque lo que importa no era reconocer la veracidad de lo acontecido sino ajustarse a las necesidades de la coyuntura presente. Y para Luis Lacalle Pou, \u00bfhay algo m\u00e1s importante que santificar el credo geopol\u00edtico actual? \u00bfCu\u00e1l es? La paz, ya todo el mundo lo sabe, al menos desde que \u201clos rusos invadieran\u201d.<\/span><\/p>\n<p style=\"text-align: justify;\"><span style=\"font-size: 14pt;\">Repasemos la historia inmediata: \u00bfel mundo occidental defiende otra cosa? \u00bfQu\u00e9 fue sino defender la paz arrasar Irak y asesinar a su l\u00edder, frustrando la formaci\u00f3n de una bolsa de monedas para el negocio transnacional del petr\u00f3leo arrebat\u00e1ndole al d\u00f3lar su monopolio? \u00bfO invadir Libia y asesinar a su vez a otro l\u00edder empecinado en forjar una moneda panafricana que claramente desafiaba el \u00e1rea d\u00f3lar? \u00bfAcaso EE. UU. ha defendido otra cosa que la paz al invadir Panam\u00e1 para cortar de ra\u00edz el populismo de un ex lugarteniente suyo?<\/span><\/p>\n<p style=\"text-align: justify;\"><span style=\"font-size: 14pt;\">Y cuando el eje EE.UU. y su chirolita UE inicia su pol\u00edtica de incorporaci\u00f3n de Ucrania \u2013valios\u00edsimo granero de Europa\u2013 al \u201cmundo occidental\u201d, angostando un poco m\u00e1s el \u201ccerco sanitario\u201d establecido a la Rusia exsovi\u00e9tica, y Putin reclama un derecho de \u201cautodefensa\u201d al estilo del esgrimido por EE.UU. para sus tantas incursiones (las nombradas o Hait\u00ed, Granada, Colombia, Rep\u00fablica Dominicana, Siria e incontables etc\u00e9teras), la l\u00f3gica institucional que caracteriza a la mayor\u00eda de las representaciones nacionales de la ONU, soslaya semejante demanda y Putin, con torpeza, invade Ucrania, carente del experimentado oficio interventor que caracteriza a EE.UU. en sus frecuentes incursiones internacionales.<\/span><\/p>\n<p style=\"text-align: justify;\"><span style=\"font-size: 14pt;\">Y esta invasi\u00f3n, rusa, s\u00ed, puede ser duramente criticada.<\/span><\/p>\n<p style=\"text-align: justify;\"><span style=\"font-size: 14pt;\">La decisi\u00f3n presidencial ha recogido el benepl\u00e1cito de quienes albergan sin duda la misma noci\u00f3n de omnipotencia que ha caracterizado al presidente con su nueva alquimia. Como siguiendo las leyes del perro de Pavlov, \u201c<em>Roby Schindler, presidente del Comit\u00e9 Central Israelita del Uruguay, dijo que para \u00e9l es una \u2019idea maravillosa\u2019 y una \u2018muy buena noticia\u2019 la metamorfosis del s\u00edmbolo nazi.\u00a0 \u2018Es un elemento de odio y de guerra que se transforma en un elemento de paz\u2019<\/em>.<a href=\"https:\/\/tlaxcala-int.blogspot.com\/2023\/06\/luis-e-sabini-fernandez-borrando-el.html#_ftn1\" name=\"_ftnref1\">[1]<\/a> \u00a0<\/span><\/p>\n<p style=\"text-align: justify;\"><span style=\"font-size: 14pt;\">Pero afortunadamente el \u00fakase presidencial ha encontrado tambi\u00e9n reparos en el pa\u00eds: lo cual es muy reconfortante. \u00a0<\/span><\/p>\n<p style=\"text-align: justify;\"><span style=\"font-size: 14pt;\">Claudio Invernizzi, por ejemplo, precis\u00f3: \u201c<em>Es un disparate. Esa \u00e1guila, tan brutal y amenazante, es una se\u00f1al hist\u00f3rica de la barbarie a la que es capaz de llegar la especie. Transformar un p\u00e1jaro no transforma a la humanidad, la disimula. Y borrar la simbolog\u00eda del horror, alienta al horror.<\/em> <em>\u00c1guila fue. Que \u00e1guila quede.<\/em>\u201d <a href=\"https:\/\/tlaxcala-int.blogspot.com\/2023\/06\/luis-e-sabini-fernandez-borrando-el.html#_ftn2\" name=\"_ftnref2\">[2]<\/a><\/span><\/p>\n<p style=\"text-align: justify;\"><span style=\"font-size: 14pt;\">Y si la primera parte de su planteo es valioso y n\u00edtido, su segundo momento es todav\u00eda m\u00e1s sabio porque revela no s\u00f3lo la inanidad del proyecto sino su misma toxicidad. Si borramos un horror, estamos alentando a repetirlo. Se nos incapacita para generar la resistencia.<\/span><\/p>\n<p style=\"text-align: justify;\"><span style=\"font-size: 14pt;\">De ese modo, estaremos m\u00e1s d\u00e9biles para rechazarlo al presentarse. Porque no lo har\u00e1 con las consabidas ropas del pasado: la nueva intolerancia, no se vestir\u00e1 de Tercer Reich, obviamente.<a href=\"https:\/\/tlaxcala-int.blogspot.com\/2023\/06\/luis-e-sabini-fernandez-borrando-el.html#_ftn3\" name=\"_ftnref3\">[3]<\/a><\/span><\/p>\n<p style=\"text-align: justify;\"><span style=\"font-size: 14pt;\">Ya sabemos cu\u00e1n cargados estamos al d\u00eda de hoy de cancelaciones. Y \u00e9sas no recaen sobre los casi inexistentes nazis, por cierto.<\/span><\/p>\n<h2 style=\"text-align: justify;\"><span style=\"font-size: 18pt;\">Notas\u00a0<\/span><\/h2>\n<p style=\"text-align: justify;\"><span style=\"font-size: 14pt;\">[1]\u00a0 Declaraciones recogidas por <strong><a href=\"https:\/\/www.perfil.com\/noticias\/noticias\/la-polemica-por-la-transformacion-del-aguila-del-graf-spee.phtml\">Perfil<\/a><\/strong>, Bs. As., 17 jun 2023 <\/span><\/p>\n<p style=\"text-align: justify;\"><span style=\"font-size: 14pt;\">[2]\u00a0 Ib\u00edd. <\/span><\/p>\n<p style=\"text-align: justify;\"><span style=\"font-size: 14pt;\">[3]\u00a0 Tenemos un ejemplo patente y pat\u00e9tico al otro lado del r\u00edo: Javier Milei se presenta como libertario y postula una serie de medidas draconianas, carentes de toda liberalidad; usar \u201cmodelo motosierra\u201d para reducir gastos del estado, dolarizar la moneda nacional y ejemplifica como medida para \u201cliberar\u201d, instaurar un mercado de venta libre de \u00f3rganos. Como en su momento Behring-Breivik, es un rendido admirador del modelo israel\u00ed.<\/span><\/p>\n<p style=\"text-align: justify;\"><strong><span style=\"font-size: 18pt;\">Luis Ernesto Sabini Fern\u00e1ndez para La Pluma, 18 de junio de 2023<\/span><\/strong><\/p>\n<p><strong><span style=\"font-size: 18pt;\">Editado por <\/span><\/strong><a href=\"https:\/\/drive.google.com\/file\/d\/1gsyqlAzJ3-AzJC7spjonwFSSRs8Qw6FM\/view?usp=sharing\"><strong><span style=\"font-size: 18pt;\">Fausto Giudice<\/span><\/strong><\/a><\/p>\n","protected":false},"excerpt":{"rendered":"<p>Tal lo acontecido, hist\u00f3ricamente, con la pax romana, la pax britannica. Y es de ese mismo modo, que la dirigencia de EE.UU. ha invocado durante d\u00e9cadas \u201csu\u201d pax americana&#8230; Y para Luis Lacalle Pou, \u00bfhay algo m\u00e1s importante que santificar el credo geopol\u00edtico actual? \u00bfCu\u00e1l es? La paz, ya todo el mundo lo sabe, al menos desde que \u201clos rusos invadieran\u201d.<\/p>\n","protected":false},"author":12,"featured_media":53795,"comment_status":"open","ping_status":"open","sticky":false,"template":"","format":"standard","meta":{"_uf_show_specific_survey":0,"_uf_disable_surveys":false,"footnotes":""},"categories":[217],"tags":[23664,8414,120,23665,699],"coauthors":[215],"class_list":["post-53791","post","type-post","status-publish","format-standard","has-post-thumbnail","hentry","category-abya-yala","tag-admiral-graf-spee","tag-lacalle-pou","tag-luis-ernesto-sabini-fernandez","tag-puerto-montevideo","tag-uruguay"],"translation":{"provider":"WPGlobus","version":"2.12.2","language":"fr","enabled_languages":["es","fr"],"languages":{"es":{"title":true,"content":true,"excerpt":true},"fr":{"title":false,"content":false,"excerpt":false}}},"_links":{"self":[{"href":"https:\/\/www.lapluma.net\/fr\/wp-json\/wp\/v2\/posts\/53791","targetHints":{"allow":["GET"]}}],"collection":[{"href":"https:\/\/www.lapluma.net\/fr\/wp-json\/wp\/v2\/posts"}],"about":[{"href":"https:\/\/www.lapluma.net\/fr\/wp-json\/wp\/v2\/types\/post"}],"author":[{"embeddable":true,"href":"https:\/\/www.lapluma.net\/fr\/wp-json\/wp\/v2\/users\/12"}],"replies":[{"embeddable":true,"href":"https:\/\/www.lapluma.net\/fr\/wp-json\/wp\/v2\/comments?post=53791"}],"version-history":[{"count":5,"href":"https:\/\/www.lapluma.net\/fr\/wp-json\/wp\/v2\/posts\/53791\/revisions"}],"predecessor-version":[{"id":53834,"href":"https:\/\/www.lapluma.net\/fr\/wp-json\/wp\/v2\/posts\/53791\/revisions\/53834"}],"wp:featuredmedia":[{"embeddable":true,"href":"https:\/\/www.lapluma.net\/fr\/wp-json\/wp\/v2\/media\/53795"}],"wp:attachment":[{"href":"https:\/\/www.lapluma.net\/fr\/wp-json\/wp\/v2\/media?parent=53791"}],"wp:term":[{"taxonomy":"category","embeddable":true,"href":"https:\/\/www.lapluma.net\/fr\/wp-json\/wp\/v2\/categories?post=53791"},{"taxonomy":"post_tag","embeddable":true,"href":"https:\/\/www.lapluma.net\/fr\/wp-json\/wp\/v2\/tags?post=53791"},{"taxonomy":"author","embeddable":true,"href":"https:\/\/www.lapluma.net\/fr\/wp-json\/wp\/v2\/coauthors?post=53791"}],"curies":[{"name":"wp","href":"https:\/\/api.w.org\/{rel}","templated":true}]}}