{"id":5362,"date":"2019-01-15T23:29:38","date_gmt":"2019-01-15T23:29:38","guid":{"rendered":"http:\/\/www.lapluma.net\/?p=5362"},"modified":"2019-01-15T23:59:37","modified_gmt":"2019-01-15T23:59:37","slug":"colombia-el-sainete-nacional","status":"publish","type":"post","link":"https:\/\/www.lapluma.net\/fr\/2019\/01\/15\/colombia-el-sainete-nacional\/","title":{"rendered":"Colombia: El sainete nacional"},"content":{"rendered":"<p style=\"text-align: justify;\"><span style=\"font-size: 12pt;\"><img loading=\"lazy\" decoding=\"async\" class=\"wp-image-1162 alignleft\" src=\"http:\/\/www.lapluma.net\/wp-content\/uploads\/2018\/10\/reinaldo-spitalettaBis.jpg\" alt=\"\" width=\"84\" height=\"101\" \/>Volvemos a Shakespeare, porque lo necesitamos. Porque es gu\u00eda. Porque, como dijo Harold Bloom, es, en s\u00ed mismo, un canon. El canon. Y m\u00e1s cuando habitamos un pa\u00eds como Colombia, con unos pol\u00edticos carcomidos por la vulgaridad, el crimen, la corrupci\u00f3n, las ansias infinitas de poder a toda costa. Una vulgaridad en el tratamiento con la gente, con los trabajadores, con los sin tierra. A quienes se les persigue y mata. El bandidaje unido a las triqui\u00f1uelas del poder.<\/span><\/p>\n<p style=\"text-align: center;\"><img loading=\"lazy\" decoding=\"async\" class=\"aligncenter\" src=\"https:\/\/pics.librarything.com\/picsizes\/f6\/d9\/f6d9fdb6c4dbef76367696c41514330414f6744.jpg\" alt=\"Author photo. Wikipedia\" width=\"284\" height=\"369\" name=\"picture\" border=\"0\" \/><strong>William Shakespeare<\/strong><\/p>\n<p style=\"text-align: justify;\"><span style=\"font-size: 12pt;\">S\u00ed, sobre el poder \u2014c\u00f3mo dilucidarlo, c\u00f3mo cuestionarlo\u2014 es que necesitamos a Shakespeare cada vez m\u00e1s. Aunque otro pudiera decir que tambi\u00e9n nos puede iluminar Erasmo de Rotterdam, aquel mismo se\u00f1or, fil\u00f3logo, fil\u00f3sofo, te\u00f3logo y humanista que dijo que \u201cla paz m\u00e1s desventajosa es mejor que la guerra m\u00e1s justa\u201d.<\/span><\/p>\n<p><img loading=\"lazy\" decoding=\"async\" class=\"transparent aligncenter\" src=\"https:\/\/i.pinimg.com\/originals\/f5\/b5\/a4\/f5b5a422604b2f24cd1998e2743f4aae.png\" alt=\"https:\/\/i.pinimg.com\/originals\/f5\/b5\/a4\/f5b5a422604b2f24cd1998e2743f4aae.png\" width=\"576\" height=\"396\" \/><\/p>\n<p style=\"text-align: justify;\"><span style=\"font-size: 12pt;\">En Colombia, el poderoso que ha cometido, aparte de sus patra\u00f1as arribistas, diversas violaciones a la ley, que ha manipulado, enga\u00f1ado, estafado, vendido la \u201cpatria\u201d, en fin, no abdica. No renuncia. Se afianza. Como dec\u00edan las se\u00f1oras en la tienda: \u201cAqu\u00ed los delincuentes caen de para arriba\u201d. Y \u2014casos abundan\u2014 tras su trayectoria criminal-delictiva-corrupta, se santifican. Les titila la aureola. Y hay que prenderles velitas. Y hacer campa\u00f1as y novenarios para la beatificaci\u00f3n.<\/span><\/p>\n<p style=\"text-align: justify;\"><span style=\"font-size: 12pt;\"><em>Otelo<\/em>, volviendo al bardo de Stratford-upon-Avon, nos puede servir para saber que estamos repletos de yagos*, de tipos sin principios morales, que aman el poder, que es, como bien lo supo el poeta, ser amantes de la maldad. Taimados e insidiosos, recorren los pasillos de las casas de gobierno, de los congresos, de los bancos, de las catedrales&#8230; Ant\u00edgona, en la tragedia de S\u00f3focles, ya lo ten\u00eda claro. Es imposible saber sobre el alma, los pensamientos y sentimientos de un hombre si no se le ha visto en el ejercicio del poder.<\/span><\/p>\n<p style=\"text-align: center;\"><img decoding=\"async\" class=\"img-responsive img-responsive-to-center margin-top aligncenter\" title=\"Otelo, el moro de Venecia. William Shakespeare. Circulo de lectores, 1\u00aa edici\u00f3n, 1965 - Foto 1\" src=\"https:\/\/cloud10.todocoleccion.online\/libros-segunda-mano-teatro\/tc\/2014\/11\/26\/19\/46452213.jpg\" alt=\"Libros de segunda mano: Otelo, el moro de Venecia. William Shakespeare. Circulo de lectores, 1\u00aa edici\u00f3n, 1965 - Foto 1 - 46452213\" \/><strong>Tragedia Otelo, el moro de Venecia. William Shakespeare. Obra teatral escritaalrededor de 1603<\/strong><\/p>\n<p style=\"text-align: justify;\"><span style=\"font-size: 12pt;\">Cuando m\u00e1s \u201cmaldadosos\u201d son los poderosos, m\u00e1s ascienden. Y m\u00e1s se afianzan en su trono. \u00bfQui\u00e9n es m\u00e1s tirano, Ricardo III o Coriolano, Macbeth o Julio C\u00e9sar, Enrique IV o Enrique V? Y el rol del asesinato, del uso de las astucias y conspiraciones para despu\u00e9s dar el \u201cfierrazo\u201d* final, es una constante del poder pol\u00edtico y el genio ingl\u00e9s bien lo desarrolla en muchas de sus tragedias y comedias.<\/span><\/p>\n<p style=\"text-align: justify;\"><span style=\"font-size: 12pt;\">\u00bfY s\u00ed ser\u00e1 \u00fatil volver a Shakespeare en medio de las bajezas del poder en Colombia, de las ret\u00edculas que unen a magnates con otros manipuladores? \u00bfS\u00ed nos podr\u00e1 aclarar todo un engranaje de perversiones, de estragos contra el erario, de desajustes en contra de los m\u00e1s necesitados, de los que son v\u00edctimas de una tragedia que, por repetida, se ha vuelto una bufonada? No s\u00e9. Pero se puede intentar, al menos como un ejercicio mental que puede dar luces sobre lo m\u00e1s oscuro del hombre.<\/span><\/p>\n<p style=\"text-align: justify;\"><span style=\"font-size: 12pt;\">De otra manera, puede ser m\u00e1s bien que el gran \u201cinventor de lo humano\u201d, de haber conocido a todos los malhechores de cuello blanco que han trascendido en estos lares t\u00f3rridos, desde presidentes, ministros, fiscales, procuradores y otras larvas, de seguro se hubiera dedicado a contar chistes o a hacer <em>stand-up comedy*<\/em>.<\/span><\/p>\n<p style=\"text-align: justify;\"><span style=\"font-size: 12pt;\">A qu\u00e9 g\u00e9nero \u2014\u00bftragedia, comedia, entrem\u00e9s, sainete? \u2014 corresponde el hecho de una numerosa y fogosa marcha nocturna con linternas que exig\u00eda la renuncia de un fiscal general, calificado de \u201champ\u00f3n\u201d por uno de los m\u00e1s destacados periodistas investigadores colombianos, que algunos noticiarios ignoraron, otros la calificaron de \u201cl\u00e1nguida\u201d, y uno apenas s\u00ed le dio la dimensi\u00f3n real que tuvo. \u00bfLa prensa como farsa?<\/span><\/p>\n<p><img loading=\"lazy\" decoding=\"async\" class=\"aligncenter\" src=\"https:\/\/www.elespectador.com\/sites\/default\/files\/tumerque.png\" alt=\"\" width=\"660\" height=\"440\" \/><\/p>\n<div class=\"group-caption field-group-div caption\" style=\"text-align: justify;\"><strong><span class=\"description\">Mientras en Colombia se armaba un movimiento social que reclama la renuncia del fiscal general, N\u00e9stor Humberto Mart\u00ednez, que desemboc\u00f3 el viernes en un plant\u00f3n en Bogot\u00e1 y en una denuncia contra su elecci\u00f3n ante el Consejo de Estado, el funcionario andaba de vacaciones, lejos del ruido jur\u00eddico pol\u00edtico. Esta imagen de \u00e9l, tomando el sol junto a su esposa, hijos y nietos, fue captada el puente pasado en una playa de la isla caribe\u00f1a de Curazao. La fuente que nos mand\u00f3 la foto lo oy\u00f3 feliz de haber visto una serpiente marina mientras hac\u00eda esn\u00f3rquel en la zona de Blue Bay. <a href=\"https:\/\/www.elespectador.com\/noticias\/alto-turmeque\/alto-turmeque-articulo-833646\">El Espectador,<\/a> 12 de enero de 2018<br \/>\n<\/span><\/strong><\/div>\n<div><\/div>\n<p style=\"text-align: justify;\"><span style=\"font-size: 12pt;\">Despu\u00e9s de ver en <strong>El Espectador<\/strong> del pasado domingo la foto del fiscal, relajado, con sus carnes al sol en una playa de Curazao, en momentos en que en Colombia se armaba una movilizaci\u00f3n en su contra para exigir su renuncia, me pareci\u00f3 que hab\u00eda que buscar en las obras del eterno genio ingl\u00e9s alg\u00fan personaje que encajara en esta conjunci\u00f3n del cinismo y lo grotesco.<\/span><\/p>\n<p style=\"text-align: justify;\"><span style=\"font-size: 12pt;\">Las significativas marchas y plantones del viernes 11 de enero tambi\u00e9n contaron entre sus participantes a los empleados de la rama judicial. \u201cLa renuncia del fiscal general se hace impostergable debido a que la entidad que lidera se debe caracterizar por la imparcialidad, autonom\u00eda e independencia en los procesos que se surten para erradicar la delincuencia y la corrupci\u00f3n en el territorio nacional\u201d, se\u00f1alaron los de Asonal Judicial, seg\u00fan una cita del peri\u00f3dico <a href=\"https:\/\/www.elpais.com.co\/politica\/que-implicaciones-tendran-las-marchas-contra-el-fiscal-martinez.html\"><em>El Pa\u00eds<\/em><\/a>, de Cali.<\/span><\/p>\n<p style=\"text-align: justify;\"><span style=\"font-size: 12pt;\">Quiz\u00e1 apenas el fiscal est\u00e9 en proceso de descararse la bronceada. A lo mejor se r\u00eda de su impopularidad y de las marchas. Y no renuncie. Como tampoco renunci\u00f3 Carrasquilla. Ni otros funcionarios que han sido demolidos por los hechos y los argumentos. Y han seguido ah\u00ed, burla burlando. No s\u00e9 cu\u00e1l pueda ser el personaje shakesperiano que haga juego con las actuaciones del fiscal general de la naci\u00f3n. Que Falstaff* nos ayude a re\u00edrnos del ordinario vodevil* nacional.<\/span><\/p>\n<p><span style=\"font-size: 12pt;\"><strong>Reinaldo Spitaletta para La Pluma, 15 de enero de 2019<\/strong><\/span><\/p>\n<p><strong><span style=\"font-size: 12pt;\">Editado por <\/span><a href=\"http:\/\/www.lapluma.net\/nosotros\/editora\/\"><span style=\"font-size: 12pt;\">Mar\u00eda Piedad Ossaba<\/span><\/a><\/strong><\/p>\n<p><span style=\"font-size: 12pt;\"><strong>N de la E<\/strong>:<\/span><\/p>\n<p style=\"text-align: justify;\"><span style=\"font-size: 12pt;\"><strong>*Yago<\/strong> es un personaje de la tragedia <em><a href=\"https:\/\/es.wikipedia.org\/wiki\/Otelo,_el_moro_de_Venecia\">Otelo, el moro de Venecia<\/a><\/em>, de <a href=\"https:\/\/es.wikipedia.org\/wiki\/William_Shakespeare\">William Shakespeare<\/a>. Servidor y confidente de Otelo, Yago odia al moro y envidia el amor que Desd\u00e9mona siente por \u00e9l; durante toda la obra trama un complejo plan para enga\u00f1ar a Otelo, haci\u00e9ndole creer que su mujer le es infiel con Casio, su lugarteniente, dando as\u00ed lugar al intenso drama pasional que motiva la obra. Siniestro por su duplicidad y su perseverancia, Yago es tan importante en el desarrollo de la obra como el mismo Otelo, de hecho sus parlamentos superan en longitud a los de \u00e9ste; con 1097 l\u00edneas, el suyo es el tercer texto m\u00e1s largo de los personajes shakespearianos, superado solo por Hamlet y Ricardo III.<\/span><\/p>\n<p style=\"text-align: justify;\"><span style=\"font-size: 12pt;\"><strong>*Fierrazo<\/strong>: Golpe fuerte e intencional, pu\u00f1alada, coloquial Am\u00e9rica Latina.<\/span><\/p>\n<p style=\"text-align: justify;\"><span style=\"font-size: 12pt;\"><strong>*stand-up comedy:<\/strong> comedia<\/span><\/p>\n<p style=\"text-align: justify;\"><span style=\"font-size: 12pt;\">*<b>John Falstaff<\/b> es un personaje de ficci\u00f3n creado por William Shakespeare. Su car\u00e1cter festivo, cobard\u00f3n, vanidoso y pendenciero ha sido inspiraci\u00f3n para multitud de obras posteriores en la literatura, la \u00f3pera y el cine. <\/span><\/p>\n<p style=\"text-align: justify;\"><span style=\"font-size: 12pt;\">El <strong>vodevil<\/strong> : del franc\u00e9s <em>vaudeville, <\/em>surge de la expresi\u00f3n en franc\u00e9s <em>voix de ville<\/em> (en castellano <em>voz del pueblo<\/em>) utilizada para identificar las baladas y c\u00e1nticos populares interpretados por los juglares en la Edad Media. Fue un g\u00e9nero de teatro de variedades que existi\u00f3 en los Estados Unidos principalmente entre los a\u00f1os 1880 y la d\u00e9cada de 1930. Se conoce tambi\u00e9n como vodevil a un tipo de comedia ligera que se desarroll\u00f3 en Francia a partir del siglo XVIII y que sol\u00eda intercalar n\u00fameros musicales<\/span><\/p>\n","protected":false},"excerpt":{"rendered":"<p>No s\u00e9 cu\u00e1l pueda ser el personaje shakesperiano que haga juego con las actuaciones del fiscal general de la naci\u00f3n. Que Falstaff nos ayude a re\u00edrnos del ordinario vodevil nacional.<\/p>\n","protected":false},"author":20,"featured_media":0,"comment_status":"open","ping_status":"open","sticky":false,"template":"","format":"standard","meta":{"_uf_show_specific_survey":0,"_uf_disable_surveys":false,"footnotes":""},"categories":[216],"tags":[28,2686,1126,2688,2690,2691,1619,2689,519,2687],"coauthors":[265],"class_list":["post-5362","post","type-post","status-publish","format-standard","hentry","category-colombia","tag-colombia","tag-bandidaje-poder","tag-burocracia-y-corrupcion","tag-erasmo-de-rotterdam","tag-marcha-de-las-linternas","tag-marchas-y-plantones","tag-nestor-humberto-martinez","tag-otelo-yagos","tag-reinaldo-spitaletta","tag-shakespeare"],"translation":{"provider":"WPGlobus","version":"2.12.2","language":"fr","enabled_languages":["es","fr"],"languages":{"es":{"title":true,"content":true,"excerpt":true},"fr":{"title":false,"content":false,"excerpt":false}}},"_links":{"self":[{"href":"https:\/\/www.lapluma.net\/fr\/wp-json\/wp\/v2\/posts\/5362","targetHints":{"allow":["GET"]}}],"collection":[{"href":"https:\/\/www.lapluma.net\/fr\/wp-json\/wp\/v2\/posts"}],"about":[{"href":"https:\/\/www.lapluma.net\/fr\/wp-json\/wp\/v2\/types\/post"}],"author":[{"embeddable":true,"href":"https:\/\/www.lapluma.net\/fr\/wp-json\/wp\/v2\/users\/20"}],"replies":[{"embeddable":true,"href":"https:\/\/www.lapluma.net\/fr\/wp-json\/wp\/v2\/comments?post=5362"}],"version-history":[{"count":5,"href":"https:\/\/www.lapluma.net\/fr\/wp-json\/wp\/v2\/posts\/5362\/revisions"}],"predecessor-version":[{"id":5368,"href":"https:\/\/www.lapluma.net\/fr\/wp-json\/wp\/v2\/posts\/5362\/revisions\/5368"}],"wp:attachment":[{"href":"https:\/\/www.lapluma.net\/fr\/wp-json\/wp\/v2\/media?parent=5362"}],"wp:term":[{"taxonomy":"category","embeddable":true,"href":"https:\/\/www.lapluma.net\/fr\/wp-json\/wp\/v2\/categories?post=5362"},{"taxonomy":"post_tag","embeddable":true,"href":"https:\/\/www.lapluma.net\/fr\/wp-json\/wp\/v2\/tags?post=5362"},{"taxonomy":"author","embeddable":true,"href":"https:\/\/www.lapluma.net\/fr\/wp-json\/wp\/v2\/coauthors?post=5362"}],"curies":[{"name":"wp","href":"https:\/\/api.w.org\/{rel}","templated":true}]}}