{"id":53491,"date":"2023-06-13T15:00:50","date_gmt":"2023-06-13T15:00:50","guid":{"rendered":"https:\/\/www.lapluma.net\/?p=53491"},"modified":"2023-06-14T06:22:02","modified_gmt":"2023-06-14T06:22:02","slug":"galapagos-entre-jaque-o-mate","status":"publish","type":"post","link":"https:\/\/www.lapluma.net\/fr\/2023\/06\/13\/galapagos-entre-jaque-o-mate\/","title":{"rendered":"Gal\u00e1pagos \u00bfentre jaque o mate?"},"content":{"rendered":"<p style=\"text-align: justify;\"><span style=\"font-size: 14pt;\">Las <a href=\"https:\/\/es.wikipedia.org\/wiki\/Islas_Gal%C3%A1pagos\">islas Gal\u00e1pagos<\/a> son famosas en todo el mundo. A\u00fan quienes no las han visitado conocen sobre su fauna y las asocian a <a href=\"https:\/\/es.wikipedia.org\/wiki\/Charles_Darwin\">Charles Darwin<\/a>, quien las visit\u00f3 en 1835 y realiz\u00f3 all\u00ed las investigaciones que le permitieron formular su teor\u00eda sobre el origen de las especies. No todos saben que pertenecen a la Rep\u00fablica del Ecuador, que fueron descubiertas por <a href=\"https:\/\/es.wikipedia.org\/wiki\/Tom%C3%A1s_de_Berlanga\">Tom\u00e1s de Berlanga<\/a> en 1535 y que fue Juan Jos\u00e9 Flores, el primer presidente en la historia republicana del pa\u00eds, quien tom\u00f3 posesi\u00f3n soberana de las islas el 12 de febrero de 1832.<\/span><\/p>\n<p><img loading=\"lazy\" decoding=\"async\" class=\"aligncenter wp-image-53493\" src=\"https:\/\/www.lapluma.net\/wp-content\/uploads\/2023\/06\/0001-Galapagos2-237x300.jpg\" alt=\"\" width=\"474\" height=\"600\" srcset=\"https:\/\/www.lapluma.net\/wp-content\/uploads\/2023\/06\/0001-Galapagos2-237x300.jpg 237w, https:\/\/www.lapluma.net\/wp-content\/uploads\/2023\/06\/0001-Galapagos2.jpg 480w\" sizes=\"auto, (max-width: 474px) 100vw, 474px\" \/><\/p>\n<p style=\"text-align: justify;\"><span style=\"font-size: 14pt;\">Las Gal\u00e1pagos comprenden 13 grandes islas, 9 medianas y m\u00e1s de 100 islotes. Desde la \u00e9poca colonial fueron usadas por piratas, cuya historia la rescata Sebasti\u00e1n Donoso Bustamante en su libro Piratas en Gal\u00e1pagos: 1680-1720. Algunos colonos que se establecieron en el siglo XVII se interesaron en la explotaci\u00f3n de grasas y aceites. Entre mitos y exotismos, las islas siguieron aisladas. Pero desde Darwin, la presencia inglesa marc\u00f3 sus nombres, pues cada isla tuvo alguno que se conserv\u00f3 largamente (Albemarle, Narborough, Indefatigable, James, etc.), hasta que se impusieron las denominaciones nacionales (Isabela, Fernandina, Santa Cruz, San Salvador, etc.). A comienzos del siglo XX el colono Manuel Juli\u00e1n Cobos, considerado el \u201cemperador\u201d en Gal\u00e1pagos, estableci\u00f3 un ingenio azucarero. Tambi\u00e9n existi\u00f3 una colonia penal. Hoy el Archipi\u00e9lago constituye una provincia, con administraci\u00f3n especial, crecida poblaci\u00f3n y cuya base econ\u00f3mica es el turismo, que el Estado ha procurado controlar. La Unesco declar\u00f3 a las islas como Patrimonio Natural de la Humanidad (1979), aunque tiene altos riesgos medioambientales.<\/span><\/p>\n<p style=\"text-align: justify;\"><span style=\"font-size: 14pt;\">Las alejadas islas Gal\u00e1pagos y su casi nula significaci\u00f3n econ\u00f3mica para los gobiernos del Ecuador en el siglo XIX, hicieron pensar en la posibilidad de arrendarlas e incluso venderlas. Tambi\u00e9n fue acusado de esa posici\u00f3n el caudillo liberal-radical <a href=\"https:\/\/es.wikipedia.org\/wiki\/Eloy_Alfaro\">Eloy Alfaro<\/a>. Pero \u00e9l mismo relata, en <em>Historia del Ferrocarril del Sur<\/em>, que en 1895, todav\u00eda como Jefe Supremo, recibi\u00f3 la propuesta de cinco millones de libras esterlinas por el Archipi\u00e9lago, que rechaz\u00f3; que en 1898 le ofrecieron 300 millones de francos por las mismas islas y que tambi\u00e9n lo rechaz\u00f3; que, adem\u00e1s, dio un informe reservado sobre ello al Congreso, que sirvi\u00f3 para acallar a los conspiradores que, sin embargo, continuaron oponi\u00e9ndose al ferrocarril; y que nuevamente volvi\u00f3 a recibir ofertas sobre las Gal\u00e1pagos a fines de su segunda administraci\u00f3n. En Consejo de Ministros se resolvi\u00f3 consultar en cada provincia la opini\u00f3n de los <em>\u201cvecinos principales\u201d <\/em>y Alfaro pas\u00f3 una circular a los gobernadores, en la que pidi\u00f3: <em>\u201cMi deseo ser\u00eda, si fuera posible, o\u00edr la opini\u00f3n de todos los ecuatorianos, \u00e1 fin de proceder con el dictamen y acuerdo de las mayor\u00edas, sin exceptuar \u00e1 ning\u00fan partido pol\u00edtico, para consultarles sobre el arrendamiento de las islas\u201d. <\/em>Esa circular, dice Alfaro, incendi\u00f3 a los confabuladores, azuzados por la prensa de oposici\u00f3n. Sin embargo, Alfaro cort\u00f3 todas las reacciones, aclarando que la supuesta negociaci\u00f3n no se realizar\u00eda.<em> \u201cCon esta contestaci\u00f3n de mi parte, se desatendi\u00f3 el Gobierno en el asunto arrendamiento; pero no as\u00ed los opositores que siguieron propalando rumores falsos que favorecieran sus planes proditorios\u201d<\/em>.<\/span><\/p>\n<p><img loading=\"lazy\" decoding=\"async\" class=\"aligncenter wp-image-53494\" src=\"https:\/\/www.lapluma.net\/wp-content\/uploads\/2023\/06\/0001-galapagos-ecuador-300x154.png\" alt=\"\" width=\"600\" height=\"307\" srcset=\"https:\/\/www.lapluma.net\/wp-content\/uploads\/2023\/06\/0001-galapagos-ecuador-300x154.png 300w, https:\/\/www.lapluma.net\/wp-content\/uploads\/2023\/06\/0001-galapagos-ecuador.png 740w\" sizes=\"auto, (max-width: 600px) 100vw, 600px\" \/><\/p>\n<p style=\"text-align: justify;\"><span style=\"font-size: 14pt;\">El Archipi\u00e9lago, que siempre despert\u00f3 el inter\u00e9s de Gran Breta\u00f1a y Francia, tambi\u00e9n estuvo en la mira de los Estados Unidos. En 1883 el Senado las consider\u00f3 \u201ctierra de nadie\u201d; tras la construcci\u00f3n del Canal de Panam\u00e1 fueron vistas como islas estrat\u00e9gicas para defenderlo; durante la Primera Guerra Mundial tambi\u00e9n fueron consideradas; en 1935 se pretendi\u00f3 la \u201cinternacionalizaci\u00f3n\u201d de las islas bajo orientaci\u00f3n monro\u00edsta; pero fue durante la Segunda Guerra Mundial cuando manu militari los EE.UU. establecieron una enorme base en la isla Baltra, qued\u00e1ndose all\u00ed hasta 1948, aunque hubo, de por medio, un acuerdo reservado con el gobierno de Carlos Arroyo del R\u00edo; y durante la larga \u00e9poca de la Guerra Fr\u00eda, bajo la ideolog\u00eda del americanismo, las Gal\u00e1pagos fueron, sin duda, una regi\u00f3n geoestrat\u00e9gica para la posible defensa de la costa sudamericana del Pac\u00edfico.<\/span><\/p>\n<p style=\"text-align: justify;\"><span style=\"font-size: 14pt;\">En tiempos contempor\u00e1neos ya no solo pesan los intereses geoestrat\u00e9gicos, sino el esp\u00edritu de los buenos negocios. La pesca ilegal, que pone en riesgo a Gal\u00e1pagos como patrimonio universal, resulta incontenible. El turismo, cada vez masivo, tambi\u00e9n tiene riesgos. Y, sin duda, el inter\u00e9s por explotar recursos o extender infraestructuras y construcciones. Es un tema complejo, que requiere de la decisiva imposici\u00f3n de pol\u00edticas de Estado. Pero el asunto no funciona como el ideal busca. Durante el gobierno de Len\u00edn Moreno (2017-2021) se denunci\u00f3 la posibilidad de convertir nuevamente al Archipi\u00e9lago en una base de acceso militar para los EE.UU., <a href=\"https:\/\/bit.ly\/2KrfCMJ\">algo que no se aclar\u00f3 totalmente<\/a>. Su sucesor, Guillermo Lasso, expidi\u00f3 el 9 de mayo (2023) el Decreto 735 con cuatro p\u00e1ginas de \u201cConsiderandos\u201d, en los cuales se argumenta y justifica, que \u201cse contempla el establecimiento de la corporaci\u00f3n sin fines de lucro \u2018GALAPAGOS LIFE FUND\u2019 (GLF), cuyo objeto es promover el mantenimiento, crecimiento y seguridad del capital natural de las Islas Gal\u00e1pagos y sus ecosistemas marinos mediante la concesi\u00f3n de subvenciones o la financiaci\u00f3n de proyectos de organizaciones, agencias gubernamentales y otras entidades para proyectos medioambientales y de desarrollo sostenible pertinentes, teniendo en cuenta cuestiones de biodiversidad, sociales, econ\u00f3micas, de sostenibilidad y de cambio clim\u00e1tico y pignorando activos para garantizar pr\u00e9stamos y otras obligaciones en apoyo de dicho prop\u00f3sito, en cumplimiento del marco normativo nacional\u201d. Se crea un Directorio, en el que participan 4 Ministerios y el Consejo de Gobierno de Gal\u00e1pagos, que decidir\u00e1 sobre el uso de los \u201cFondos de Cooperaci\u00f3n\u201d.<\/span><\/p>\n<figure id=\"attachment_52713\" aria-describedby=\"caption-attachment-52713\" style=\"width: 600px\" class=\"wp-caption aligncenter\"><img loading=\"lazy\" decoding=\"async\" class=\"wp-image-52713\" src=\"https:\/\/www.lapluma.net\/wp-content\/uploads\/2023\/05\/G-Lasso2-por-Vilmatraca-300x200.jpg\" alt=\"\" width=\"600\" height=\"399\" srcset=\"https:\/\/www.lapluma.net\/wp-content\/uploads\/2023\/05\/G-Lasso2-por-Vilmatraca-300x200.jpg 300w, https:\/\/www.lapluma.net\/wp-content\/uploads\/2023\/05\/G-Lasso2-por-Vilmatraca-1024x682.jpg 1024w, https:\/\/www.lapluma.net\/wp-content\/uploads\/2023\/05\/G-Lasso2-por-Vilmatraca-768x511.jpg 768w, https:\/\/www.lapluma.net\/wp-content\/uploads\/2023\/05\/G-Lasso2-por-Vilmatraca-435x290.jpg 435w, https:\/\/www.lapluma.net\/wp-content\/uploads\/2023\/05\/G-Lasso2-por-Vilmatraca-150x100.jpg 150w, https:\/\/www.lapluma.net\/wp-content\/uploads\/2023\/05\/G-Lasso2-por-Vilmatraca-370x247.jpg 370w, https:\/\/www.lapluma.net\/wp-content\/uploads\/2023\/05\/G-Lasso2-por-Vilmatraca.jpg 1202w\" sizes=\"auto, (max-width: 600px) 100vw, 600px\" \/><figcaption id=\"caption-attachment-52713\" class=\"wp-caption-text\"><span style=\"font-size: 12pt;\">El banquero presidente Lasso visto por Vilmatraca.<\/span><\/figcaption><\/figure>\n<p style=\"text-align: justify;\"><span style=\"font-size: 14pt;\">Pero ha sido <a href=\"https:\/\/jacobin.com\/2023\/06\/ecuador-blue-bond-deal-galapagos-debt-sustainability-conservation\">el blog <em>Jacobin<\/em>, el que ha puesto una alerta al Ecuador y al mundo<\/a>. De acuerdo con el art\u00edculo de Justin Villamil, <a href=\"https:\/\/www.latindadd.org\/2023\/05\/25\/canje-de-galapagos-un-legado-ignominioso1\/\">Ecuador reduce la deuda en m\u00e1s de mil millones de d\u00f3lares<\/a>\u00a0 y proporciona alrededor de US$12 millones al a\u00f1o para los esfuerzos de conservaci\u00f3n en Gal\u00e1pagos, as\u00ed como US$5,4 millones adicionales para generar una dotaci\u00f3n permanente, todo durante los pr\u00f3ximos dieciocho a\u00f1os. Un asunto que luce \u201chist\u00f3rico\u201d y loable. Pero agrega el autor que los detalles son menos halag\u00fce\u00f1os: los fondos de conservaci\u00f3n ser\u00e1n gastados por un fideicomiso especial llamado Galapagos Life Fund, una compa\u00f1\u00eda de responsabilidad limitada registrada en Delaware, dirigida por once directores: cinco del gobierno de Ecuador y seis externos. Y Villamil anticipa su conclusi\u00f3n: \u201cEcuador ha cedido el control soberano de las Islas Gal\u00e1pagos a un fideicomiso independiente con sede en los Estados Unidos\u201d.<\/span><\/p>\n<p><img loading=\"lazy\" decoding=\"async\" class=\"aligncenter wp-image-53498\" src=\"https:\/\/www.lapluma.net\/wp-content\/uploads\/2023\/06\/0001-Deuda-Galapagos-300x169.png\" alt=\"\" width=\"600\" height=\"337\" srcset=\"https:\/\/www.lapluma.net\/wp-content\/uploads\/2023\/06\/0001-Deuda-Galapagos-300x169.png 300w, https:\/\/www.lapluma.net\/wp-content\/uploads\/2023\/06\/0001-Deuda-Galapagos.png 386w\" sizes=\"auto, (max-width: 600px) 100vw, 600px\" \/><\/p>\n<p style=\"text-align: justify;\"><span style=\"font-size: 14pt;\">En forma apresurada, el gobierno, a trav\u00e9s de la Secretar\u00eda de Comunicaci\u00f3n, ha tenido que salir a defender el fideicomiso y atacar las cr\u00edticas, centrando su argumento en que Ecuador no ha cedido ning\u00fan tipo de control sobre la soberan\u00eda nacional de las Gal\u00e1pagos; que GLF es una \u201centidad privada\u201d, cuyas inversiones provienen de fundaciones y no de fondos p\u00fablicos; que en el Directorio hay 8 nacionales y 3 extranjeros; y que <a href=\"https:\/\/shorturl.at\/cMSU9\">el fondo queda <em>\u201cfuera de influencias pol\u00edticas\u201d<\/em><\/a>.\u00a0 Admitiendo la aclaraci\u00f3n, la transparencia no est\u00e1 garantizada y mucho menos en una entidad privada que se superpone a las capacidades del Estado y su obligada institucionalidad.<\/span><\/p>\n<p><img loading=\"lazy\" decoding=\"async\" class=\"aligncenter wp-image-53496\" src=\"https:\/\/www.lapluma.net\/wp-content\/uploads\/2023\/06\/0001-Galapagos1-300x168.png\" alt=\"\" width=\"600\" height=\"335\" srcset=\"https:\/\/www.lapluma.net\/wp-content\/uploads\/2023\/06\/0001-Galapagos1-300x168.png 300w, https:\/\/www.lapluma.net\/wp-content\/uploads\/2023\/06\/0001-Galapagos1.png 600w\" sizes=\"auto, (max-width: 600px) 100vw, 600px\" \/><\/p>\n<p style=\"text-align: justify;\"><span style=\"font-size: 14pt;\">\u00bfQu\u00e9 pensar sobre un fideicomiso constituido en <a href=\"https:\/\/shorturl.at\/epx24\">Delaware, Estado considerado como <em>\u201cpara\u00edso fiscal\u201d<\/em><\/a>? La posibilidad de que esta tendencia y la orientaci\u00f3n econ\u00f3mica <em>\u201clibertaria\u201d<\/em> y empresarial cambien en agosto de 2023, gracias a las <a href=\"https:\/\/cronicon.net\/wp\/crisis-politica-ecuatoriana-buscando-imponer-medidas-neoliberales-por-decreto-el-banquero-lasso-enjuiciado-por-corrupcion-se-va-por-la-puerta-de-atras\/\">elecciones forzadas por la <em>\u201cmuerte cruzada\u201d<\/em><\/a>, es un asunto incierto.<\/span><\/p>\n<div>\n<h2 class=\"h3\" style=\"text-align: justify;\">Juan J. Paz-y-Mi\u00f1o Cepeda para La Pluma, Ecuador 12 de junio de 2023<\/h2>\n<h2 class=\"h3\"><strong>Editado por <a href=\"https:\/\/www.lapluma.net\/nosotros\/\">Mar\u00eda Piedad Ossaba<\/a><\/strong><\/h2>\n<h2 class=\"h3\"><strong>Publicado por <a href=\"https:\/\/www.historiaypresente.com\/galapagos-entre-jaque-o-mate\/\">Blog Historia y presente<\/a><\/strong><\/h2>\n<h2 class=\"h3\"><strong>Visita la red del colectivo\u00a0<a href=\"https:\/\/rutakritica.org\">Ruta Kr\u00edtica<\/a>, el nuevo blog de difusi\u00f3n del pensamiento y la comunicaci\u00f3n alternativa <\/strong><\/h2>\n<\/div>\n","protected":false},"excerpt":{"rendered":"<p>\u00bfQu\u00e9 pensar sobre un fideicomiso constituido en Delaware, Estado considerado como \u201cpara\u00edso fiscal\u201d? La posibilidad de que esta tendencia y la orientaci\u00f3n econ\u00f3mica \u201clibertaria\u201d y empresarial cambien en agosto de 2023, gracias a las elecciones forzadas por la \u201cmuerte cruzada\u201d, es un asunto incierto.<\/p>\n","protected":false},"author":8,"featured_media":53497,"comment_status":"open","ping_status":"open","sticky":false,"template":"","format":"standard","meta":{"_uf_show_specific_survey":0,"_uf_disable_surveys":false,"footnotes":""},"categories":[5,6,217],"tags":[23606,46],"coauthors":[257],"class_list":["post-53491","post","type-post","status-publish","format-standard","has-post-thumbnail","hentry","category-editoriales-y-opiniones","category-politique","category-abya-yala","tag-galapagos","tag-ecuador"],"translation":{"provider":"WPGlobus","version":"2.12.2","language":"fr","enabled_languages":["es","fr"],"languages":{"es":{"title":true,"content":true,"excerpt":true},"fr":{"title":false,"content":false,"excerpt":false}}},"_links":{"self":[{"href":"https:\/\/www.lapluma.net\/fr\/wp-json\/wp\/v2\/posts\/53491","targetHints":{"allow":["GET"]}}],"collection":[{"href":"https:\/\/www.lapluma.net\/fr\/wp-json\/wp\/v2\/posts"}],"about":[{"href":"https:\/\/www.lapluma.net\/fr\/wp-json\/wp\/v2\/types\/post"}],"author":[{"embeddable":true,"href":"https:\/\/www.lapluma.net\/fr\/wp-json\/wp\/v2\/users\/8"}],"replies":[{"embeddable":true,"href":"https:\/\/www.lapluma.net\/fr\/wp-json\/wp\/v2\/comments?post=53491"}],"version-history":[{"count":5,"href":"https:\/\/www.lapluma.net\/fr\/wp-json\/wp\/v2\/posts\/53491\/revisions"}],"predecessor-version":[{"id":53552,"href":"https:\/\/www.lapluma.net\/fr\/wp-json\/wp\/v2\/posts\/53491\/revisions\/53552"}],"wp:featuredmedia":[{"embeddable":true,"href":"https:\/\/www.lapluma.net\/fr\/wp-json\/wp\/v2\/media\/53497"}],"wp:attachment":[{"href":"https:\/\/www.lapluma.net\/fr\/wp-json\/wp\/v2\/media?parent=53491"}],"wp:term":[{"taxonomy":"category","embeddable":true,"href":"https:\/\/www.lapluma.net\/fr\/wp-json\/wp\/v2\/categories?post=53491"},{"taxonomy":"post_tag","embeddable":true,"href":"https:\/\/www.lapluma.net\/fr\/wp-json\/wp\/v2\/tags?post=53491"},{"taxonomy":"author","embeddable":true,"href":"https:\/\/www.lapluma.net\/fr\/wp-json\/wp\/v2\/coauthors?post=53491"}],"curies":[{"name":"wp","href":"https:\/\/api.w.org\/{rel}","templated":true}]}}