{"id":53207,"date":"2023-06-01T00:48:15","date_gmt":"2023-06-01T00:48:15","guid":{"rendered":"https:\/\/www.lapluma.net\/?p=53207"},"modified":"2023-06-01T01:04:28","modified_gmt":"2023-06-01T01:04:28","slug":"las-bananeras-santander-duran-escalona","status":"publish","type":"post","link":"https:\/\/www.lapluma.net\/fr\/2023\/06\/01\/las-bananeras-santander-duran-escalona\/","title":{"rendered":"Las bananeras &#8211; Santander Dur\u00e1n Escalona"},"content":{"rendered":"<p style=\"text-align: justify;\"><span style=\"font-size: 14pt;\">Santander Dur\u00e1n Escalona tambi\u00e9n es reconocido como rebelde y activista porque algunas de sus composiciones son de denuncia social tales como las ya mencionadas Lamento Arh\u00faaco o La Canci\u00f3n del Valor, que adem\u00e1s tienen mensaje de respeto por nuestras culturas ind\u00edgenas, pero la m\u00e1s publicitada en este aspecto es Las Bananeras. \u201cEs la segunda canci\u00f3n que compuse en mi vida, naci\u00f3 antes de Cien A\u00f1os de Soledad. Mi familia ten\u00eda una relaci\u00f3n afectiva, a trav\u00e9s del general Dur\u00e1n, con el coronel Nicol\u00e1s M\u00e1rquez, fueron compa\u00f1eros de armas en la guerra. \u00c9l lo llev\u00f3 a Aracataca y all\u00e1 se qued\u00f3. As\u00ed surge la amistad M\u00e1rquez &#8211; Dur\u00e1n \u2013 Escalona.\u00a0 (<a href=\"https:\/\/urosario.edu.co\/revista-nova-et-vetera\/columnistas\/santander-duran-escalona-sentimiento-poesia-y-sociedad-en-el-canto\">Jairo Hern\u00e1n Ortega Ortega, M.D<\/a>.)<br \/>\n<\/span><\/p>\n<p style=\"text-align: justify;\"><span style=\"font-size: 14pt;\">Las bananeras, canci\u00f3n de autor\u00eda de Santander Dur\u00e1n Escalona, grabada inicialmente por Jorge O\u00f1ate y Los Hermanos L\u00f3pez, en esta ocasi\u00f3n en la voz de su autor y compositor.<\/span><\/p>\n<p><iframe loading=\"lazy\" title=\"Las bananeras - Santander Dur\u00e1n Escalona\" width=\"660\" height=\"371\" src=\"https:\/\/www.youtube.com\/embed\/oJ7Twsnhg5I?feature=oembed\" frameborder=\"0\" allow=\"accelerometer; autoplay; clipboard-write; encrypted-media; gyroscope; picture-in-picture; web-share\" referrerpolicy=\"strict-origin-when-cross-origin\" allowfullscreen><\/iframe><\/p>\n<p><span style=\"font-size: 14pt;\">Letra:<\/span><\/p>\n<p><span style=\"font-size: 14pt;\">Se fueron<\/span><br \/>\n<span style=\"font-size: 14pt;\">se fueron la bananeras<\/span><br \/>\n<span style=\"font-size: 14pt;\">Explotaron<\/span><br \/>\n<span style=\"font-size: 14pt;\">explotaron la naci\u00f3n<\/span><\/p>\n<p><span style=\"font-size: 14pt;\">Solo quedan los recuerdos<\/span><br \/>\n<span style=\"font-size: 14pt;\">de quimeras a\u00f1oranzas<\/span><br \/>\n<span style=\"font-size: 14pt;\">de otras eras<\/span><br \/>\n<span style=\"font-size: 14pt;\">sangre deudas y dolor (Bis)<\/span><\/p>\n<p><span style=\"font-size: 14pt;\">Por que all\u00e1 en la zona bananera<\/span><br \/>\n<span style=\"font-size: 14pt;\">all\u00e1 sufre sin quejas<\/span><br \/>\n<span style=\"font-size: 14pt;\">un pueblo so\u00f1ador (Bis)<\/span><\/p>\n<p><span style=\"font-size: 14pt;\">Que nada gan\u00f3<\/span><br \/>\n<span style=\"font-size: 14pt;\">al pelear dos guerras<\/span><br \/>\n<span style=\"font-size: 14pt;\">solo que hoy olviden su valor<\/span><\/p>\n<p><span style=\"font-size: 14pt;\">Es el pueblo bananero<\/span><br \/>\n<span style=\"font-size: 14pt;\">de abarca y de sombrero<\/span><br \/>\n<span style=\"font-size: 14pt;\">que espera redenci\u00f3n<\/span><\/p>\n<p><span style=\"font-size: 14pt;\">Es el pueblo bananero<\/span><br \/>\n<span style=\"font-size: 14pt;\">alegre y bullanguero<\/span><br \/>\n<span style=\"font-size: 14pt;\">pilar de la naci\u00f3n<\/span><\/p>\n<p><span style=\"font-size: 14pt;\">Es el pueblo bananero<\/span><br \/>\n<span style=\"font-size: 14pt;\">de estirpe guerrillero<\/span><br \/>\n<span style=\"font-size: 14pt;\">que hoy pide educaci\u00f3n<\/span><\/p>\n<p><span style=\"font-size: 14pt;\">Muy adentro<\/span><br \/>\n<span style=\"font-size: 14pt;\">queda el recuerdo escondido<\/span><br \/>\n<span style=\"font-size: 14pt;\">de las cumbias del dinero<\/span><br \/>\n<span style=\"font-size: 14pt;\">y el tambor<\/span><\/p>\n<p><span style=\"font-size: 14pt;\">De las balas<\/span><br \/>\n<span style=\"font-size: 14pt;\">con que el pueblo fue abatido<\/span><br \/>\n<span style=\"font-size: 14pt;\">en las plazas y caminos<\/span><br \/>\n<span style=\"font-size: 14pt;\">cuando la huelga estall\u00f3 (Bis)<\/span><\/p>\n<p><span style=\"font-size: 14pt;\">Por que all\u00e1 en la zona bananera<\/span><br \/>\n<span style=\"font-size: 14pt;\">all\u00e1 sufre sin quejas<\/span><br \/>\n<span style=\"font-size: 14pt;\">un pueblo so\u00f1ador (Bis)<\/span><\/p>\n<p><span style=\"font-size: 14pt;\">Que nada gan\u00f3<\/span><br \/>\n<span style=\"font-size: 14pt;\">al pelear dos guerras<\/span><br \/>\n<span style=\"font-size: 14pt;\">solo que hoy olviden su valor<\/span><\/p>\n<p><span style=\"font-size: 14pt;\">Es el pueblo bananero<\/span><br \/>\n<span style=\"font-size: 14pt;\">de abarca y de sombrero<\/span><br \/>\n<span style=\"font-size: 14pt;\">que espera redenci\u00f3n<\/span><\/p>\n<p><span style=\"font-size: 14pt;\">Es el pueblo bananero<\/span><br \/>\n<span style=\"font-size: 14pt;\">alegre y bullanguero<\/span><br \/>\n<span style=\"font-size: 14pt;\">pilar de la naci\u00f3n<\/span><\/p>\n<p><span style=\"font-size: 14pt;\">Es el pueblo bananero<\/span><br \/>\n<span style=\"font-size: 14pt;\">de estirpe guerrillero<\/span><br \/>\n<span style=\"font-size: 14pt;\">que hoy pide educaci\u00f3n<\/span><\/p>\n<h2><span style=\"font-size: 18pt;\">Santander Duran Escalona<\/span><\/h2>\n<h2><span style=\"font-size: 18pt;\">Editado por <a href=\"https:\/\/www.lapluma.net\/nosotros\/editora\/\">Mar\u00eda Piedad Ossaba<\/a><\/span><\/h2>\n","protected":false},"excerpt":{"rendered":"<p>En el canto Vallenato, los aspectos del sentimiento, la poes\u00eda y la protesta social se identifican y conjugan en un extraordinario personaje: el maestro Santander Dur\u00e1n Escalona. <\/p>\n","protected":false},"author":1292,"featured_media":53210,"comment_status":"open","ping_status":"open","sticky":false,"template":"","format":"standard","meta":{"_uf_show_specific_survey":0,"_uf_disable_surveys":false,"footnotes":""},"categories":[216,20],"tags":[23529,23531,23530],"coauthors":[23528],"class_list":["post-53207","post","type-post","status-publish","format-standard","has-post-thumbnail","hentry","category-colombia","category-musica","tag-canto-vallenato","tag-poesia-protesta-social","tag-santander-duran-escalona"],"translation":{"provider":"WPGlobus","version":"2.12.2","language":"fr","enabled_languages":["es","fr"],"languages":{"es":{"title":true,"content":true,"excerpt":true},"fr":{"title":false,"content":false,"excerpt":false}}},"_links":{"self":[{"href":"https:\/\/www.lapluma.net\/fr\/wp-json\/wp\/v2\/posts\/53207","targetHints":{"allow":["GET"]}}],"collection":[{"href":"https:\/\/www.lapluma.net\/fr\/wp-json\/wp\/v2\/posts"}],"about":[{"href":"https:\/\/www.lapluma.net\/fr\/wp-json\/wp\/v2\/types\/post"}],"author":[{"embeddable":true,"href":"https:\/\/www.lapluma.net\/fr\/wp-json\/wp\/v2\/users\/1292"}],"replies":[{"embeddable":true,"href":"https:\/\/www.lapluma.net\/fr\/wp-json\/wp\/v2\/comments?post=53207"}],"version-history":[{"count":6,"href":"https:\/\/www.lapluma.net\/fr\/wp-json\/wp\/v2\/posts\/53207\/revisions"}],"predecessor-version":[{"id":53213,"href":"https:\/\/www.lapluma.net\/fr\/wp-json\/wp\/v2\/posts\/53207\/revisions\/53213"}],"wp:featuredmedia":[{"embeddable":true,"href":"https:\/\/www.lapluma.net\/fr\/wp-json\/wp\/v2\/media\/53210"}],"wp:attachment":[{"href":"https:\/\/www.lapluma.net\/fr\/wp-json\/wp\/v2\/media?parent=53207"}],"wp:term":[{"taxonomy":"category","embeddable":true,"href":"https:\/\/www.lapluma.net\/fr\/wp-json\/wp\/v2\/categories?post=53207"},{"taxonomy":"post_tag","embeddable":true,"href":"https:\/\/www.lapluma.net\/fr\/wp-json\/wp\/v2\/tags?post=53207"},{"taxonomy":"author","embeddable":true,"href":"https:\/\/www.lapluma.net\/fr\/wp-json\/wp\/v2\/coauthors?post=53207"}],"curies":[{"name":"wp","href":"https:\/\/api.w.org\/{rel}","templated":true}]}}