{"id":52161,"date":"2023-05-06T11:19:23","date_gmt":"2023-05-06T11:19:23","guid":{"rendered":"https:\/\/www.lapluma.net\/?p=52161"},"modified":"2023-05-06T11:22:04","modified_gmt":"2023-05-06T11:22:04","slug":"ucrania-contraofensiva-para-la-victoria-o-para-una-negociacion-honrosa","status":"publish","type":"post","link":"https:\/\/www.lapluma.net\/fr\/2023\/05\/06\/ucrania-contraofensiva-para-la-victoria-o-para-una-negociacion-honrosa\/","title":{"rendered":"Ucrania \u00bfcontraofensiva para la victoria\u2026 o para una negociaci\u00f3n honrosa?"},"content":{"rendered":"<p style=\"text-align: justify;\" align=\"left\"><span style=\"font-size: 14pt;\">Un silencio sepulcral cubri\u00f3 la sala donde el general de cuatro estrellas <a href=\"https:\/\/es.wikipedia.org\/wiki\/Christopher_G._Cavoli\">Christopher G. Cavoli<\/a>, comandante general del Ej\u00e9rcito de Estados Unidos en Europa y \u00c1frica, desmintiera al representante Joe Courtney, en su comparecencia ante el Comit\u00e9 de Servicios Armados del Congreso.<\/span><\/p>\n<p style=\"text-align: justify;\" align=\"left\"><span style=\"font-size: 14pt;\">En dicha reuni\u00f3n, Cavoli afirm\u00f3 que: <em>\u201c\u2026 gran parte del ej\u00e9rcito ruso no se ha visto afectado negativamente por este conflicto [el de Ucrania]. Una de esas fuerzas son las submarinas. Es muy dif\u00edcil hablar en p\u00fablico, como usted sabe se\u00f1or sobre la guerra submarina y nuestros esfuerzos al respecto. Pero puedo decir que los rusos est\u00e1n m\u00e1s activos de lo que hemos visto en a\u00f1os y sus patrullas en todo el Atl\u00e1ntico est\u00e1n a un alto nivel la mayor parte del tiempo. Y esto es, como usted ha se\u00f1alado a pesar de todos los esfuerzos que est\u00e1n llevando a cabo dentro de Ucrania\u201d.<\/em><\/span><\/p>\n<figure id=\"attachment_52163\" aria-describedby=\"caption-attachment-52163\" style=\"width: 600px\" class=\"wp-caption aligncenter\"><img loading=\"lazy\" decoding=\"async\" class=\"wp-image-52163\" src=\"https:\/\/www.lapluma.net\/wp-content\/uploads\/2023\/05\/Christopher-G.-Cavoli-y-Joe-Courtney-300x200.jpg\" alt=\"\" width=\"600\" height=\"399\" srcset=\"https:\/\/www.lapluma.net\/wp-content\/uploads\/2023\/05\/Christopher-G.-Cavoli-y-Joe-Courtney-300x200.jpg 300w, https:\/\/www.lapluma.net\/wp-content\/uploads\/2023\/05\/Christopher-G.-Cavoli-y-Joe-Courtney-435x290.jpg 435w, https:\/\/www.lapluma.net\/wp-content\/uploads\/2023\/05\/Christopher-G.-Cavoli-y-Joe-Courtney-150x100.jpg 150w, https:\/\/www.lapluma.net\/wp-content\/uploads\/2023\/05\/Christopher-G.-Cavoli-y-Joe-Courtney-370x247.jpg 370w, https:\/\/www.lapluma.net\/wp-content\/uploads\/2023\/05\/Christopher-G.-Cavoli-y-Joe-Courtney.jpg 748w\" sizes=\"auto, (max-width: 600px) 100vw, 600px\" \/><figcaption id=\"caption-attachment-52163\" class=\"wp-caption-text\">Christopher-G.-Cavoli y Joe Courtney.<\/figcaption><\/figure>\n<p style=\"text-align: justify;\" align=\"left\"><span style=\"font-size: 14pt;\">A buen entendedor, pocas palabras, con extraordinaria delicadeza dado el escenario en que se encontraba, Cavoli le hizo saber a estos afiebrados de la guerra que a pesar de estar involucrada en la guerra en Ucrania, los submarinos rusos portadores de misiles hipers\u00f3nicos est\u00e1n rondando las costas de Estados Unidos<em> \u201ca un nivel m\u00e1s alto de lo que hemos visto en a\u00f1os\u201d.<\/em><\/span><\/p>\n<p style=\"text-align: justify;\" align=\"left\"><span style=\"font-size: 14pt;\">Al comentar el hecho los periodistas del sitio web de extrema derecha Trunews se mostraron sorprendidos de que los medios de comunicaci\u00f3n estuvieran afirmando que Ucrania estaba ganando la guerra y que el ej\u00e9rcito ruso iba a colapsar. <em>\u201cTodo es mentira\u201d<\/em> afirm\u00f3 unos de ellos, diciendo que tal aseveraci\u00f3n era mera propaganda porque en realidad <em>\u201clos rusos est\u00e1n ganando y [\u2026] la \u00fanica raz\u00f3n por la que los ucranianos est\u00e1n a\u00fan all\u00ed es porque las naciones occidentales han gastado miles de millones de d\u00f3lares colectivamente para promover un gobierno corrupto liderado por Zelenski quien est\u00e1 robando cantidades desconocidas de dinero y si no los apoyamos, los rusos habr\u00edan barrido con \u00e9l hace un a\u00f1o\u201d<\/em><\/span><\/p>\n<p style=\"text-align: justify;\" align=\"left\"><span style=\"font-size: 14pt;\">Esa es la cruda situaci\u00f3n expuesta por militares y periodistas muy lejanos de simpatizar con Rusia y es la realidad que Occidente pretende ocultar. Tambi\u00e9n es el marco objetivo sobre el cual se desarrolla un conflicto en el que parec\u00eda estarse abriendo un espacio a la negociaci\u00f3n. Ser\u00eda igualmente la raz\u00f3n de la tan \u201ccacareada\u201d contraofensiva ucraniana que Kiev parece estar preparando, m\u00e1s por la necesidad de ensanchar su pliego de cara a eventuales negociaciones, que por la suposici\u00f3n de que pueda obtener un triunfo militar que hoy se ve lejano.<\/span><\/p>\n<p style=\"text-align: justify;\" align=\"left\"><span style=\"font-size: 14pt;\">Nadie como el secretario de Estado de Estados Unidos <a href=\"https:\/\/www.ecured.cu\/Antony_Blinken\">Anthony Blinken<\/a> lo pudo haber dicho con tanta claridad. En una entrevista con Fox News, ante una pregunta sobre las perspectivas de Ucrania en el conflicto afirm\u00f3 que: <em>\u00ab\u00a0Al final, su \u00e9xito en el campo de batalla es el mejor y quiz\u00e1s el camino m\u00e1s r\u00e1pido hacia las negociaciones que traer\u00e1n una paz justa y sostenible\u201d<\/em>.<\/span><\/p>\n<figure id=\"attachment_52162\" aria-describedby=\"caption-attachment-52162\" style=\"width: 600px\" class=\"wp-caption aligncenter\"><img loading=\"lazy\" decoding=\"async\" class=\"wp-image-52162\" src=\"https:\/\/www.lapluma.net\/wp-content\/uploads\/2023\/05\/Anthony-Blinken-300x200.jpg\" alt=\"\" width=\"600\" height=\"399\" srcset=\"https:\/\/www.lapluma.net\/wp-content\/uploads\/2023\/05\/Anthony-Blinken-300x200.jpg 300w, https:\/\/www.lapluma.net\/wp-content\/uploads\/2023\/05\/Anthony-Blinken-435x290.jpg 435w, https:\/\/www.lapluma.net\/wp-content\/uploads\/2023\/05\/Anthony-Blinken-150x100.jpg 150w, https:\/\/www.lapluma.net\/wp-content\/uploads\/2023\/05\/Anthony-Blinken-370x247.jpg 370w, https:\/\/www.lapluma.net\/wp-content\/uploads\/2023\/05\/Anthony-Blinken.jpg 748w\" sizes=\"auto, (max-width: 600px) 100vw, 600px\" \/><figcaption id=\"caption-attachment-52162\" class=\"wp-caption-text\">Antony Blinken<\/figcaption><\/figure>\n<p style=\"text-align: justify;\" align=\"left\"><span style=\"font-size: 14pt;\">El problema es que casi nadie en su sano juicio cree que Ucrania pueda desarrollar una contraofensiva con \u00e9xito. El peri\u00f3dico londinense The Times propiedad del magnate Rupert Murdoch, citando fuentes de la inteligencia brit\u00e1nica asegur\u00f3 que Ucrania no estaba preparada para la contraofensiva. As\u00ed mismo, seg\u00fan fuentes de inteligencia de Estados Unidos tambi\u00e9n citadas por dicho medio de comunicaci\u00f3n, Ucrania <em>\u201cya no tiene elecci\u00f3n\u201d<\/em> incluso sabiendo que es poco probable que consigan [algo] m\u00e1s que <em>\u00ab\u00a0modestas ganancias territoriales\u00a0\u00bb<\/em>.<\/span><\/p>\n<p style=\"text-align: justify;\" align=\"left\"><span style=\"font-size: 14pt;\">The Times argumenta que las fuerzas armadas ucranianas carecen de una defensa antia\u00e9rea adecuada para desarrollar una campa\u00f1a ofensiva, lo que las har\u00eda presa f\u00e1cil de la aviaci\u00f3n rusa. Tampoco parece probable que puedan superar el s\u00f3lido sistema de ingenier\u00eda ruso compuesto por trincheras y fortificaciones construidas durante un a\u00f1o, la cual parece inexpugnable ante la mirada de los sat\u00e9lites.<\/span><\/p>\n<p style=\"text-align: justify;\" align=\"left\"><span style=\"font-size: 14pt;\">Por su parte, el presidente checo <a href=\"https:\/\/es.wikipedia.org\/wiki\/Petr_Pavel\">Petr Pavel<\/a> quien antes de incursionar en la pol\u00edtica se desempe\u00f1\u00f3 como Jefe del Estado Mayor General de las Fuerzas Armadas checas desde 2012 hasta 2015 y como Presidente del Comit\u00e9 Militar de la OTAN desde 2015 hasta 2018, manifest\u00f3 que las Fuerzas Armadas ucranianas no tienen capacidad para enfrentarse a Rusia con eficacia por la \u201c<em>escasez cr\u00edtica\u201d<\/em> de municiones, por lo cual opina que Ucrania en realidad lo que necesita son municiones para estructurar una defensa triunfante porque tal <em>\u201cescasez cr\u00edtica\u201d [\u2026] limita su capacidad para llevar a cabo una contraofensiva exitosa\u201d<\/em><\/span><\/p>\n<p style=\"text-align: justify;\" align=\"left\"><span style=\"font-size: 14pt;\">En este marco, se multiplican las iniciativas de b\u00fasqueda de una salida negociada. La llamada telef\u00f3nica del presidente Xi Jinping a su par ucraniano el pasado 26 de abril, envi\u00f3 una fuerte se\u00f1al en ese sentido, sobre todo tras el \u00e9xito de Beijing al lograr el acercamiento entre Ir\u00e1n y Arabia Saud\u00ed con las innumerables repercusiones que este acuerdo ha tenido para todo el Asia Occidental y el norte de \u00c1frica.<\/span><\/p>\n<p align=\"left\"><img loading=\"lazy\" decoding=\"async\" class=\"aligncenter wp-image-52164\" src=\"https:\/\/www.lapluma.net\/wp-content\/uploads\/2023\/05\/Xi-Jinping-300x200.jpg\" alt=\"\" width=\"600\" height=\"399\" srcset=\"https:\/\/www.lapluma.net\/wp-content\/uploads\/2023\/05\/Xi-Jinping-300x200.jpg 300w, https:\/\/www.lapluma.net\/wp-content\/uploads\/2023\/05\/Xi-Jinping-435x290.jpg 435w, https:\/\/www.lapluma.net\/wp-content\/uploads\/2023\/05\/Xi-Jinping-150x100.jpg 150w, https:\/\/www.lapluma.net\/wp-content\/uploads\/2023\/05\/Xi-Jinping-370x247.jpg 370w, https:\/\/www.lapluma.net\/wp-content\/uploads\/2023\/05\/Xi-Jinping.jpg 748w\" sizes=\"auto, (max-width: 600px) 100vw, 600px\" \/><\/p>\n<p style=\"text-align: justify;\" align=\"left\"><span style=\"font-size: 14pt;\">Aunque ya era dif\u00edcil suponer que esta iniciativa hubiera podido prosperar toda vez que Mosc\u00fa no iba a ceder los territorios que decidieron incorporarse a su soberan\u00eda, el ataque con drones del d\u00eda de ayer al Kremlin, alejaron cualquier posibilidad en ese sentido.<\/span><\/p>\n<p style=\"text-align: justify;\" align=\"left\"><span style=\"font-size: 14pt;\">China hab\u00eda manifestado que la \u00fanica salida era el di\u00e1logo y la negociaci\u00f3n pero su plan part\u00eda de la existencia de condicionantes que no se observan en el escenario de un conflicto que al rev\u00e9s, camina en direcci\u00f3n contraria. Estados Unidos y la OTAN supusieron que pod\u00edan obtener una victoria militar, pol\u00edtica y econ\u00f3mica que destruyera a Rusia para siempre y que eso pod\u00eda lograrse a costa de la p\u00e9rdida de cientos de miles de ucranianos que se iban a sacrificar para sostener los valores y el dominio de Occidente.<\/span><\/p>\n<figure id=\"attachment_52167\" aria-describedby=\"caption-attachment-52167\" style=\"width: 600px\" class=\"wp-caption aligncenter\"><img loading=\"lazy\" decoding=\"async\" class=\"wp-image-52167\" src=\"https:\/\/www.lapluma.net\/wp-content\/uploads\/2023\/05\/Mikhail-Podolyak-300x200.jpg\" alt=\"\" width=\"600\" height=\"400\" srcset=\"https:\/\/www.lapluma.net\/wp-content\/uploads\/2023\/05\/Mikhail-Podolyak-300x200.jpg 300w, https:\/\/www.lapluma.net\/wp-content\/uploads\/2023\/05\/Mikhail-Podolyak-768x512.jpg 768w, https:\/\/www.lapluma.net\/wp-content\/uploads\/2023\/05\/Mikhail-Podolyak-435x290.jpg 435w, https:\/\/www.lapluma.net\/wp-content\/uploads\/2023\/05\/Mikhail-Podolyak-150x100.jpg 150w, https:\/\/www.lapluma.net\/wp-content\/uploads\/2023\/05\/Mikhail-Podolyak-370x247.jpg 370w, https:\/\/www.lapluma.net\/wp-content\/uploads\/2023\/05\/Mikhail-Podolyak.jpg 800w\" sizes=\"auto, (max-width: 600px) 100vw, 600px\" \/><figcaption id=\"caption-attachment-52167\" class=\"wp-caption-text\">Mikhail Podolyak<\/figcaption><\/figure>\n<p style=\"text-align: justify;\" align=\"left\"><span style=\"font-size: 14pt;\">La respuesta ucraniana a la iniciativa china no se hizo esperar. Aunque en el primer momento Kiev emiti\u00f3 tibias opiniones a favor de la propuesta, Mikhail Podolyak, asesor del jefe de la oficina de Zelenski sentenci\u00f3 que Beijing tendr\u00eda que distanciarse de la Federaci\u00f3n Rusa para seguir siendo un jugador econ\u00f3mica y pol\u00edticamente fuerte. Podolyak, un hombre muy cercano a Zelenski dud\u00f3 de la posici\u00f3n china. Afirm\u00f3 que:<\/span><\/p>\n<p><span style=\"font-size: 14pt;\"><em>\u201cDurante un a\u00f1o, China no pudo decidir sobre una posici\u00f3n y ahora tiene que tomar una decisi\u00f3n: o trabaja dentro del marco definido por el derecho internacional y luego reemplaza a Rusia en el sentido completo de la palabra, o se hace a un lado y luego perder\u00e1 gradualmente su influencia, incluida la econ\u00f3mica\u201d<\/em>. No s\u00e9 si lo fue, pero se pareci\u00f3 mucho al acta de defunci\u00f3n de la propuesta china.<\/span><\/p>\n<h5 align=\"left\"><span style=\"font-size: 14pt;\"><strong>M\u00e1s actores por la negociaci\u00f3n<\/strong><\/span><\/h5>\n<p style=\"text-align: justify;\" align=\"left\"><span style=\"font-size: 14pt;\">Otras iniciativas menos conocidas son las del Papa Francisco quien durante el vuelo de regreso tras su visita a Hungr\u00eda dio a conocer que el Vaticano estaba involucrado en una \u201cmisi\u00f3n en curso\u201d para poner fin al conflicto, pero que todav\u00eda no era p\u00fablica. El problema de este ofrecimiento que supuestamente se est\u00e1 gestionando es que una de las partes neg\u00f3 conocer algo al respecto. As\u00ed lo hizo saber el vocero del Kremlin <a href=\"https:\/\/es.wikipedia.org\/wiki\/Dmitri_Peskov\">Dmitri Peskov<\/a> quien de forma escueta asegur\u00f3 que: <em>\u00ab\u00a0No, no se sabe nada\u00a0\u00bb<\/em>, dejando a Francisco en una inc\u00f3moda situaci\u00f3n, que se debe interpretar como una nueva jugada en su contra de la diplomacia vaticana que todav\u00eda hoy, a diez a\u00f1os de su entronizaci\u00f3n, no logra controlar.<\/span><\/p>\n<p align=\"left\"><img loading=\"lazy\" decoding=\"async\" class=\"aligncenter wp-image-52165\" src=\"https:\/\/www.lapluma.net\/wp-content\/uploads\/2023\/05\/Papa-Francisco-300x200.jpg\" alt=\"\" width=\"600\" height=\"399\" srcset=\"https:\/\/www.lapluma.net\/wp-content\/uploads\/2023\/05\/Papa-Francisco-300x200.jpg 300w, https:\/\/www.lapluma.net\/wp-content\/uploads\/2023\/05\/Papa-Francisco-435x290.jpg 435w, https:\/\/www.lapluma.net\/wp-content\/uploads\/2023\/05\/Papa-Francisco-150x100.jpg 150w, https:\/\/www.lapluma.net\/wp-content\/uploads\/2023\/05\/Papa-Francisco-370x247.jpg 370w, https:\/\/www.lapluma.net\/wp-content\/uploads\/2023\/05\/Papa-Francisco.jpg 748w\" sizes=\"auto, (max-width: 600px) 100vw, 600px\" \/><\/p>\n<p style=\"text-align: justify;\" align=\"left\"><span style=\"font-size: 14pt;\">Desde otra perspectiva, tambi\u00e9n el pasado 26 de abril, el analista turco Mehmet Perin\u00e7ek en un art\u00edculo publicado en el portal United World dio a conocer que Finlandia estaba mediando en conversaciones no oficiales entre Rusia y Ucrania. En este sentido, inform\u00f3 que la fundaci\u00f3n finesa para la paz CMI Martti Ahtisaari, una organizaci\u00f3n independiente de ese pa\u00eds, \u201cpublic\u00f3 un documento a principios de abril de 2023, [\u2026] que da a entender que [Rusia y Ucrania] hab\u00edan llegado a un acuerdo en ciertos puntos\u201d aunque advierte que este acuerdo era \u201cel resultado de conversaciones no oficiales entre los representantes de los dos pa\u00edses\u201d.<\/span><\/p>\n<p style=\"text-align: justify;\" align=\"left\"><span style=\"font-size: 14pt;\">Al coro de las variopintas voces que emiten opiniones sobre eventuales negociaciones de paz en Ucrania se han sumado disimiles personajes como el embajador de Estados Unidos en Hungr\u00eda que con total desfachatez critic\u00f3 las posturas \u00ab\u00a0c\u00ednicas\u00a0\u00bb de Budapest que pidi\u00f3 un alto el fuego en un pa\u00eds \u201cinvadido y parcialmente ocupado por Rusia\u201d.<\/span><\/p>\n<p style=\"text-align: justify;\" align=\"left\"><span style=\"font-size: 14pt;\">Por su parte, en una posici\u00f3n bastante ambigua que refleja el car\u00e1cter multipartidista de la coalici\u00f3n que lo llev\u00f3 al gobierno, el presidente de Brasil Lula da Silva ha subrayado que condena la violaci\u00f3n de los derechos humanos de Ucrania por parte de Rusia pero que \u00ab\u00a0no sirve de nada decir qui\u00e9n tiene la raz\u00f3n\u00a0\u00bb pues a su juicio lo m\u00e1s importante ahora es parar la guerra. \u00ab\u00a0Solo se puede discutir y conversar cuando la guerra pare\u00a0\u00bb, ha afirmado.<\/span><\/p>\n<p style=\"text-align: justify;\" align=\"left\"><span style=\"font-size: 14pt;\">En Europa, donde la guerra ha comenzado a manifestarse en toda su complejidad, se empiezan a observar distintas y a veces hasta antag\u00f3nicas opiniones sobre la b\u00fasqueda de las negociaciones. La presidencia de Francia dio la bienvenida al intercambio telef\u00f3nico mantenido entre los l\u00edderes de Ucrania y China y manifest\u00f3 que Par\u00eds \u00ab\u00a0alienta todo di\u00e1logo que pueda contribuir\u00a0\u00bb a lograr la paz conforme \u00ab\u00a0a los intereses fundamentales de Ucrania\u00a0\u00bb y al derecho internacional.<\/span><\/p>\n<p align=\"left\"><img loading=\"lazy\" decoding=\"async\" class=\"aligncenter wp-image-52168\" src=\"https:\/\/www.lapluma.net\/wp-content\/uploads\/2023\/05\/Felipe-VI-y-Lula-Da-Silva-300x200.jpeg\" alt=\"\" width=\"600\" height=\"400\" srcset=\"https:\/\/www.lapluma.net\/wp-content\/uploads\/2023\/05\/Felipe-VI-y-Lula-Da-Silva-300x200.jpeg 300w, https:\/\/www.lapluma.net\/wp-content\/uploads\/2023\/05\/Felipe-VI-y-Lula-Da-Silva-768x512.jpeg 768w, https:\/\/www.lapluma.net\/wp-content\/uploads\/2023\/05\/Felipe-VI-y-Lula-Da-Silva-435x290.jpeg 435w, https:\/\/www.lapluma.net\/wp-content\/uploads\/2023\/05\/Felipe-VI-y-Lula-Da-Silva-150x100.jpeg 150w, https:\/\/www.lapluma.net\/wp-content\/uploads\/2023\/05\/Felipe-VI-y-Lula-Da-Silva-370x247.jpeg 370w, https:\/\/www.lapluma.net\/wp-content\/uploads\/2023\/05\/Felipe-VI-y-Lula-Da-Silva.jpeg 780w\" sizes=\"auto, (max-width: 600px) 100vw, 600px\" \/><\/p>\n<p style=\"text-align: justify;\" align=\"left\"><span style=\"font-size: 14pt;\">Desde otra perspectiva, el rey de Espa\u00f1a en su reuni\u00f3n con Lula ha pedido una paz basada \u00ab\u00a0en la integridad territorial\u00a0\u00bb de Ucrania. Felipe VI ha argumentado la defensa del \u00ab\u00a0multilateralismo y el derecho internacional\u00a0\u00bb como vocaci\u00f3n com\u00fan de Espa\u00f1a y Brasil. Sin embargo, el Rey ha recordado que para que la paz sea duradera \u00ab\u00a0debe sustentarse en el respeto a la soberan\u00eda nacional e integridad territorial\u00a0\u00bb. Al monarca espa\u00f1ol se le olvid\u00f3 que en relaci\u00f3n a Venezuela opina todo lo contrario, justificando la injerencia, el irrespeto a la soberan\u00eda nacional y la violaci\u00f3n del derecho internacional, as\u00ed que su punto de vista parece poco relevante.<\/span><\/p>\n<h5 align=\"left\"><span style=\"font-size: 14pt;\"><strong>Un vistazo a la Europa de hoy<\/strong><\/span><\/h5>\n<p style=\"text-align: justify;\" align=\"left\"><span style=\"font-size: 14pt;\">La realidad se ha mostrado veleidosa a la hora de evaluar el estado en que se encuentra Europa sobre todo en t\u00e9rminos econ\u00f3micos y financieros y tambi\u00e9n militares. Este contexto es el que est\u00e1 motivando su desesperada b\u00fasqueda de una paz favorable a Ucrania a trav\u00e9s de la diplomacia. As\u00ed mismo es lo que explica los urgentes desplazamientos a Beijing de los presidentes de Espa\u00f1a y Francia, as\u00ed como de la presidenta de la Comisi\u00f3n Europea y del alto representante para asuntos exteriores y pol\u00edtica de seguridad de la Uni\u00f3n Europea. Desesperadamente desean que China haga para ellos en la mesa de negociaciones, lo que no pudieron lograr en el terreno militar y en el de las sanciones econ\u00f3micas y financieras.<\/span><\/p>\n<p style=\"text-align: justify;\" align=\"left\"><span style=\"font-size: 14pt;\">De hecho hay un conflicto b\u00e9lico, y las guerras se terminan cuando triunfa una de las partes sobre la otra, se firma un armisticio, un acuerdo de paz o una capitulaci\u00f3n. Esto \u00faltimo es lo que Estados Unidos, la OTAN y Europa quieren evitar a toda costa, dada su incapacidad de dar \u201csoluci\u00f3n\u201d a la situaci\u00f3n creada, por v\u00eda de la fuerza,<\/span><\/p>\n<p style=\"text-align: justify;\" align=\"left\"><span style=\"font-size: 14pt;\">Lleg\u00f3 mayo, la primavera comienza a resplandecer, los suelos se secan, seg\u00fan los especialistas las condiciones mejoran para la realizaci\u00f3n de la contraofensiva ucraniana. La pregunta es si ella llevar\u00e1 a Kiev y a sus l\u00edderes a la victoria, a la mesa de negociaciones o al cadalso. En esta situaci\u00f3n es bueno recordar a Carlos III de Suecia en Poltava en 1709, a Napole\u00f3n en Borodin\u00f3 en 1812 y a Hitler en Stalingrado en 1943. \u00bfSer\u00e1 que Zelenski desea incorporarse a la lista en representaci\u00f3n del siglo XXI?<\/span><\/p>\n<h2 align=\"left\"><span style=\"font-size: 18pt;\">Sergio Rodr\u00edguez Gelfenstein para La Pluma<\/span><\/h2>\n<h2 align=\"left\"><span style=\"font-size: 18pt;\">Editado por <a href=\"https:\/\/www.lapluma.net\/nosotros\/editora\/\">Mar\u00eda Piedad Ossaba<\/a><\/span><\/h2>\n","protected":false},"excerpt":{"rendered":"<p>Un silencio sepulcral cubri&oacute; la sala donde el general de cuatro estrellas Christopher G. Cavoli, comandante general del Ej&eacute;rcito de Estados Unidos en Europa y &Aacute;frica, desmintiera al representante Joe Courtney, en su comparecencia ante el Comit&eacute; de Servicios Armados del Congreso. En dicha reuni&oacute;n, Cavoli afirm&oacute; que: &ldquo;&hellip; gran parte del ej&eacute;rcito ruso no&#8230;<\/p>\n","protected":false},"author":9,"featured_media":52166,"comment_status":"open","ping_status":"open","sticky":false,"template":"","format":"standard","meta":{"_uf_show_specific_survey":0,"_uf_disable_surveys":false,"footnotes":""},"categories":[218],"tags":[21568,23214,20635,20823,39,18302,5315],"coauthors":[266],"class_list":["post-52161","post","type-post","status-publish","format-standard","has-post-thumbnail","hentry","category-monde","tag-antony-blinken","tag-christopher-g-cavoli-joe-courtney","tag-conflicto-rusia-ucrania-otan-ue","tag-negociaciones-de-paz","tag-sergio-rodriguez-gelfenstein","tag-usa-otan-rusia-ucrania","tag-xi-jinping"],"translation":{"provider":"WPGlobus","version":"2.12.2","language":"fr","enabled_languages":["es","fr"],"languages":{"es":{"title":true,"content":true,"excerpt":false},"fr":{"title":false,"content":false,"excerpt":false}}},"_links":{"self":[{"href":"https:\/\/www.lapluma.net\/fr\/wp-json\/wp\/v2\/posts\/52161","targetHints":{"allow":["GET"]}}],"collection":[{"href":"https:\/\/www.lapluma.net\/fr\/wp-json\/wp\/v2\/posts"}],"about":[{"href":"https:\/\/www.lapluma.net\/fr\/wp-json\/wp\/v2\/types\/post"}],"author":[{"embeddable":true,"href":"https:\/\/www.lapluma.net\/fr\/wp-json\/wp\/v2\/users\/9"}],"replies":[{"embeddable":true,"href":"https:\/\/www.lapluma.net\/fr\/wp-json\/wp\/v2\/comments?post=52161"}],"version-history":[{"count":4,"href":"https:\/\/www.lapluma.net\/fr\/wp-json\/wp\/v2\/posts\/52161\/revisions"}],"predecessor-version":[{"id":52182,"href":"https:\/\/www.lapluma.net\/fr\/wp-json\/wp\/v2\/posts\/52161\/revisions\/52182"}],"wp:featuredmedia":[{"embeddable":true,"href":"https:\/\/www.lapluma.net\/fr\/wp-json\/wp\/v2\/media\/52166"}],"wp:attachment":[{"href":"https:\/\/www.lapluma.net\/fr\/wp-json\/wp\/v2\/media?parent=52161"}],"wp:term":[{"taxonomy":"category","embeddable":true,"href":"https:\/\/www.lapluma.net\/fr\/wp-json\/wp\/v2\/categories?post=52161"},{"taxonomy":"post_tag","embeddable":true,"href":"https:\/\/www.lapluma.net\/fr\/wp-json\/wp\/v2\/tags?post=52161"},{"taxonomy":"author","embeddable":true,"href":"https:\/\/www.lapluma.net\/fr\/wp-json\/wp\/v2\/coauthors?post=52161"}],"curies":[{"name":"wp","href":"https:\/\/api.w.org\/{rel}","templated":true}]}}