{"id":51577,"date":"2023-04-19T13:44:01","date_gmt":"2023-04-19T13:44:01","guid":{"rendered":"https:\/\/www.lapluma.net\/?p=51577"},"modified":"2023-04-20T10:18:54","modified_gmt":"2023-04-20T10:18:54","slug":"glifosato-en-europa-basta","status":"publish","type":"post","link":"https:\/\/www.lapluma.net\/fr\/2023\/04\/19\/glifosato-en-europa-basta\/","title":{"rendered":"Glifosato en Europa: \u00a1basta!"},"content":{"rendered":"<p style=\"text-align: justify;\"><span style=\"font-family: Arial; font-size: 14pt;\">El glifosato -el ingrediente activo del herbicida m\u00e1s utilizado en el mundo- es peligroso para el medio ambiente y probablemente cancer\u00edgeno y neurot\u00f3xico para el ser humano. Da\u00f1a la salud del suelo y la biodiversidad, y contamina el agua. Estudios recientes han relacionado el glifosato con el desarrollo de la enfermedad de Parkinson.<\/span><\/p>\n<h5 style=\"text-align: justify;\"><span style=\"font-family: Arial; font-size: 18pt;\"><strong>Ayuda a detener el glifosato: informa al mayor n\u00famero de personas posible<\/strong><\/span><\/h5>\n<p style=\"text-align: justify;\"><span style=\"font-family: Arial; font-size: 14pt;\">No importa d\u00f3nde vivas, el glifosato afecta a tu vida aunque no te des cuenta. Est\u00e1 en tus alimentos, en tu cuerpo y en el polvo de tu casa. La UE se dispone a volver a autorizarlo. <strong>En 2017, m\u00e1s de un mill\u00f3n de europe@ hab\u00edan solicitado oficialmente su prohibici\u00f3n. En aquel momento, las autoridades permitieron cinco a\u00f1os m\u00e1s de destrucci\u00f3n&#8230;<\/strong><\/span><\/p>\n<p style=\"text-align: justify;\"><span style=\"font-family: Arial; font-size: small;\"><span style=\"font-size: 14pt;\">Ahora, Bayer y otros fabricantes de productos qu\u00edmicos quieren seguir contribuyendo al colapso de la biodiversidad y los ecosistemas con sus esfuerzos de presi\u00f3n para una nueva reautorizaci\u00f3n.<\/span> <\/span><\/p>\n<p><img loading=\"lazy\" decoding=\"async\" class=\"aligncenter wp-image-51580\" src=\"https:\/\/www.lapluma.net\/wp-content\/uploads\/2023\/04\/Stopglyphosate-300x169.webp\" alt=\"\" width=\"600\" height=\"338\" srcset=\"https:\/\/www.lapluma.net\/wp-content\/uploads\/2023\/04\/Stopglyphosate-300x169.webp 300w, https:\/\/www.lapluma.net\/wp-content\/uploads\/2023\/04\/Stopglyphosate.webp 720w\" sizes=\"auto, (max-width: 600px) 100vw, 600px\" \/><\/p>\n<p style=\"text-align: justify;\"><span style=\"font-size: 14pt;\">Tenemos que acabar con el glifosato para alcanzar el objetivo de la iniciativa ciudadana <a href=\"https:\/\/www.savebeesandfarmers.eu\/spa\/\" target=\"_blank\" rel=\"noopener\">\u00a1Salvemos a las abejas y a los agricultores!<\/a> de reducir los pesticidas en un 80% para 2030.<span class=\"bold\"> Puedes apoyar los esfuerzos de la Coalici\u00f3n Stop Glyphosate participando en la campa\u00f1a de <a href=\"https:\/\/gofund.me\/69ec9192\" target=\"_blank\" rel=\"noopener\">crowdfunding<\/a>. Grande o peque\u00f1a, toda contribuci\u00f3n al fondo es \u00fatil.<\/span><\/span><\/p>\n<h5 style=\"text-align: justify;\"><span class=\"bold\" style=\"font-size: 14pt;\"><br \/>\n<span style=\"font-size: 18pt;\">Presentaci\u00f3n europea del documental Into the weeds<\/span><\/span><\/h5>\n<p style=\"text-align: justify;\"><span style=\"font-size: 14pt;\">El 12 de abril se organiz\u00f3 en Bruselas una proyecci\u00f3n especial del impresionante documental Into the weeds. El acto incluy\u00f3 una sesi\u00f3n de preguntas y respuestas con el jardinero estadounidense y v\u00edctima del glifosato Dewayne \u00ab\u00a0Lee\u00a0\u00bb Johnson, la directora Jennifer Baichwal, expert@s y pol\u00edtic@s. La pel\u00edcula tambi\u00e9n se proyectar\u00e1 en el Parlamento Europeo. Visitas el sitio web <a href=\"https:\/\/www.intotheweedsimpact.com\/\" target=\"_blank\" rel=\"noopener\">Into the weeds<\/a> para ver el tr\u00e1iler y obtener m\u00e1s informaci\u00f3n (en ingl\u00e9s).<\/span><\/p>\n<p style=\"text-align: justify;\"><span style=\"font-size: 14pt;\"><img loading=\"lazy\" decoding=\"async\" class=\"aligncenter wp-image-51579\" src=\"https:\/\/www.lapluma.net\/wp-content\/uploads\/2023\/04\/Into_the_Weeds_poster-p-500-208x300.jpeg\" alt=\"\" width=\"417\" height=\"600\" srcset=\"https:\/\/www.lapluma.net\/wp-content\/uploads\/2023\/04\/Into_the_Weeds_poster-p-500-208x300.jpeg 208w, https:\/\/www.lapluma.net\/wp-content\/uploads\/2023\/04\/Into_the_Weeds_poster-p-500.jpeg 500w\" sizes=\"auto, (max-width: 417px) 100vw, 417px\" \/><\/span><span style=\"font-family: Arial, Helvetica, sans-serif; font-size: 18pt;\"><span style=\"font-family: Arial, Helvetica, sans-serif;\"><strong>La Comisi\u00f3n Europea responde a \u00ab\u00a0\u00a1Salvemos a las abejas y a los agricultores!<\/strong><\/span><\/span><\/p>\n<p style=\"text-align: justify;\"><span style=\"font-family: Arial; font-size: 14pt;\">La Comisi\u00f3n Europea ha respondido finalmente a la Iniciativa Ciudadana Europea (ICE) \u00ab\u00a0\u00a1Salvemos a las abejas y a los agricultores!\u00a0\u00bb apoyada por m\u00e1s de un mill\u00f3n de firmas. Acoge con satisfacci\u00f3n el compromiso de los ciudadan@s y comparte las preocupaciones planteadas sobre la biodiversidad, la salud y el futuro de la agricultura. <strong>No tiene intenci\u00f3n de introducir nuevas propuestas legislativas, pero apoya las propuestas legislativas que se est\u00e1n negociando actualmente sobre reducci\u00f3n de plaguicidas y restauraci\u00f3n de la naturaleza<\/strong>. Por ello, pide al Parlamento Europeo y al Consejo que lleguen r\u00e1pidamente a acuerdos ambiciosos sobre las propuestas legislativas existentes para reducir los pesticidas y restaurar la biodiversidad.<br \/>\n<\/span><\/p>\n<p style=\"text-align: justify;\"><span style=\"font-family: Arial; font-size: 14pt;\">Los organizadores de la ICE subrayan la urgencia y la importancia de reducir los plaguicidas. Esto proteger\u00e1 la salud humana e impulsar\u00e1 la biodiversidad y la producci\u00f3n sostenible de alimentos. Los da\u00f1os generalizados causados por los plaguicidas sint\u00e9ticos son cada vez m\u00e1s evidentes con cada nuevo estudio que se publica. <strong>Junto con \u00ab\u00a0Salvemos a las abejas y a los agricultores\u00a0\u00bb, instamos al Parlamento y a los Estados miembros de la UE a ser m\u00e1s ambiciosos.<\/strong> Lee <a href=\"https:\/\/ec.europa.eu\/commission\/presscorner\/detail\/es\/ip_23_2084\" target=\"_blank\" rel=\"nofollow noopener noreferrer\">aqu\u00ed<\/a> la respuesta de la Comisi\u00f3n.<\/span><\/p>\n<p style=\"text-align: justify;\"><span style=\"font-family: Arial; font-size: 14pt;\"><strong>Sigue participando: \u00a1tu voz debe ser escuchada! <\/strong>Hacemos un llamamiento a los ciudadan@s y cient\u00edfic@s preocupad@s para que participen activamente hasta que se cumplan los objetivos. Pronto se celebrar\u00e1n debates en el Parlamento Europeo y en todos los parlamentos nacionales para adoptar una postura sobre la reducci\u00f3n de los plaguicidas. Sabemos que un grupo de parlamentari@s est\u00e1 sirviendo a los intereses de la industria en lugar de a los tuyos. Tu voz cuenta mucho en cada paso. <strong>Te avisaremos cuando se necesite tu apoyo y te proporcionaremos una herramienta para enviar f\u00e1cilmente un mensaje a los <\/strong><strong>parlamentari@s<\/strong> <strong>implicad@s<\/strong><strong>.<br \/>\n<\/strong><\/span><\/p>\n<p style=\"text-align: justify;\"><span style=\"font-family: Arial; font-size: 14pt;\"> La ICE \u00ab\u00a0Salvemos a las abejas y a los agricultores\u00a0\u00bb est\u00e1 lejos de terminar. Lee <a href=\"https:\/\/www.savebeesandfarmers.eu\/spa\/noticias-de-la-campanja\/european-commission-answers-save-bees-and-farmers-its-far-from-over\/\" target=\"_blank\" rel=\"nofollow noopener noreferrer\">el comunicado de prensa<\/a> en reacci\u00f3n a la Comisi\u00f3n (en ingl\u00e9s).<\/span><\/p>\n<h5 style=\"text-align: justify;\"><span style=\"font-family: Arial; font-size: 14pt;\"><br \/>\n<span style=\"font-family: Arial, Helvetica, sans-serif; font-size: 18pt;\"><span style=\"font-family: Arial, Helvetica, sans-serif;\"><strong>El Parlamento de la UE quiere tipificar el ecocidio como delito en la legislaci\u00f3n europea<\/strong><\/span><\/span><\/span><\/h5>\n<p style=\"text-align: justify;\"><span style=\"font-family: Arial; font-size: small;\"><span style=\"font-size: 14pt;\">En marzo, la Comisi\u00f3n de Asuntos Jur\u00eddicos del Parlamento de la UE vot\u00f3 por unanimidad incluir el ecocidio en la directiva revisada sobre delitos medioambientales de la UE. Poco despu\u00e9s, el Parlamento expres\u00f3 su apoyo a dicha medida. <span class=\"bold\">Por primera vez, aparece una definici\u00f3n de ecocidio en un texto legislativo europeo<\/span>: se aproxima mucho a la definici\u00f3n internacional consensuada de ecocidio (junio de 2021) propuesta por el Grupo Independiente de Expert@s convocado por la Fundaci\u00f3n <a href=\"https:\/\/stopecocidio.org\/\" target=\"_blank\" rel=\"noopener\">Stop Ecocide<\/a>, que menciona los da\u00f1os \u00ab\u00a0<span class=\"italic\">graves y generalizados o a largo plazo o irreversibles<\/span>\u00a0\u00bb al medio ambiente.\u00a0<\/span> <\/span><\/p>\n<p><img loading=\"lazy\" decoding=\"async\" class=\"wp-image-51581 aligncenter\" src=\"https:\/\/www.lapluma.net\/wp-content\/uploads\/2023\/04\/Marie-Toussaint-300x200.jpg\" alt=\"\" width=\"600\" height=\"400\" srcset=\"https:\/\/www.lapluma.net\/wp-content\/uploads\/2023\/04\/Marie-Toussaint-300x200.jpg 300w, https:\/\/www.lapluma.net\/wp-content\/uploads\/2023\/04\/Marie-Toussaint-435x290.jpg 435w, https:\/\/www.lapluma.net\/wp-content\/uploads\/2023\/04\/Marie-Toussaint-150x100.jpg 150w, https:\/\/www.lapluma.net\/wp-content\/uploads\/2023\/04\/Marie-Toussaint-370x247.jpg 370w, https:\/\/www.lapluma.net\/wp-content\/uploads\/2023\/04\/Marie-Toussaint.jpg 768w\" sizes=\"auto, (max-width: 600px) 100vw, 600px\" \/><\/p>\n<h5 style=\"text-align: center;\"><span class=\"smaller italic\" style=\"font-size: 14pt;\"><span style=\"font-size: 12pt;\">Marie Toussaint, eurodiputada implicada por el reconocimiento del ecocidio. <\/span><a href=\"https:\/\/multimedia.europarl.europa.eu\/en\/photo\/ep-plenary-session-conclusions-of-the-special-european-council-meeting-of-9-february-and-preparation-of-the-european-council-meeting-of-23-24-march-2023_20230315_EP-146780A_CU__PBU_085\" target=\"_blank\" rel=\"noopener\"><span style=\"font-size: 12pt;\">\u00a9 European Union 2023 &#8211; Source : EP<\/span><\/a><\/span><\/h5>\n<p style=\"text-align: justify;\"><span style=\"font-size: 14pt;\"><span class=\"bold\">Este proceso muestra claramente el papel clave que desempe\u00f1an las organizaciones ciudadanas para impulsar cambios jur\u00eddicos importantes.<\/span> Ya en 2017, el <a href=\"https:\/\/es.monsantotribunal.org\/Resultados_1\" target=\"_blank\" rel=\"noopener\">dictamen de opini\u00f3n legal<\/a> del Tribunal Monsanto aconsej\u00f3 incluir el ecocidio en la legislaci\u00f3n. El Consejo y la Comisi\u00f3n negociar\u00e1n ahora para llegar a un acuerdo sobre el texto propuesto. Le mantendremos informad@ de cualquier novedad.<\/span><\/p>\n<h5 style=\"text-align: justify;\"><span class=\"bold\" style=\"font-size: 18pt;\"><br \/>\nLas limitaciones del dicamba en EE.UU.<\/span><\/h5>\n<p style=\"text-align: justify;\"><span style=\"font-size: 14pt;\">El dicamba es un herbicida muy utilizado en EE.UU. en cultivos transg\u00e9nicos, a menudo en combinaci\u00f3n con el glifosato. En los \u00faltimos a\u00f1os ha habido varios casos en los tribunales, ya que es muy vol\u00e1til y puede causar graves da\u00f1os a las parcelas y cultivos circundantes. En la UE, la dicamba est\u00e1 etiquetada como peligrosa en caso de ingesti\u00f3n y contacto con los ojos, as\u00ed como nociva para la vida acu\u00e1tica, con efectos adversos a largo plazo.<\/span><\/p>\n<p style=\"text-align: justify;\"><span style=\"font-size: 14pt;\">La EPA estadounidense ha aprobado un etiquetado mejorado para restringir el uso de dicamba en varios estados: Minnesota, Iowa, Illinois, Indiana y Dakota del Sur. El objetivo es reducir el riesgo de volatilidad y propagaci\u00f3n a los campos vecinos evitando la pulverizaci\u00f3n en d\u00edas calurosos.<\/span><\/p>\n<h5 style=\"text-align: justify;\"><span class=\"bold\" style=\"font-size: 18pt;\">Gracias por tu continuo apoyo<\/span><\/h5>\n<p style=\"text-align: justify;\"><span style=\"font-size: 14pt;\">2023 ser\u00e1 un a\u00f1o decisivo para la reducci\u00f3n de plaguicidas en la UE y la lucha contra la industria. \u00bfPuedes apoyarnos? <span class=\"bold\">Sabemos que no ganaremos esta guerra con una sola iniciativa o una exitosa campa\u00f1a.<\/span> Habr\u00e1 altibajos. <span class=\"bold\">S\u00f3lo venceremos mediante la perseverancia a largo plazo y el esfuerzo continuo.<\/span> No tenemos elecci\u00f3n: debemos luchar para garantizar que nuestr@s hij@s, niet@s y generaciones futuras hereden un planeta sano y biodiverso.<\/span><\/p>\n<p><iframe loading=\"lazy\" title=\"El Tribunal Internacional Monsanto - C\u00f3mo se hizo - versi\u00f3n completa\" src=\"https:\/\/player.vimeo.com\/video\/273564847?dnt=1&amp;app_id=122963\" width=\"660\" height=\"371\" frameborder=\"0\" allow=\"autoplay; fullscreen; picture-in-picture; clipboard-write\"><\/iframe><\/p>\n<p class=\"center\" style=\"text-align: center;\"><span class=\"green\" style=\"font-size: 14pt;\">Para hacer un donativo, haga clic <a href=\"https:\/\/es.monsantotribunal.org\/donate\/\" target=\"_blank\" rel=\"noopener\">aqu\u00ed<\/a>.<\/span><br \/>\n<span style=\"font-size: 14pt;\">\u00a1Gracias por tu apoyo!<\/span><\/p>\n<h2><span style=\"font-size: 18pt;\">Fuente: <a href=\"https:\/\/es.monsantotribunal.org\/\">Tribunal Mon$anto Internacional Informe completo,<\/a> 19 de abril de 2023<\/span><\/h2>\n<div class=\"buckets siderow\" data-col=\"2\" data-linkedtoobjid=\"885779307\">\n<div class=\"col-sm-12 col-md-12 bucket_element_container\" data-linkedtoobjid=\"885779307\" data-objid=\"619996259\" data-typeid=\"4\" data-gridwidth=\"12\">\n<div id=\"div_element_619996259\" class=\"div_render\">\n<div id=\"language-menu\"><span style=\"font-size: 18pt;\"><strong><span class=\"lightgreen bold\"><a href=\"https:\/\/de.monsantotribunal.org\">Deutsch<\/a><\/span> \u00a0 <span class=\"purple bold\"><a href=\"https:\/\/en.monsantotribunal.org\">English<\/a><\/span> \u00a0 <span class=\"lightbrown bold\"><a href=\"https:\/\/fr.monsantotribunal.org\">Fran\u00e7ais<\/a><\/span> \u00a0 <span class=\"lightgreen bold\"><a href=\"https:\/\/nl.monsantotribunal.org\">Nederlands<\/a><\/span> \u00a0 <\/strong><\/span><span class=\"purple bold\"><a href=\"https:\/\/pt.monsantotribunal.org\"><span style=\"font-size: 18pt;\"><strong>Portugu\u00eas<\/strong><\/span><\/a><\/span><\/div>\n<\/div>\n<\/div>\n<\/div>\n<h2><span style=\"font-size: 18pt;\">Editado por <\/span><a href=\"https:\/\/www.lapluma.net\/nosotros\/editora\/\"><span style=\"font-size: 18pt;\">Mar\u00eda Piedad Ossaba<\/span><\/a><\/h2>\n","protected":false},"excerpt":{"rendered":"<p>En este bolet\u00edn: la colaci\u00f3n Stop Glyphosate quiere detener la reautorizaci\u00f3n de este herbicida en la UE, la Comisi\u00f3n Europea responde a la iniciativa ciudadana \u00a1Salvemos a las abejas y a los agricultores!, el ecocidio entra en el terreno jur\u00eddico, etc.<\/p>\n","protected":false},"author":1274,"featured_media":51585,"comment_status":"open","ping_status":"open","sticky":false,"template":"","format":"standard","meta":{"_uf_show_specific_survey":0,"_uf_disable_surveys":false,"footnotes":""},"categories":[9],"tags":[23020,23012,23019,23015,22028,23018,23013,23014],"coauthors":[23021],"class_list":["post-51577","post","type-post","status-publish","format-standard","has-post-thumbnail","hentry","category-economia-de-la-naturaleza","tag-glifosato-monsanto-bayer-colapso-de-la-biodiversidad","tag-glifosato-glyphosate","tag-marie-toussaint","tag-monsanto-internacional","tag-parlement-europeen-parlamento-europeo","tag-reconocimiento-ecocidio-en-la-legislacion","tag-salvemos-las-abejas","tag-tribunal-monsanto"],"translation":{"provider":"WPGlobus","version":"2.12.2","language":"fr","enabled_languages":["es","fr"],"languages":{"es":{"title":true,"content":true,"excerpt":true},"fr":{"title":false,"content":false,"excerpt":false}}},"_links":{"self":[{"href":"https:\/\/www.lapluma.net\/fr\/wp-json\/wp\/v2\/posts\/51577","targetHints":{"allow":["GET"]}}],"collection":[{"href":"https:\/\/www.lapluma.net\/fr\/wp-json\/wp\/v2\/posts"}],"about":[{"href":"https:\/\/www.lapluma.net\/fr\/wp-json\/wp\/v2\/types\/post"}],"author":[{"embeddable":true,"href":"https:\/\/www.lapluma.net\/fr\/wp-json\/wp\/v2\/users\/1274"}],"replies":[{"embeddable":true,"href":"https:\/\/www.lapluma.net\/fr\/wp-json\/wp\/v2\/comments?post=51577"}],"version-history":[{"count":8,"href":"https:\/\/www.lapluma.net\/fr\/wp-json\/wp\/v2\/posts\/51577\/revisions"}],"predecessor-version":[{"id":51622,"href":"https:\/\/www.lapluma.net\/fr\/wp-json\/wp\/v2\/posts\/51577\/revisions\/51622"}],"wp:featuredmedia":[{"embeddable":true,"href":"https:\/\/www.lapluma.net\/fr\/wp-json\/wp\/v2\/media\/51585"}],"wp:attachment":[{"href":"https:\/\/www.lapluma.net\/fr\/wp-json\/wp\/v2\/media?parent=51577"}],"wp:term":[{"taxonomy":"category","embeddable":true,"href":"https:\/\/www.lapluma.net\/fr\/wp-json\/wp\/v2\/categories?post=51577"},{"taxonomy":"post_tag","embeddable":true,"href":"https:\/\/www.lapluma.net\/fr\/wp-json\/wp\/v2\/tags?post=51577"},{"taxonomy":"author","embeddable":true,"href":"https:\/\/www.lapluma.net\/fr\/wp-json\/wp\/v2\/coauthors?post=51577"}],"curies":[{"name":"wp","href":"https:\/\/api.w.org\/{rel}","templated":true}]}}