{"id":51540,"date":"2023-04-18T19:16:20","date_gmt":"2023-04-18T19:16:20","guid":{"rendered":"https:\/\/www.lapluma.net\/?p=51540"},"modified":"2023-04-18T19:37:48","modified_gmt":"2023-04-18T19:37:48","slug":"chile-alimentando-los-bajos-instintos","status":"publish","type":"post","link":"https:\/\/www.lapluma.net\/fr\/2023\/04\/18\/chile-alimentando-los-bajos-instintos\/","title":{"rendered":"Chile: Alimentando los bajos instintos"},"content":{"rendered":"<p style=\"text-align: right;\" align=\"left\"><span style=\"font-size: 14pt;\"><em>\u00bfTodo ha de ser batallas y asperezas, discordia, sangre, fuego, enemistades, odios, rencores, sa\u00f1as y bravezas, desatino, furor, temeridades, rabias, iras, venganzas y fierezas, muertes, destrozos, ri\u00f1as, crueldades; que al mismo Marte ya pondr\u00edan hast\u00edo, agotando un caudal mayor que el m\u00edo?<\/em><\/span><\/p>\n<p style=\"text-align: right;\" align=\"left\"><span style=\"font-size: 14pt;\">\u2014 Alfonso de Ercilla, \u00ab Canto XX \u00bb, La Araucana: Segunda parte. 1578<\/span><\/p>\n<p style=\"text-align: justify;\" align=\"left\"><span style=\"font-size: 14pt;\">Todos los homicidios son abominables y mueven a la compasi\u00f3n. No pasa un segundo de tiempo sin que se produzcan en el mundo todo tipo de cr\u00edmenes, adem\u00e1s de las vidas que se cobran los diversos accidentes y cataclismos. En este sentido, Chile siempre ha sido un pa\u00eds muy expuesto a la muerte ya sea por los fen\u00f3menos naturales que padecemos o por la acci\u00f3n desquiciada de quienes se sienten con derecho a matar.<\/span><\/p>\n<figure id=\"attachment_51543\" aria-describedby=\"caption-attachment-51543\" style=\"width: 600px\" class=\"wp-caption aligncenter\"><img loading=\"lazy\" decoding=\"async\" class=\"wp-image-51543\" src=\"https:\/\/www.lapluma.net\/wp-content\/uploads\/2023\/04\/La-legitimidad-del-uso-de-la-Fuerza.jpg\" alt=\"\" width=\"600\" height=\"336\" \/><figcaption id=\"caption-attachment-51543\" class=\"wp-caption-text\">La legitimidad del uso de la fuerza<\/figcaption><\/figure>\n<p style=\"text-align: justify;\" align=\"left\"><span style=\"font-size: 14pt;\">Nuestra historia constata muchos episodios luctuosos producto de las guerras que hemos emprendido contra pa\u00edses hermanos, por la codicia de quienes se han apoderado de nuestras riquezas naturales y, sobre todo, debido a la acci\u00f3n de las fuerzas armadas y policiales siempre mucho m\u00e1s preocupadas de velar por la \u201cseguridad\u201d interna que protegernos de los potenciales enemigos externos.<\/span><\/p>\n<p style=\"text-align: justify;\" align=\"left\"><span style=\"font-size: 14pt;\">Alguien podr\u00eda hacer un contraste entre el n\u00famero de civiles ultimados por militares y carabineros y los uniformados que han ca\u00eddo a causa de la acci\u00f3n delictual, calificativo con el cual se tilda a quienes hacen uso de las armas, las que en Chile por ley est\u00e1n reservadas para uso exclusivo de los agentes del Estado. Chilenos que por muchos miles han ca\u00eddo durante los sucesivos cuartelazos y reg\u00edmenes dictatoriales que registra nuestra historia. Campesinos, mineros y trabajadores por doquier acribillados en las que se denominan \u201cmasacres\u201d, a los cuales cotidianamente hay que sumar a los mapuches y pueblos originarios, como a quienes se sublevan contra el llamado \u201cestado de derecho\u201d, en reclamo por sus derechos conculcados. O \u201catenten contra el orden establecido\u201d que en lo fundamental se propone garantizar la propiedad y la integridad de los grupos dominantes del pa\u00eds.<\/span><\/p>\n<figure id=\"attachment_51542\" aria-describedby=\"caption-attachment-51542\" style=\"width: 600px\" class=\"wp-caption aligncenter\"><img loading=\"lazy\" decoding=\"async\" class=\"wp-image-51542\" src=\"https:\/\/www.lapluma.net\/wp-content\/uploads\/2023\/04\/Delincuencia-820x461-1-300x169.jpeg\" alt=\"\" width=\"600\" height=\"337\" srcset=\"https:\/\/www.lapluma.net\/wp-content\/uploads\/2023\/04\/Delincuencia-820x461-1-300x169.jpeg 300w, https:\/\/www.lapluma.net\/wp-content\/uploads\/2023\/04\/Delincuencia-820x461-1-768x432.jpeg 768w, https:\/\/www.lapluma.net\/wp-content\/uploads\/2023\/04\/Delincuencia-820x461-1.jpeg 820w\" sizes=\"auto, (max-width: 600px) 100vw, 600px\" \/><figcaption id=\"caption-attachment-51542\" class=\"wp-caption-text\">Imagen Juan Pablo C\u00e1rdenas S.<\/figcaption><\/figure>\n<p style=\"text-align: justify;\" align=\"left\"><span style=\"font-size: 14pt;\">Ver los noticiarios de la televisi\u00f3n en estos d\u00edas sirve para comprobar que los canales al un\u00edsono dedican la mayor parte de estos espacios a la lucha contra el crimen organizado como al hero\u00edsmo de los polic\u00edas que lo combate. Tanto as\u00ed que en las \u00faltimas semanas las dos ramas legislativas, como el propio Gobierno, han volcado casi por entero sus agendas a dictar leyes que le den mayores facultades a polic\u00edas y militares para usar sus armas de fuego, prestos a disparar en caso de que sus vidas sean amenazadas. Al tiempo de garantizarles la continuidad en sus funciones mientras la justicia, y no el sentido com\u00fan o la flagrancia, demuestren que han cometido abusos. Vivimos en un momento en que solo son h\u00e9roes los uniformados muertos al tiempo que se legitima la delaci\u00f3n para detener y condenar a sus presuntos infractores.<\/span><\/p>\n<p style=\"text-align: justify;\" align=\"left\"><span style=\"font-size: 14pt;\">Hemos llegado en pocos d\u00edas a que los \u201cagentes del orden\u201d cuenten con las mismas garant\u00edas y armas letales de los polic\u00edas estadounidenses que tienen licencia para matar a j\u00f3venes, especialmente si son negros y pobres. De esta forma los pol\u00edticos populistas y los periodistas m\u00e1s ignorantes aseguran su exhibici\u00f3n p\u00fablica e ingresos alimentando los m\u00e1s bajos instintos de la poblaci\u00f3n.<\/span><\/p>\n<p style=\"text-align: justify;\" align=\"left\"><span style=\"font-size: 14pt;\">Al Director General de Carabineros, actor principal\u00edsimo en todos los canales de la televisi\u00f3n abierta, poco le falta echar humo por su boca, ojos y nariz para referirse a los que detienen y sindican como delincuentes sin aceptar presunci\u00f3n de inocencia alguna o esperar lo que resuelvan los tribunales de justicia. Lo que mucho le sirve para ocultar los esc\u00e1ndalos, malversaciones y otros abusos cometidos por la oficialidad policial, en los que \u00e9l mismo podr\u00eda resultar imputado. Sus declaraciones diarias desprecian abiertamente la obediencia que le deben al Ejecutivo, cuanto su propio juramento de no ser deliberantes. Una actitud muy validada ahora por una naci\u00f3n que ubica a gobernantes, parlamentarios y pol\u00edticos en general en los m\u00e1s bajos pelda\u00f1os del prestigio y la credibilidad.<\/span><\/p>\n<p style=\"text-align: justify;\" align=\"left\"><span style=\"font-size: 14pt;\">Debemos reconocerlo: por el bajo nivel de instrucci\u00f3n de la poblaci\u00f3n, como su empobrecido esp\u00edritu c\u00edvico (lacras heredadas ciertamente de la Dictadura y la posdictadura) ya se han hecho recurrentes la discriminaci\u00f3n racial y social, gracias a las que se sindica ligeramente como delincuentes a los j\u00f3venes de las poblaciones marginales y a los inmigrantes. Una xenofobia irresponsable y cobarde al grado de que provocan muchos linchamientos de la propia poblaci\u00f3n contra venezolanos, bolivianos, haitianos y otros que ya no pueden creer en eso de que somos un pa\u00eds hospitalario o un verdadero \u201casilo contra la opresi\u00f3n\u201d seg\u00fan reza nuestro Himno Patrio.<\/span><\/p>\n<figure id=\"attachment_51545\" aria-describedby=\"caption-attachment-51545\" style=\"width: 600px\" class=\"wp-caption aligncenter\"><img loading=\"lazy\" decoding=\"async\" class=\"wp-image-51545\" src=\"https:\/\/www.lapluma.net\/wp-content\/uploads\/2023\/04\/boric-visito-Frontera-norte-de-Chile.jpg-300x169.webp\" alt=\"\" width=\"600\" height=\"338\" srcset=\"https:\/\/www.lapluma.net\/wp-content\/uploads\/2023\/04\/boric-visito-Frontera-norte-de-Chile.jpg-300x169.webp 300w, https:\/\/www.lapluma.net\/wp-content\/uploads\/2023\/04\/boric-visito-Frontera-norte-de-Chile.jpg-768x432.webp 768w, https:\/\/www.lapluma.net\/wp-content\/uploads\/2023\/04\/boric-visito-Frontera-norte-de-Chile.jpg.webp 800w\" sizes=\"auto, (max-width: 600px) 100vw, 600px\" \/><figcaption id=\"caption-attachment-51545\" class=\"wp-caption-text\">B<a href=\"https:\/\/www.bbc.com\/mundo\/noticias-america-latina-64994211\">oric visit\u00f3 el mi\u00e9rcoles la frontera norte de Chile<\/a>. Foto Reuters<\/figcaption><\/figure>\n<p style=\"text-align: justify;\" align=\"left\"><span style=\"font-size: 14pt;\">En la pol\u00edtica van desarticul\u00e1ndose las propuestas de cambio y justicia social. La derecha, hasta hace unos pocos meses pr\u00e1cticamente abatida, hoy adquiere vigor en las encuestas y promete nuevos triunfos electorales sobre todo en favor de sus representantes m\u00e1s vociferantes, extremistas y demagogos. De la misma forma en que las izquierdas se deslindan del Estallido Social, renuncian o morigeran sus propuestas program\u00e1ticas y no logran escapar a la presi\u00f3n que les hace la clase empresarial a objeto de que el Gobierno de Boric renuncie a su programa y se allane a una nueva Constituci\u00f3n que solo le haga retoques cosm\u00e9ticos a la que nos legara Pinochet. Propuesta que ya est\u00e1 \u201ccocinada\u201d entre gallos y medianoche por el conjunto de las c\u00fapulas partidarias, aunque citen al pa\u00eds a un simulacro democr\u00e1tico para elegir en mayo a un grupo de constituyentes ya santiguados por el Poder Legislativo.<\/span><\/p>\n<p style=\"text-align: justify;\" align=\"left\"><span style=\"font-size: 14pt;\">Si siempre se ha sospechado de la falta de idoneidad de las dirigencias pol\u00edticas, hoy este sentimiento de ha hecho generalizado, aunque todav\u00eda los encuestadores no se dispongan a reconocer que la mayor\u00eda de los chilenos ya poco les importa una democracia que no resuelve las demandas populares y, que m\u00e1s bien propicien un nuevo gobierno autoritario, ahora que los uniformados est\u00e1n en la c\u00faspide del prestigio popular.<\/span><\/p>\n<p style=\"text-align: justify;\" align=\"left\"><span style=\"font-size: 14pt;\">No cabe duda que la derecha y el golpismo est\u00e1n cobrando br\u00edos y que, bajo el pretexto de la inseguridad social, fen\u00f3meno innegable aunque exacerbado, los haga retornar a la Moneda. En una amnesia colectiva respecto de que las m\u00e1s poderosas y sanguinarias dictaduras siempre han tenido como promesa de la seguridad popular, el \u201corden\u201d p\u00fablico y la prensa maniatada.<\/span><\/p>\n<h2><span style=\"font-size: 18pt;\">Juan Carlos C\u00e1rdenas S. para La Pluma<\/span><\/h2>\n<h2><span style=\"font-size: 18pt;\">Editado por <a href=\"https:\/\/www.lapluma.net\/nosotros\/editora\/\">Mar\u00eda Piedad Ossaba<\/a><\/span><\/h2>\n<h2><span style=\"font-size: 18pt;\">Fuente: <a href=\"http:\/\/juanpablocardenas.cl\/\">Pol\u00edtica y Utupia Blog<\/a> \/<a href=\"https:\/\/madmimi.com\/p\/cce7161?pact=4597120-172960529-4158025400-ae165c6baf8b140943617e448868858f63e1ef11\">Politika<\/a>, 18 de abril de 2023<\/span><\/h2>\n","protected":false},"excerpt":{"rendered":"<p>No cabe duda que la derecha y el golpismo est\u00e1n cobrando br\u00edos y que, bajo el pretexto de la inseguridad social, fen\u00f3meno innegable aunque exacerbado, los haga retornar a la Moneda. En una amnesia colectiva respecto de que las m\u00e1s poderosas y sanguinarias dictaduras siempre han tenido como promesa de la seguridad popular, el \u201corden\u201d p\u00fablico y la prensa maniatada.<\/p>\n","protected":false},"author":750,"featured_media":51544,"comment_status":"open","ping_status":"open","sticky":false,"template":"","format":"standard","meta":{"_uf_show_specific_survey":0,"_uf_disable_surveys":false,"footnotes":""},"categories":[5],"tags":[16261,23005],"coauthors":[11477],"class_list":["post-51540","post","type-post","status-publish","format-standard","has-post-thumbnail","hentry","category-editoriales-y-opiniones","tag-gabriel-boric","tag-homicidios-delincuencia-violencia"],"translation":{"provider":"WPGlobus","version":"2.12.2","language":"fr","enabled_languages":["es","fr"],"languages":{"es":{"title":true,"content":true,"excerpt":true},"fr":{"title":false,"content":false,"excerpt":false}}},"_links":{"self":[{"href":"https:\/\/www.lapluma.net\/fr\/wp-json\/wp\/v2\/posts\/51540","targetHints":{"allow":["GET"]}}],"collection":[{"href":"https:\/\/www.lapluma.net\/fr\/wp-json\/wp\/v2\/posts"}],"about":[{"href":"https:\/\/www.lapluma.net\/fr\/wp-json\/wp\/v2\/types\/post"}],"author":[{"embeddable":true,"href":"https:\/\/www.lapluma.net\/fr\/wp-json\/wp\/v2\/users\/750"}],"replies":[{"embeddable":true,"href":"https:\/\/www.lapluma.net\/fr\/wp-json\/wp\/v2\/comments?post=51540"}],"version-history":[{"count":5,"href":"https:\/\/www.lapluma.net\/fr\/wp-json\/wp\/v2\/posts\/51540\/revisions"}],"predecessor-version":[{"id":51602,"href":"https:\/\/www.lapluma.net\/fr\/wp-json\/wp\/v2\/posts\/51540\/revisions\/51602"}],"wp:featuredmedia":[{"embeddable":true,"href":"https:\/\/www.lapluma.net\/fr\/wp-json\/wp\/v2\/media\/51544"}],"wp:attachment":[{"href":"https:\/\/www.lapluma.net\/fr\/wp-json\/wp\/v2\/media?parent=51540"}],"wp:term":[{"taxonomy":"category","embeddable":true,"href":"https:\/\/www.lapluma.net\/fr\/wp-json\/wp\/v2\/categories?post=51540"},{"taxonomy":"post_tag","embeddable":true,"href":"https:\/\/www.lapluma.net\/fr\/wp-json\/wp\/v2\/tags?post=51540"},{"taxonomy":"author","embeddable":true,"href":"https:\/\/www.lapluma.net\/fr\/wp-json\/wp\/v2\/coauthors?post=51540"}],"curies":[{"name":"wp","href":"https:\/\/api.w.org\/{rel}","templated":true}]}}