{"id":5114,"date":"2019-01-09T17:00:25","date_gmt":"2019-01-09T17:00:25","guid":{"rendered":"http:\/\/www.lapluma.net\/?p=5114"},"modified":"2019-01-09T17:00:25","modified_gmt":"2019-01-09T17:00:25","slug":"gilets-jaunes-edouard-philippe-manie-le-baton-et-oublie-la-carotte","status":"publish","type":"post","link":"https:\/\/www.lapluma.net\/fr\/2019\/01\/09\/gilets-jaunes-edouard-philippe-manie-le-baton-et-oublie-la-carotte\/","title":{"rendered":"Gilets jaunes. \u00c9douard Philippe manie le b\u00e2ton et oublie la carotte"},"content":{"rendered":"<p style=\"text-align: justify;\"><span style=\"font-size: 12pt;\"><img loading=\"lazy\" decoding=\"async\" class=\"wp-image-5038 alignleft\" src=\"http:\/\/www.lapluma.net\/wp-content\/uploads\/2019\/01\/huma-mini-300x82.jpg\" sizes=\"auto, (max-width: 249px) 100vw, 249px\" srcset=\"http:\/\/www.lapluma.net\/wp-content\/uploads\/2019\/01\/huma-mini-300x82.jpg 300w, http:\/\/www.lapluma.net\/wp-content\/uploads\/2019\/01\/huma-mini.jpg 302w\" alt=\"\" width=\"249\" height=\"68\" \/>Le terrain avait \u00e9t\u00e9 soigneusement pr\u00e9par\u00e9 depuis les v\u0153ux aux Fran\u00e7ais d\u2019Emmanuel Macron le 31 d\u00e9cembre, o\u00f9 le pr\u00e9sident a d\u00e9nonc\u00e9, sans nommer les gilets jaunes, les \u00ab\u2009porte-voix d\u2019une foule haineuse\u2009\u00bb. Apr\u00e8s l\u2019acte VIII des gilets jaunes, et se situant dans la perspective d\u2019un acte IX samedi prochain, le premier ministre, \u00c9douard Philippe, a jou\u00e9 du b\u00e2ton sans la carotte. S\u2019il distingue les manifestants des casseurs, ce sont tous ceux qui d\u00e9filent qui sont vis\u00e9s par le durcissement de l\u2019arsenal r\u00e9pressif. Le visage dissimul\u00e9 dans la rue, y compris avec un masque contre les lacrymog\u00e8nes\u2009? Un d\u00e9lit bient\u00f4t, et non plus une simple contravention. Toute manifestation non d\u00e9clar\u00e9e verra les peines alourdies pour ceux identifi\u00e9s comme organisateurs et participants. Enfin, d\u00e8s f\u00e9vrier, le gouvernement compte instaurer un fichier d\u2019interdits de manifestation, sans dire clairement sur quelle base\u2009: des personnes condamn\u00e9es, comme pour le fichier des ultras interdits de stade, ou sur la base de la seule suspicion, comme pour les assign\u00e9s \u00e0 r\u00e9sidence, emp\u00each\u00e9s de se mobiliser contre des projets comme Notre-Dame-des-Landes\u2009?<\/span><\/p>\n<p style=\"text-align: center;\"><img loading=\"lazy\" decoding=\"async\" class=\"aligncenter\" title=\"\" src=\"https:\/\/www.humanite.fr\/sites\/default\/files\/styles\/1048x350\/public\/images\/62822.HR.jpg?itok=i-JNePuX\" alt=\"hier soir sur TF1, Gilles Bouleau d\u00e9passe clairement son r\u00f4le de pr\u00e9sentateur et relance \u00c9douard Philippe, pour plus de fermet\u00e9 \u00e0 l\u2019\u00e9gard des manifestations des gilets jaunes. \u00e9ric Feferber\/Pool\/AFP\n\" width=\"675\" height=\"290\" \/><strong>Hier soir sur TF1, Gilles Bouleau d\u00e9passe clairement son r\u00f4le de pr\u00e9sentateur et relance \u00c9douard Philippe, pour plus de fermet\u00e9 \u00e0 l\u2019\u00e9gard des manifestations des gilets jaunes. \u00e9ric Feferber\/Pool\/AFP<\/strong><\/p>\n<div class=\"ds-1col node node-article node-promoted node-rubrique-politique article-payant-img rubrique-politique view-mode-full clearfix\">\n<div class=\"group-zone-article field-group-div\">\n<div class=\"group-ft-header-node-article field-group-div\">\n<div class=\"group-texte-long field-group-div\">\n<div class=\"group-pool-cache field-group-div\">\n<div class=\"field field-name-field-news-text field-type-text-long field-label-hidden\">\n<div class=\"field-items\">\n<div class=\"field-item even\">\n<h2 class=\"IT\" style=\"text-align: justify;\"><span style=\"font-size: 12pt;\">Le premier ministre s\u2019en tient \u00e0 une r\u00e9ponse s\u00e9curitaire<\/span><\/h2>\n<p class=\"TX\" style=\"text-align: justify;\"><span style=\"font-size: 12pt;\">Le dispositif policier retrouvera samedi prochain son niveau de mi-d\u00e9cembre, \u00e0 savoir pr\u00e8s de 80\u2009000\u00a0policiers et gendarmes dans toute la France, a pr\u00e9cis\u00e9 le premier ministre, assurant que les manifestants violents n\u2019auraient \u00ab\u2009pas le dernier mot\u2009\u00bb. Vendredi d\u00e9j\u00e0, avant l\u2019acte\u00a0VIII, l\u2019ex\u00e9cutif qualifie le mouvement d\u2019\u00ab\u2009agitateurs\u2009\u00bb voulant \u00ab\u2009renverser le gouvernement\u2009\u00bb. De ce moment o\u00f9 sa faiblesse est \u00e9vidente, le pouvoir veut la retourner en une force, en s\u2019appuyant sur la \u00ab\u2009l\u00e9gitime violence\u2009\u00bb de l\u2019\u00c9tat pour retrouver une assise politique. Laurent Wauquiez, le pr\u00e9sident des \u00ab\u2009R\u00e9publicains\u2009\u00bb, regrette toutefois des annonces \u00ab\u2009sans efficacit\u00e9 imm\u00e9diate. C\u2019est tout de suite qu\u2019il faut r\u00e9tablir l\u2019ordre\u2009\u00bb, estime-t-il, invoquant l\u2019\u00e9tat d\u2019urgence. Le secr\u00e9taire national du PCF, Fabien Roussel, a r\u00e9agi rapidement\u2009: \u00ab\u2009Le premier ministre promet plus d\u2019arrestation\u2009? On veut plus de pouvoir d\u2019achat\u2009!\u2009\u00bb \u00ab\u20098\u00a0week-ends successifs de mobilisation, des dizaines de milliers de personnes qui battaient le pav\u00e9 encore samedi dernier\u2026 et le premier ministre s\u2019en tient \u00e0 une r\u00e9ponse s\u00e9curitaire. Absurde\u2009\u00bb, a \u00e9galement tweet\u00e9 Ian Brossat, t\u00eate de liste du PCF aux \u00e9lections europ\u00e9ennes. M\u00eame tonalit\u00e9 du c\u00f4t\u00e9 de la d\u00e9put\u00e9e FI Cl\u00e9mentine Autain, qui qualifie l\u2019intervention d\u2019\u00c9douard Philippe d\u2019\u00ab\u2009hallucinante\u2009\u00bb, d\u00e9non\u00e7ant des annonces focalis\u00e9es sur les \u00ab\u2009casseurs\u2009\u00bb. \u00ab\u2009Pour le reste, les millions de Fran\u00e7ais\u2009? Circulez, il n\u2019y a rien \u00e0 voir\u2009\u00bb, ajoute-t-elle.<\/span><\/p>\n<p class=\"TX\" style=\"text-align: justify;\"><span style=\"font-size: 12pt;\">\u00ab\u2009Face \u00e0 l\u2019ultraviolence, il faut de l\u2019ultras\u00e9v\u00e9rit\u00e9, et il faut que cela cesse\u2009\u00bb, plaidait encore le ministre de l\u2019Action et des Comptes publics, G\u00e9rald Darmanin, hier matin sur RTL. Tout \u00e9tait d\u00e9j\u00e0 fin pr\u00eat pour que le premier ministre sorte de son silence, face \u00e0 un journaliste regrettant le faible nombre des condamnations intervenues. \u00c9douard Philippe a m\u00eame pu entonner le couplet de la s\u00e9paration des pouvoirs tout en insistant sur les \u00ab\u20095\u2009600\u00a0gardes \u00e0 vue\u2009\u00bb et \u00ab\u2009plus de 1\u2009000\u00a0condamnations\u2009\u00bb enregistr\u00e9es depuis le d\u00e9but du mouvement.<\/span><\/p>\n<p class=\"TX\" style=\"text-align: justify;\"><span style=\"font-size: 12pt;\">Au d\u00e9but du quinquennat, l\u2019ex\u00e9cutif s\u2019\u00e9tait d\u00e9j\u00e0 illustr\u00e9 en la mati\u00e8re avec l\u2019adoption de la loi de \u00ab\u2009lutte contre le terrorisme et de s\u00e9curit\u00e9 int\u00e9rieure\u2009\u00bb, controvers\u00e9e du fait de ses aspects liberticides. Et la majorit\u00e9 ne manque pas de ressources. Si \u00c9douard Philippe n\u2019en a pas dit mot, son ministre de l\u2019Int\u00e9rieur a pris soin d\u2019annoncer, un peu plus t\u00f4t lors de ses v\u0153ux aux forces de l\u2019ordre, une future loi d\u2019orientation et de programmation pour la s\u00e9curit\u00e9 afin de \u00ab\u2009fixer la vision \u00e0 long terme de notre politique de s\u00e9curit\u00e9 int\u00e9rieure\u2009\u00bb. Le premier ministre a refus\u00e9 n\u00e9anmoins une demande des policiers\u2009: le placement sous mandat de d\u00e9p\u00f4t des personnes condamn\u00e9es \u00e0 de la prison ferme pour des violences en marge de manifestations, signifiant leur envoi en maison d\u2019arr\u00eat d\u00e8s leur condamnation.<\/span><\/p>\n<p class=\"TX\" style=\"text-align: justify;\"><span style=\"font-size: 12pt;\">La proposition d\u2019un fichier des interdits de manifester \u00e9mane, elle, de la droite s\u00e9natoriale. Le 23 octobre dernier, le pr\u00e9sident du groupe des s\u00e9nateurs LR, Bruno Retailleau, voulait \u00ab\u2009casser les casseurs\u2009\u00bb. \u00c9douard Philippe la reprend d\u00e9sormais \u00e0 son compte, et la pr\u00e9sentera d\u00e9but f\u00e9vrier \u00e0 l\u2019Assembl\u00e9e. Piquant de l\u2019histoire, les s\u00e9nateurs LaREM avaient alors vot\u00e9 contre. Le gouvernement, par la voix de Laurent Nunez, avait \u00e9galement donn\u00e9 un avis d\u00e9favorable. Avant de se rallier aujourd\u2019hui \u00e0 la proposition de la droite.<\/span><\/p>\n<\/div>\n<\/div>\n<\/div>\n<div class=\"field field-name-field-news-auteur-nom-trias field-type-text field-label-hidden\">\n<div class=\"field-items\">\n<div class=\"group-image field-group-div\"><span style=\"font-size: 12pt;\"><strong>Julia Hamlaoui, Olivier Morin et Lionel Venturin<\/strong><\/span><\/div>\n<div>\n<div><\/div>\n<div class=\"voiraussi interne\"><span style=\"font-size: 12pt;\"><strong>Edit\u00e9 par <a href=\"http:\/\/www.lapluma.net\/fr\/nosotros\/editora\/\">Mar\u00eda Piedad Ossaba<\/a><\/strong><\/span><\/div>\n<\/div>\n<div><\/div>\n<div><span style=\"font-size: 12pt;\"><strong>Source: <a href=\"https:\/\/www.humanite.fr\/gouvernement-edouard-philippe-manie-le-baton-et-oublie-la-carotte-666079\">l&rsquo;Humanit\u00e9<\/a>, le \/ janvier 2019<\/strong><\/span><\/div>\n<\/div>\n<\/div>\n<\/div>\n<\/div>\n<\/div>\n<\/div>\n<div class=\"field field-name-publicit-ligatus-zone-contenu field-type-ds field-label-hidden\">\n<div class=\"field-items\">\n<div class=\"field-item even\">\n<div id=\"block-block-3\" class=\"block block-block even\">\n<div class=\"block-wrapper\">\n<div id=\"ligatus_humanite_smartbox\">\n<div id=\"ligatusframe_96556_6029\">\n<div id=\"ligatus_ad_96556_6029\" class=\"ad_wrapper_96556_6029\" lang=\"fr\">\n<div id=\"ad_header_96556_6029\">\n<div class=\"ad_headertext_96556_6029\"><\/div>\n<p><a id=\"ad_brandingtext_96556_6029\" href=\"http:\/\/self-booking.ligatus.com\/?utm_source=ligatus-de&amp;utm_medium=placement&amp;utm_content=text&amp;utm_campaign=branding\" target=\"_blank\" rel=\"nofollow noopener\"><\/a> <a id=\"ad_brandinglogo_96556_6029\" href=\"http:\/\/self-booking.ligatus.com\/?utm_source=ligatus-de&amp;utm_medium=placement&amp;utm_content=logo&amp;utm_campaign=branding\" target=\"_blank\" rel=\"nofollow noopener\"><\/a><\/div>\n<div class=\"content_wrapper_96556_6029\">\n<div class=\"content_header_96556_6029\"><\/div>\n<div class=\"slot_wrapper_96556_6029\">\n<div id=\"slot0\" class=\"slot_96556_6029 ligatus_cuc_cmp tracker_96556_6029 \">\n<div class=\"img_96556_6029 ligatus_cuc_img\"><\/div>\n<\/div>\n<\/div>\n<\/div>\n<\/div>\n<\/div>\n<\/div>\n<\/div>\n<\/div>\n<\/div>\n<\/div>\n<\/div>\n<\/div>\n","protected":false},"excerpt":{"rendered":"<p>Avec un ton moins martial qu\u2019Emmanuel Macron, le premier ministre a d\u00e9livr\u00e9, lundi soir sur TF1, un message s\u00e9curitaire devenu strat\u00e9gie de l\u2019ex\u00e9cutif face au mouvement des gilets jaunes.<\/p>\n","protected":false},"author":289,"featured_media":5115,"comment_status":"open","ping_status":"open","sticky":false,"template":"","format":"standard","meta":{"_uf_show_specific_survey":0,"_uf_disable_surveys":false,"footnotes":""},"categories":[218],"tags":[438,299,1560,1792,2555,2554,2553],"coauthors":[2551],"class_list":["post-5114","post","type-post","status-publish","format-standard","has-post-thumbnail","hentry","category-monde","tag-douce-france","tag-france","tag-gilets-jaunes","tag-macronia","tag-mouvement-social","tag-vioilences-policiers","tag-violences-contra-la-police"],"translation":{"provider":"WPGlobus","version":"2.12.2","language":"fr","enabled_languages":["es","fr"],"languages":{"es":{"title":true,"content":false,"excerpt":false},"fr":{"title":true,"content":true,"excerpt":true}}},"_links":{"self":[{"href":"https:\/\/www.lapluma.net\/fr\/wp-json\/wp\/v2\/posts\/5114","targetHints":{"allow":["GET"]}}],"collection":[{"href":"https:\/\/www.lapluma.net\/fr\/wp-json\/wp\/v2\/posts"}],"about":[{"href":"https:\/\/www.lapluma.net\/fr\/wp-json\/wp\/v2\/types\/post"}],"author":[{"embeddable":true,"href":"https:\/\/www.lapluma.net\/fr\/wp-json\/wp\/v2\/users\/289"}],"replies":[{"embeddable":true,"href":"https:\/\/www.lapluma.net\/fr\/wp-json\/wp\/v2\/comments?post=5114"}],"version-history":[{"count":2,"href":"https:\/\/www.lapluma.net\/fr\/wp-json\/wp\/v2\/posts\/5114\/revisions"}],"predecessor-version":[{"id":5117,"href":"https:\/\/www.lapluma.net\/fr\/wp-json\/wp\/v2\/posts\/5114\/revisions\/5117"}],"wp:featuredmedia":[{"embeddable":true,"href":"https:\/\/www.lapluma.net\/fr\/wp-json\/wp\/v2\/media\/5115"}],"wp:attachment":[{"href":"https:\/\/www.lapluma.net\/fr\/wp-json\/wp\/v2\/media?parent=5114"}],"wp:term":[{"taxonomy":"category","embeddable":true,"href":"https:\/\/www.lapluma.net\/fr\/wp-json\/wp\/v2\/categories?post=5114"},{"taxonomy":"post_tag","embeddable":true,"href":"https:\/\/www.lapluma.net\/fr\/wp-json\/wp\/v2\/tags?post=5114"},{"taxonomy":"author","embeddable":true,"href":"https:\/\/www.lapluma.net\/fr\/wp-json\/wp\/v2\/coauthors?post=5114"}],"curies":[{"name":"wp","href":"https:\/\/api.w.org\/{rel}","templated":true}]}}