{"id":50981,"date":"2023-04-07T01:11:01","date_gmt":"2023-04-07T01:11:01","guid":{"rendered":"https:\/\/www.lapluma.net\/?p=50981"},"modified":"2023-04-07T01:13:20","modified_gmt":"2023-04-07T01:13:20","slug":"la-maldicion-neoliberal-que-azota-a-ecuador-un-banquero-presidente-llamado-a-juicio-politico-por-corrupcion-que-tiene-sumido-al-pais-en-colapso-institucional","status":"publish","type":"post","link":"https:\/\/www.lapluma.net\/fr\/2023\/04\/07\/la-maldicion-neoliberal-que-azota-a-ecuador-un-banquero-presidente-llamado-a-juicio-politico-por-corrupcion-que-tiene-sumido-al-pais-en-colapso-institucional\/","title":{"rendered":"La maldici\u00f3n neoliberal que azota a Ecuador: un banquero-presidente llamado a juicio pol\u00edtico por corrupci\u00f3n que tiene sumido al pa\u00eds en colapso institucional"},"content":{"rendered":"<p style=\"text-align: justify;\"><span style=\"font-size: 14pt;\">Lo que est\u00e1 pasando en Ecuador es digno de una pel\u00edcula de Hollywood. Suspenso, drama, acci\u00f3n. La maldici\u00f3n neoliberal que azota al pa\u00eds sudamericano desde la llegada del cuestionado y <a href=\"https:\/\/cronicon.net\/wp\/crisis-organica-del-estado-colapso-del-gobierno-neoliberal-y-erosion-democratica-en-ecuador\/\">deslegitimado banquero Guillermo Lasso Mendoza al poder<\/a>, tiene un nuevo cap\u00edtulo. Uno que podr\u00eda cambiar por completo, el destino del mandatario neoliberal que ha sumido a la naci\u00f3n en un completo colapso institucional.<\/span><\/p>\n<p><iframe loading=\"lazy\" title=\"El hombre que pudo hundir a Lasso, fue ultimado! Ecuador a punto de colapsar!\" width=\"660\" height=\"371\" src=\"https:\/\/www.youtube.com\/embed\/loEUr6UWPK4?feature=oembed\" frameborder=\"0\" allow=\"accelerometer; autoplay; clipboard-write; encrypted-media; gyroscope; picture-in-picture; web-share\" referrerpolicy=\"strict-origin-when-cross-origin\" allowfullscreen><\/iframe><\/p>\n<h2><span style=\"font-size: 18pt;\"><strong>Juicio pol\u00edtico y armas de fuego<\/strong><\/span><\/h2>\n<p style=\"text-align: justify;\"><span style=\"font-size: 14pt;\">Es bastante sintom\u00e1tico que el Ecuador desde 2018 hasta hoy, se haya hundido en una ola de violencia que parecer\u00eda ocultar un gui\u00f3n procesado por centros de poder dentro y fuera de las fronteras. Un gui\u00f3n transnacional que sume a los territorios en una violencia funcional, podr\u00edamos decir, en consonancia con la necesidad de coerci\u00f3n social que todo gobierno despliega mientras ejerce la administraci\u00f3n de los estados.<\/span><\/p>\n<p><img loading=\"lazy\" decoding=\"async\" class=\"aligncenter wp-image-50983\" src=\"https:\/\/www.lapluma.net\/wp-content\/uploads\/2023\/04\/Lasso-300x300.jpg\" alt=\"\" width=\"600\" height=\"599\" srcset=\"https:\/\/www.lapluma.net\/wp-content\/uploads\/2023\/04\/Lasso-300x300.jpg 300w, https:\/\/www.lapluma.net\/wp-content\/uploads\/2023\/04\/Lasso-150x150.jpg 150w, https:\/\/www.lapluma.net\/wp-content\/uploads\/2023\/04\/Lasso.jpg 680w\" sizes=\"auto, (max-width: 600px) 100vw, 600px\" \/><\/p>\n<p>&nbsp;<\/p>\n<p style=\"text-align: justify;\"><span style=\"font-size: 14pt;\">Cuando la olla de presi\u00f3n gubernamental est\u00e1 a punto de estallar, como en Ecuador verbigracia, asoma su Presidente y en un arranque de desesperaci\u00f3n y abuso, facilita el uso de armas a los ciudadanos de m\u00e1s de veinticinco a\u00f1os. Una parte del pa\u00eds brama de j\u00fabilo en las redes virtuales; mientras la gran mayor\u00eda recuerda que el ojo por ojo y diente por diente fue una f\u00e1bula del antiguo testamento; pero que hoy se la intenta aplicar para resguardar la torpeza de quienes mandan siempre pensando en la impunidad.<\/span><\/p>\n<p style=\"text-align: justify;\"><span style=\"font-size: 14pt;\">No sorprende, entonces, que en medio de la desolaci\u00f3n y el miedo que sufre nuestro pa\u00eds se acuda a unas medidas para ralentizar lo que es competencia del Ejecutivo: practicar la pol\u00edtica sin ambages. El mismo mandatario ha dicho, en <a href=\"http:\/\/bitly.ws\/CttS\">una de sus alocuciones m\u00e1s vergonzosas<\/a>, que la pol\u00edtica no le preocupa al ciudadano com\u00fan sino la violencia y los desastres naturales; adem\u00e1s de sentirse herido por el <em>\u201casesinato a su re-pu-ta-ci\u00f3n\u201d<\/em> por parte de una oposici\u00f3n sin freno. \u00a1Qu\u00e9 cinismo! \u00bfEl dolor del pueblo o la <em>re-pu-ta-ci\u00f3n<\/em>, en tela de duda, por cierto, del comandante en jefe?<\/span><\/p>\n<figure id=\"attachment_50984\" aria-describedby=\"caption-attachment-50984\" style=\"width: 615px\" class=\"wp-caption aligncenter\"><img loading=\"lazy\" decoding=\"async\" class=\"wp-image-50984\" src=\"https:\/\/www.lapluma.net\/wp-content\/uploads\/2023\/04\/Lasso3-300x225.jpg\" alt=\"\" width=\"615\" height=\"461\" srcset=\"https:\/\/www.lapluma.net\/wp-content\/uploads\/2023\/04\/Lasso3-300x225.jpg 300w, https:\/\/www.lapluma.net\/wp-content\/uploads\/2023\/04\/Lasso3-1024x768.jpg 1024w, https:\/\/www.lapluma.net\/wp-content\/uploads\/2023\/04\/Lasso3-768x576.jpg 768w, https:\/\/www.lapluma.net\/wp-content\/uploads\/2023\/04\/Lasso3.jpg 1067w\" sizes=\"auto, (max-width: 615px) 100vw, 615px\" \/><figcaption id=\"caption-attachment-50984\" class=\"wp-caption-text\">Ilustraci\u00f3n: Vilmatraca.<\/figcaption><\/figure>\n<figure id=\"attachment_31838\" class=\"wp-caption aligncenter\"><\/figure>\n<p style=\"text-align: justify;\"><span style=\"font-size: 14pt;\">El actual Presidente est\u00e1 en Carondelet gracias a la pol\u00edtica; o a la tergiversaci\u00f3n de la pol\u00edtica cuando se posee dinero -un banco, con la plata de otros- para casi obtener el cargo a trav\u00e9s del triste operativo electoral en que ha devenido la democracia. Desde mayo de 2021 se sabe que su presidencia no responde ni a su capacidad de gobernar -que no la tiene y tampoco le importa- ni a las penurias de la poblaci\u00f3n. Por el contrario, cada d\u00eda vemos c\u00f3mo se aprovecha del Estado para imponer intereses de grupo y de amigos por encima el bien com\u00fan. (Ahora ya ni se disimula la avidez econ\u00f3mica de las elites; porque, entre otras razones, la dictadura medi\u00e1tica legitima que un gobierno ignore la Constituci\u00f3n; o cuando una periodista, en una <a href=\"http:\/\/bitly.ws\/CuWT\">entrevista reciente<\/a>, obvia indagar al Presidente por el crimen horrendo de un fulano muy pr\u00f3ximo a su \u00f3rbita familiar\u2026 e involucrado en un caso que reposa en la Fiscal\u00eda).<\/span><\/p>\n<p style=\"text-align: justify;\"><span style=\"font-size: 14pt;\">\u00bfPor qu\u00e9 a la poblaci\u00f3n no le incumbe la pol\u00edtica se\u00f1or Presidente? \u00bfQuiz\u00e1 porque no intuye que su holgazaner\u00eda de clase le hace trampa, por ejemplo, con su aparici\u00f3n fantasmal en Alaus\u00ed para fingir que gobierna luciendo gorras policiales o militares, cuando en verdad para usted gobernar es un acto de espor\u00e1dica caridad?<\/span><\/p>\n<p style=\"text-align: justify;\"><span style=\"font-size: 14pt;\">\u00bfPor qu\u00e9 a la gente no le concierne la pol\u00edtica se\u00f1or presidente? \u00bfAcaso no vot\u00f3 por usted? \u00bfAcaso la Constituci\u00f3n actual, aunque no le guste, lo obliga a aceptar que la Asamblea Nacional, cumpliendo los pasos procedimentales, le siga un juicio pol\u00edtico justificado? Tal vez usted diga que la Asamblea est\u00e1 desprestigiada\u2026 Pero, \u00bfacaso el Ejecutivo es un templo de oraciones? \u00bfO de operaciones pol\u00edticas <em>non sanctas<\/em>? \u00bfO tal vez le convenga a usted que la Asamblea, parcialmente <em>non sancta<\/em>, tenga muchos <em>\u2018disc\u00edpulos\u2019<\/em> del Ejecutivo que negocian precios por sus votos para salvarlo de la verg\u00fcenza de ser destituido por no hacer pol\u00edtica limpiamente sino por comprar y vender silencios?<\/span><\/p>\n<p><img loading=\"lazy\" decoding=\"async\" class=\"wp-image-41810\" src=\"https:\/\/www.lapluma.net\/wp-content\/uploads\/2022\/08\/Ecuador-Eguez-300x273.jpg\" alt=\"\" width=\"600\" height=\"546\" srcset=\"https:\/\/www.lapluma.net\/wp-content\/uploads\/2022\/08\/Ecuador-Eguez-300x273.jpg 300w, https:\/\/www.lapluma.net\/wp-content\/uploads\/2022\/08\/Ecuador-Eguez-1024x932.jpg 1024w, https:\/\/www.lapluma.net\/wp-content\/uploads\/2022\/08\/Ecuador-Eguez-768x699.jpg 768w, https:\/\/www.lapluma.net\/wp-content\/uploads\/2022\/08\/Ecuador-Eguez.jpg 1170w\" sizes=\"auto, (max-width: 600px) 100vw, 600px\" \/><\/p>\n<h5><span style=\"font-size: 10pt;\">Ilustraci\u00f3n: Pavel \u00c9g\u00fcez.<\/span><\/h5>\n<p>&nbsp;<\/p>\n<p style=\"text-align: justify;\"><span style=\"font-size: 14pt;\">Facultar el uso de las armas a la poblaci\u00f3n civil por el ambiente de violencia generalizada es falaz. (A pesar de la reforma del art\u00edculo 84 de su decreto). Primero: porque exhibe su soledad pol\u00edtica interna, pero hace notar a los cerebros externos; y, segundo: porque las armas traen nuevos tipos de violencia y delitos no tipificados. Portar armas, en estricto rigor, no se convierte en un derecho civil sin m\u00e1s ni m\u00e1s. La dial\u00e9ctica de la violencia es letal cuando solo tiene fines cremat\u00edsticos, ergo, es una violencia funcional al poder, con cr\u00edmenes misteriosos al m\u00e1s alto nivel como el mencionado anteriormente. \u00bfQuiere empujar una conmoci\u00f3n social en estos cuarenta y cinco d\u00edas para, otra vez, hacer trampa y enganchar la <a href=\"https:\/\/www.participacionciudadana.org\/informes\/Analisis_Muerte_Cruzada_2021.pdf\">muerte cruzada<\/a>?<\/span><\/p>\n<p style=\"text-align: justify;\"><span style=\"font-size: 14pt;\">Bien lo sentenciaba un usuario de Twitter: lo suyo es <em>\u201cmuerte cruzada <\/em>(opci\u00f3n que le da la Constituci\u00f3n al Presidente para disolver la Asamblea. Y de igual forma, los legisladores tambi\u00e9n podr\u00edan convocarla para pedir la destituci\u00f3n del mandatario)<em> o cruzada por la muerte\u201d<\/em>. \u00bfNo es usted el que juega con la inestabilidad social?<\/span><\/p>\n<p style=\"text-align: justify;\"><span style=\"font-size: 14pt;\">Se\u00f1or Presidente, la violencia de las armas, propagada por usted y en democracia, es un camino de sangre. No contempla los derechos humanos ni los derechos civiles. Eleva a sospecha a cualquier ciudadano que parezca lo que no es. Pero usted s\u00ed parece lo que es: un mandatario crispado que discrimina a todos en nombre de una supuesta defensa propia. \u00bfUsted sabe que en Estados Unidos el porte de armas no ha acabado con la violencia, el crimen organizado, las pandillas, las mafias o la incertidumbre econ\u00f3mica dom\u00e9stica que forja rencores y desaz\u00f3n moral en la gente m\u00e1s vulnerable? Ni la pena de muerte ha aplacado el crimen. \u00a1Vaya tautolog\u00eda! Pena de muerte y crimen. Creemos que usted es un fiel lector del antiguo testamento, a pesar de que alguien dijo por ah\u00ed que no le gusta leer cosas largas. Pero la <em>lex talionis<\/em> es corta. Se parece a sus armas y a las armas de los otros; o a ese lugar com\u00fan espeluznante que surgi\u00f3 cuando en las penitenciar\u00edas suceden cr\u00edmenes y mutilaciones transmitidos en directo, o sea, ba\u00f1os de sangre inenarrables: <em>\u201cque se maten entre ellos\u201d<\/em>, dicen sin rubor aquellos que est\u00e1n dominados por sus propias violencias ps\u00edquicas.<\/span><\/p>\n<p><img loading=\"lazy\" decoding=\"async\" class=\"wp-image-46321\" src=\"https:\/\/www.lapluma.net\/wp-content\/uploads\/2022\/12\/0001-Lasso-300x196.png\" alt=\"\" width=\"600\" height=\"393\" srcset=\"https:\/\/www.lapluma.net\/wp-content\/uploads\/2022\/12\/0001-Lasso-300x196.png 300w, https:\/\/www.lapluma.net\/wp-content\/uploads\/2022\/12\/0001-Lasso-292x190.png 292w, https:\/\/www.lapluma.net\/wp-content\/uploads\/2022\/12\/0001-Lasso.png 501w\" sizes=\"auto, (max-width: 600px) 100vw, 600px\" \/><\/p>\n<h5 id=\"attachment_27198\" class=\"wp-caption alignnone\" style=\"text-align: center;\"><em><span style=\"font-size: 12pt;\">El desprestigiado banquero-presidente del Ecuador, Guillermo Lasso Mendoza, visto por la aguda pluma de la ilustradora Vilmatraca.<\/span><\/em><\/h5>\n<p style=\"text-align: justify;\"><span style=\"font-size: 14pt;\">Esperamos, se\u00f1or Presidente, que sus medidas no se conviertan en un iceberg. La indistinci\u00f3n entre violencia y violencia pol\u00edtica trae confusiones en el sentido com\u00fan colectivo. Debe entender que el juicio pol\u00edtico no es violencia pol\u00edtica sino un canal constitucional para proteger la institucionalidad que su r\u00e9gimen despedaza a d\u00eda seguido.<\/span><\/p>\n<p style=\"text-align: justify;\"><span style=\"font-size: 14pt;\">Igualmente debe conocer que, en este pa\u00eds, a pesar del atraso mental de sus gobernantes, hay sectores que ya se han pronunciado en contra de sus armas y las armas de los otros. Universidades, especialmente.<\/span><\/p>\n<figure id=\"attachment_50253\" aria-describedby=\"caption-attachment-50253\" style=\"width: 600px\" class=\"wp-caption aligncenter\"><img loading=\"lazy\" decoding=\"async\" class=\"wp-image-50253\" src=\"https:\/\/www.lapluma.net\/wp-content\/uploads\/2023\/03\/Ecuador-Vilmatraca-300x200.jpg\" alt=\"\" width=\"600\" height=\"400\" \/><figcaption id=\"caption-attachment-50253\" class=\"wp-caption-text\">Ilustraci\u00f3n: Vilmatraca.<\/figcaption><\/figure>\n<p style=\"text-align: justify;\"><span style=\"font-size: 14pt;\">No siga el gui\u00f3n dispuesto por tanques de pensamiento \u2013 \u00bfo armas? \u2013 que hipot\u00e9ticamente cuidan su <em>re-pu-ta-ci\u00f3n<\/em>. El Ecuador requiere de tranquilidad para procesar el origen y los efectos de la violencia que lo azota casualmente durante su r\u00e9gimen. Su r\u00e9gimen es violento porque le gustan todas las armas. Las leg\u00edtimas y las ileg\u00edtimas. \u00bfUn ejemplo? La relaci\u00f3n podrida con sus <em>\u2018disc\u00edpulos\u2019<\/em> de la Asamblea. Eso no es democracia.<\/span><\/p>\n<p style=\"text-align: justify;\"><span style=\"font-size: 14pt;\">La gente no quiere armas. Quiere paz. No quiere a un presidente que avala la violencia del diente por diente. Quiere un resquicio l\u00f3gico para salir de un r\u00e9gimen espantosamente violento. Quiere una oportunidad para recuperar la esperanza lejos de las armas de fuego y cerca del fuego de la esperanza.<\/span><\/p>\n<p><img loading=\"lazy\" decoding=\"async\" class=\"aligncenter wp-image-50985\" src=\"https:\/\/www.lapluma.net\/wp-content\/uploads\/2023\/04\/Ecuador-sin-Lasso-300x300.jpg\" alt=\"\" width=\"500\" height=\"500\" srcset=\"https:\/\/www.lapluma.net\/wp-content\/uploads\/2023\/04\/Ecuador-sin-Lasso-300x300.jpg 300w, https:\/\/www.lapluma.net\/wp-content\/uploads\/2023\/04\/Ecuador-sin-Lasso-150x150.jpg 150w, https:\/\/www.lapluma.net\/wp-content\/uploads\/2023\/04\/Ecuador-sin-Lasso.jpg 308w\" sizes=\"auto, (max-width: 500px) 100vw, 500px\" \/><\/p>\n<h2><span style=\"font-size: 18pt;\">Carol Murillo Ruiz<\/span><\/h2>\n<h2><span style=\"font-size: 18pt;\">Editado por <a href=\"https:\/\/www.lapluma.net\/nosotros\/editora\/\">Mar\u00eda Piedad Ossaba<\/a><\/span><\/h2>\n<h2><span style=\"font-size: 18pt;\">Fuebte: <a href=\"https:\/\/cronicon.net\/wp\/la-maldicion-neoliberal-que-azota-a-ecuador-un-banquero-presidente-llamado-a-juicio-politico-por-corrupcion-que-tiene-sumido-al-pais-en-colapso-institucional\/\">Cronic\u00d3n<\/a> \/ <a href=\"https:\/\/rutakritica.org\/juicio-politico-y-armas-de-fuego\/?v=3fd6b696867d\">Ruta Critica<\/a>, 3 de abril de 2023<\/span><\/h2>\n<p>&nbsp;<\/p>\n","protected":false},"excerpt":{"rendered":"<p>La gente no quiere armas. Quiere paz. No quiere a un presidente que avala la violencia del diente por diente. Quiere un resquicio l\u00f3gico para salir de un r\u00e9gimen espantosamente violento. Quiere una oportunidad para recuperar la esperanza lejos de las armas de fuego y cerca del fuego de la esperanza.<\/p>\n","protected":false},"author":1262,"featured_media":50989,"comment_status":"open","ping_status":"open","sticky":false,"template":"","format":"standard","meta":{"_uf_show_specific_survey":0,"_uf_disable_surveys":false,"footnotes":""},"categories":[217],"tags":[22866,22215,22870,11926,22867,22868,1172],"coauthors":[22869],"class_list":["post-50981","post","type-post","status-publish","format-standard","has-post-thumbnail","hentry","category-abya-yala","tag-carol-murillo-ruiz","tag-ecuador-america-latina-y-el-caribe-abya-yala","tag-ecuador-colapso-institucional","tag-guillermo-lasso","tag-juicio-politico-no-es-violencia-politica","tag-maldicion-neoliberal","tag-paz-con-justicia-social"],"translation":{"provider":"WPGlobus","version":"2.12.2","language":"fr","enabled_languages":["es","fr"],"languages":{"es":{"title":true,"content":true,"excerpt":true},"fr":{"title":false,"content":false,"excerpt":false}}},"_links":{"self":[{"href":"https:\/\/www.lapluma.net\/fr\/wp-json\/wp\/v2\/posts\/50981","targetHints":{"allow":["GET"]}}],"collection":[{"href":"https:\/\/www.lapluma.net\/fr\/wp-json\/wp\/v2\/posts"}],"about":[{"href":"https:\/\/www.lapluma.net\/fr\/wp-json\/wp\/v2\/types\/post"}],"author":[{"embeddable":true,"href":"https:\/\/www.lapluma.net\/fr\/wp-json\/wp\/v2\/users\/1262"}],"replies":[{"embeddable":true,"href":"https:\/\/www.lapluma.net\/fr\/wp-json\/wp\/v2\/comments?post=50981"}],"version-history":[{"count":6,"href":"https:\/\/www.lapluma.net\/fr\/wp-json\/wp\/v2\/posts\/50981\/revisions"}],"predecessor-version":[{"id":50992,"href":"https:\/\/www.lapluma.net\/fr\/wp-json\/wp\/v2\/posts\/50981\/revisions\/50992"}],"wp:featuredmedia":[{"embeddable":true,"href":"https:\/\/www.lapluma.net\/fr\/wp-json\/wp\/v2\/media\/50989"}],"wp:attachment":[{"href":"https:\/\/www.lapluma.net\/fr\/wp-json\/wp\/v2\/media?parent=50981"}],"wp:term":[{"taxonomy":"category","embeddable":true,"href":"https:\/\/www.lapluma.net\/fr\/wp-json\/wp\/v2\/categories?post=50981"},{"taxonomy":"post_tag","embeddable":true,"href":"https:\/\/www.lapluma.net\/fr\/wp-json\/wp\/v2\/tags?post=50981"},{"taxonomy":"author","embeddable":true,"href":"https:\/\/www.lapluma.net\/fr\/wp-json\/wp\/v2\/coauthors?post=50981"}],"curies":[{"name":"wp","href":"https:\/\/api.w.org\/{rel}","templated":true}]}}