{"id":49872,"date":"2023-03-11T22:48:52","date_gmt":"2023-03-11T22:48:52","guid":{"rendered":"https:\/\/www.lapluma.net\/?p=49872"},"modified":"2023-03-11T22:50:13","modified_gmt":"2023-03-11T22:50:13","slug":"pensamiento-del-dia-como-hacer-para-que-la-justicia-llegue-frente-al-acoso-y-a-los-feminicidios-y-lograr-entornos-seguros-que-promuevan-la-participacion-y-la-inclusion-social","status":"publish","type":"post","link":"https:\/\/www.lapluma.net\/fr\/2023\/03\/11\/pensamiento-del-dia-como-hacer-para-que-la-justicia-llegue-frente-al-acoso-y-a-los-feminicidios-y-lograr-entornos-seguros-que-promuevan-la-participacion-y-la-inclusion-social\/","title":{"rendered":"Pensamiento del d\u00eda: \u00bfC\u00f3mo hacer para que la justicia llegue frente al acoso y a los feminicidios y lograr entornos seguros que promuevan la participaci\u00f3n y la inclusi\u00f3n social?"},"content":{"rendered":"<p style=\"text-align: justify;\"><span style=\"font-size: 14pt;\">La conmemoraci\u00f3n del d\u00eda internacional de la mujer es un momento para recordar las mujeres trabajadoras, muchas de ellas, asesinadas por exigir sus derechos y mejores condiciones de vida. Quisi\u00e9ramos celebrar en este d\u00eda, pero no es posible, porque siguen existiendo muchas muchas situaciones de violencia contra las mujeres y muchos derechos que no son garantizados. Seguiremos caminando para que su dignidad sea respetada y la justicia llegue frente a los feminicidios.<\/span><\/p>\n<p style=\"text-align: justify;\"><span style=\"font-size: 14pt;\">En esta era digital donde el ciberespacio se ha constituido en un esfera de participaci\u00f3n, y discusi\u00f3n social y pol\u00edtica, las mujeres y las defensoras de derechos humanos, as\u00ed como otras personas sufren acoso y amenazas que se constituyen en una violencia sistem\u00e1tica. Las redes sociales son el principal medio para realizar este tipo de ataques. C\u00f3mo lograr entornos seguros que promuevan la participaci\u00f3n y la inclusi\u00f3n social?<\/span><\/p>\n<h2 style=\"text-align: justify;\"><span style=\"font-size: 18pt;\">Henry Ram\u00edrez Soler para La Pluma, 11 de marzo de 2023<\/span><\/h2>\n<h2 style=\"text-align: justify;\"><span style=\"font-size: 18pt;\">Editado por <a href=\"https:\/\/www.lapluma.net\/nosotros\/editora\/\">Mar\u00eda Piedad Ossaba<\/a><\/span><\/h2>\n","protected":false},"excerpt":{"rendered":"<p>La conmemoraci&oacute;n del d&iacute;a internacional de la mujer es un momento para recordar las mujeres trabajadoras, muchas de ellas, asesinadas por exigir sus derechos y mejores condiciones de vida. Quisi&eacute;ramos celebrar en este d&iacute;a, pero no es posible, porque siguen existiendo muchas muchas situaciones de violencia contra las mujeres y muchos derechos que no son&#8230;<\/p>\n","protected":false},"author":1179,"featured_media":44456,"comment_status":"open","ping_status":"open","sticky":false,"template":"","format":"standard","meta":{"_uf_show_specific_survey":0,"_uf_disable_surveys":false,"footnotes":""},"categories":[8],"tags":[],"coauthors":[21063],"class_list":["post-49872","post","type-post","status-publish","format-standard","has-post-thumbnail","hentry","category-culture"],"translation":{"provider":"WPGlobus","version":"2.12.2","language":"fr","enabled_languages":["es","fr"],"languages":{"es":{"title":true,"content":true,"excerpt":false},"fr":{"title":false,"content":false,"excerpt":false}}},"_links":{"self":[{"href":"https:\/\/www.lapluma.net\/fr\/wp-json\/wp\/v2\/posts\/49872","targetHints":{"allow":["GET"]}}],"collection":[{"href":"https:\/\/www.lapluma.net\/fr\/wp-json\/wp\/v2\/posts"}],"about":[{"href":"https:\/\/www.lapluma.net\/fr\/wp-json\/wp\/v2\/types\/post"}],"author":[{"embeddable":true,"href":"https:\/\/www.lapluma.net\/fr\/wp-json\/wp\/v2\/users\/1179"}],"replies":[{"embeddable":true,"href":"https:\/\/www.lapluma.net\/fr\/wp-json\/wp\/v2\/comments?post=49872"}],"version-history":[{"count":3,"href":"https:\/\/www.lapluma.net\/fr\/wp-json\/wp\/v2\/posts\/49872\/revisions"}],"predecessor-version":[{"id":49874,"href":"https:\/\/www.lapluma.net\/fr\/wp-json\/wp\/v2\/posts\/49872\/revisions\/49874"}],"wp:featuredmedia":[{"embeddable":true,"href":"https:\/\/www.lapluma.net\/fr\/wp-json\/wp\/v2\/media\/44456"}],"wp:attachment":[{"href":"https:\/\/www.lapluma.net\/fr\/wp-json\/wp\/v2\/media?parent=49872"}],"wp:term":[{"taxonomy":"category","embeddable":true,"href":"https:\/\/www.lapluma.net\/fr\/wp-json\/wp\/v2\/categories?post=49872"},{"taxonomy":"post_tag","embeddable":true,"href":"https:\/\/www.lapluma.net\/fr\/wp-json\/wp\/v2\/tags?post=49872"},{"taxonomy":"author","embeddable":true,"href":"https:\/\/www.lapluma.net\/fr\/wp-json\/wp\/v2\/coauthors?post=49872"}],"curies":[{"name":"wp","href":"https:\/\/api.w.org\/{rel}","templated":true}]}}