{"id":48551,"date":"2023-02-06T18:22:56","date_gmt":"2023-02-06T18:22:56","guid":{"rendered":"https:\/\/www.lapluma.net\/?p=48551"},"modified":"2023-02-07T08:22:37","modified_gmt":"2023-02-07T08:22:37","slug":"para-resistir-una-invasion-rusa-los-daneses-deberian-camellar-en-vez-de-rezar","status":"publish","type":"post","link":"https:\/\/www.lapluma.net\/fr\/2023\/02\/06\/para-resistir-una-invasion-rusa-los-daneses-deberian-camellar-en-vez-de-rezar\/","title":{"rendered":"Pour pouvoir r\u00e9sister \u00e0 une invasion russe, les Danois devraient bosser au lieu de prier"},"content":{"rendered":"<p style=\"text-align: justify;\"><span style=\"font-size: 14pt;\">Il y a au Royaume du Danemark quelque chose de pourri, on le sait depuis Shakespeare. La Premi\u00e8re ministre social-d\u00e9mocrate, Mette Fredriksen, gouverne depuis quelques semaines avec le soutien de la droite (lib\u00e9raux et mod\u00e9r\u00e9s), une premi\u00e8re depuis 40 ans. Elle ne peut compter sur une majorit\u00e9 parlementaire qu&rsquo;avec les voix des b\u00e9ni-oui-oui des colonies (Groenland et Iles Fero\u00eb). Elle a neutralis\u00e9 l\u2019extr\u00eame-droite en reprenant l\u2019essentiel de son programme en mati\u00e8re d\u2019immigration et d\u2019asile, qu\u2019on peut r\u00e9sumer par \u00ab\u00a0z\u00e9ro immigr\u00e9s, z\u00e9ro r\u00e9fugi\u00e9s\u00a0\u00bb. En pr\u00e9sentant sa coalition bancale en d\u00e9cembre, elle l\u2019a comment\u00e9e ainsi\u00a0: \u00ab\u00a0il y a beaucoup de compromis, mais surtout beaucoup d\u2019ambitions\u00a0\u00bb. Parmi les ambitions, atteindre les fameux 2% en 2030.<\/span><\/p>\n<p style=\"text-align: justify;\"><span style=\"font-size: 14pt;\"><strong>Explication<\/strong>\u00a0: le budget de la d\u00e9fense danoise \u00e9tait en 2022 de 27 milliards de couronnes, environ 3,6 milliards d\u2019euros, soit 1,34% du PNB. L\u2019objectif que Washington cherche \u00e0 imposer aux pays du protectorat europ\u00e9en depuis des ann\u00e9es est qu\u2019ils consacrent 2% de leur budget \u00e0 la d\u00e9fense. Le Danemark, fid\u00e8le toutou de l\u2019OTAN depuis 1945, s\u2019attelle donc \u00e0 cette t\u00e2che. Pour y arriver en 2030, le Danemark doit trouver le fric quelque part. Qu\u2019\u00e0 cela ne tienne, il n\u2019y a qu\u2019\u00e0 supprimer un jour f\u00e9ri\u00e9\u00a0: si les Danois bossent 7,4 heures de plus par an, on r\u00e9cup\u00e8re 3 milliards de couronnes (403 millions d\u2019Euros). Et Madame Fredriksen, dont le parti avait tent\u00e9 le coup une premi\u00e8re fois il y a dix ans, subissant un \u00e9chec, remet quand m\u00eame \u00e7a\u00a0: supprimons donc le <i>Store bededag*<\/i>, le Grand Jour de Pri\u00e8re, un truc invent\u00e9 par l\u2019\u00c9glise luth\u00e9rienne d\u2019\u00c9tat (\u00e0 laquelle appartiennent 79% des Danois), et qui tombe le quatri\u00e8me vendredi apr\u00e8s P\u00e2ques. En trois si\u00e8cles et demi, le <i>Store bededag<\/i> est devenu une part constitutive de la danit\u00e9 (ou danitude)\u00a0: ce jour-l\u00e0, on se balade en famille, on rend visite aux amis, bref on se repose. Et \u00e9ventuellement, on prie.<\/span><\/p>\n<p style=\"text-align: justify;\"><span style=\"font-size: 14pt;\">L\u00e0, les Danois ont vu rouge et la conf\u00e9d\u00e9ration syndicale FH (<i>Fagbev\u00e6gelsens Hovedorganisation<\/i>, 1\u00a0287\u00a0901 membres en 2022\u00a0, y compris celles et ceux du Syndicat des soldats) lance une p\u00e9tition \u00ab\u00a0Maintenons le Store bededag\u00a0\u00bb qui a recueilli \u00e0 ce jour 466 482 signatures**, et appelle \u00e0 une manifestation le dimanche 5 f\u00e9vrier. Succ\u00e8s massif.<\/span><\/p>\n<p style=\"text-align: justify;\"><span style=\"font-size: 14pt;\">50\u00a0000 manifestants dans un pays de 5,9 millions d\u2019habitants avec une capitale de 600\u00a0000 \u00e2mes, c\u2019est vraiment une grosse manif. Mette, touche pas aux petits pains chauds\u00a0! Et suis donc le conseil de Mogens Glistrup, le d\u00e9funt combattant truculent contre l\u2019imp\u00f4t\u00a0: <i>dissous l\u2019arm\u00e9e danoise et remplace-la par un r\u00e9pondeur t\u00e9l\u00e9phonique disant en russe\u00a0: \u00ab\u00a0On se rend, on se rend<\/i>\u00a0\u00bb\u2026<\/span><\/p>\n<figure id=\"attachment_48554\" aria-describedby=\"caption-attachment-48554\" style=\"width: 570px\" class=\"wp-caption aligncenter\"><img loading=\"lazy\" decoding=\"async\" class=\"wp-image-48554\" src=\"https:\/\/www.lapluma.net\/wp-content\/uploads\/2023\/02\/copenhague-050223-300x200.jpg\" alt=\"\" width=\"570\" height=\"380\" srcset=\"https:\/\/www.lapluma.net\/wp-content\/uploads\/2023\/02\/copenhague-050223-300x200.jpg 300w, https:\/\/www.lapluma.net\/wp-content\/uploads\/2023\/02\/copenhague-050223-435x290.jpg 435w, https:\/\/www.lapluma.net\/wp-content\/uploads\/2023\/02\/copenhague-050223-150x100.jpg 150w, https:\/\/www.lapluma.net\/wp-content\/uploads\/2023\/02\/copenhague-050223-370x247.jpg 370w, https:\/\/www.lapluma.net\/wp-content\/uploads\/2023\/02\/copenhague-050223.jpg 639w\" sizes=\"auto, (max-width: 570px) 100vw, 570px\" \/><figcaption id=\"caption-attachment-48554\" class=\"wp-caption-text\"><b>Dimanche \u00e0 Copenhague. <a href=\"https:\/\/fho.dk\/blog\/2023\/02\/05\/se-billeder-fra-demonstration\/\">Voir plus de photos<\/a><\/b><\/figcaption><\/figure>\n<h5 style=\"text-align: justify;\"><span style=\"font-size: 18pt;\"><i>Notes<\/i><\/span><\/h5>\n<p style=\"text-align: justify;\"><span style=\"font-size: 14pt;\"><i>*<\/i><i>Le<\/i><i> Store Bededag<\/i> a \u00e9t\u00e9 institu\u00e9 en 1686 par Hans Bagger, \u00e9v\u00eaque de Roskilde. \u00a0Il a d\u00e9cid\u00e9 qu\u2019\u00e0 la place d\u2019avoir plusieurs petites journ\u00e9es de pri\u00e8res durant toute l\u2019ann\u00e9e, il valait mieux les grouper dans une journ\u00e9e : le Jour de Pri\u00e8res.\u00a0Ce jour-l\u00e0, toute activit\u00e9 \u00e9tait interdite afin de se consacrer exclusivement\u00a0au recueillement et \u00e0 des occupations spirituelles.\u00a0Les boulangers ont alors pris l\u2019habitude de confectionner, la veille, des petits pains. Comme le lendemain ils \u00e9taient devenus un peu durs, ils \u00e9taient alors\u00a0r\u00e9chauff\u00e9s\u00a0; la coutume s\u2019est ainsi r\u00e9pandue de consommer des petits pains chauds, <i>varme<\/i>\u00a0<i>hveder<\/i>, le Grand jour de pri\u00e8re. (<a href=\"https:\/\/lepetitjournal.com\/copenhague\/comprendre-danemark\/grand-jour-priere-danemark-petits-pains-chauds-traditions-303977\">Source<\/a>)<\/span><\/p>\n<p style=\"text-align: justify;\"><span style=\"font-size: 14pt;\">** Texte de la <a href=\"https:\/\/bevarstorebededag.dk\/\">p\u00e9tition\u00a0<\/a>:<\/span><br \/>\n<span style=\"font-size: 14pt;\"><i>\u201cBas les pattes de notre jour f\u00e9ri\u00e9\u00a0!<br \/>\n<\/i>La vie ne se r\u00e9sume pas au travail et aux feuilles de calcul. La journ\u00e9e de pri\u00e8re est notre jour de cong\u00e9 commun, o\u00f9 nous pouvons nous d\u00e9tendre ou passer du temps avec notre famille et nos amis. C\u2019est ainsi que les choses devraient se passer au Danemark \u00e0 l\u2019avenir. Il n\u2019est pas normal que le gouvernement supprime les jours f\u00e9ri\u00e9s ou les jours de cong\u00e9 au-dessus de nos t\u00eates. Et supprime m\u00eame la compensation pour les employ\u00e9s qui ont tout le temps travaill\u00e9 toute la journ\u00e9e de grande pri\u00e8re.\u201d (<a href=\"https:\/\/bevarstorebededag.dk\/\" target=\"_blank\" rel=\"noopener\">Source<\/a>)<\/span><\/p>\n<p><img loading=\"lazy\" decoding=\"async\" class=\" wp-image-48555 aligncenter\" src=\"https:\/\/www.lapluma.net\/wp-content\/uploads\/2023\/02\/Bevar-store-bededag-300x223.jpg\" alt=\"\" width=\"592\" height=\"440\" srcset=\"https:\/\/www.lapluma.net\/wp-content\/uploads\/2023\/02\/Bevar-store-bededag-300x223.jpg 300w, https:\/\/www.lapluma.net\/wp-content\/uploads\/2023\/02\/Bevar-store-bededag.jpg 580w\" sizes=\"auto, (max-width: 592px) 100vw, 592px\" \/><\/p>\n<div class=\"wp-block-image\">\n<div>\n<h2 class=\"separator\" style=\"text-align: justify;\"><span style=\"font-size: 18pt;\">Fausto Giudice<\/span><\/h2>\n<\/div>\n<h2><span style=\"font-size: 18pt;\">Fuente: <b><a href=\"https:\/\/bastayekfi.wordpress.com\/2023\/02\/06\/pour-pouvoir-resister-a-une-invasion-russe-les-danois-devraient-bosser-au-lieu-de-prier\/?preview_id=4280&amp;preview_nonce=4661273240&amp;preview=true\" target=\"_blank\" rel=\"noopener\">Basta Yekfi<\/a>, \/<a href=\"https:\/\/tlaxcala-int.blogspot.com\/2023\/02\/fausto-giudice-pour-pouvoir-resister.html\">Tlaxcala<\/a>, le 6 f\u00e9vrier 2023<\/b><\/span><\/h2>\n<h2><span style=\"font-size: 18pt;\">Traductions disponibles: <a href=\"https:\/\/www.lapluma.net\/2023\/02\/06\/para-resistir-una-invasion-rusa-los-daneses-deberian-camellar-en-vez-de-rezar\/\">Espa\u00f1ol<\/a><\/span><\/h2>\n<\/div>\n","protected":false},"excerpt":{"rendered":"<p>Mette, touche pas aux petits pains chauds\u00a0! Et suis donc le conseil de Mogens Glistrup, le d\u00e9funt combattant truculent contre l\u2019imp\u00f4t\u00a0: dissous l\u2019arm\u00e9e danoise et remplace-la par un r\u00e9pondeur t\u00e9l\u00e9phonique disant en russe\u00a0: \u00ab\u00a0On se rend, on se rend\u00a0\u00bb\u2026<\/p>\n","protected":false},"author":84,"featured_media":48552,"comment_status":"open","ping_status":"open","sticky":false,"template":"","format":"standard","meta":{"_uf_show_specific_survey":0,"_uf_disable_surveys":false,"footnotes":""},"categories":[218],"tags":[22212,22209,736,22210,22213,22211,352,345,22214,364],"coauthors":[732],"class_list":["post-48551","post","type-post","status-publish","format-standard","has-post-thumbnail","hentry","category-mundo","tag-danemark-otan","tag-dinamarca-otan-socialdemocratas","tag-fausto-giudice","tag-gran-dia-de-oracion","tag-grand-jour-de-priere","tag-presupuesto-militar","tag-revoltes-logiques","tag-revueltas-logicas","tag-sociaux-democrates","tag-uerope"],"translation":{"provider":"WPGlobus","version":"2.12.2","language":"fr","enabled_languages":["es","fr"],"languages":{"es":{"title":true,"content":true,"excerpt":true},"fr":{"title":true,"content":true,"excerpt":true}}},"_links":{"self":[{"href":"https:\/\/www.lapluma.net\/fr\/wp-json\/wp\/v2\/posts\/48551","targetHints":{"allow":["GET"]}}],"collection":[{"href":"https:\/\/www.lapluma.net\/fr\/wp-json\/wp\/v2\/posts"}],"about":[{"href":"https:\/\/www.lapluma.net\/fr\/wp-json\/wp\/v2\/types\/post"}],"author":[{"embeddable":true,"href":"https:\/\/www.lapluma.net\/fr\/wp-json\/wp\/v2\/users\/84"}],"replies":[{"embeddable":true,"href":"https:\/\/www.lapluma.net\/fr\/wp-json\/wp\/v2\/comments?post=48551"}],"version-history":[{"count":13,"href":"https:\/\/www.lapluma.net\/fr\/wp-json\/wp\/v2\/posts\/48551\/revisions"}],"predecessor-version":[{"id":48571,"href":"https:\/\/www.lapluma.net\/fr\/wp-json\/wp\/v2\/posts\/48551\/revisions\/48571"}],"wp:featuredmedia":[{"embeddable":true,"href":"https:\/\/www.lapluma.net\/fr\/wp-json\/wp\/v2\/media\/48552"}],"wp:attachment":[{"href":"https:\/\/www.lapluma.net\/fr\/wp-json\/wp\/v2\/media?parent=48551"}],"wp:term":[{"taxonomy":"category","embeddable":true,"href":"https:\/\/www.lapluma.net\/fr\/wp-json\/wp\/v2\/categories?post=48551"},{"taxonomy":"post_tag","embeddable":true,"href":"https:\/\/www.lapluma.net\/fr\/wp-json\/wp\/v2\/tags?post=48551"},{"taxonomy":"author","embeddable":true,"href":"https:\/\/www.lapluma.net\/fr\/wp-json\/wp\/v2\/coauthors?post=48551"}],"curies":[{"name":"wp","href":"https:\/\/api.w.org\/{rel}","templated":true}]}}