{"id":4815,"date":"2018-12-31T18:06:22","date_gmt":"2018-12-31T18:06:22","guid":{"rendered":"http:\/\/www.lapluma.net\/?p=4815"},"modified":"2019-01-03T09:30:33","modified_gmt":"2019-01-03T09:30:33","slug":"palabras-del-ccri-cg-del-ezln-a-los-pueblos-zapatistas-en-el-25avo-aniversario-del-inicio-de-la-guerra-contra-el-olvido","status":"publish","type":"post","link":"https:\/\/www.lapluma.net\/fr\/2018\/12\/31\/palabras-del-ccri-cg-del-ezln-a-los-pueblos-zapatistas-en-el-25avo-aniversario-del-inicio-de-la-guerra-contra-el-olvido\/","title":{"rendered":"Palabras del CCRI-CG del EZLN a los pueblos zapatistas en el 25<sup>avo<\/sup> aniversario del inicio de la guerra contra el olvido"},"content":{"rendered":"<p><img loading=\"lazy\" decoding=\"async\" class=\"alignleft\" src=\"http:\/\/www.tlaxcala-int.org\/upload\/aut_2816.jpg\" width=\"183\" height=\"126\" border=\"0\" \/><\/p>\n<p align=\"justify\"><span style=\"font-size: 12pt;\"><a href=\"https:\/\/radiozapatista.org\/?lang=en#SupMoi\">\u25baPalabras del Subcomandante Insurgente Mois\u00e9s<\/a><\/span><\/p>\n<p align=\"justify\"><span style=\"font-size: 12pt;\"><a href=\"https:\/\/radiozapatista.org\/?lang=en#CCRI\">\u25baPalabras del Comit\u00e9 Clandestino Revolucionario Ind\u00edgena<\/a><\/span><\/p>\n<p align=\"justify\"><a href=\"https:\/\/radiozapatista.org\/?lang=en#JBG\"><span style=\"font-size: 12pt;\">\u25baPalabras de la Junta de Buen Gobierno Hacia La Esperanza<\/span><\/a><\/p>\n<p><img loading=\"lazy\" decoding=\"async\" class=\"wp-image-29841 size-full aligncenter\" src=\"https:\/\/radiozapatista.org\/wp-content\/uploads\/2019\/01\/portadaCCRI.jpg\" alt=\"\" width=\"600\" height=\"400\" \/><\/p>\n<p><span style=\"font-size: 12pt;\"><strong><span class=\"auteur\"><span style=\"font-size: 12pt;\">Ej\u00e9rcito zapatista de liberaci\u00f3n nacion<\/span>al EZLN<\/span><\/strong> <strong>, 31 de diciembre de 2018<\/strong><\/span><\/p>\n","protected":false},"excerpt":{"rendered":"<p>Simplemente es muy sencillo, no se puede apoyar al que est\u00e1 explotado y al que es explotador, se tiene que escoger una de dos, est\u00e1s con el explotador o est\u00e1s con el explotado, pero de dos no se puede. As\u00ed lo vemos nosotros, y as\u00ed lo entendemos nosotros y as\u00ed lo estamos haciendo nosotros.<\/p>\n","protected":false},"author":275,"featured_media":4816,"comment_status":"open","ping_status":"open","sticky":false,"template":"","format":"standard","meta":{"_uf_show_specific_survey":0,"_uf_disable_surveys":false,"footnotes":""},"categories":[217],"tags":[],"coauthors":[2441],"class_list":["post-4815","post","type-post","status-publish","format-standard","has-post-thumbnail","hentry","category-abya-yala"],"translation":{"provider":"WPGlobus","version":"2.12.2","language":"fr","enabled_languages":["es","fr"],"languages":{"es":{"title":true,"content":true,"excerpt":true},"fr":{"title":false,"content":false,"excerpt":false}}},"_links":{"self":[{"href":"https:\/\/www.lapluma.net\/fr\/wp-json\/wp\/v2\/posts\/4815","targetHints":{"allow":["GET"]}}],"collection":[{"href":"https:\/\/www.lapluma.net\/fr\/wp-json\/wp\/v2\/posts"}],"about":[{"href":"https:\/\/www.lapluma.net\/fr\/wp-json\/wp\/v2\/types\/post"}],"author":[{"embeddable":true,"href":"https:\/\/www.lapluma.net\/fr\/wp-json\/wp\/v2\/users\/275"}],"replies":[{"embeddable":true,"href":"https:\/\/www.lapluma.net\/fr\/wp-json\/wp\/v2\/comments?post=4815"}],"version-history":[{"count":5,"href":"https:\/\/www.lapluma.net\/fr\/wp-json\/wp\/v2\/posts\/4815\/revisions"}],"predecessor-version":[{"id":4839,"href":"https:\/\/www.lapluma.net\/fr\/wp-json\/wp\/v2\/posts\/4815\/revisions\/4839"}],"wp:featuredmedia":[{"embeddable":true,"href":"https:\/\/www.lapluma.net\/fr\/wp-json\/wp\/v2\/media\/4816"}],"wp:attachment":[{"href":"https:\/\/www.lapluma.net\/fr\/wp-json\/wp\/v2\/media?parent=4815"}],"wp:term":[{"taxonomy":"category","embeddable":true,"href":"https:\/\/www.lapluma.net\/fr\/wp-json\/wp\/v2\/categories?post=4815"},{"taxonomy":"post_tag","embeddable":true,"href":"https:\/\/www.lapluma.net\/fr\/wp-json\/wp\/v2\/tags?post=4815"},{"taxonomy":"author","embeddable":true,"href":"https:\/\/www.lapluma.net\/fr\/wp-json\/wp\/v2\/coauthors?post=4815"}],"curies":[{"name":"wp","href":"https:\/\/api.w.org\/{rel}","templated":true}]}}