{"id":47904,"date":"2023-01-21T20:03:14","date_gmt":"2023-01-21T20:03:14","guid":{"rendered":"https:\/\/www.lapluma.net\/?p=47904"},"modified":"2023-01-21T20:11:36","modified_gmt":"2023-01-21T20:11:36","slug":"reflexion-del-dia-por-que-el-principio-etico-del-respeto-y-la-proteccion-a-la-vida-debe-estar-por-encima-de-los-formalismo-juridicos","status":"publish","type":"post","link":"https:\/\/www.lapluma.net\/fr\/2023\/01\/21\/reflexion-del-dia-por-que-el-principio-etico-del-respeto-y-la-proteccion-a-la-vida-debe-estar-por-encima-de-los-formalismo-juridicos\/","title":{"rendered":"Reflexi\u00f3n del dia: \u00bfPor qu\u00e9 el principio \u00e9tico del respeto y la protecci\u00f3n a la vida debe estar por encima de los formalismo jur\u00eddicos?"},"content":{"rendered":"<p style=\"text-align: justify;\"><span style=\"font-size: 14pt;\">En todos los tiempos las discusiones jur\u00eddicas y legales, a veces pesan m\u00e1s que la dignidad del ser humano, la ley est\u00e1 esta para proteger la vida y no la vida para proteger la ley. El principio \u00e9tico del respeto y la protecci\u00f3n de la vida debe estar por encima de los formalismos jur\u00eddicos que muchas veces se interpretan de una u otra manera de acuerdo a las tendencias ideol\u00f3gicas. Es verdad que es necesario el respeto a la ley pero es necesario ante todo garantizar el derecho a la vida digna.<\/span><\/p>\n<p style=\"text-align: justify;\"><span style=\"font-size: 14pt;\">Quienes han persistido en la b\u00fasqueda de sus seres queridos, desaparecidos forzadamente, y que luego de m\u00e1s de dos d\u00e9cadas reciben la noticia que han encontrado el cuerpo de su ser querido es un momento de intenso dolor y de alivio, porque despu\u00e9s de muchos a\u00f1os se podr\u00e1 realizar una sepultura digna, se tendr\u00e1 un lugar donde llorar. La muerte es dolorosa pero la angustia de la incertidumbre lacera el alma y el coraz\u00f3n. Una tumba permitir\u00e1 iniciar el duelo de la separaci\u00f3n y la ausencia seguir\u00e1 siendo presencia<\/span><\/p>\n<h2 style=\"text-align: justify;\">Henry Ram\u00edrez Soler para La Pluma, 21 de enero de 2023<\/h2>\n<h2 style=\"text-align: justify;\">Editado por <a href=\"https:\/\/www.lapluma.net\/nosotros\/editora\/\">Mar\u00eda Piedad Ossaba<\/a><\/h2>\n","protected":false},"excerpt":{"rendered":"<p>En todos los tiempos las discusiones jur&iacute;dicas y legales, a veces pesan m&aacute;s que la dignidad del ser humano, la ley est&aacute; esta para proteger la vida y no la vida para proteger la ley. El principio &eacute;tico del respeto y la protecci&oacute;n de la vida debe estar por encima de los formalismos jur&iacute;dicos que&#8230;<\/p>\n","protected":false},"author":1179,"featured_media":44456,"comment_status":"open","ping_status":"open","sticky":false,"template":"","format":"standard","meta":{"_uf_show_specific_survey":0,"_uf_disable_surveys":false,"footnotes":""},"categories":[8],"tags":[],"coauthors":[21063],"class_list":["post-47904","post","type-post","status-publish","format-standard","has-post-thumbnail","hentry","category-culture"],"translation":{"provider":"WPGlobus","version":"2.12.2","language":"fr","enabled_languages":["es","fr"],"languages":{"es":{"title":true,"content":true,"excerpt":false},"fr":{"title":false,"content":false,"excerpt":false}}},"_links":{"self":[{"href":"https:\/\/www.lapluma.net\/fr\/wp-json\/wp\/v2\/posts\/47904","targetHints":{"allow":["GET"]}}],"collection":[{"href":"https:\/\/www.lapluma.net\/fr\/wp-json\/wp\/v2\/posts"}],"about":[{"href":"https:\/\/www.lapluma.net\/fr\/wp-json\/wp\/v2\/types\/post"}],"author":[{"embeddable":true,"href":"https:\/\/www.lapluma.net\/fr\/wp-json\/wp\/v2\/users\/1179"}],"replies":[{"embeddable":true,"href":"https:\/\/www.lapluma.net\/fr\/wp-json\/wp\/v2\/comments?post=47904"}],"version-history":[{"count":9,"href":"https:\/\/www.lapluma.net\/fr\/wp-json\/wp\/v2\/posts\/47904\/revisions"}],"predecessor-version":[{"id":47914,"href":"https:\/\/www.lapluma.net\/fr\/wp-json\/wp\/v2\/posts\/47904\/revisions\/47914"}],"wp:featuredmedia":[{"embeddable":true,"href":"https:\/\/www.lapluma.net\/fr\/wp-json\/wp\/v2\/media\/44456"}],"wp:attachment":[{"href":"https:\/\/www.lapluma.net\/fr\/wp-json\/wp\/v2\/media?parent=47904"}],"wp:term":[{"taxonomy":"category","embeddable":true,"href":"https:\/\/www.lapluma.net\/fr\/wp-json\/wp\/v2\/categories?post=47904"},{"taxonomy":"post_tag","embeddable":true,"href":"https:\/\/www.lapluma.net\/fr\/wp-json\/wp\/v2\/tags?post=47904"},{"taxonomy":"author","embeddable":true,"href":"https:\/\/www.lapluma.net\/fr\/wp-json\/wp\/v2\/coauthors?post=47904"}],"curies":[{"name":"wp","href":"https:\/\/api.w.org\/{rel}","templated":true}]}}