{"id":4780,"date":"2018-12-30T13:51:40","date_gmt":"2018-12-30T13:51:40","guid":{"rendered":"http:\/\/www.lapluma.net\/?p=4780"},"modified":"2019-01-01T14:38:32","modified_gmt":"2019-01-01T14:38:32","slug":"el-bloque-de-poder-colombiano-se-prepara-para-tareas-mayores-en-el-2019","status":"publish","type":"post","link":"https:\/\/www.lapluma.net\/fr\/2018\/12\/30\/el-bloque-de-poder-colombiano-se-prepara-para-tareas-mayores-en-el-2019\/","title":{"rendered":"El bloque de poder colombiano se prepara para tareas mayores en el 2019"},"content":{"rendered":"<p style=\"text-align: justify;\"><span style=\"font-size: 12pt;\"><img loading=\"lazy\" decoding=\"async\" class=\"irc_mi alignleft\" src=\"http:\/\/2.bp.blogspot.com\/-ZxeN71fhifI\/UP18_98ZbRI\/AAAAAAAAZ50\/b3RdlI3b_Gc\/s1600\/Fink2_4.jpg\" alt=\"R\u00e9sultat de recherche d'images pour \" width=\"80\" height=\"120\" \/>La pregunta que hoy (fines de 2018) se deben estar haciendo los dem\u00f3cratas y progresistas de Colombia, y quiz\u00e1s de toda NuestrAm\u00e9rica es simple: <em>\u00bfDespu\u00e9s de dos a\u00f1os de haberse firmado el Acuerdo de la Habana entre el Estado colombiano y las guerrillas de las Farc-EP, estamos m\u00e1s cerca de trasformaciones estructurales b\u00e1sicas de la sociedad que permitan o posibiliten su marcha democr\u00e1tica normal, dentro de la comunidad mundial?<\/em><\/span><\/p>\n<p style=\"text-align: justify;\"><span style=\"font-size: 12pt;\">Nadie que analice, por ejemplo, durante el a\u00f1o 2018, los m\u00e1s destacados hechos sociales y pol\u00edticos colombianos dispersos, desconectados y enmara\u00f1ados, unos con otros por acci\u00f3n de los poderosos medios de comunicaci\u00f3n de que dispone el Bloque de Poder Contrainsurgente dominante*; podr\u00e1 llegar honestamente a dar o darse una repuesta positiva.<\/span><\/p>\n<p><strong><img loading=\"lazy\" decoding=\"async\" class=\"wp-image-4645 aligncenter\" src=\"http:\/\/www.lapluma.net\/wp-content\/uploads\/2018\/12\/Nestor-Humberto-Matinez-300x300.jpg\" alt=\"\" width=\"378\" height=\"378\" srcset=\"https:\/\/www.lapluma.net\/wp-content\/uploads\/2018\/12\/Nestor-Humberto-Matinez-300x300.jpg 300w, https:\/\/www.lapluma.net\/wp-content\/uploads\/2018\/12\/Nestor-Humberto-Matinez-150x150.jpg 150w, https:\/\/www.lapluma.net\/wp-content\/uploads\/2018\/12\/Nestor-Humberto-Matinez.jpg 400w\" sizes=\"auto, (max-width: 378px) 100vw, 378px\" \/><\/strong><\/p>\n<p style=\"text-align: justify;\"><span style=\"font-size: 12pt;\">Lo que salta a la vista es la tendencia paulatina al blindaje y reforzamiento de la Hegemon\u00eda y la Coerci\u00f3n de dicho Bloque de Poder dominante, que a pesar del desplome de la imagen favorable del presidente Duque en el inicio de su gobernanza; del enrollado culebr\u00f3n y la interminable telenovela de corrupci\u00f3n e impunidad de Odebrecht Sarmiento Angulo, su desalmado Fiscal Mart\u00ednez con su fiscal ad hoc, su c\u00e1ndido m\u00e9dico legista Valdez y la eliminaci\u00f3n sistem\u00e1tica de testigos.<\/span><\/p>\n<p style=\"text-align: justify;\"><span style=\"font-size: 12pt;\">De la perfidia y el estruendoso fracaso en la <em>implementaci\u00f3n oficial de los Acuerdos de la Habana<\/em> que finalmente logr\u00f3 darle la vuelta al calcet\u00edn y cambiar <em>armas por votos, <\/em>en lugar del inicial <em>\u201carmas por reformas\u201d.<\/em><\/span><\/p>\n<p style=\"text-align: center;\"><img decoding=\"async\" class=\"attachment-penci-full-thumb size-penci-full-thumb penci-lazy wp-post-image aligncenter\" title=\"caricatura-640\" src=\"http:\/\/eln-voces.com\/wp-content\/uploads\/2018\/07\/caricatura-640.jpg\" alt=\"DUQUE A TRUMP: \u201cYES SIR\u201d\" \/><\/p>\n<p>&nbsp;<\/p>\n<p style=\"text-align: justify;\"><span style=\"font-size: 12pt;\">Y a pesar del incre\u00edble cuento del post conflicto pac\u00edfico y angelical, las disidencias, los arrepentimientos, las divisiones, los grupos post-farc y clandestinos, los GAO, Bacrim, etc., los que seg\u00fan los \u00faltimos y m\u00e1s recientes reportes (Valencia-Pe\u00f1a) crecen clandestinamente como espuma;\u00a0 \u00a0y, a pesar de los 226 l\u00edderes sociales y c\u00edvicos sistem\u00e1ticamente ejecutados gota a gota durante este a\u00f1o 2018 por los narco paramilitares oficiales que funcionan aceitadamente como rueda dentada fundamental del engranaje del Bloque de Poder Contrainsurgente; ante la falta de credibilidad del cenizo Duque, han tenido que poner a hablar a los que tienen el Poder real, sacando a escena una <em>nueva c\u00fapula militar<\/em> cuidadosamente seleccionada (ya se sabe d\u00f3nde) para que con su caracter\u00edstico lenguaje amenazante de \u201cTask Force\u201d (Fuerza de Tarea) aclare de una vez por todas las tareas mayores que tiene en preparaci\u00f3n contra la Venezuela Bolivariana el a\u00f1o venidero; contra la movilizaci\u00f3n estudiantil que por poco llega a convertirse en un paro c\u00edvico nacional; contra la resistencias regionales y las consultas municipales sobre miner\u00eda y los p\u00e1ramos; y, especialmente contra cualquier movilizaci\u00f3n social.<\/span><\/p>\n<p>&nbsp;<\/p>\n<p style=\"text-align: justify;\"><span style=\"font-size: 12pt;\">En una palabra: blindaje para la acci\u00f3n reaccionaria y fascista, que cada vez deja menos espacio a la posibilidad de trasformaciones estructurales, base de cualquier cosmovisi\u00f3n trasformadora de la sociedad.<\/span><\/p>\n<p style=\"text-align: justify;\"><span style=\"font-size: 12pt;\">Invito encarecidamente a todo aquel que se haya hecho la pregunta con la que inicio este escrito, a que mire y escuche con suma atenci\u00f3n el video de este enlace.<\/span><\/p>\n<p style=\"text-align: center;\"><span style=\"font-size: 12pt;\"><br \/>\n<iframe loading=\"lazy\" src=\"https:\/\/www.youtube.com\/embed\/6tTh8meI4Nc\" width=\"560\" height=\"315\" frameborder=\"0\" allowfullscreen=\"allowfullscreen\"><\/iframe><\/span><\/p>\n<p style=\"text-align: justify;\"><span style=\"font-size: 12pt;\">Si lo anterior, lo contextualizamos en un todo con la marcha contradictoria y critica de los procesos globales, es decir, del desorden del orden capitalista globalizado por el que atravesamos actualmente, la respuesta es m\u00e1s sombr\u00eda a\u00fan: Estamos ante una evidente perdida de la hegemon\u00eda pol\u00edtica del Hegem\u00f3n capitalista mayor, Estados Unidos, frente a la irrupci\u00f3n de otros hegemones mundiales, que si bien todav\u00eda no son tan poderosos econ\u00f3micamente, si lo han alcanzado e incluso sobrepasado desde el punto de vista militar (la derrota en Siria as\u00ed lo muestra) a la vez que empiezan a disputarle una gruesa tajada econ\u00f3mica. Es decir, lentamente se ve como se erosiona el Poder del polic\u00eda del Mundo y se insin\u00faa un nuevo sistema mundial globalizado en un orden Multipolar, lo que, sin lugar a dudas, va a ser rechazado con todas sus fuerzas por el Hegem\u00f3n dominante incluso recurriendo a una guerra at\u00f3mica, como lo ha advertido recientemente el presidente Putin.<\/span><\/p>\n<p style=\"text-align: justify;\"><span style=\"font-size: 12pt;\">En paralelo, vemos tambi\u00e9n el c\u00f3mo del proceso contradictorio de la quiebra definitiva de los partidos \u201csocialdem\u00f3cratas y cristianodem\u00f3cratas\u201d en la mayor\u00eda de los pa\u00edses de la muy civilizada y politizada Europa, y c\u00f3mo dicho colapso va siendo cada vez mejor utilizado por los partidos neo nazis y fascistas para ocupar mejores posiciones de dominaci\u00f3n social. Lo ocurrido recientemente en Andaluc\u00eda, Espa\u00f1a no es sino el inicio de la entrada de ese pa\u00eds al torrente general de Europa, torrente mantenido a distancia y durante cerca de 40 a\u00f1os por los partidos herederos del franquismo.<\/span><\/p>\n<p style=\"text-align: justify;\"><span style=\"font-size: 12pt;\">En NuestrAm\u00e9rica, la oleada neonazi y fascista cada vez m\u00e1s va acortando territorio y recuperando pa\u00edses que estaban ensayando v\u00edas democr\u00e1ticas propias. Est\u00e1 en el turno Nicaragua sandinista, pero a\u00fan queda en pie el proceso Bolivariano del bravo Pueblo venezolano declarado desde su inicio como \u201camenaza a la seguridad nacional de los EEUU\u201d, a lo que hay que agregar \u201cy amenaza a la seguridad del Bloque de Poder Contrainsurgente dominante en Colombia\u201d, contra el cual se han intentado todas las maniobras destructoras posibles excepto la guerra convencional abierta, con al que ya se empieza a especular, como se ve en el video de la c\u00fapula militar colombiana a pesar de los cortes y la edici\u00f3n que se hizo en los estudios de Caracol.<\/span><\/p>\n<p style=\"text-align: justify;\"><span style=\"font-size: 12pt;\">La contradicci\u00f3n USA-Colombia contra Venezuela se ha ido tornando cada vez m\u00e1s antag\u00f3nica a pesar de todos los m\u00faltiples intentos pol\u00edticos y diplom\u00e1ticos del gobierno venezolano con quienes pretenden derrocarlo a toda costa. Sin embargo, existen serios indicios de que este tensionante proceso ir\u00e1 en aumento generando un ambiente demasiado desapacible e incierto en toda la regi\u00f3n suramericana, pero en especial en Colombia. Y, no es descabellado pensar que todo ese blindaje reaccionario con que se est\u00e1 cubriendo y protegiendo el Poder dominante colombiano, tenga como centro la b\u00fasqueda de una soluci\u00f3n violenta en Venezuela.<\/span><\/p>\n<p style=\"text-align: justify;\"><span style=\"font-size: 12pt;\">As\u00ed las cosas, no es muy dif\u00edcil pensar que un a\u00f1o nuevo 2019 vendr\u00e1 cargado de nubes negras de intranquilidad e incertidumbre, que alejan a\u00fan m\u00e1s al pueblo colombiano de su objetivo democr\u00e1tico y progresista de trasformar la espantosa realidad social que lo atenaza y oprime.<\/span><\/p>\n<p style=\"text-align: justify;\"><span style=\"font-size: 12pt;\"><strong>Nota<\/strong>:<\/span><br \/>\n<span style=\"font-size: 12pt;\">* Bloque de Poder Contrainsurgente, es un novedoso concepto acad\u00e9mico de ruptura en las ciencias sociales en Colombia, sustentado ampliamente por la investigadora y docente universitaria Vilma Liliana Franco en su libro Orden Contrainsurgente y Dominaci\u00f3n, IPC. Bogot\u00e1. 2009, 500 p\u00e1ginas y se estructura como un Todo de 11 piezas engranadas y perfectamente coordinadas, que me he permitido esquematizar as\u00ed: 1- Gobierno de los EEUU con sus 7 bases militares en Colombia, asesores oficiales m\u00e1s los privados (mercenarios) de Dynacorp, Aerospace, North Grumman, etc., respaldada por las misiones de los gobiernos de Israel y Gran Breta\u00f1a. 2-FFMM de Colombia, con cerca de 400 mil hombres armados y 5,5% del PIB Nacional. 3- Narco paramilitares oficiales ( actualmente operando en red con innumerables nombres) 4- Grupos econ\u00f3micos ( llamados \u201ccacaos\u201d entre los cuales encabeza Sarmiento Angulo jefe del Fiscal Mart\u00ednez) 5- Gremios econ\u00f3micos ( aglutinados en el consejo gremial nacional con 22 mega gremios econ\u00f3micos) 6- Compa\u00f1\u00edas multinacionales con inversiones estrat\u00e9gicas en Colombia y que apoyaron financieramente las acciones contrainsurgente durante la confrontaci\u00f3n con las farc-ep entre las que se destacan Coca-Cola, Monsanto, Chiquita, Repsol, BP, Oxy, Mund Mining, Drummond, Uni\u00f3n Fenosa Cemex, etc. 7- Agentes principales de la econom\u00eda subterr\u00e1nea, narcotr\u00e1fico, lavado de divisas y contrabando. 8-Oligopolio medi\u00e1tico. 9- Otras tres ramas del Estado nacional diferentes a las FFMM como la rama ejecutiva; la rama Judicial especialmente la m\u00e1quina de la Fiscal\u00eda, y, la rama legislativa con sus para pol\u00edticos. 10- Los sectores de las clases subalternas a nivel regional cooptados, como pej empresarios de trasporte, comerciantes e intermediarios, due\u00f1os de gasolineras, lumpen proletariado regional, campesinos ricos extorsionados, empresarios mineros, narcotraficantes medianos, rebuscadores de todo tipo, y peque\u00f1os bur\u00f3cratas y pol\u00edticos municipales y regionales, etc- Ver especialmente p\u00e1ginas 221 y ss del libro en menci\u00f3n. (aps)<\/span><\/p>\n<p style=\"text-align: justify;\"><span style=\"font-size: 12pt;\"><strong>Alberto Pinz\u00f3n S\u00e1nchez<\/strong><\/span><\/p>\n<p style=\"text-align: justify;\"><strong><span style=\"font-size: 12pt;\">Fuente: <a href=\"http:\/\/www.lapluma.net\/2018\/12\/30\/lexistence-de-leuro-cause-premiere-des-gilets-jaunes\/\">Radio Macondo<\/a>, 29 de diciembre de 2019<\/span><\/strong><\/p>\n<p><strong><span style=\"font-size: 12pt;\">Editado por <\/span><\/strong><a href=\"http:\/\/www.lapluma.net\/nosotros\/editora\/\"><strong><span style=\"font-size: 12pt;\">Mar\u00eda Piedad Ossaba<\/span><\/strong><\/a><\/p>\n","protected":false},"excerpt":{"rendered":"<p>La contradicci\u00f3n USA-Colombia contra Venezuela se ha ido tornando cada vez m\u00e1s antag\u00f3nica a pesar de todos los m\u00faltiples intentos pol\u00edticos y diplom\u00e1ticos del gobierno venezolano con quienes pretenden derrocarlo a toda costa. Sin embargo, existen serios indicios de que este tensionante proceso ir\u00e1 en aumento generando un ambiente demasiado desapacible e incierto en toda la regi\u00f3n suramericana, pero en especial en Colombia.<\/p>\n","protected":false},"author":273,"featured_media":4783,"comment_status":"open","ping_status":"open","sticky":false,"template":"","format":"standard","meta":{"_uf_show_specific_survey":0,"_uf_disable_surveys":false,"footnotes":""},"categories":[217,1],"tags":[28,2424,2422,763,2427,2426,2423,2425,1529],"coauthors":[2421],"class_list":["post-4780","post","type-post","status-publish","format-standard","has-post-thumbnail","hentry","category-abya-yala","category-sin-categoria","tag-colombia","tag-blindaje-reforzamiento","tag-bloque-de-poder-contrainsurgente-dominante-medios-de-comunicacion","tag-corrupcion-impunidad","tag-ejecuciones-judiaciales","tag-fracaso-implementacion-oficial-de-los-acuerdos-de-la-habana","tag-hergemonia-coercion","tag-odebrecht-sarmiento-angulo","tag-usa-colombia"],"translation":{"provider":"WPGlobus","version":"2.12.2","language":"fr","enabled_languages":["es","fr"],"languages":{"es":{"title":true,"content":true,"excerpt":true},"fr":{"title":false,"content":false,"excerpt":false}}},"_links":{"self":[{"href":"https:\/\/www.lapluma.net\/fr\/wp-json\/wp\/v2\/posts\/4780","targetHints":{"allow":["GET"]}}],"collection":[{"href":"https:\/\/www.lapluma.net\/fr\/wp-json\/wp\/v2\/posts"}],"about":[{"href":"https:\/\/www.lapluma.net\/fr\/wp-json\/wp\/v2\/types\/post"}],"author":[{"embeddable":true,"href":"https:\/\/www.lapluma.net\/fr\/wp-json\/wp\/v2\/users\/273"}],"replies":[{"embeddable":true,"href":"https:\/\/www.lapluma.net\/fr\/wp-json\/wp\/v2\/comments?post=4780"}],"version-history":[{"count":3,"href":"https:\/\/www.lapluma.net\/fr\/wp-json\/wp\/v2\/posts\/4780\/revisions"}],"predecessor-version":[{"id":4785,"href":"https:\/\/www.lapluma.net\/fr\/wp-json\/wp\/v2\/posts\/4780\/revisions\/4785"}],"wp:featuredmedia":[{"embeddable":true,"href":"https:\/\/www.lapluma.net\/fr\/wp-json\/wp\/v2\/media\/4783"}],"wp:attachment":[{"href":"https:\/\/www.lapluma.net\/fr\/wp-json\/wp\/v2\/media?parent=4780"}],"wp:term":[{"taxonomy":"category","embeddable":true,"href":"https:\/\/www.lapluma.net\/fr\/wp-json\/wp\/v2\/categories?post=4780"},{"taxonomy":"post_tag","embeddable":true,"href":"https:\/\/www.lapluma.net\/fr\/wp-json\/wp\/v2\/tags?post=4780"},{"taxonomy":"author","embeddable":true,"href":"https:\/\/www.lapluma.net\/fr\/wp-json\/wp\/v2\/coauthors?post=4780"}],"curies":[{"name":"wp","href":"https:\/\/api.w.org\/{rel}","templated":true}]}}