{"id":47193,"date":"2023-01-04T18:04:30","date_gmt":"2023-01-04T18:04:30","guid":{"rendered":"https:\/\/www.lapluma.net\/?p=47193"},"modified":"2023-01-04T18:09:18","modified_gmt":"2023-01-04T18:09:18","slug":"tantos-y-tan-poco","status":"publish","type":"post","link":"https:\/\/www.lapluma.net\/fr\/2023\/01\/04\/tantos-y-tan-poco\/","title":{"rendered":"Tantos y tan poco"},"content":{"rendered":"<p style=\"text-align: justify;\"><span style=\"font-size: 14pt;\">La actualidad se ci\u00f1e a la orden del d\u00eda y se transmite a trav\u00e9s de miles de medios, y los grandes medios de comunicaci\u00f3n se deben al libreto que el Mercado disponga.<\/span><\/p>\n<p style=\"text-align: justify;\"><span style=\"font-size: 14pt;\">Lunes: el virus chino, la guerra de Rusia y el velo de Ir\u00e1n. Como contrapunto noticioso se confirma que el cambio clim\u00e1tico pueda estar detr\u00e1s del aumento de la temperatura.<\/span><\/p>\n<p style=\"text-align: justify;\"><span style=\"font-size: 14pt;\">Martes: el virus chino, la guerra de Rusia y el velo de Ir\u00e1n en la portada, adem\u00e1s de la despedida de los escenarios de Serrat.<\/span><\/p>\n<p style=\"text-align: justify;\"><span style=\"font-size: 14pt;\">Mi\u00e9rcoles: el virus chino, la guerra de Rusia y el velo de Ir\u00e1n, para no hablar de los nuevos restaurantes Michel\u00edn, las cabalgatas de reyes y el sorteo del ni\u00f1o.<\/span><\/p>\n<p style=\"text-align: justify;\"><span style=\"font-size: 14pt;\">Jueves: el virus chino, la guerra de Rusia y el velo de Ir\u00e1n comparten titulares y conexiones con la toma de posesi\u00f3n de Lula en Brasil.<\/span><\/p>\n<p style=\"text-align: justify;\"><span style=\"font-size: 14pt;\">Viernes: el virus chino, la guerra de Rusia y el velo de Ir\u00e1n, en primera plana con la retirada del IVA a los alimentos y un \u00faltimo caso de violencia machista.<\/span><\/p>\n<p style=\"text-align: justify;\"><span style=\"font-size: 14pt;\">S\u00e1bado:el virus chino, la guerra de Rusia y el velo de Ir\u00e1n, junto al cortejo f\u00fanebre que ha acompa\u00f1ado a Pel\u00e9 en su \u201c\u00faltimo regate\u201d.<\/span><\/p>\n<p style=\"text-align: justify;\"><span style=\"font-size: 14pt;\">Domingo: el virus chino, la guerra de Rusia y el velo de Ir\u00e1n, am\u00e9n de los miles de cat\u00f3licos que han despedido en Roma al Papa Benedicto.<\/span><\/p>\n<p><img loading=\"lazy\" decoding=\"async\" class=\" wp-image-37269 aligncenter\" src=\"https:\/\/www.lapluma.net\/wp-content\/uploads\/2022\/04\/Plan-Condor-comunicacional-300x169.jpg\" alt=\"\" width=\"419\" height=\"236\" srcset=\"https:\/\/www.lapluma.net\/wp-content\/uploads\/2022\/04\/Plan-Condor-comunicacional-300x169.jpg 300w, https:\/\/www.lapluma.net\/wp-content\/uploads\/2022\/04\/Plan-Condor-comunicacional.jpg 664w\" sizes=\"auto, (max-width: 419px) 100vw, 419px\" \/><\/p>\n<p style=\"text-align: justify;\"><span style=\"font-size: 14pt;\">Nunca tantos medios nos han contado tan poco.<\/span><\/p>\n<p style=\"text-align: justify;\"><span style=\"font-size: 14pt;\">(Preso politikoak aske)<\/span><\/p>\n<h2><span style=\"font-size: 18pt;\"><strong>Koldo Campos Sagaseta, Columna Cronopiando para La Pluma,\u00a0 <\/strong><strong><b>14 <\/b><\/strong><strong>de <\/strong><strong><b>marzo <\/b><\/strong><strong>de 2022<\/strong><\/span><\/h2>\n<h2><strong><span style=\"font-size: 18pt;\">Editado por <\/span><a href=\"https:\/\/www.lapluma.net\/nosotros\/editora\/\"><span style=\"font-size: 18pt;\">Mar\u00eda Piedad Ossaba<\/span><\/a><\/strong><\/h2>\n<p style=\"text-align: justify;\">\n","protected":false},"excerpt":{"rendered":"<p>Memoria que respira y pan que se comparte <\/p>\n","protected":false},"author":50,"featured_media":47197,"comment_status":"open","ping_status":"open","sticky":false,"template":"","format":"standard","meta":{"_uf_show_specific_survey":0,"_uf_disable_surveys":false,"footnotes":""},"categories":[5,443],"tags":[21782,15787,21783,18461,21781,21784],"coauthors":[463],"class_list":["post-47193","post","type-post","status-publish","format-standard","has-post-thumbnail","hentry","category-editoriales-y-opiniones","category-en-la-picota","tag-grandes-medios-de-comunicacion","tag-koldo-campos-sagaseta-2","tag-libreto-mercado","tag-manipulacion-mediatica-mentiras-y-medios","tag-miles-de-medios","tag-tantos-medios-cuentan-poco"],"translation":{"provider":"WPGlobus","version":"2.12.2","language":"fr","enabled_languages":["es","fr"],"languages":{"es":{"title":true,"content":true,"excerpt":true},"fr":{"title":false,"content":false,"excerpt":false}}},"_links":{"self":[{"href":"https:\/\/www.lapluma.net\/fr\/wp-json\/wp\/v2\/posts\/47193","targetHints":{"allow":["GET"]}}],"collection":[{"href":"https:\/\/www.lapluma.net\/fr\/wp-json\/wp\/v2\/posts"}],"about":[{"href":"https:\/\/www.lapluma.net\/fr\/wp-json\/wp\/v2\/types\/post"}],"author":[{"embeddable":true,"href":"https:\/\/www.lapluma.net\/fr\/wp-json\/wp\/v2\/users\/50"}],"replies":[{"embeddable":true,"href":"https:\/\/www.lapluma.net\/fr\/wp-json\/wp\/v2\/comments?post=47193"}],"version-history":[{"count":6,"href":"https:\/\/www.lapluma.net\/fr\/wp-json\/wp\/v2\/posts\/47193\/revisions"}],"predecessor-version":[{"id":47225,"href":"https:\/\/www.lapluma.net\/fr\/wp-json\/wp\/v2\/posts\/47193\/revisions\/47225"}],"wp:featuredmedia":[{"embeddable":true,"href":"https:\/\/www.lapluma.net\/fr\/wp-json\/wp\/v2\/media\/47197"}],"wp:attachment":[{"href":"https:\/\/www.lapluma.net\/fr\/wp-json\/wp\/v2\/media?parent=47193"}],"wp:term":[{"taxonomy":"category","embeddable":true,"href":"https:\/\/www.lapluma.net\/fr\/wp-json\/wp\/v2\/categories?post=47193"},{"taxonomy":"post_tag","embeddable":true,"href":"https:\/\/www.lapluma.net\/fr\/wp-json\/wp\/v2\/tags?post=47193"},{"taxonomy":"author","embeddable":true,"href":"https:\/\/www.lapluma.net\/fr\/wp-json\/wp\/v2\/coauthors?post=47193"}],"curies":[{"name":"wp","href":"https:\/\/api.w.org\/{rel}","templated":true}]}}