{"id":47135,"date":"2023-01-03T23:13:35","date_gmt":"2023-01-03T23:13:35","guid":{"rendered":"https:\/\/www.lapluma.net\/?p=47135"},"modified":"2023-01-03T23:17:27","modified_gmt":"2023-01-03T23:17:27","slug":"liderazgo-de-lula-cambia-todo-el-escenario-regional-latinoamericano","status":"publish","type":"post","link":"https:\/\/www.lapluma.net\/fr\/2023\/01\/03\/liderazgo-de-lula-cambia-todo-el-escenario-regional-latinoamericano\/","title":{"rendered":"Liderazgo de Lula cambia todo el escenario regional latinoamericano"},"content":{"rendered":"<p style=\"text-align: justify;\"><span style=\"font-size: 14pt;\">El nuevo mandato del presidente brasile\u00f1o Luiz In\u00e1cio Lula da Silva apuesta por recuperar el rol central de Mercosur, Unasur y la Comunidad de Estados Latinoamericanos y Caribe\u00f1os (Celac), as\u00ed como por un relanzamiento de las relaciones con la subregi\u00f3n suramericana. Lula llegar\u00e1 el 23 de enero a Buenos Aires en su primer viaje de Estado para asistir a la pr\u00f3xima cumbre de Celac. Se abren promisorias expectativas en materia de integraci\u00f3n tanto para Am\u00e9rica Latina como para los casos particulares de Venezuela y Bolivia.<\/span><\/p>\n<p style=\"text-align: justify;\"><em><span style=\"font-size: 14pt;\">Varios pa\u00edses latinoamericanos expresaron sus expectativas tras el retorno de Lula de Silva al Palacio de Planalto en Brasilia. En el caso de Venezuela, por ejemplo, la agenda contempla diferentes \u00edtems adem\u00e1s del Mercosur. El primero es la normalizaci\u00f3n de las relaciones diplom\u00e1ticas, lo cual ya est\u00e1 en marcha con la designaci\u00f3n de Manuel Vicente Vadell como embajador en Brasil y el anuncio del canciller carioca Mauro Vieira de enviar en lo inmediato \u201ca un encargado de negocios para recuperar los edificios que all\u00e1 tenemos\u201d, para luego proceder a nombrar el respectivo agente diplom\u00e1tico. A Brasilia viaj\u00f3 a los actos de investidura de Lula el pasado domingo 1 de enero, Jorge Rodr\u00edguez, presidente de la Asamblea Nacional venezolana, quien sostuvo una reuni\u00f3n personal con el nuevo mandatario brasile\u00f1o en la que se tocaron diversos t\u00f3picos sobre la reactivaci\u00f3n de la relaci\u00f3n bilateral.<\/span><\/em><\/p>\n<figure id=\"attachment_47142\" aria-describedby=\"caption-attachment-47142\" style=\"width: 575px\" class=\"wp-caption aligncenter\"><img loading=\"lazy\" decoding=\"async\" class=\"wp-image-47142\" src=\"https:\/\/www.lapluma.net\/wp-content\/uploads\/2023\/01\/0001-Petro-Lula-300x187.jpg\" alt=\"\" width=\"575\" height=\"358\" srcset=\"https:\/\/www.lapluma.net\/wp-content\/uploads\/2023\/01\/0001-Petro-Lula-300x187.jpg 300w, https:\/\/www.lapluma.net\/wp-content\/uploads\/2023\/01\/0001-Petro-Lula-768x479.jpg 768w, https:\/\/www.lapluma.net\/wp-content\/uploads\/2023\/01\/0001-Petro-Lula.jpg 1024w\" sizes=\"auto, (max-width: 575px) 100vw, 575px\" \/><figcaption id=\"caption-attachment-47142\" class=\"wp-caption-text\">El presidente de Colombia, Gustavo Petro, durante su encuentro en Brasilia con su hom\u00f3logo Lula da Silva.<\/figcaption><\/figure>\n<p style=\"text-align: justify;\"><span style=\"font-size: 14pt;\">El tema Venezuela forma parte, a su vez, de una agenda regional, como evidenci\u00f3 la reuni\u00f3n de noviembre en el Foro de la Paz en Par\u00eds, donde asistieron el presidente argentino Alberto Fern\u00e1ndez y el mandatario colombiano, Gustavo Petro -adem\u00e1s de autoridades de Francia y Noruega- como parte de los di\u00e1logos entre el gobierno de Nicol\u00e1s Maduro y un sector de la oposici\u00f3n.<\/span><\/p>\n<p style=\"text-align: justify;\"><em><span style=\"font-size: 14pt;\">La naci\u00f3n carioca busca cumplir un activo rol en el escenario de la normalizaci\u00f3n pol\u00edtica en Venezuela, pues Estados Unidos, durante la visita que realiz\u00f3 el pasado mes de diciembre a Brasilia el consejero de Seguridad Nacional, Jake Sullivan, abord\u00f3 el tema con Lula, as\u00ed como hab\u00eda hecho con Petro luego de su victoria electoral.<\/span><\/em><\/p>\n<h2 style=\"text-align: justify;\"><span style=\"font-size: 18pt;\"><strong>Agenda ambiental con Colombia<\/strong><\/span><\/h2>\n<p style=\"text-align: justify;\"><span style=\"font-size: 14pt;\">Otro pa\u00eds en donde existen varias expectativas es Colombia, con la agenda ambiental, en particular respecto de la protecci\u00f3n de la Amazon\u00eda, territorio que se encuentra en su mayor parte entre ambas naciones.<\/span><\/p>\n<p style=\"text-align: justify;\"><em><span style=\"font-size: 14pt;\">Lula design\u00f3 a Marina Silva al frente de la cartera de Medio Ambiente, quien ya se reuni\u00f3 con la vicepresidenta de Colombia, Francia M\u00e1rquez, en la COP27 celebrada en Egipto en noviembre. Para la asunci\u00f3n del Presidente brasile\u00f1o hizo parte de la comitiva de Petro, la ministra de Ambiente y Desarrollo Sostenible de Colombia, Susana Muhamad, dando cuenta de la importancia de la cuesti\u00f3n ecol\u00f3gica y amaz\u00f3nica para ambos l\u00edderes pol\u00edticos.<\/span><\/em><\/p>\n<p><img loading=\"lazy\" decoding=\"async\" class=\" wp-image-47143 aligncenter\" src=\"https:\/\/www.lapluma.net\/wp-content\/uploads\/2023\/01\/AL-300x200.jpg\" alt=\"\" width=\"559\" height=\"372\" srcset=\"https:\/\/www.lapluma.net\/wp-content\/uploads\/2023\/01\/AL-300x200.jpg 300w, https:\/\/www.lapluma.net\/wp-content\/uploads\/2023\/01\/AL-768x512.jpg 768w, https:\/\/www.lapluma.net\/wp-content\/uploads\/2023\/01\/AL-435x290.jpg 435w, https:\/\/www.lapluma.net\/wp-content\/uploads\/2023\/01\/AL-150x100.jpg 150w, https:\/\/www.lapluma.net\/wp-content\/uploads\/2023\/01\/AL-370x247.jpg 370w, https:\/\/www.lapluma.net\/wp-content\/uploads\/2023\/01\/AL.jpg 960w\" sizes=\"auto, (max-width: 559px) 100vw, 559px\" \/><\/p>\n<h2 style=\"text-align: justify;\"><span style=\"font-size: 18pt;\"><strong>Reactivaci\u00f3n de Mercosur<\/strong><\/span><\/h2>\n<p style=\"text-align: justify;\"><span style=\"font-size: 14pt;\">El regreso de Lula a la Presidencia en Brasil implica la aparici\u00f3n de un conjunto de posibilidades para la regi\u00f3n. La dimensi\u00f3n de su liderazgo le otorga un peso particular a su nuevo intento de promover e impulsar la integraci\u00f3n regional, as\u00ed como el relanzamiento de las pol\u00edticas bilaterales con sus pa\u00edses vecinos, entre los cuales ocupa un lugar destacado Argentina, que tiene en Brasil su principal socio comercial.<\/span><\/p>\n<p style=\"text-align: justify;\"><em><span style=\"font-size: 14pt;\">Existe un renovado optimismo respecto de lo que se pueda lograr en torno de la reactivaci\u00f3n del Mercado Com\u00fan del Sur (Mercosur) tras el regreso de Lula al poder.<\/span><\/em><\/p>\n<p style=\"text-align: justify;\"><span style=\"font-size: 14pt;\"><em>\u201cNuestro protagonismo se concretar\u00e1 por el retorno de la integraci\u00f3n latinoamericana mediante el Mercosur, la revitalizaci\u00f3n de la Unasur y las dem\u00e1s instancias de articulaci\u00f3n soberana de nuestra regi\u00f3n\u201d<\/em>, anunci\u00f3 Lula durante su discurso de investidura.<\/span><\/p>\n<figure id=\"attachment_47144\" aria-describedby=\"caption-attachment-47144\" style=\"width: 444px\" class=\"wp-caption aligncenter\"><img loading=\"lazy\" decoding=\"async\" class=\"wp-image-47144\" src=\"https:\/\/www.lapluma.net\/wp-content\/uploads\/2023\/01\/0001-Lula-Arce-Bolivia-205x300.jpg\" alt=\"\" width=\"444\" height=\"649\" srcset=\"https:\/\/www.lapluma.net\/wp-content\/uploads\/2023\/01\/0001-Lula-Arce-Bolivia-205x300.jpg 205w, https:\/\/www.lapluma.net\/wp-content\/uploads\/2023\/01\/0001-Lula-Arce-Bolivia-701x1024.jpg 701w, https:\/\/www.lapluma.net\/wp-content\/uploads\/2023\/01\/0001-Lula-Arce-Bolivia-768x1122.jpg 768w, https:\/\/www.lapluma.net\/wp-content\/uploads\/2023\/01\/0001-Lula-Arce-Bolivia-1051x1536.jpg 1051w, https:\/\/www.lapluma.net\/wp-content\/uploads\/2023\/01\/0001-Lula-Arce-Bolivia.jpg 1095w\" sizes=\"auto, (max-width: 444px) 100vw, 444px\" \/><figcaption id=\"caption-attachment-47144\" class=\"wp-caption-text\">El mandatario boliviano Luis Arce durante su reuni\u00f3n con Lula en Itamaraty.<\/figcaption><\/figure>\n<p style=\"text-align: justify;\"><span style=\"font-size: 14pt;\">La implica a su vez varios debates. Uno de ellos es el posible ingreso de Bolivia, algo en lo cual Lula se comprometi\u00f3 con el presidente Luis Arce en septiembre, cuando el mandatario boliviano estuvo en Sao Paulo. Ambos mandatarios volvieron a reunirse este lunes 2 de diciembre y durante su encuentro volvieron abordar el tema.<\/span><\/p>\n<p style=\"text-align: justify;\"><span style=\"font-size: 14pt;\">Tambi\u00e9n est\u00e1 pendiente el retorno de Venezuela a dicho organismo. Sobre el particular el canciller Vieira afirm\u00f3: <em>\u201cApoyaremos el regreso de Venezuela al Mercosur<\/em>, <em>aunque todav\u00eda no han cumplido con algunos requisitos legales\u201d<\/em>.<\/span><\/p>\n<p style=\"text-align: justify;\"><span style=\"font-size: 14pt;\">Lula deber\u00e1, a su vez, entablar un di\u00e1logo con el gobierno de Uruguay que preside el conservador Luis Lacalle Pou, quien ha mantenido una posici\u00f3n cr\u00edtica hacia el organismo regional, en el marco de su intento de avanzar en un incierto acuerdo de libre comercio con China.<\/span><\/p>\n<h2 style=\"text-align: justify;\"><span style=\"font-size: 18pt;\"><strong>Mini cumbre regional<\/strong><\/span><\/h2>\n<figure id=\"attachment_47145\" aria-describedby=\"caption-attachment-47145\" style=\"width: 497px\" class=\"wp-caption aligncenter\"><img loading=\"lazy\" decoding=\"async\" class=\"wp-image-47145\" src=\"https:\/\/www.lapluma.net\/wp-content\/uploads\/2023\/01\/0001-Alberto-Fernandeaz-Lula-300x200.jpg\" alt=\"\" width=\"497\" height=\"332\" srcset=\"https:\/\/www.lapluma.net\/wp-content\/uploads\/2023\/01\/0001-Alberto-Fernandeaz-Lula-300x200.jpg 300w, https:\/\/www.lapluma.net\/wp-content\/uploads\/2023\/01\/0001-Alberto-Fernandeaz-Lula-768x512.jpg 768w, https:\/\/www.lapluma.net\/wp-content\/uploads\/2023\/01\/0001-Alberto-Fernandeaz-Lula-435x290.jpg 435w, https:\/\/www.lapluma.net\/wp-content\/uploads\/2023\/01\/0001-Alberto-Fernandeaz-Lula-150x100.jpg 150w, https:\/\/www.lapluma.net\/wp-content\/uploads\/2023\/01\/0001-Alberto-Fernandeaz-Lula-370x247.jpg 370w, https:\/\/www.lapluma.net\/wp-content\/uploads\/2023\/01\/0001-Alberto-Fernandeaz-Lula.jpg 960w\" sizes=\"auto, (max-width: 497px) 100vw, 497px\" \/><figcaption id=\"caption-attachment-47145\" class=\"wp-caption-text\">El mandatario argentino Alberto Fern\u00e1ndez felicita a su hom\u00f3logo brasile\u00f1o por su tercer periodo presidencial.<\/figcaption><\/figure>\n<p style=\"text-align: justify;\"><em><span style=\"font-size: 14pt;\">El Palacio Itamaraty, sede del Ministerio de Relaciones Exteriores de Brasil, se convirti\u00f3 este lunes 2 de enero en sede de las reuniones del presidente Lula da Silva con mandatarios de diferentes pa\u00edses, 15 en total seg\u00fan la lista oficial. La agenda del nuevo mandatario dio cuenta de la importancia de su ascenso al Planalto para el mundo, y en particular para Am\u00e9rica Latina. Estos encuentros a nivel presidencial constituyeron una mini cumbre pol\u00edtica regional para avizorar las nuevas posibilidades de reimpulsar la integraci\u00f3n socavada por los gobiernos neoliberales de ingrata recordaci\u00f3n para Latinoam\u00e9rica.<\/span><\/em><\/p>\n<figure id=\"attachment_47141\" aria-describedby=\"caption-attachment-47141\" style=\"width: 490px\" class=\"wp-caption aligncenter\"><img loading=\"lazy\" decoding=\"async\" class=\"wp-image-47141\" src=\"https:\/\/www.lapluma.net\/wp-content\/uploads\/2023\/01\/Capture-Lula-300x201.jpg\" alt=\"\" width=\"490\" height=\"328\" srcset=\"https:\/\/www.lapluma.net\/wp-content\/uploads\/2023\/01\/Capture-Lula-300x201.jpg 300w, https:\/\/www.lapluma.net\/wp-content\/uploads\/2023\/01\/Capture-Lula-435x290.jpg 435w, https:\/\/www.lapluma.net\/wp-content\/uploads\/2023\/01\/Capture-Lula-150x100.jpg 150w, https:\/\/www.lapluma.net\/wp-content\/uploads\/2023\/01\/Capture-Lula-370x247.jpg 370w, https:\/\/www.lapluma.net\/wp-content\/uploads\/2023\/01\/Capture-Lula.jpg 545w\" sizes=\"auto, (max-width: 490px) 100vw, 490px\" \/><figcaption id=\"caption-attachment-47141\" class=\"wp-caption-text\">Luiz In\u00e1cio Lula da Silva: liderazgo latinoamericano con peso espec\u00edfico.<\/figcaption><\/figure>\n<p style=\"text-align: justify;\"><span style=\"font-size: 14pt;\">En cuanto al \u00e1mbito geopol\u00edtico mundial, Lula reafirm\u00f3 su compromiso de luchar por la paz a nivel planetario. En sinton\u00eda con sus postulados ideol\u00f3gicos, habl\u00f3 de la necesidad de ponerle punto final a la guerra con la representante rusa que asisti\u00f3 a su asunci\u00f3n. Dijo que <em>\u201cterminar con las guerras, con la desigualdad en el mundo y con el extremismo autoritario es un desaf\u00edo civilizatorio\u201d<\/em>.<\/span><\/p>\n<h2><span style=\"font-size: 18pt;\">Cronic\u00d3n<\/span><\/h2>\n<h2><span style=\"font-size: 18pt;\">Editado por<a href=\"https:\/\/www.lapluma.net\/nosotros\/editora\/\"> Mar\u00eda Piedad Ossaba<\/a><\/span><\/h2>\n<h2><span style=\"font-size: 18pt;\">Fuente : <a href=\"https:\/\/cronicon.net\/wp\/liderazgo-de-lula-cambia-todo-el-escenario-regional-latinoamericano\/\">Cronic\u00d3n.com<\/a>, 3 de enero de 2023<\/span><\/h2>\n<p><iframe loading=\"lazy\" title=\"PRIMER DISCURSO COMPLETO de LULA DA SILVA COMO PRESIDENTE de BRASIL\" width=\"660\" height=\"371\" src=\"https:\/\/www.youtube.com\/embed\/Rq3D1D1jMDU?start=4&#038;feature=oembed\" frameborder=\"0\" allow=\"accelerometer; autoplay; clipboard-write; encrypted-media; gyroscope; picture-in-picture; web-share\" referrerpolicy=\"strict-origin-when-cross-origin\" allowfullscreen><\/iframe><\/p>\n","protected":false},"excerpt":{"rendered":"<p>Lula reafirm\u00f3 su compromiso de luchar por la paz a nivel planetario. En sinton\u00eda con sus postulados ideol\u00f3gicos, habl\u00f3 de la necesidad de ponerle punto final a la guerra con la representante rusa que asisti\u00f3 a su asunci\u00f3n. Dijo que \u201cterminar con las guerras, con la desigualdad en el mundo y con el extremismo autoritario es un desaf\u00edo civilizatorio\u201d.<\/p>\n","protected":false},"author":629,"featured_media":47141,"comment_status":"open","ping_status":"open","sticky":false,"template":"","format":"standard","meta":{"_uf_show_specific_survey":0,"_uf_disable_surveys":false,"footnotes":""},"categories":[217],"tags":[21756,21760,21737,21761,3277,381,10265,1500,21759,21758,21757],"coauthors":[9033],"class_list":["post-47135","post","type-post","status-publish","format-standard","has-post-thumbnail","hentry","category-abya-yala","tag-agenda-ambiental-con-colombia","tag-agenda-mercosur","tag-brasil-america-latina-y-el-caribe-abya-yala","tag-escenario-regional-latinoamericano","tag-gustavo-petro","tag-integracion-regional","tag-luis-arce","tag-luiz-inacio-lula-da-silva","tag-mercosur-unasur-comunidad-de-estados-latinoamericanos-y-caribenos-celac","tag-mini-cumbre-regional","tag-reactivacion-de-mercosur"],"translation":{"provider":"WPGlobus","version":"2.12.2","language":"fr","enabled_languages":["es","fr"],"languages":{"es":{"title":true,"content":true,"excerpt":true},"fr":{"title":false,"content":false,"excerpt":false}}},"_links":{"self":[{"href":"https:\/\/www.lapluma.net\/fr\/wp-json\/wp\/v2\/posts\/47135","targetHints":{"allow":["GET"]}}],"collection":[{"href":"https:\/\/www.lapluma.net\/fr\/wp-json\/wp\/v2\/posts"}],"about":[{"href":"https:\/\/www.lapluma.net\/fr\/wp-json\/wp\/v2\/types\/post"}],"author":[{"embeddable":true,"href":"https:\/\/www.lapluma.net\/fr\/wp-json\/wp\/v2\/users\/629"}],"replies":[{"embeddable":true,"href":"https:\/\/www.lapluma.net\/fr\/wp-json\/wp\/v2\/comments?post=47135"}],"version-history":[{"count":7,"href":"https:\/\/www.lapluma.net\/fr\/wp-json\/wp\/v2\/posts\/47135\/revisions"}],"predecessor-version":[{"id":47140,"href":"https:\/\/www.lapluma.net\/fr\/wp-json\/wp\/v2\/posts\/47135\/revisions\/47140"}],"wp:featuredmedia":[{"embeddable":true,"href":"https:\/\/www.lapluma.net\/fr\/wp-json\/wp\/v2\/media\/47141"}],"wp:attachment":[{"href":"https:\/\/www.lapluma.net\/fr\/wp-json\/wp\/v2\/media?parent=47135"}],"wp:term":[{"taxonomy":"category","embeddable":true,"href":"https:\/\/www.lapluma.net\/fr\/wp-json\/wp\/v2\/categories?post=47135"},{"taxonomy":"post_tag","embeddable":true,"href":"https:\/\/www.lapluma.net\/fr\/wp-json\/wp\/v2\/tags?post=47135"},{"taxonomy":"author","embeddable":true,"href":"https:\/\/www.lapluma.net\/fr\/wp-json\/wp\/v2\/coauthors?post=47135"}],"curies":[{"name":"wp","href":"https:\/\/api.w.org\/{rel}","templated":true}]}}