{"id":4668,"date":"2018-12-30T03:32:08","date_gmt":"2018-12-30T03:32:08","guid":{"rendered":"http:\/\/www.lapluma.net\/?p=4668"},"modified":"2018-12-30T03:32:08","modified_gmt":"2018-12-30T03:32:08","slug":"lexistence-de-leuro-cause-premiere-des-gilets-jaunes","status":"publish","type":"post","link":"https:\/\/www.lapluma.net\/fr\/2018\/12\/30\/lexistence-de-leuro-cause-premiere-des-gilets-jaunes\/","title":{"rendered":"L\u2019existence de l\u2019euro, cause premi\u00e8re des \u00abgilets jaunes\u00bb"},"content":{"rendered":"<p style=\"text-align: justify;\"><strong><span class=\"auteur\"><img loading=\"lazy\" decoding=\"async\" class=\"size-full wp-image-1320 alignleft\" src=\"http:\/\/www.lapluma.net\/wp-content\/uploads\/2018\/10\/aut_3592Bis.jpg\" alt=\"\" width=\"70\" height=\"70\" \/><\/span><\/strong><span style=\"font-size: 12pt;\">Pr\u00e8s de vingt ans apr\u00e8s le lancement de l\u2019euro, le 1er\u00a0janvier 1999, la situation de la monnaie unique europ\u00e9enne est paradoxale. D\u2019un c\u00f4t\u00e9, l\u2019\u00e9chec de ce projet est patent, \u00e9tant reconnu par la plupart des \u00e9conomistes comp\u00e9tents, dont de tr\u00e8s nombreux prix Nobel. De l\u2019autre, ce sujet est maintenant tabou en France, au point qu\u2019aucun responsable politique n\u2019ose plus l\u2019aborder de front. Comment s\u2019explique une telle situation ?<\/span><\/p>\n<p><img loading=\"lazy\" decoding=\"async\" class=\"aligncenter\" src=\"https:\/\/img.rt.com\/french\/images\/2018.12\/article\/5c0e9fca488c7bad5f8b4567.jpg\" alt=\"\" width=\"600\" height=\"337\" \/><\/p>\n<p align=\"center\"><strong><span style=\"font-size: 12pt;\"><small>\u00a9 Aris Oikonomou \/ AFP<\/small><\/span><\/strong><\/p>\n<div style=\"text-align: justify;\"><span style=\"font-size: 12pt;\">Personne ne relie le mouvement actuel des \u00ab gilets jaunes \u00bb \u00e0 l\u2019\u00e9chec de l\u2019euro. Or, l\u2019appauvrissement du plus grand nombre, dont il est le signe le plus manifeste, d\u00e9coule directement des politiques mises en \u0153uvre pour tenter de sauver, co\u00fbte que co\u00fbte, la monnaie unique europ\u00e9enne. Il ne s\u2019agit pas tant, ici, de la politique mon\u00e9taire d\u2019assouplissement quantitatif pratiqu\u00e9e par la Banque centrale europ\u00e9enne, peu efficace, au demeurant, pour relancer la production, mais des politiques budg\u00e9taires de hausse des imp\u00f4ts et de baisse des investissements publics, partout exig\u00e9es par la Commission de Bruxelles. Celles-ci ont, certes, fini par redresser les comptes ext\u00e9rieurs de certains pays d\u00e9ficitaires. En revanche, ce fut au prix d\u2019une \u00ab d\u00e9valuation interne \u00bb, c\u2019est-\u00e0-dire d\u2019une diminution drastique des revenus, associ\u00e9e \u00e0 un \u00e9tranglement de la demande interne. Elles ont ainsi engendr\u00e9 un effondrement dramatique de la production dans la plupart des pays d\u2019Europe du Sud et un taux de ch\u00f4mage rest\u00e9 tr\u00e8s \u00e9lev\u00e9, en d\u00e9pit d\u2019un exode massif des forces vives de ces pays.<\/span><\/div>\n<div style=\"text-align: justify;\"><\/div>\n<div style=\"text-align: justify;\"><span style=\"font-size: 12pt;\">La zone euro est d\u00e9sormais celle dont le taux de croissance \u00e9conomique est devenu le plus faible du monde. Les divergences entre les pays membres, loin d\u2019avoir \u00e9t\u00e9 r\u00e9duites, se sont largement amplifi\u00e9es. Au lieu de favoriser l\u2019\u00e9closion d\u2019un march\u00e9 europ\u00e9en des capitaux, la \u00ab monnaie unique \u00bb s\u2019est accompagn\u00e9e d\u2019une mont\u00e9e de l\u2019endettement, public et priv\u00e9, de la majorit\u00e9 des nations. Or, l\u2019existence m\u00eame de l\u2019euro, dont on pouvait autrefois encore discuter les effets, est maintenant devenu un sujet absolument tabou. Tandis que son lien avec le m\u00e9contentement actuel est manifeste, les partisans de l\u2019euro font miroiter aux Fran\u00e7ais ses avantages largement illusoires (sauf la facilit\u00e9 de d\u00e9placement en Europe). Ils dressent un tableau apocalyptique de la situation \u00e9conomique qui pr\u00e9vaudrait en cas de sortie de la \u00ab monnaie unique \u00bb, dans le but d\u2019affoler des Fran\u00e7ais qui n\u2019ont pas approfondi le sujet.<\/span><\/div>\n<div style=\"text-align: justify;\"><\/div>\n<div style=\"text-align: justify;\"><span style=\"font-size: 12pt;\">Face \u00e0 de tels arguments, il faut aujourd\u2019hui montrer tout ce que l\u2019euro a fait perdre \u00e0 la France en mati\u00e8re de croissance \u00e9conomique (effondrement de ses parts de march\u00e9 en Europe et dans le monde, affaiblissement dramatique de son appareil industriel). Les Fran\u00e7ais subissent d\u00e9j\u00e0 des reculs en mati\u00e8re de pouvoir d\u2019achat, d\u2019emploi, de retraite, de qualit\u00e9 des services publics, etc. Les politiques de \u00ab d\u00e9valuation interne \u00bb, qui sont indispensables si l\u2019on veut garder l\u2019euro, n\u2019ont pas encore \u00e9t\u00e9 pleinement mises en \u0153uvre chez nous, contrairement aux autres pays d\u2019Europe du Sud, mais elles provoquent d\u00e9j\u00e0 des r\u00e9actions de rejet. Le mouvement des \u00ab gilets jaunes \u00bb en est la cons\u00e9quence directe.<\/span><\/div>\n<div style=\"text-align: justify;\"><\/div>\n<div style=\"text-align: justify;\"><span style=\"font-size: 12pt;\">Il faut donc expliquer \u00e0 nos compatriotes que l\u2019inconv\u00e9nient majeur de l\u2019euro, pour la France, est un taux de change trop \u00e9lev\u00e9 qui engendre, fatalement, une perte de comp\u00e9titivit\u00e9 de notre \u00e9conomie, en majorant les prix et co\u00fbts salariaux fran\u00e7ais vis-\u00e0-vis de la plupart des pays \u00e9trangers. \u00c9vitons de brouiller les esprits avec l\u2019id\u00e9e d\u2019une coexistence \u00e9ventuelle entre un franc r\u00e9tabli et une \u00ab monnaie 2 commune \u00bb, pourvue de tous ses attributs, car c\u2019est une voie sans issue : une telle monnaie ne pourrait se concevoir valablement que comme une simple \u00ab unit\u00e9 de compte \u00bb, analogue \u00e0 l\u2019ancien ECU. Quant \u00e0 la perte de souverainet\u00e9 due \u00e0 l\u2019euro, si elle est indubitable, il s\u2019agit d\u2019un sujet th\u00e9orique, loin des pr\u00e9occupations des Fran\u00e7ais, ceux-ci \u00e9tant surtout sensibles \u00e0 leur situation concr\u00e8te.<\/span><\/div>\n<div style=\"text-align: justify;\"><\/div>\n<div style=\"text-align: justify;\"><span style=\"font-size: 12pt;\">Faute d\u2019avoir compris les vrais enjeux, beaucoup de nos compatriotes gardent ainsi, pour l\u2019instant, une peur non dissip\u00e9e vis-\u00e0-vis de tout bouleversement du statu quo, cependant que les partisans de l\u2019euro poussent des cris d\u2019orfraie \u00e0 chaque fois que leur f\u00e9tiche est remis en question. Que faire, dans ces conditions ? Face au m\u00e9contentement des Fran\u00e7ais, il est \u00e9vident qu\u2019aucune politique de redressement de la France ne sera possible si l\u2019on ne parvient pas \u00e0 recr\u00e9er une monnaie nationale dont le taux de change soit adapt\u00e9 \u00e0 notre pays. Mais il est \u00e9galement certain que ce changement doit \u00eatre op\u00e9r\u00e9 dans des conditions qui soient \u00e0 la fois viables et accept\u00e9es par le peuple fran\u00e7ais.<\/span><\/div>\n<div style=\"text-align: justify;\"><\/div>\n<div style=\"text-align: justify;\"><span style=\"font-size: 12pt;\">La premi\u00e8re de ces conditions serait de pr\u00e9parer une transition harmonieuse vers un apr\u00e8s-euro, si possible en discutant avec nos partenaires l\u2019organisation d\u2019un d\u00e9montage concert\u00e9, mais sinon en prenant l\u2019initiative de fa\u00e7on unilat\u00e9rale apr\u00e8s avoir mis en place les mesures conservatoires appropri\u00e9es. La seconde serait de faire comprendre \u00e0 nos compatriotes les avantages d\u2019une \u00ab d\u00e9valuation mon\u00e9taire \u00bb du franc retrouv\u00e9, accompagn\u00e9e d\u2019une politique \u00e9conomique coh\u00e9rente, ma\u00eetrisant l\u2019inflation, comme ce fut le cas en 1958 avec le g\u00e9n\u00e9ral de Gaulle, puis en 1969 avec Georges Pompidou. Et l\u2019inflation serait encore moins \u00e0 redouter aujourd\u2019hui en raison du sous-emploi de nos capacit\u00e9s de production. La perte in\u00e9luctable de pouvoir d\u2019achat, r\u00e9sultant du rench\u00e9rissement de certaines importations, ne serait que modeste et passag\u00e8re, \u00e9tant tr\u00e8s rapidement compens\u00e9e par le red\u00e9marrage de la production nationale. La dette publique de notre pays ne s\u2019alourdirait pas, car elle serait automatiquement convertie en francs (selon la r\u00e8gle dite\u00a0<em>lex monetae<\/em>\u00a0qui pr\u00e9vaut en mati\u00e8re de finance internationale). La France et les Fran\u00e7ais recouvreraient ainsi les brillantes perspectives d\u2019avenir que l\u2019euro a, jusqu\u2019\u00e0 pr\u00e9sent, constamment \u00e9touff\u00e9es.<\/span><\/div>\n<div style=\"text-align: justify;\"><\/div>\n<p style=\"text-align: justify;\"><span style=\"font-size: 12pt;\"><strong>Tribune collective sign\u00e9e par: <\/strong><\/span><\/p>\n<p style=\"text-align: justify;\"><span style=\"font-size: 12pt;\">Guy BERGER, H\u00e9l\u00e8ne CL\u00c9MENT-PITIOT, Daniel FEDOU, Jean-Pierre GERARD, Christian GOMEZ, Jean-Luc GREAU, Laurent HERBLAY, Jean HERNANDEZ, Roland HUREAUX, G\u00e9rard LAFAY, Jean-Louis MASSON, Philippe MURER, Pascal PECQUET, Claude ROCHET, Jean-Jacques ROSA, Jacques SAPIR, Henri TEMPLE, Jean-Claude WERREBROUCK, Emmanuel TODD\u00a0<\/span><\/p>\n<p style=\"text-align: justify;\"><span style=\"font-size: 12pt;\"><strong><span class=\"auteur\">Various Authors &#8211; Autores varios &#8211; Auteurs divers- AAVV-d.a. <\/span> <\/strong><\/span><\/p>\n<p style=\"text-align: justify;\"><span style=\"font-size: 12pt;\"><strong>Fuente: <a href=\"http:\/\/www.tlaxcala-int.org\/article.asp?reference=24993\">Tlaxcala<\/a>, le 29 d\u00e9cembre 2018<\/strong><\/span><\/p>\n<p style=\"text-align: justify;\"><span style=\"font-size: 12pt;\"><strong>Publi\u00e9 par<a href=\"https:\/\/www.les-crises.fr\/lexistence-de-leuro-cause-premiere-des-gilets-jaunes-tribune-de-todd-sapir-gomez-rosa-hureaux-werrebrouck\/\"> Les Cerises<\/a><\/strong><\/span><\/p>\n<p style=\"text-align: justify;\"><strong><span style=\"font-size: 12pt;\">Traductions disponibles: <\/span><span class=\"navigation_cadre\"><span style=\"font-size: 12pt;\"><a href=\"http:\/\/www.tlaxcala-int.org\/article.asp?reference=24994\">Italiano<\/a>\u00a0<\/span> <\/span><\/strong><\/p>\n","protected":false},"excerpt":{"rendered":"<p>Dans une tribune, 20 personnalit\u00e9s parmi lesquelles Emmanuel Todd et Jacques Sapir, rapprochent le mouvement des Gilets jaunes de l&rsquo;\u00e9chec de l&rsquo;euro. Pour les signataires, celui-ci a produit un appauvrissement massif qui d\u00e9bouche sur une crise.<\/p>\n","protected":false},"author":45,"featured_media":0,"comment_status":"open","ping_status":"open","sticky":false,"template":"","format":"standard","meta":{"_uf_show_specific_survey":0,"_uf_disable_surveys":false,"footnotes":""},"categories":[218],"tags":[],"coauthors":[423],"class_list":["post-4668","post","type-post","status-publish","format-standard","hentry","category-mundo"],"translation":{"provider":"WPGlobus","version":"2.12.2","language":"fr","enabled_languages":["es","fr"],"languages":{"es":{"title":true,"content":false,"excerpt":false},"fr":{"title":true,"content":true,"excerpt":true}}},"_links":{"self":[{"href":"https:\/\/www.lapluma.net\/fr\/wp-json\/wp\/v2\/posts\/4668","targetHints":{"allow":["GET"]}}],"collection":[{"href":"https:\/\/www.lapluma.net\/fr\/wp-json\/wp\/v2\/posts"}],"about":[{"href":"https:\/\/www.lapluma.net\/fr\/wp-json\/wp\/v2\/types\/post"}],"author":[{"embeddable":true,"href":"https:\/\/www.lapluma.net\/fr\/wp-json\/wp\/v2\/users\/45"}],"replies":[{"embeddable":true,"href":"https:\/\/www.lapluma.net\/fr\/wp-json\/wp\/v2\/comments?post=4668"}],"version-history":[{"count":3,"href":"https:\/\/www.lapluma.net\/fr\/wp-json\/wp\/v2\/posts\/4668\/revisions"}],"predecessor-version":[{"id":4672,"href":"https:\/\/www.lapluma.net\/fr\/wp-json\/wp\/v2\/posts\/4668\/revisions\/4672"}],"wp:attachment":[{"href":"https:\/\/www.lapluma.net\/fr\/wp-json\/wp\/v2\/media?parent=4668"}],"wp:term":[{"taxonomy":"category","embeddable":true,"href":"https:\/\/www.lapluma.net\/fr\/wp-json\/wp\/v2\/categories?post=4668"},{"taxonomy":"post_tag","embeddable":true,"href":"https:\/\/www.lapluma.net\/fr\/wp-json\/wp\/v2\/tags?post=4668"},{"taxonomy":"author","embeddable":true,"href":"https:\/\/www.lapluma.net\/fr\/wp-json\/wp\/v2\/coauthors?post=4668"}],"curies":[{"name":"wp","href":"https:\/\/api.w.org\/{rel}","templated":true}]}}