{"id":4636,"date":"2019-01-16T00:29:51","date_gmt":"2019-01-16T00:29:51","guid":{"rendered":"http:\/\/www.lapluma.net\/?p=4636"},"modified":"2019-01-19T20:36:12","modified_gmt":"2019-01-19T20:36:12","slug":"franciafin-de-mundo-cuando-la-gente-buena-se-vuelve-rabiosa","status":"publish","type":"post","link":"https:\/\/www.lapluma.net\/fr\/2019\/01\/16\/franciafin-de-mundo-cuando-la-gente-buena-se-vuelve-rabiosa\/","title":{"rendered":"Fin de monde ? <br><i>Quand les braves gens deviennent des enrag\u00e9s<\/i>"},"content":{"rendered":"<p style=\"text-align: justify;\"><span style=\"font-size: 12pt;\"><span class=\"mot-lettrine\"><img loading=\"lazy\" decoding=\"async\" class=\"wp-image-10140 jetpack-lazy-image jetpack-lazy-image--handled alignleft\" title=\"\" src=\"https:\/\/i0.wp.com\/kritica.info\/wp-content\/uploads\/2018\/12\/Fre\u0301de\u0301ric-Lordon.jpg?resize=200%2C267&amp;ssl=1\" sizes=\"auto, (max-width: 200px) 100vw, 200px\" srcset=\"https:\/\/i0.wp.com\/kritica.info\/wp-content\/uploads\/2018\/12\/Fre\u0301de\u0301ric-Lordon.jpg?w=200&amp;ssl=1 200w, https:\/\/i0.wp.com\/kritica.info\/wp-content\/uploads\/2018\/12\/Fre\u0301de\u0301ric-Lordon.jpg?resize=150%2C200&amp;ssl=1 150w\" alt=\"\" width=\"85\" height=\"114\" data-attachment-id=\"10140\" data-permalink=\"https:\/\/kritica.info\/porque-los-franceses-se-manifiestan-con-violencia\/frederic-lordon\/\" data-orig-file=\"https:\/\/i0.wp.com\/kritica.info\/wp-content\/uploads\/2018\/12\/Fre\u0301de\u0301ric-Lordon.jpg?fit=200%2C267&amp;ssl=1\" data-orig-size=\"200,267\" data-comments-opened=\"1\" data-image-meta=\"{\" data-image-title=\"Fre\u0301de\u0301ric Lordon\" data-image-description=\"\" data-medium-file=\"https:\/\/i0.wp.com\/kritica.info\/wp-content\/uploads\/2018\/12\/Fre\u0301de\u0301ric-Lordon.jpg?fit=150%2C200&amp;ssl=1\" data-large-file=\"https:\/\/i0.wp.com\/kritica.info\/wp-content\/uploads\/2018\/12\/Fre\u0301de\u0301ric-Lordon.jpg?fit=150%2C200&amp;ssl=1\" data-recalc-dims=\"1\" data-lazy-loaded=\"1\" \/>La<\/span> chute d\u2019un ordre de domination se reconna\u00eet \u00e0 la stup\u00e9faction qui se lit sur les visages de ses desservants. Samedi, le spectacle n\u2019\u00e9tait pas seulement dans la rue. Il \u00e9tait, et il dure toujours depuis, sur les faces ahuries de BFM, de CNews, de France 2, et d\u2019\u00e0 peu pr\u00e8s tous les m\u00e9dias audiovisuels, frapp\u00e9es d\u2019incompr\u00e9hension radicale. Que la stupidit\u00e9 ait \u00e0 voir avec la stup\u00e9faction, c\u2019est l\u2019\u00e9tymologie m\u00eame qui le dit. Les voil\u00e0 rendues au point d\u2019indistinction, et leur spectacle commun se donne comme cette sorte particuli\u00e8re d\u2019\u00ab<small class=\"fine\">\u00a0<\/small>information<small class=\"fine\">\u00a0<\/small>\u00bb\u00a0: en continu.<\/span><\/p>\n<p><img loading=\"lazy\" decoding=\"async\" class=\"spip_logos aligncenter\" src=\"https:\/\/blog.mondediplo.net\/local\/cache-vignettes\/L650xH1061\/egon_schiele_-_selbstbildnis_in_gelber_weste_-_1914-1-48508.jpg?1544009546\" alt=\"JPEG - 301.8\u00a0ko\" width=\"516\" height=\"842\" \/><\/p>\n<p style=\"text-align: center;\"><strong>Egon Schiele \u2014 \u00ab<small class=\"fine\">\u00a0<\/small>Selbstbildnis in gelber Weste<small class=\"fine\">\u00a0<\/small>\u00bb (<span class=\"texte1\">\u00ab<small class=\"fine\"> <\/small>Autoportrait au gilet jaune<small class=\"fine\"> <\/small>\u00bb<\/span>), 1914.<\/strong><\/p>\n<p style=\"text-align: justify;\"><span style=\"font-size: 12pt;\">Comme l\u2019esprit se rend pr\u00e9f\u00e9rentiellement aux id\u00e9es qui font sa satisfaction et l\u00e0 o\u00f9 il trouve du confort, les trompettistes du \u00ab<small class=\"fine\">\u00a0<\/small>nouveau monde<small class=\"fine\">\u00a0<\/small>\u00bb et du \u00ab<small class=\"fine\">\u00a0<\/small>macronisme r\u00e9volutionnaire<small class=\"fine\">\u00a0<\/small>\u00bb, sans faire l\u2019\u00e9conomie d\u2019une contradiction, retournent invariablement \u00e0 l\u2019\u00e9curie de leurs vieilles cat\u00e9gories, les cat\u00e9gories du vieux monde puisque c\u2019est celui-l\u00e0 qui a fait leur situation, leurs \u00e9moluments et leur magist\u00e8re <i>(lire \u00ab<small class=\"fine\">\u00a0<\/small><a class=\"spip_in\" href=\"https:\/\/blog.mondediplo.net\/2017-04-12-Macron-le-spasme-du-systeme\">Macron, le spasme du syst\u00e8me<\/a><small class=\"fine\">\u00a0<\/small>\u00bb)<\/i>. Et les voil\u00e0 qui divaguent entre l\u2019ultradroite et l\u2019extr\u00eame gauche, ou l\u2019ultragauche et l\u2019extr\u00eame droite, cherchent avec angoisse des \u00ab<small class=\"fine\">\u00a0<\/small>repr\u00e9sentants<small class=\"fine\">\u00a0<\/small>\u00bb ou des \u00ab<small class=\"fine\">\u00a0<\/small>porte-parole<small class=\"fine\">\u00a0<\/small>\u00bb pr\u00e9sentables, voudraient une liste circonstanci\u00e9e de \u00ab<small class=\"fine\">\u00a0<\/small>revendications<small class=\"fine\">\u00a0<\/small>\u00bb qu\u2019on puisse \u00ab<small class=\"fine\">\u00a0<\/small>n\u00e9gocier<small class=\"fine\">\u00a0<\/small>\u00bb, n\u2019en trouvent pas davantage, ni de \u00ab<small class=\"fine\">\u00a0<\/small>table<small class=\"fine\">\u00a0<\/small>\u00bb autour de laquelle se mettre. Alors, en d\u00e9sespoir de cause, on cherche fr\u00e9n\u00e9tiquement avec le gouvernement au fond du magasin des accessoires\u00a0: consultations des chefs de parti, d\u00e9bat \u00e0 l\u2019Assembl\u00e9e, r\u00e9union avec les syndicats \u2014 l\u2019espoir d\u2019une \u00ab<small class=\"fine\">\u00a0<\/small>sortie de crise<small class=\"fine\">\u00a0<\/small>\u00bb accroch\u00e9e \u00e0 un moratoire sur la taxe gasoil<small class=\"fine\">\u00a0<\/small>? un Grenelle de quelque chose peut-\u00eatre<small class=\"fine\">\u00a0<\/small>? C\u2019est-\u00e0-dire pantomime avec tout ce qui est en train de tomber en ruine. Voil\u00e0 o\u00f9 en sont les \u00ab<small class=\"fine\">\u00a0<\/small>\u00e9lites<small class=\"fine\">\u00a0<\/small>\u00bb\u00a0: incapables de seulement voir qu\u2019il n\u2019est plus temps, que c\u2019est tout un monde qui est en train de partir en morceaux, le leur, qu\u2019on ne tiendra pas pareille dislocation avec du report de taxe ou des taux minor\u00e9s, bien content si les institutions politiques elles-m\u00eames ne sont pas prises dans l\u2019effondrement g\u00e9n\u00e9ral. Car il ne s\u2019agit pas d\u2019un \u00ab<small class=\"fine\">\u00a0<\/small>mouvement social<small class=\"fine\">\u00a0<\/small>\u00bb\u00a0: il s\u2019agit d\u2019un soul\u00e8vement.<\/span><\/p>\n<p style=\"text-align: justify;\"><span style=\"font-size: 12pt;\">Quand une domination approche de son point de renversement, ce sont toutes les institutions du r\u00e9gime, et notamment celles du gardiennage symbolique, qui se raidissent dans une incompr\u00e9hension profonde de l\u2019\u00e9v\u00e9nement \u2014 l\u2019ordre n\u2019\u00e9tait-il pas le meilleur possible<small class=\"fine\">\u00a0<\/small>?\u00a0\u2014, doubl\u00e9e d\u2019un regain de hargne, mais aussi d\u2019un commencement de panique quand la haine dont elles font l\u2019objet \u00e9clate au grand jour et se d\u00e9couvre d\u2019un coup \u00e0 leurs yeux. Ceci d\u2019autant plus que, comme il a \u00e9t\u00e9 not\u00e9, la singularit\u00e9 de ce mouvement tient \u00e0 ce qu\u2019il porte d\u00e9sormais l\u2019incendie l\u00e0 o\u00f9 il n\u2019avait jamais \u00e9t\u00e9, et l\u00e0 o\u00f9 il doit \u00eatre\u00a0: chez les riches. Et sans doute bient\u00f4t, chez leurs collaborateurs.<\/span><\/p>\n<p style=\"text-align: justify;\"><a href=\"https:\/\/www.monde-diplomatique.fr\/carnet\/2018-12-05-gilets-jaunes-Paris-lieux-pouvoir#&amp;gid=1&amp;pid=1\"><img loading=\"lazy\" decoding=\"async\" class=\"spip_logos photoshow aligncenter\" src=\"https:\/\/blog.mondediplo.net\/local\/cache-vignettes\/L890xH605\/paris-gj-v5-df549.jpg?1544193157\" alt=\"JPEG - 376.2\u00a0ko\" width=\"600\" height=\"408\" data-photo=\"\" data-photo-w=\"\" data-photo-h=\"\" \/><\/a><strong>\u00c0 Paris, la contestation des \u00ab gilets jaunes \u00bb gagne les lieux de pouvoir.<\/strong><br \/>\n<strong>Actualisation d\u2019<a href=\"https:\/\/www.monde-diplomatique.fr\/carnet\/2018-12-05-gilets-jaunes-Paris-lieux-pouvoir\">une carte d\u2019Agn\u00e8s Stienne con\u00e7ue en 2012 pour <em>Le Monde diplomatique<\/em><\/a>. En regard, les parcours habituels des manifestations et les rassemblements des 24 novembre et 1er d\u00e9cembre 2018.<\/strong><\/p>\n<p style=\"text-align: justify;\"><span style=\"font-size: 12pt;\">On lit que la directrice de BFM est rest\u00e9e interloqu\u00e9e d\u2019entendre scander <i>\u00ab<small class=\"fine\">\u00a0<\/small>BFM encul\u00e9s<small class=\"fine\">\u00a0<\/small>\u00bb<\/i> sur les Champs, et que le pr\u00e9sident de la soci\u00e9t\u00e9 des journalistes a d\u00e9couvert, dans le m\u00eame \u00e9tat, que <i>\u00ab<small class=\"fine\">\u00a0<\/small>cela ne vient pas de militants mais de gens du quotidien<small class=\"fine\">\u00a0<\/small>\u00bb<\/i>. Les pouvoirs de ce genre, ceux de la tyrannie des poss\u00e9dants et de leurs laquais, finissent toujours ainsi, dans la sid\u00e9ration et l\u2019h\u00e9b\u00e9tude\u00a0: \u00ab<small class=\"fine\">\u00a0<\/small>ils nous d\u00e9testent donc tant que \u00e7a<small class=\"fine\">\u00a0<\/small>\u00bb. La r\u00e9ponse est oui, et pour les meilleures raisons du monde. Elle est aussi qu\u2019apr\u00e8s toutes ces d\u00e9cennies, le moment est venu de passer \u00e0 la caisse et, disons-le leur d\u00e8s maintenant, l\u2019addition s\u2019annonce sal\u00e9e. Car il y a trop d\u2019arri\u00e9r\u00e9s et depuis trop longtemps.<\/span><\/p>\n<p style=\"text-align: justify;\"><span style=\"font-size: 12pt;\">Depuis les gr\u00e8ves de 1995, la conscience de ce que les m\u00e9dias cens\u00e9ment contre-pouvoirs sont des auxiliaires des pouvoirs, n\u2019a cess\u00e9 d\u2019aller croissant. Du reste, ils ont \u0153uvr\u00e9 sans discontinuer \u00e0 donner plus de corps \u00e0 cette accusation \u00e0 mesure que le n\u00e9olib\u00e9ralisme s\u2019approfondissait, mettait les populations sous des tensions de plus en plus insupportables, qui ne pouvaient \u00eatre reprises que par un matraquage intensif des esprits, avant qu\u2019on en vienne \u00e0 celui des corps.<\/span><\/p>\n<p style=\"text-align: justify;\"><span style=\"font-size: 12pt;\">C\u2019est \u00e0 ce moment que, devenant ouvertement les suppl\u00e9tifs du minist\u00e8re de l\u2019int\u00e9rieur en plus d\u2019\u00eatre ceux de la fortune, ils se sont mis \u00e0 rendre des comptages de manifestants plus avantageux encore que ceux de la pr\u00e9fecture, puis \u00e0 entreprendre de dissoudre tous les mouvements de contestation dans \u00ab<small class=\"fine\">\u00a0<\/small>la violence<small class=\"fine\">\u00a0<\/small>\u00bb \u2014 et par-l\u00e0 \u00e0 indiquer clairement \u00e0 qui et \u00e0 quoi ils avaient partie li\u00e9e.<\/span><\/p>\n<p style=\"text-align: justify;\"><span style=\"font-size: 12pt;\">C\u2019est peut-\u00eatre en ce lieu, la \u00ab<small class=\"fine\">\u00a0<\/small>violence<small class=\"fine\">\u00a0<\/small>\u00bb, que la hargne des laquais trouve \u00e0 se d\u00e9gonder \u00e0 proportion de ce qu\u2019ils sentent la situation leur \u00e9chapper. Au reste, \u00ab<small class=\"fine\">\u00a0<\/small>condamner<small class=\"fine\">\u00a0<\/small>\u00bb ayant toujours \u00e9t\u00e9 le meilleur moyen de ne pas comprendre, \u00e0 plus forte raison pouss\u00e9 par des int\u00e9r\u00eats si puissants \u00e0 la c\u00e9cit\u00e9 volontaire, \u00ab<small class=\"fine\">\u00a0<\/small>la violence des casseurs<small class=\"fine\">\u00a0<\/small>\u00bb a \u00e9t\u00e9 \u00e9rig\u00e9e en derni\u00e8re redoute de l\u2019ordre n\u00e9olib\u00e9ral, en antidote d\u00e9finitif \u00e0 toute contestation possible \u2014 sans par ailleurs voir le moins du monde le probl\u00e8me \u00e0 c\u00e9l\u00e9brer le 14\u00a0juillet 1789 ou comm\u00e9morer Mai 68\u00a0: folle incons\u00e9quence de l\u2019Histoire embaum\u00e9e, mise \u00e0 distance, d\u00e9vitalis\u00e9e, et priv\u00e9e de tout enseignement concret pour le pr\u00e9sent.<\/span><\/p>\n<p style=\"text-align: justify;\"><span style=\"font-size: 12pt;\">En tout cas, dans le paysage g\u00e9n\u00e9ral de la violence, les m\u00e9dias, surtout audiovisuels, ont toujours pris ce qui les arrangeait en ayant bien soin de laisser le reste invisible, donc la violence incompr\u00e9hensible, par cons\u00e9quent \u00e0 l\u2019\u00e9tat de scandale sans cause\u00a0: le mal \u00e0 l\u2019\u00e9tat pur. Mais pourquoi, et surtout au bout de quoi, les Conti envahissent-ils la sous-pr\u00e9fecture de Compi\u00e8gne, les Goodyear s\u00e9questrent-ils leur direction, les Air France se font-ils une chemise de DRH, et certains gilets jaunes sont-ils au bord de prendre les armes<small class=\"fine\">\u00a0<\/small>? Qu\u2019est-ce qu\u2019il faut avoir fait \u00e0 des gens ordinaires, qui ont la m\u00eame pr\u00e9f\u00e9rence que tout le monde pour la tranquillit\u00e9, pour qu\u2019ils en viennent \u00e0 ces extr\u00e9mit\u00e9s, sinon, pr\u00e9cis\u00e9ment, les avoir pouss\u00e9s \u00e0 toute extr\u00e9mit\u00e9<small class=\"fine\">\u00a0<\/small>?<\/span><\/p>\n<p style=\"text-align: justify;\"><span style=\"font-size: 12pt;\">Le d\u00e9ni de la violence sociale est cette forme supr\u00eame de violence \u00e0 laquelle Bourdieu donnait le nom de violence symbolique, bien faite pour que ses victimes soient r\u00e9duites \u00e0 merci\u00a0: car violent\u00e9es socialement, et m\u00e9thodiquement d\u00e9pouill\u00e9es de tout moyen d\u2019y r\u00e9sister \u00ab<small class=\"fine\">\u00a0<\/small>dans les formes<small class=\"fine\">\u00a0<\/small>\u00bb puisque tous les m\u00e9diateurs institutionnels les ont abandonn\u00e9es, elles n\u2019ont plus le choix que de la soumission int\u00e9grale ou de la r\u00e9volte, mais alors physique, et d\u00e9clar\u00e9e d\u2019embl\u00e9e odieuse, ill\u00e9gitime et anti-d\u00e9mocratique \u2014 normalement le pi\u00e8ge parfait. Vient cependant un moment o\u00f9 la terreur symbolique ne prend plus, o\u00f9 les verdicts de l\u00e9gitimit\u00e9 ou d\u2019ill\u00e9gitimit\u00e9 volent \u00e0 leur tour, et o\u00f9 la souffrance se transforme chimiquement en rage, \u00e0 proportion de ce qu\u2019elle a \u00e9t\u00e9 ni\u00e9e. Alors tout est candidat \u00e0 y passer, et il ne faudra pas s\u2019en \u00e9tonner\u00a0: permanences de d\u00e9put\u00e9s, banques, h\u00f4tels particuliers, pr\u00e9fectures, logiquement plus rien n\u2019est respect\u00e9 quand tout a failli.<\/span><\/p>\n<p style=\"text-align: justify;\"><span style=\"font-size: 12pt;\">Il est vrai qu\u2019\u00e0 ceux qui ont li\u00e9 leur position et leurs avantages au cadre du moment, et qui n\u2019ont cess\u00e9 de r\u00e9p\u00e9ter qu\u2019il n\u2019y en avait ni de meilleur ni simplement d\u2019autre possible, l\u2019irruption du hors-cadre radical ne laisse aucune autre solution de lecture que \u00ab<small class=\"fine\">\u00a0<\/small>l\u2019aberrant<small class=\"fine\">\u00a0<\/small>\u00bb, le \u00ab<small class=\"fine\">\u00a0<\/small>monstrueux<small class=\"fine\">\u00a0<\/small>\u00bb, ou mieux encore, quand elle est \u00ab<small class=\"fine\">\u00a0<\/small>av\u00e9r\u00e9e<small class=\"fine\">\u00a0<\/small>\u00bb, la \u00ab<small class=\"fine\">\u00a0<\/small>violence<small class=\"fine\">\u00a0<\/small>\u00bb. Encore fallait-il qu\u2019elle demeure marginale pour pouvoir \u00eatre maintenue dans son statut de monstruosit\u00e9, et puis aussi qu\u2019on occulte syst\u00e9matiquement la responsabilit\u00e9 de celle des forces de police. Mais ce sont ces deux conditions qui sont en train d\u2019\u00eatre d\u00e9truites en ce moment.<\/span><\/p>\n<p style=\"text-align: justify;\"><span style=\"font-size: 12pt;\">La premi\u00e8re parce que les \u00ab<small class=\"fine\">\u00a0<\/small>gilets jaunes<small class=\"fine\">\u00a0<\/small>\u00bb offrent \u00e0 profusion cette figure oxymorique, incompr\u00e9hensible pour les pouvoirs, des \u00ab<small class=\"fine\">\u00a0<\/small>braves gens enrag\u00e9s<small class=\"fine\">\u00a0<\/small>\u00bb. \u00ab<small class=\"fine\">\u00a0<\/small>Enrag\u00e9<small class=\"fine\">\u00a0<\/small>\u00bb normalement c\u2019est \u00ab<small class=\"fine\">\u00a0<\/small>enrag\u00e9<small class=\"fine\">\u00a0<\/small>\u00bb, c\u2019est-\u00e0-dire ultra-radical-minoritaire. \u00c7a ne peut pas \u00eatre \u00ab<small class=\"fine\">\u00a0<\/small>braves gens<small class=\"fine\">\u00a0<\/small>\u00bb, qui veut dire majorit\u00e9 silencieuse \u2014 ou bien contradiction dans les termes. Or, si. Assez simplement m\u00eame\u00a0: on est enrag\u00e9 quand on est pouss\u00e9 \u00e0 bout. Il se trouve qu\u2019au bout de 30\u00a0ans de n\u00e9olib\u00e9ralisme parachev\u00e9s par 18\u00a0mois macroniens de guerre sociale \u00e0 outrance, des groupes sociaux entiers ont \u00e9t\u00e9 pouss\u00e9s \u00e0 bout. Alors enrag\u00e9s.<\/span><\/p>\n<p><img loading=\"lazy\" decoding=\"async\" class=\"aligncenter\" src=\"http:\/\/www.tlaxcala-int.org\/upload\/gal_19502.jpg\" alt=\"\" width=\"600\" height=\"450\" \/><\/p>\n<p style=\"text-align: justify;\"><span style=\"font-size: 12pt;\">Croyant que ce dont ils ne parlent pas n\u2019existe pas, les m\u00e9dias ne les avaient pas vu venir ces enrag\u00e9s-l\u00e0. Mais voil\u00e0, ils sont l\u00e0, produits d\u2019une longue et silencieuse accumulation de col\u00e8re, qui vient de rompre sa digue. Ceux-l\u00e0 on ne les fera pas rentrer facilement \u00e0 la maison. Et ceci d\u2019autant moins qu\u2019avec la na\u00efvet\u00e9 des \u00ab<small class=\"fine\">\u00a0<\/small>braves gens<small class=\"fine\">\u00a0<\/small>\u00bb, ils ont exp\u00e9riment\u00e9, \u00e0 l\u2019occasion de leur premi\u00e8re manifestation pour beaucoup d\u2019entre eux, ce que c\u2019est que la violence polici\u00e8re. En sont rest\u00e9s d\u2019abord sid\u00e9r\u00e9s. Puis maintenant, s\u2019\u00e9tant repris, d\u00e9goupill\u00e9s pour de bon. Alors on ne compte plus ceux qui, \u00e0 l\u2019origine \u00ab<small class=\"fine\">\u00a0<\/small>braves gens<small class=\"fine\">\u00a0<\/small>\u00bb certifi\u00e9s, sont pris dans un devenir-casseur \u2014 comme certains autres, d\u00e9bitant des palettes sur un rond-point pour construire une cabane, sont pris dans un \u00e9tonnant devenir-zadiste.<\/span><\/p>\n<p style=\"text-align: justify;\"><span style=\"font-size: 12pt;\">Gageons d\u2019ailleurs que des r\u00e9visions de grande ampleur doivent \u00eatre en train de s\u2019op\u00e9rer dans leurs esprits. Car tous ces gens qui depuis\u00a02016 et la loi El Khomri, jusqu\u2019\u00e0\u00a02018 avec Notre-Dame-des-Landes et les ordonnances SNCF, avaient \u00e9t\u00e9 abreuv\u00e9s de BFM et de France Info, invit\u00e9s \u00e0 pleurer les vitres de Necker, se retrouvent aujourd\u2019hui dans la position structurale des casseurs, en vivent la condition de violence polici\u00e8re et m\u00e9diatique, et savent un peu mieux \u00e0 quoi s\u2019en tenir quant \u00e0 ce que ces deux institutions diront d\u00e9sormais des \u00ab<small class=\"fine\">\u00a0<\/small>ultras violents radicalis\u00e9s<small class=\"fine\">\u00a0<\/small>\u00bb. En tout cas c\u2019est tr\u00e8s emb\u00eatant pour les cha\u00eenes d\u2019information en continu cette affaire\u00a0: car si le devenir-casseur prend cette extension, que pourra donc encore vouloir dire \u00ab<small class=\"fine\">\u00a0<\/small>casseur<small class=\"fine\">\u00a0<\/small>\u00bb<small class=\"fine\">\u00a0<\/small>?<\/span><\/p>\n<p style=\"text-align: justify;\"><span style=\"font-size: 12pt;\">L\u2019autre condition est de maintenir les agissements r\u00e9els de la police hors-champ. Sur ce front-l\u00e0, on se battra jusqu\u2019au bout dans les chefferies audiovisuelles. Le mensonge par occultation est g\u00e9n\u00e9ral, acharn\u00e9, \u00e9pais comme de la propagande de dictature. La population basculerait instantan\u00e9ment dans l\u2019indignation si elle avait l\u2019occasion de voir le dixi\u00e8me de ce que les grands m\u00e9dias audiovisuels lui cachent syst\u00e9matiquement, ainsi ces vid\u00e9os d\u2019une <a class=\"spip_out\" href=\"https:\/\/twitter.com\/albeauvaischiva\/status\/1066810970532716552\" rel=\"external\">vieille dame en sang gaz\u00e9e<\/a> ou d\u2019un <a class=\"spip_out\" href=\"https:\/\/twitter.com\/jeanhugon3\/status\/1066357250707648512\" rel=\"external\">retrait\u00e9 matraqu\u00e9<\/a>. Quand France Info nous avait saoul\u00e9s jusqu\u2019\u00e0 la naus\u00e9e des vitres de Necker ou du McDo en feu, aucun flash \u00e0 la mi-journ\u00e9e de lundi n\u2019avait encore inform\u00e9 de la mort d\u2019une octog\u00e9naire tu\u00e9e par une grenade lacrymog\u00e8ne. Les robots de BFM n\u2019opposent jamais aucune image aux syndicalistes policiers qui disent qu\u2019on les \u00ab<small class=\"fine\">\u00a0<\/small>matraque<small class=\"fine\">\u00a0<\/small>\u00bb (sic<small class=\"fine\">\u00a0<\/small>!) et qu\u2019on les \u00ab<small class=\"fine\">\u00a0<\/small>mutile<small class=\"fine\">\u00a0<\/small>\u00bb. Mais, si les mots ont encore un sens, de quel c\u00f4t\u00e9 du flashball ou du lanceur de grenades compte-t-on les \u00e9borgn\u00e9s et les mains arrach\u00e9es<small class=\"fine\">\u00a0<\/small>? On se demande si Nathalie Saint-Cricq ou Apathie garderaient leur d\u00e9jeuner si on leur montrait au d\u00e9bott\u00e9 les photos proprement insoutenables (il s\u2019agit de blessures de guerre) de manifestants mutil\u00e9s \u2014 vraiment \u2014 par les armes de la police. On ne sache pas qu\u2019il se soit encore trouv\u00e9 un seul grand m\u00e9dia audiovisuel pour montrer en boucle, comme ils le font d\u2019habitude, aux \u00ab<small class=\"fine\">\u00a0<\/small>braves gens<small class=\"fine\">\u00a0<\/small>\u00bb pas encore devenus casseurs cette vid\u00e9o d\u2019un jeune homme rou\u00e9 de coups par huit policiers, qui ach\u00e8verait de les informer sur le degr\u00e9 de confiance qu\u2019il convient d\u2019avoir en la \u00ab<small class=\"fine\">\u00a0<\/small>police r\u00e9publicaine<small class=\"fine\">\u00a0<\/small>\u00bb quand on met tout \u00e7a \u2014 <a class=\"spip_out\" href=\"https:\/\/lundi.am\/Violences-policieres\" rel=\"external\">ces dizaines de vid\u00e9os, ces centaines de t\u00e9moignages<\/a> \u2014 bout \u00e0 bout.<\/span><\/p>\n<p style=\"text-align: justify;\"><span style=\"font-size: 12pt;\">Mais il y a une \u00e9conomie g\u00e9n\u00e9rale de la violence et on sait ce qu\u2019elle donne quand elle est lanc\u00e9e\u00a0: elle est r\u00e9ciprocitaire, divergente et peut emmener tr\u00e8s loin. Nul ne sait jusqu\u2019o\u00f9 dans la situation actuelle, et peut-\u00eatre \u00e0 des extr\u00e9mit\u00e9s dramatiques. Mais qui l\u2019aura d\u00e9clench\u00e9e sinon Macron qui, apr\u00e8s avoir d\u00e9clar\u00e9 la guerre sociale \u00e0 son peuple, lui d\u00e9clare la guerre polici\u00e8re, peut-\u00eatre bient\u00f4t la guerre militaire, en compagnie des m\u00e9dias de gouvernement qui lui d\u00e9clarent la guerre symbolique<small class=\"fine\">\u00a0<\/small>? Le partage des responsabilit\u00e9s est d\u2019autant plus clair que les offens\u00e9s auront encaiss\u00e9 tr\u00e8s longtemps sans mot dire\u00a0: l\u2019agression \u00e9conomique, le m\u00e9pris \u00e9litaire, le mensonge m\u00e9diatique, la brutalit\u00e9 polici\u00e8re. Or le mauvais g\u00e9nie de la r\u00e9ciprocit\u00e9 violente est une m\u00e9moire, et une m\u00e9moire longue. Sur <a class=\"spip_out\" href=\"https:\/\/threadreaderapp.com\/thread\/1069694887317172224.html\" rel=\"external\">un fil Twitter<\/a> une baqueuse d\u00e9couvre sid\u00e9r\u00e9e \u2014 elle aussi, comme les primo-manifestants matraqu\u00e9s pour rien, mais en sens inverse, car, en d\u00e9finitive tout est affaire de sid\u00e9ration dans cette histoire, de sid\u00e9rations oppos\u00e9es, qui passent les unes dans les autres, qui se nourrissent les unes les autres \u2014 la baqueuse, donc, d\u00e9couvre de quelle haine ses coll\u00e8gues et elle sont l\u2019objet. Et l\u2019on peine \u00e0 le croire. D\u00e9cid\u00e9ment toutes les institutions de la violence n\u00e9olib\u00e9rale tombent ensemble des nues. Les coll\u00e9giens <a class=\"spip_out\" href=\"https:\/\/twitter.com\/BSolist\/status\/1069953039086379008\" rel=\"external\">cern\u00e9s et gaz\u00e9s au poivre<\/a> par des flics accompagn\u00e9s de chiens n\u2019oublieront pas de sit\u00f4t ce moment de leur vie o\u00f9 s\u2019est form\u00e9 d\u00e9cisivement leur rapport \u00e0 la police et, dans deux\u00a0ans, cinq\u00a0ans, cette police oublieuse qui les croisera de nouveau s\u2019\u00e9mouvra de la d\u00e9testation brute qu\u2019elle lira sur leurs visages \u2014 et n\u2019y comprendra rien.<\/span><\/p>\n<p style=\"text-align: justify;\"><span style=\"font-size: 12pt;\">Et voil\u00e0 que le corps pr\u00e9fectoral se met \u00e0 avoir des sueurs froides \u00e0 son tour. C\u2019est qu\u2019ils ont de quoi se sentir un peu seulets dans leurs h\u00f4tels. Depuis que la pr\u00e9fecture du Puy-en-Velay a br\u00fbl\u00e9, on sait de quoi \u00ab<small class=\"fine\">\u00a0<\/small>les autres<small class=\"fine\">\u00a0<\/small>\u00bb sont capables \u2014 oui, maintenant, de tout. Alors il est urgent de n\u00e9gocier un virage sur l\u2019aile sans attendre, pour faire savoir par \u00ab<small class=\"fine\">\u00a0<\/small>quotidien de r\u00e9f\u00e9rence<small class=\"fine\">\u00a0<\/small>\u00bb interpos\u00e9 que l\u2019\u00c9lys\u00e9e macronien a quitt\u00e9 terre, que, eux, pr\u00e9fets, ont conscience des malheurs du peuple, qu\u2019ils pourraient m\u00eame se reconvertir en lanceurs d\u2019alerte <a class=\"spip_out\" href=\"https:\/\/www.lemonde.fr\/politique\/article\/2018\/12\/03\/face-a-la-crise-du-mouvement-des-gilets-jaunes-les-prefets-sonnent-l-alerte-politique_5391904_823448.html\" rel=\"external\">si on les \u00e9coutait<\/a>. On t\u00e2chera quand m\u00eame de se souvenir que ce sont ces pr\u00e9fets qui depuis Nuit debout font \u00e9borgner, grenader, et tirer-tendu.<\/span><\/p>\n<p><img loading=\"lazy\" decoding=\"async\" class=\"aligncenter\" src=\"http:\/\/www.tlaxcala-int.org\/upload\/gal_19503.jpg\" alt=\"\" width=\"600\" height=\"337\" \/><\/p>\n<p style=\"text-align: justify;\"><span style=\"font-size: 12pt;\">Mais l\u2019on y verra surtout le retour de ce qu\u2019on pourrait appeler \u00ab<small class=\"fine\">\u00a0<\/small>la situation La Bo\u00e9tie<small class=\"fine\">\u00a0<\/small>\u00bb, celle que le pouvoir s\u2019efforce de nous faire oublier constamment, et d\u2019ailleurs que nous oublions constamment, tant elle semble un incompr\u00e9hensible myst\u00e8re\u00a0: ils sont tr\u00e8s peu et r\u00e8gnent sur nous qui sommes nombreux. Il arrive cependant que le voile se d\u00e9chire et que fasse retour la cruelle r\u00e9alit\u00e9 arithm\u00e9tique du pouvoir. Et c\u2019est bien cet aveu touchant de candeur qu\u2019a consenti samedi soir le sous-ministre de l\u2019int\u00e9rieur, en reconnaissant qu\u2019il ne pouvait gu\u00e8re engager davantage de troupe \u00e0 Paris quand toute la carte de France clignote et demande de la garnison. Un manager de la startup nation trouverait sans doute \u00e0 dire que le dispositif est \u00ab<small class=\"fine\">\u00a0<\/small>stress\u00e9<small class=\"fine\">\u00a0<\/small>\u00bb. Le \u00ab<small class=\"fine\">\u00a0<\/small>stress du dispositif<small class=\"fine\">\u00a0<\/small>\u00bb, c\u2019est le retour de La Bo\u00e9tie. <i>Nous<\/i> sommes les plus nombreux. Nous sommes m\u00eame <i>beaucoup<\/i> plus nombreux qu\u2019eux. C\u2019est d\u2019autant plus vrai que le plein est loin d\u2019avoir \u00e9t\u00e9 fait et qu\u2019il y a encore une belle marge de progression. Tout \u00e7a se v\u00e9rifiera bient\u00f4t\u00a0: lyc\u00e9ens, \u00e9tudiants, ambulanciers, agriculteurs, tant d\u2019autres.<\/span><\/p>\n<p style=\"text-align: justify;\"><span style=\"font-size: 12pt;\">Mais alors quoi<small class=\"fine\">\u00a0<\/small>? L\u2019arm\u00e9e<small class=\"fine\">\u00a0<\/small>? L\u2019adolescent d\u00e9sax\u00e9 qui est \u00e0 l\u2019\u00c9lys\u00e9e en est tr\u00e8s capable\u00a0: n\u2019utilise-t-il pas contre sa population des grenades qui sont des armes de guerre, et n\u2019a-t-il pas fait placer des snipers avec fusils \u00e0 lunettes au sommet de quelques b\u00e2timents parisiens, image des plus impressionnantes, \u00e9tonnamment offerte par <i>Le Monde<\/i> qui est peut-\u00eatre en train de se demander lui aussi s\u2019il n\u2019est pas temps de l\u00e2cher son encombrant prot\u00e9g\u00e9 dans un virage<small class=\"fine\">\u00a0<\/small>?<\/span><\/p>\n<p style=\"text-align: justify;\"><span style=\"font-size: 12pt;\">En tout cas, terrible moment de v\u00e9rit\u00e9 pour l\u2019\u00e9ditorialisme \u00ab<small class=\"fine\">\u00a0<\/small>faites ce que vous voulez<small class=\"fine\">\u00a0<\/small>\u00bb. On avait ador\u00e9 le d\u00e9gagisme \u00e0 Tunis ou place Tahrir. Mais expliqu\u00e9 que ce qui est l\u00e0-bas un merveilleux sursaut de la libert\u00e9 est ici du populisme crasseux qui rappelle les heures sombres. Jusqu\u2019ici \u00e7a tenait. Et voil\u00e0 que \u00ab<small class=\"fine\">\u00a0<\/small>mais votez Macron<small class=\"fine\">\u00a0<\/small>\u00bb pourrait bien tourner Moubarak, mon dieu dans quelle mouscaille ne nous sommes-nous pas mis<small class=\"fine\">\u00a0<\/small>? Et forc\u00e9ment, plus on pagaye pour en sortir, plus on en met partout. Tout revient, tout \u00e9clabousse. Or nous en sommes l\u00e0\u00a0: quand un pouvoir verse une prime exceptionnelle \u00e0 des forces de l\u2019ordre qui se rendent chaque jour plus odieuses, c\u2019est qu\u2019il redoute par-dessus tout d\u2019\u00eatre l\u00e2ch\u00e9 par elles et que, toute l\u00e9gitimit\u00e9 effondr\u00e9e, il ne tient plus que par son appareil de force, dans la main duquel en r\u00e9alit\u00e9 il se remet enti\u00e8rement. Faites ce que vous voulez, mais votez Moubarak.<\/span><\/p>\n<p style=\"text-align: justify;\"><span style=\"font-size: 12pt;\">Ce pouvoir est honni car il s\u2019est m\u00e9thodiquement rendu ha\u00efssable. Il paye une facture sans doute venue de tr\u00e8s loin, mais dont il est le parach\u00e8vement le plus forcen\u00e9, par cons\u00e9quent l\u2019endosseur le plus logique. Il n\u2019a plus pour se cramponner que le choix de la r\u00e9pression sanglante, peut-\u00eatre m\u00eame de la d\u00e9rive militaire. Il ne m\u00e9rite plus que de tomber.<\/span><\/p>\n<p><img decoding=\"async\" class=\"overflowingVertical aligncenter\" src=\"http:\/\/tlaxcala-int.org\/upload\/gal_19504.jpg\" alt=\"http:\/\/tlaxcala-int.org\/upload\/gal_19504.jpg\" \/><\/p>\n<p><strong><span style=\"font-size: 12pt;\">Fr\u00e9d\u00e9ric Lordon<\/span><\/strong><\/p>\n<p><strong><span style=\"font-size: 12pt;\">Source: <a href=\"https:\/\/blog.mondediplo.net\/fin-de-monde\">Le Monde <\/a><em>diplomatique, le 5 d\u00e9cembre 2018<br \/>\n<\/em><\/span><\/strong><\/p>\n<p><span style=\"font-size: 12pt;\"><strong>Traductions disponibles: <\/strong><a href=\"http:\/\/www.lapluma.net\/2019\/01\/16\/franciafin-de-mundo-cuando-la-gente-buena-se-vuelve-rabiosa\/\"><strong>Espa\u00f1ol<\/strong><\/a><\/span><strong>\u00a0<span class=\"navigation_cadre\" style=\"font-size: 12pt;\"><a href=\"http:\/\/www.tlaxcala-int.org\/article.asp?reference=24999\">Italiano<\/a>\u00a0<\/span><\/strong><\/p>\n","protected":false},"excerpt":{"rendered":"<p>Ce pouvoir est honni car il s\u2019est m\u00e9thodiquement rendu ha\u00efssable. Il paye une facture sans doute venue de tr\u00e8s loin, mais dont il est le parach\u00e8vement le plus forcen\u00e9, par cons\u00e9quent l\u2019endosseur le plus logique. Il n\u2019a plus pour se cramponner que le choix de la r\u00e9pression sanglante, peut-\u00eatre m\u00eame de la d\u00e9rive militaire. Il ne m\u00e9rite plus que de tomber.<\/p>\n","protected":false},"author":266,"featured_media":4643,"comment_status":"open","ping_status":"open","sticky":false,"template":"","format":"standard","meta":{"_uf_show_specific_survey":0,"_uf_disable_surveys":false,"footnotes":""},"categories":[218],"tags":[1564,438,334,2360,1560,2356],"coauthors":[2353],"class_list":["post-4636","post","type-post","status-publish","format-standard","has-post-thumbnail","hentry","category-monde","tag-chalecos-amarillos","tag-douce-france","tag-dulce-francia","tag-frederic-lordon","tag-gilets-jaunes","tag-orden-decadente"],"translation":{"provider":"WPGlobus","version":"2.12.2","language":"fr","enabled_languages":["es","fr"],"languages":{"es":{"title":true,"content":true,"excerpt":true},"fr":{"title":true,"content":true,"excerpt":true}}},"_links":{"self":[{"href":"https:\/\/www.lapluma.net\/fr\/wp-json\/wp\/v2\/posts\/4636","targetHints":{"allow":["GET"]}}],"collection":[{"href":"https:\/\/www.lapluma.net\/fr\/wp-json\/wp\/v2\/posts"}],"about":[{"href":"https:\/\/www.lapluma.net\/fr\/wp-json\/wp\/v2\/types\/post"}],"author":[{"embeddable":true,"href":"https:\/\/www.lapluma.net\/fr\/wp-json\/wp\/v2\/users\/266"}],"replies":[{"embeddable":true,"href":"https:\/\/www.lapluma.net\/fr\/wp-json\/wp\/v2\/comments?post=4636"}],"version-history":[{"count":15,"href":"https:\/\/www.lapluma.net\/fr\/wp-json\/wp\/v2\/posts\/4636\/revisions"}],"predecessor-version":[{"id":5313,"href":"https:\/\/www.lapluma.net\/fr\/wp-json\/wp\/v2\/posts\/4636\/revisions\/5313"}],"wp:featuredmedia":[{"embeddable":true,"href":"https:\/\/www.lapluma.net\/fr\/wp-json\/wp\/v2\/media\/4643"}],"wp:attachment":[{"href":"https:\/\/www.lapluma.net\/fr\/wp-json\/wp\/v2\/media?parent=4636"}],"wp:term":[{"taxonomy":"category","embeddable":true,"href":"https:\/\/www.lapluma.net\/fr\/wp-json\/wp\/v2\/categories?post=4636"},{"taxonomy":"post_tag","embeddable":true,"href":"https:\/\/www.lapluma.net\/fr\/wp-json\/wp\/v2\/tags?post=4636"},{"taxonomy":"author","embeddable":true,"href":"https:\/\/www.lapluma.net\/fr\/wp-json\/wp\/v2\/coauthors?post=4636"}],"curies":[{"name":"wp","href":"https:\/\/api.w.org\/{rel}","templated":true}]}}