{"id":46301,"date":"2022-12-20T12:11:16","date_gmt":"2022-12-20T12:11:16","guid":{"rendered":"https:\/\/www.lapluma.net\/?p=46301"},"modified":"2022-12-20T14:44:05","modified_gmt":"2022-12-20T14:44:05","slug":"lasso-en-su-logica-de-especulador-convierte-a-ecuador-en-enclave-economico-financiero-comercial-y-de-defensa-de-ee-uu","status":"publish","type":"post","link":"https:\/\/www.lapluma.net\/fr\/2022\/12\/20\/lasso-en-su-logica-de-especulador-convierte-a-ecuador-en-enclave-economico-financiero-comercial-y-de-defensa-de-ee-uu\/","title":{"rendered":"Lasso en su l\u00f3gica de especulador convierte a Ecuador en enclave econ\u00f3mico, financiero, comercial y de defensa de EE.UU"},"content":{"rendered":"<p style=\"text-align: justify;\"><span style=\"font-size: 14pt;\">El Congreso norteamericano aprob\u00f3 el pasado jueves 15 de diciembre la eufem\u00edsticamente Ley denominada de <em>\u201cAsociaci\u00f3n Ecuador-Estados Unidos\u201d<\/em> que no es otra cosa que la conversi\u00f3n del peque\u00f1o pa\u00eds suramericano en enclave econ\u00f3mico, financiero, comercial y de defensa de la potencia del norte por lo que tanto ha bregado el cuestionado banquero-presidente Guillermo Lasso Mendoza. Es un paso m\u00e1s para que Washington consolide su descarada injerencia en los asuntos internos de Ecuador.<\/span><\/p>\n<p style=\"text-align: justify; padding-left: 40px;\"><em><span style=\"font-size: 14pt;\">Los alcances de dicha ley estadounidense develan el alto grado de intromisi\u00f3n de Washington hasta tal punto que acad\u00e9micos reconocidamente conservadores y de tendencia neoliberal de las principales universidades ecuatorianas alertaban ya desde mayo de este a\u00f1o sobre las graves consecuencias en p\u00e9rdida de soberan\u00eda que tendr\u00e1 para este pa\u00eds andino.<\/span><\/em><\/p>\n<p><img loading=\"lazy\" decoding=\"async\" class=\" wp-image-46317 aligncenter\" src=\"https:\/\/www.lapluma.net\/wp-content\/uploads\/2022\/12\/Lasso1-300x276.jpg\" alt=\"\" width=\"446\" height=\"411\" srcset=\"https:\/\/www.lapluma.net\/wp-content\/uploads\/2022\/12\/Lasso1-300x276.jpg 300w, https:\/\/www.lapluma.net\/wp-content\/uploads\/2022\/12\/Lasso1.jpg 432w\" sizes=\"auto, (max-width: 446px) 100vw, 446px\" \/><\/p>\n<p>&nbsp;<\/p>\n<p style=\"text-align: justify;\"><em><span style=\"font-size: 14pt;\">La actual pol\u00edtica exterior del Ecuador pone en serio riesgo la autonom\u00eda relativa que el pa\u00eds tiene frente a las grandes potencias, y esto podr\u00eda condicionar su desarrollo econ\u00f3mico, la seguridad y bienestar social en el mediano y largo plazo del pa\u00eds\u201d<\/span><\/em><span style=\"font-size: 14pt;\">. De esta manera, ocho catedr\u00e1ticos universitarios especializados en relaciones internacionales emitieron un comunicado llamando la atenci\u00f3n respecto de las verdaderas intenciones de dicha ley estadounidense prohijada por el gobierno de ultraderecha del especulador banquero Lasso Mendoza.<\/span><\/p>\n<p style=\"text-align: justify;\"><span style=\"font-size: 14pt;\">Reconocidos profesores universitarios de derecha como Pablo Andrade, Germ\u00e1nico Salgado, Freddy Rivera, Mar\u00eda Paz Jervis, Daniel Crespo, Cintia Quiliconi y Grace Jaramillo, han cuestionado la nueva disposici\u00f3n legal estadounidense porque, seg\u00fan afirman, termina convirtiendo a Ecuador en un aliado de EE.UU. para frenar la presencia de China en Suram\u00e9rica.<\/span><\/p>\n<p style=\"padding-left: 40px; text-align: justify;\"><span style=\"font-size: 14pt;\">Para estos profesor de ideolog\u00eda conservadora la ley dispone que Estados Unidos coadyuvar\u00e1 en promover y propugnar <em>\u201clas mejores pr\u00e1cticas para mitigar los riesgos para la infraestructura digital al hacer negocios con las redes de comunicaci\u00f3n y las cadenas de suministro de comunicaciones con equipos y servicios de empresas con v\u00ednculos estrechos o susceptibles de ser presionadas por los gobiernos o los servicios de seguridad sin controles legales fiables de los poderes gubernamentales\u201d<\/em>.<\/span><\/p>\n<p><img loading=\"lazy\" decoding=\"async\" class=\" wp-image-46318 aligncenter\" src=\"https:\/\/www.lapluma.net\/wp-content\/uploads\/2022\/12\/0001-Ecuador-300x137.png\" alt=\"\" width=\"543\" height=\"248\" srcset=\"https:\/\/www.lapluma.net\/wp-content\/uploads\/2022\/12\/0001-Ecuador-300x137.png 300w, https:\/\/www.lapluma.net\/wp-content\/uploads\/2022\/12\/0001-Ecuador.png 655w\" sizes=\"auto, (max-width: 543px) 100vw, 543px\" \/><\/p>\n<p>&nbsp;<\/p>\n<p style=\"text-align: justify;\"><span style=\"font-size: 14pt;\">Seg\u00fan la interpretaci\u00f3n de estos docentes neoliberales la anterior disposici\u00f3n permite que Washington ejerza veto en caso de que Ecuador quisiera adquirir equipos y programas inform\u00e1ticos que no sean afines a los intereses estrat\u00e9gicos de EE.UU., como por ejemplo, los de China.<\/span><\/p>\n<p style=\"text-align: justify;\"><span style=\"font-size: 14pt;\">Adem\u00e1s, la mencionada ley identifica un rol para la <em>Corporaci\u00f3n de Desarrollo Econ\u00f3mico de los Estados Unidos \u201cno solamente en los temas militares y digitales, sino tambi\u00e9n en la mesa de negociaciones de qu\u00e9 se va a privatizar en el pa\u00eds. Tenemos varios p\u00e1rrafos en los cuales est\u00e1n estableciendo una relaci\u00f3n estrat\u00e9gica sobre el control antinarc\u00f3ticos, la asistencia t\u00e9cnica en estos temas\u201d<\/em>, precisan los catedr\u00e1ticos ecuatorianos que por su ideolog\u00eda conservadora se han caracterizado por ser corifeos de Washington.<\/span><\/p>\n<p style=\"padding-left: 40px; text-align: justify;\"><em><span style=\"font-size: 14pt;\">Agregan estos docentes neoliberales de universidades ecuatorianas de marcado acento conservador que la citada ley tambi\u00e9n \u201cotorga al representante comercial de Estados Unidos, al Secretario del Tesoro y a los jefes de otros departamentos y agencias federales pertinentes, seg\u00fan corresponda, la obligaci\u00f3n de desarrollar e implementar una estrategia para fortalecer los v\u00ednculos comerciales y econ\u00f3micos entre Estados Unidos y Ecuador mediante el establecimiento de marcos o mecanismos para revisar la sostenibilidad financiera a largo plazo y las implicaciones de seguridad de las inversiones extranjeras en Ecuador en sectores o servicios estrat\u00e9gicos\u201d.<\/span><\/em><\/p>\n<p style=\"text-align: justify;\"><span style=\"font-size: 14pt;\"><em>\u201c\u00bfC\u00f3mo llegamos como pa\u00eds a aprobar esto?\u201d <\/em>\u00bfQui\u00e9n y c\u00f3mo decidi\u00f3 aceptar esta ley y decir que es una buena idea?\u201d, se peguntan.\u00a0 La posici\u00f3n hist\u00f3rica del Ecuador ha sido de no alineamiento con ninguna potencia estrat\u00e9gica, explican, puesto que <em>\u201cun alineamiento ha estado alejado de los intereses hist\u00f3ricos del pa\u00eds, sino que ninguna otra naci\u00f3n de Am\u00e9rica Latina, excepto Colombia\u201d<\/em> en tiempos de los impresentables gobiernos de ultraderecha como los de Pastrana, Uribe, Santos y Duque.<\/span><\/p>\n<figure id=\"attachment_46316\" aria-describedby=\"caption-attachment-46316\" style=\"width: 536px\" class=\"wp-caption aligncenter\"><img loading=\"lazy\" decoding=\"async\" class=\"wp-image-46316\" src=\"https:\/\/www.lapluma.net\/wp-content\/uploads\/2022\/12\/Capture-Guillermo-Lasso-300x221.jpg\" alt=\"\" width=\"536\" height=\"395\" srcset=\"https:\/\/www.lapluma.net\/wp-content\/uploads\/2022\/12\/Capture-Guillermo-Lasso-300x221.jpg 300w, https:\/\/www.lapluma.net\/wp-content\/uploads\/2022\/12\/Capture-Guillermo-Lasso.jpg 575w\" sizes=\"auto, (max-width: 536px) 100vw, 536px\" \/><figcaption id=\"caption-attachment-46316\" class=\"wp-caption-text\">Guillermo Lasso, caracterizado por ser un abyecto mandatario de los dictados de Washington.<\/figcaption><\/figure>\n<p style=\"text-align: justify;\"><span style=\"font-size: 14pt;\">Se quejan los acad\u00e9micos conservadores que la ley no menciona monto alguno para Ecuador por todo lo que se propone. <em>\u201cNing\u00fan pa\u00eds de Am\u00e9rica Latina ha aceptado esta alineaci\u00f3n, m\u00e1s cuando sabemos que la mayor\u00eda de pa\u00edses de Am\u00e9rica Latina tienen como socio comercial a China. Se desconoce si los tomadores de decisiones han dimensionado que por la forma en que est\u00e1 redactada la ley y la forma en que fue anunciada, no solo que hipoteca sino que condiciona irreversiblemente cualquier tipo de negociaci\u00f3n con China y no se sabe por qu\u00e9 se tom\u00f3 esta decisi\u00f3n a puerta cerrada cuando tiene serias repercusiones a corto, mediano y largo plazo para el Ecuador\u201d<\/em>, expresaron en mayo de este a\u00f1o los mencionados docentes.<\/span><\/p>\n<p style=\"padding-left: 40px; text-align: justify;\"><em><span style=\"font-size: 14pt;\">Tras la aprobaci\u00f3n de la \u201cLey de Asociaci\u00f3n\u201d, el Ministerio de Relaciones Exteriores y Movilidad Humana de Ecuador resalt\u00f3 mediante comunicado p\u00fablico este paso dado en la relaci\u00f3n bilateral, destacando que la misma facilitar\u00e1 a EE.UU. \u201cla relaci\u00f3n comercial, promover el desarrollo econ\u00f3mico inclusivo, luchar contra las econom\u00edas il\u00edcitas y la corrupci\u00f3n, fortalecer la democracia, y fomentar la conservaci\u00f3n del medio ambiente\u201d.<\/span><\/em><\/p>\n<p style=\"text-align: justify;\"><span style=\"font-size: 14pt;\">La ley ya fue enviada al presidente estadounidense, Joseph Biden, para su firma para que inmediatamente entre en vigencia.<\/span><\/p>\n<h2 style=\"text-align: justify;\"><span style=\"font-size: 18pt;\"><strong>Embajador de EE.UU. cuestiona sistema de justicia ecuatoriano<\/strong><\/span><\/h2>\n<p><img loading=\"lazy\" decoding=\"async\" class=\" wp-image-46319 aligncenter\" src=\"https:\/\/www.lapluma.net\/wp-content\/uploads\/2022\/12\/0001-Embajador-EU-en-Ecuador-300x300.jpg\" alt=\"\" width=\"535\" height=\"535\" srcset=\"https:\/\/www.lapluma.net\/wp-content\/uploads\/2022\/12\/0001-Embajador-EU-en-Ecuador-300x300.jpg 300w, https:\/\/www.lapluma.net\/wp-content\/uploads\/2022\/12\/0001-Embajador-EU-en-Ecuador-1024x1024.jpg 1024w, https:\/\/www.lapluma.net\/wp-content\/uploads\/2022\/12\/0001-Embajador-EU-en-Ecuador-150x150.jpg 150w, https:\/\/www.lapluma.net\/wp-content\/uploads\/2022\/12\/0001-Embajador-EU-en-Ecuador-768x768.jpg 768w, https:\/\/www.lapluma.net\/wp-content\/uploads\/2022\/12\/0001-Embajador-EU-en-Ecuador.jpg 1080w\" sizes=\"auto, (max-width: 535px) 100vw, 535px\" \/><\/p>\n<p>&nbsp;<\/p>\n<p style=\"text-align: justify;\"><span style=\"font-size: 14pt;\">Un d\u00eda antes de la aprobaci\u00f3n de la mencionada disposici\u00f3n legal, el pasado 14 de diciembre, el embajador de EE.UU. en Ecuador, Michael Fitzpatrick, en otra actitud injerencista, hizo un duro cuestionamiento al sistema de justicia ecuatoriano. Sus declaraciones las realiz\u00f3 en Quito durante la jornada internacional de iniciativas anticorrupci\u00f3n que tuvo lugar en la Universidad Andina, Sim\u00f3n Bol\u00edvar.<\/span><\/p>\n<p style=\"padding-left: 40px; text-align: justify;\"><span style=\"font-size: 14pt;\"><em>\u201cLa corrupci\u00f3n puede transformar una de las funciones m\u00e1s relevantes del Estado de derecho en algo irrelevante. Cuando estos fallos dejen de administrar la justicia y se transformen en un mero ejercicio burocr\u00e1tico o peor, un camuflaje para proteger a narcos, matones o sus testaferros pagados para lavar su cara, su plata y su imagen p\u00fablica, por lo tanto se deja de creer en ella\u201d<\/em>, fue una de las contundentes frases del diplom\u00e1tico.<\/span><\/p>\n<p style=\"text-align: justify;\"><span style=\"font-size: 14pt;\">Igualmente, hizo una reflexi\u00f3n sobre los \u00faltimos hechos delictivos que se han registrado en las provincias costaneras de Esmeraldas y Guayas como los motines en las c\u00e1rceles y la explosi\u00f3n de varios coches-bomba que dejaron varias v\u00edctimas.\u00a0 <em>\u201cLo que sucede ahora en Esmeraldas y Guayaquil es un reflejo de los tiempos dif\u00edciles que vive el pa\u00eds\u201d<\/em>, asegur\u00f3 Fitzpatrick.<\/span><\/p>\n<p style=\"text-align: justify;\"><span style=\"font-size: 14pt;\"><em>\u201cLos carteles est\u00e1n peleando entre ellos por el control de las rutas, de los puertos, de las c\u00e1rceles y de la justicia\u201d<\/em>, precis\u00f3.<\/span><\/p>\n<p style=\"padding-left: 40px; text-align: justify;\"><span style=\"font-size: 14pt;\">Se quej\u00f3 de que en Ecuador hay compra de jueces, intimidaci\u00f3n a testigos y abusos a los recursos de <em>h\u00e1beas corpus<\/em> que otorga el Estado.<\/span><\/p>\n<p style=\"text-align: justify;\"><span style=\"font-size: 14pt;\">En ese sentido cuestion\u00f3: <em>\u201c\u00bfAlguien me puede explicar por qu\u00e9 hay que notificar formalmente a un sospechoso de la apertura de un caso en plena etapa de la investigaci\u00f3n? Es como decir: estimado se\u00f1or Pablo Escobar, le escribo para avisarle a usted y su abogado que hemos abierto una investigaci\u00f3n en su contra\u201d<\/em>.<\/span><\/p>\n<p><img loading=\"lazy\" decoding=\"async\" class=\" wp-image-46320 aligncenter\" src=\"https:\/\/www.lapluma.net\/wp-content\/uploads\/2022\/12\/Ecuador-en-crisis-300x212.jpg\" alt=\"\" width=\"517\" height=\"365\" \/><\/p>\n<h2><\/h2>\n<h2><span style=\"font-size: 18pt;\"><strong>Lasso tambi\u00e9n suscribe acuerdo comercial con China<\/strong><\/span><\/h2>\n<p style=\"text-align: justify;\"><span style=\"font-size: 14pt;\">No obstante los alcances de la Ley de Asociaci\u00f3n Ecuador-Estados Unidos aprobada en Washington, el banquero presidente Guillermo Lasso, quien se ha caracterizado por la improvisaci\u00f3n de su gobierno y la carencia de una pol\u00edtica exterior coherente, anunci\u00f3 en Guayaquil que pr\u00e1cticamente est\u00e1 listo un acuerdo comercial con China.<\/span><\/p>\n<p style=\"padding-left: 40px; text-align: justify;\"><em><span style=\"font-size: 14pt;\">Si bien la entrega de Ecuador a EE.UU. busca frenar el incontenible avance de China en este pa\u00eds y en la regi\u00f3n suramericana, Lasso se mostr\u00f3 complacido por la concreci\u00f3n de este acuerdo comercial con Beijing que representa 1.000 millones de d\u00f3lares adicionales en exportaciones.<\/span><\/em><\/p>\n<p style=\"text-align: justify;\"><span style=\"font-size: 14pt;\"><em>\u201cSe ha realizado una negociaci\u00f3n altamente eficiente en menos de diez meses y puedo confirmar que el acuerdo est\u00e1 pr\u00e1cticamente cerrado\u201d<\/em>, manifest\u00f3 Lasso.<\/span><\/p>\n<p style=\"text-align: justify;\"><span style=\"font-size: 14pt;\">De esta manera, Ecuador se convertir\u00e1 en el cuarto pa\u00eds de Am\u00e9rica Latina en tener un Tratado de Libre Comercio (TLC) con China que no es bien visto por Washington.<\/span><\/p>\n<figure id=\"attachment_46321\" aria-describedby=\"caption-attachment-46321\" style=\"width: 503px\" class=\"wp-caption aligncenter\"><img loading=\"lazy\" decoding=\"async\" class=\"wp-image-46321\" src=\"https:\/\/www.lapluma.net\/wp-content\/uploads\/2022\/12\/0001-Lasso-300x196.png\" alt=\"\" width=\"503\" height=\"329\" srcset=\"https:\/\/www.lapluma.net\/wp-content\/uploads\/2022\/12\/0001-Lasso-300x196.png 300w, https:\/\/www.lapluma.net\/wp-content\/uploads\/2022\/12\/0001-Lasso-292x190.png 292w, https:\/\/www.lapluma.net\/wp-content\/uploads\/2022\/12\/0001-Lasso.png 501w\" sizes=\"auto, (max-width: 503px) 100vw, 503px\" \/><figcaption id=\"caption-attachment-46321\" class=\"wp-caption-text\">El desprestigiado banquero-presidente del Ecuador, Guillermo Lasso Mendoza, visto por la aguda pluma de la ilustradora Vilmatraca<\/figcaption><\/figure>\n<h2 style=\"text-align: justify;\"><span style=\"font-size: 18pt;\"><strong>Retorno al neoliberalismo<\/strong><\/span><\/h2>\n<p style=\"text-align: justify;\"><span style=\"font-size: 14pt;\">Con la asunci\u00f3n al poder ejecutivo en mayo de 2021 de un cuestionado especulador financiero como Lasso Mendoza que tiene <a href=\"https:\/\/cronicon.net\/wp\/ecuador-guillermo-lasso-y-los-papeles-de-pandora-cronica-de-un-saqueo\/\">buena parte de su fortuna escondida en guaridas fiscales<\/a>, Ecuador retorn\u00f3 a la funesta y triste noche neoliberal.<\/span><\/p>\n<p style=\"text-align: justify; padding-left: 40px;\"><em><span style=\"font-size: 14pt;\">Atr\u00e1s y en el recuerdo qued\u00f3 la d\u00e9cada del <a href=\"https:\/\/cronicon.net\/wp\/los-retos-del-progresismo-latinoamericano-en-el-actual-escenario-regional-y-global\/\">gobierno de Rafael Correa<\/a>, quien se caracteriz\u00f3 por la defensa de causas de alcance internacional como la protecci\u00f3n y los derechos de la naturaleza, la movilidad humana como derecho universal, la lucha en contra de los para\u00edsos fiscales. Su gesti\u00f3n se destac\u00f3 por la implementaci\u00f3n de pol\u00edticas de redistribuci\u00f3n de la riqueza que posibilit\u00f3 la salida de la pobreza de dos millones de personas en una poblaci\u00f3n de 18 millones, mejorando sustancialmente la calidad de vida de la gente.<\/span><\/em><\/p>\n<figure id=\"attachment_46322\" aria-describedby=\"caption-attachment-46322\" style=\"width: 554px\" class=\"wp-caption aligncenter\"><img loading=\"lazy\" decoding=\"async\" class=\"wp-image-46322\" src=\"https:\/\/www.lapluma.net\/wp-content\/uploads\/2022\/12\/0001-Correa-Lasso-300x167.jpg\" alt=\"\" width=\"554\" height=\"309\" srcset=\"https:\/\/www.lapluma.net\/wp-content\/uploads\/2022\/12\/0001-Correa-Lasso-300x167.jpg 300w, https:\/\/www.lapluma.net\/wp-content\/uploads\/2022\/12\/0001-Correa-Lasso.jpg 612w\" sizes=\"auto, (max-width: 554px) 100vw, 554px\" \/><figcaption id=\"caption-attachment-46322\" class=\"wp-caption-text\">El expresidente Rafael Correa ha calificado reiteradamente de \u201cinmoral\u201d al mandatario neoliberal\u00a0 Guillermo Lasso, quien no ha logrado dar explicaciones satisfactorias sobre sus cuentas en para\u00edsos fiscales.<\/figcaption><\/figure>\n<p style=\"text-align: justify;\"><span style=\"font-size: 14pt;\">Durante la d\u00e9cada de Correa se logr\u00f3 que Ecuador sea uno de los pa\u00edses m\u00e1s seguros de la regi\u00f3n. En contraste, hoy bajo el gobierno neoliberal de Lasso es el segundo pa\u00eds con mayores indicadores de inseguridad, sicariato, robos, asaltos y casos de feminicidios con involucramiento de personal de la Polic\u00eda Nacional.<\/span><\/p>\n<blockquote>\n<p style=\"padding-left: 40px; text-align: justify;\"><span style=\"font-size: 14pt;\">Adicionalmente, Ecuador registra el primer puesto con mayor n\u00famero de muertes en c\u00e1rceles, m\u00e1s de 450 reclusos han sido asesinados durante este a\u00f1o, ante la total ineficacia del gobierno para enfrentar la crisis penitenciaria.<\/span><\/p>\n<\/blockquote>\n<p style=\"text-align: justify;\"><span style=\"font-size: 14pt;\">Durante el a\u00f1o y medio que lleva Lasso en el Palacio de Carondelet se ha recortado el presupuesto en materia de salud, educaci\u00f3n, seguridad y se eliminaron las pol\u00edticas de protecci\u00f3n social. Sus prioridades han sido la concesi\u00f3n y condonaci\u00f3n de deudas a las \u00e9lites econ\u00f3micas, as\u00ed como ser un descarado abyecto a los dictados de Washington.<\/span><\/p>\n<p style=\"text-align: justify;\"><span style=\"font-size: 14pt;\">Con una desaprobaci\u00f3n popular que asciende a m\u00e1s del 82 % se logra mantener en el poder gracias a que lo sostiene el Departamento de Estado norteamericano, a cambio de aniquilar toda posibilidad de integraci\u00f3n regional y de privilegiar el capital especulativo transnacional.<\/span><\/p>\n<blockquote>\n<p style=\"padding-left: 40px; text-align: justify;\"><span style=\"font-size: 14pt;\">Adem\u00e1s, Lasso ha sido incapaz de lograr gobernabilidad, tiene el legislativo mayoritariamente en contra y sus antiguos aliados pol\u00edticos pr\u00e1cticamente terminaron rompiendo con \u00e9l por su falta de palabra y su despreciable actitud de incumplir los pactos.<\/span><\/p>\n<\/blockquote>\n<p style=\"text-align: justify;\"><span style=\"font-size: 14pt;\">Para buscar una m\u00ednima legitimidad pol\u00edtica y no obstante su alt\u00edsimo \u00edndice de desprestigio convoc\u00f3 para las elecciones regionales que se realizar\u00e1n en febrero de 2023 una consulta popular con ocho preguntas irrelevantes, ninguna de las cuales permite solucionar factor alguno de la cr\u00edtica realidad social de la poblaci\u00f3n, pero le sirve a Lasso, en el supuesto caso de que tenga el suficiente apoyo electoral, para tratar de obtener respiro pol\u00edtico.<\/span><\/p>\n<p><img loading=\"lazy\" decoding=\"async\" class=\" wp-image-46323 aligncenter\" src=\"https:\/\/www.lapluma.net\/wp-content\/uploads\/2022\/12\/Lasso-Consulta-300x297.png\" alt=\"\" width=\"486\" height=\"481\" srcset=\"https:\/\/www.lapluma.net\/wp-content\/uploads\/2022\/12\/Lasso-Consulta-300x297.png 300w, https:\/\/www.lapluma.net\/wp-content\/uploads\/2022\/12\/Lasso-Consulta.png 546w\" sizes=\"auto, (max-width: 486px) 100vw, 486px\" \/><\/p>\n<p style=\"text-align: justify;\">\n<p style=\"text-align: justify; padding-left: 40px;\"><em><span style=\"font-size: 14pt;\">Simult\u00e1neamente contin\u00faa la persecuci\u00f3n pol\u00edtica contra los dirigentes progresistas y de los sectores populares, alentando desde el gobierno la guerra jur\u00eddica contra la principal fuerza pol\u00edtica del pa\u00eds, el corre\u00edsmo, hasta tal punto que su l\u00edder, el expresidente Rafael Correa viene siendo v\u00edctima de su sistem\u00e1tica campa\u00f1a de ataques y de desprestigio, llevando a que se le hayan abierto alrededor de 40 causas penales, absolutamente todas sin ninguna base probatoria s\u00f3lida. Sin embargo, tal campa\u00f1a de ataques para lo cual Lasso cuenta con las cloacas medi\u00e1ticas del mafioso establishment ecuatoriano y un centro de trolls orientado desde el mismo Palacio de gobierno para tratar de influir en las redes sociales con guerra sucia, poca mella ha hecho en la imagen de Correa, quien contin\u00faa siendo el principal referente pol\u00edtico del pa\u00eds con probado respaldo popular.<\/span><\/em><\/p>\n<p style=\"text-align: justify;\"><span style=\"font-size: 14pt;\">En contraste, la incapacidad e improvisaci\u00f3n de Lasso en su gesti\u00f3n de gobierno y su vil entrega a los intereses plutocr\u00e1ticos y de EE.UU. le est\u00e1n pasando una costosa cuenta de cobro que se evidencia en su gran debilidad, factores que han llevado nuevamente a la postraci\u00f3n institucional, pol\u00edtica y socioecon\u00f3mica del Ecuador.<\/span><\/p>\n<h2><span style=\"font-size: 18pt;\">Cronic\u00d3n <\/span><\/h2>\n<h2><span style=\"font-size: 18pt;\">Editado por <a href=\"https:\/\/www.lapluma.net\/nosotros\/editora\/\">Mar\u00eda Piedad Ossaba<\/a><\/span><\/h2>\n<h2><span style=\"font-size: 18pt;\">Fuente : <a href=\"https:\/\/cronicon.net\/wp\/lasso-en-su-logica-de-especulador-convierte-a-ecuador-en-enclave-economico-financiero-comercial-y-de-defensa-de-ee-uu\/\">Cronic\u00d3n<\/a> 16 de diciembre de 2022<\/span><\/h2>\n","protected":false},"excerpt":{"rendered":"<p>Con una desaprobaci\u00f3n popular que asciende a m\u00e1s del 82 % se logra mantener en el poder gracias a que lo sostiene el Departamento de Estado norteamericano, a cambio de aniquilar toda posibilidad de integraci\u00f3n regional y de privilegiar el capital especulativo transnacional.<\/p>\n","protected":false},"author":629,"featured_media":46316,"comment_status":"open","ping_status":"open","sticky":false,"template":"","format":"standard","meta":{"_uf_show_specific_survey":0,"_uf_disable_surveys":false,"footnotes":""},"categories":[218],"tags":[21560,21562,19007,15967,21561,17572,11926,21555,21559,21554,21556,21558],"coauthors":[9033],"class_list":["post-46301","post","type-post","status-publish","format-standard","has-post-thumbnail","hentry","category-monde","tag-cloacas-mediaticas-mafioso-establishment-ecuatoriano","tag-comercial-y-de-defensa","tag-cronicon","tag-ecuador-america-latina-abya-yala","tag-ecuador-usa-enclave-economico-financiero","tag-guerra-sucia","tag-guillermo-lasso","tag-ley-de-asociacion-ecuador-estados-unidos","tag-persecucion-politica-contra-los-dirigentes-progresistas","tag-retorno-al-neoliberalismo","tag-tratado-de-libre-comercio-tlc-con-china","tag-usa-vil-entrega-intereses-pluto-craticos"],"translation":{"provider":"WPGlobus","version":"2.12.2","language":"fr","enabled_languages":["es","fr"],"languages":{"es":{"title":true,"content":true,"excerpt":true},"fr":{"title":false,"content":false,"excerpt":false}}},"_links":{"self":[{"href":"https:\/\/www.lapluma.net\/fr\/wp-json\/wp\/v2\/posts\/46301","targetHints":{"allow":["GET"]}}],"collection":[{"href":"https:\/\/www.lapluma.net\/fr\/wp-json\/wp\/v2\/posts"}],"about":[{"href":"https:\/\/www.lapluma.net\/fr\/wp-json\/wp\/v2\/types\/post"}],"author":[{"embeddable":true,"href":"https:\/\/www.lapluma.net\/fr\/wp-json\/wp\/v2\/users\/629"}],"replies":[{"embeddable":true,"href":"https:\/\/www.lapluma.net\/fr\/wp-json\/wp\/v2\/comments?post=46301"}],"version-history":[{"count":5,"href":"https:\/\/www.lapluma.net\/fr\/wp-json\/wp\/v2\/posts\/46301\/revisions"}],"predecessor-version":[{"id":46314,"href":"https:\/\/www.lapluma.net\/fr\/wp-json\/wp\/v2\/posts\/46301\/revisions\/46314"}],"wp:featuredmedia":[{"embeddable":true,"href":"https:\/\/www.lapluma.net\/fr\/wp-json\/wp\/v2\/media\/46316"}],"wp:attachment":[{"href":"https:\/\/www.lapluma.net\/fr\/wp-json\/wp\/v2\/media?parent=46301"}],"wp:term":[{"taxonomy":"category","embeddable":true,"href":"https:\/\/www.lapluma.net\/fr\/wp-json\/wp\/v2\/categories?post=46301"},{"taxonomy":"post_tag","embeddable":true,"href":"https:\/\/www.lapluma.net\/fr\/wp-json\/wp\/v2\/tags?post=46301"},{"taxonomy":"author","embeddable":true,"href":"https:\/\/www.lapluma.net\/fr\/wp-json\/wp\/v2\/coauthors?post=46301"}],"curies":[{"name":"wp","href":"https:\/\/api.w.org\/{rel}","templated":true}]}}