{"id":46244,"date":"2022-12-19T10:38:28","date_gmt":"2022-12-19T10:38:28","guid":{"rendered":"https:\/\/www.lapluma.net\/?p=46244"},"modified":"2022-12-19T11:29:09","modified_gmt":"2022-12-19T11:29:09","slug":"lawfare-a-la-sombra-de-washington","status":"publish","type":"post","link":"https:\/\/www.lapluma.net\/fr\/2022\/12\/19\/lawfare-a-la-sombra-de-washington\/","title":{"rendered":"\u00ab\u00a0Lawfare\u00a0\u00bb Le combat juridique dans l\u2019ombre de Washington"},"content":{"rendered":"<p style=\"text-align: justify;\"><span style=\"font-size: 14pt;\">Sous le couvert de la lutte pour la d\u00e9mocratie et la libert\u00e9 et contre la corruption, et \u00e0 travers diff\u00e9rentes formes de guerre politico-juridique-parlementaire-m\u00e9diatique (<i>lawfare)<\/i>, l\u2019Am\u00e9rique latine conna\u00eet une contre-offensive contre les gouvernements et les projets qui remettent en cause &#8211; m\u00eame timidement &#8211; l\u2019orthodoxie n\u00e9olib\u00e9rale, dans le cadre d\u2019un processus de d\u00e9stabilisation qui ne parvient pas \u00e0 cacher la longue main de Washington et de ses services de renseignement en collusion avec les secteurs ploutocratiques et d\u2019ultra-droite autochtones.<\/span><\/p>\n<p><strong><span style=\"font-size: 10pt;\"><img loading=\"lazy\" decoding=\"async\" class=\" wp-image-46253 aligncenter\" src=\"https:\/\/www.lapluma.net\/wp-content\/uploads\/2022\/12\/Peru-Pedro-Castillo-protesta-liberacion-y-cierre-Congreso-300x200.jpg\" alt=\"\" width=\"506\" height=\"337\" srcset=\"https:\/\/www.lapluma.net\/wp-content\/uploads\/2022\/12\/Peru-Pedro-Castillo-protesta-liberacion-y-cierre-Congreso-300x200.jpg 300w, https:\/\/www.lapluma.net\/wp-content\/uploads\/2022\/12\/Peru-Pedro-Castillo-protesta-liberacion-y-cierre-Congreso-1024x682.jpg 1024w, https:\/\/www.lapluma.net\/wp-content\/uploads\/2022\/12\/Peru-Pedro-Castillo-protesta-liberacion-y-cierre-Congreso-768x512.jpg 768w, https:\/\/www.lapluma.net\/wp-content\/uploads\/2022\/12\/Peru-Pedro-Castillo-protesta-liberacion-y-cierre-Congreso-435x290.jpg 435w, https:\/\/www.lapluma.net\/wp-content\/uploads\/2022\/12\/Peru-Pedro-Castillo-protesta-liberacion-y-cierre-Congreso-150x100.jpg 150w, https:\/\/www.lapluma.net\/wp-content\/uploads\/2022\/12\/Peru-Pedro-Castillo-protesta-liberacion-y-cierre-Congreso-370x247.jpg 370w, https:\/\/www.lapluma.net\/wp-content\/uploads\/2022\/12\/Peru-Pedro-Castillo-protesta-liberacion-y-cierre-Congreso.jpg 1117w\" sizes=\"auto, (max-width: 506px) 100vw, 506px\" \/><\/span><\/strong><\/p>\n<p style=\"text-align: justify;\"><strong><span style=\"font-size: 14pt;\"><span style=\"font-size: 10pt;\">Des partisans de l&rsquo;ancien pr\u00e9sident Pedro Castillo manifestent pour demander sa lib\u00e9ration et la fermeture du Congr\u00e8s p\u00e9ruvien \u00e0 Lima, le 11 d\u00e9cembre 2022. &#8211; Deux personnes ont \u00e9t\u00e9 tu\u00e9es et au moins cinq autres bless\u00e9es dimanche lors des manifestations croissantes contre la pr\u00e9sidente du P\u00e9rou, Dina Boluarte, \u00e0 la suite du coup d&rsquo;\u00c9tat manqu\u00e9 et de l&rsquo;arrestation de l&rsquo;ancien pr\u00e9sident Pedro Castillo. Photo AFP<\/span> <\/span><\/strong><\/p>\n<p style=\"text-align: justify;\"><span style=\"font-size: 14pt;\">Signe des temps, le malheureux processus d\u2019impeachment de l\u2019ancien pr\u00e9sident Pedro Castillo au P\u00e9rou, qui, accul\u00e9 par des pouvoirs l\u00e9gislatif et judiciaire corrompus et d\u00e9l\u00e9gitim\u00e9s au service d\u2019une oligarchie raciste et de classe &#8211; et soumis \u00e0 un lynchage m\u00e9diatique continu depuis son investiture le 28 juillet 2021\u00a0-, a \u00e9t\u00e9 contraint de se faire hara-kiri le 8 d\u00e9cembre.<\/span><\/p>\n<p style=\"text-align: justify;\"><span style=\"font-size: 14pt;\">\u00c0 son tour, l\u2019actuelle vice-pr\u00e9sidente Cristina Fern\u00e1ndez, principale dirigeante politique de l\u2019Argentine, a \u00e9t\u00e9 condamn\u00e9e \u00e0 six ans de prison et \u00e0 une \u00ab\u00a0interdiction perp\u00e9tuelle\u00a0\u00bb d\u2019exercer des fonctions publiques, le jour m\u00eame (6 d\u00e9cembre) qui marquait le 10e anniversaire du d\u00e9fi lanc\u00e9 par le Grupo Clar\u00edn \u00e0 la loi dite sur les m\u00e9dias. La loi a \u00e9t\u00e9 modifi\u00e9e par d\u00e9cret le 4 janvier 2016 par l\u2019ancien pr\u00e9sident Mauricio Macri, qui a supprim\u00e9 la r\u00e9glementation antitrust contest\u00e9e par le puissant groupe de multim\u00e9dias.<\/span><\/p>\n<p style=\"text-align: justify;\"><span style=\"font-size: 14pt;\">L\u2019\u00e9v\u00e9nement serait banal si <i>Clar\u00edn <\/i>ne s\u2019\u00e9tait pas retrouv\u00e9 une nouvelle fois au centre d\u2019un scandale politique suite \u00e0 la fuite de conversations dans un groupe Telegram cr\u00e9\u00e9 par l\u2019homme d\u2019affaires Pablo Casey, responsable des affaires juridiques et neveu du PDG du conglom\u00e9rat d\u2019affaires, H\u00e9ctor Magnetto, conversation \u00e0 laquelle ont \u00e9galement particip\u00e9 Jorge Rendo, num\u00e9ro deux de l\u2019emporium m\u00e9diatique, des juges f\u00e9d\u00e9raux (dont Juli\u00e1nErcolini, qui a instruit l\u2019\u00a0\u00bbaffaire Vialidad\u00a0\u00bb pour laquelle Cristina Fern\u00e1ndez vient d\u2019\u00eatre condamn\u00e9e), des procureurs et le ministre de la S\u00e9curit\u00e9 de la ville de Buenos Aires, Marcelo D\u2019Alessandro.<\/span><\/p>\n<p style=\"text-align: justify;\"><span style=\"font-size: 14pt;\">Le 14 octobre, ils se sont tous rendus en charter au manoir du magnat britannique Joe Lewis, un propri\u00e9taire terrien qui poss\u00e8de un domaine mal acquis de 12 000 hectares \u00e0 Lago Escondido, dans la province de R\u00edo Negro. La r\u00e9union a \u00e9t\u00e9 organis\u00e9e par Casey et Rendo, et l\u2019on soup\u00e7onne que les n\u00e9gociations ont eu lieu \u00e0 cet endroit pour sauver Macri des affaires judiciaires en cours contre l\u2019ancien pr\u00e9sident.<\/span><\/p>\n<p style=\"text-align: justify;\"><span style=\"font-size: 14pt;\">Commentant la sentence prononc\u00e9e \u00e0 son encontre, Mme\u00a0Fern\u00e1ndez, veuve de l\u2019ancien pr\u00e9sident N\u00e9stor Kirchner et avocate de profession, a d\u00e9clar\u00e9 \u00ab\u00a0qu\u2019il ne s\u2019agit ni de lawfare<i> <\/i>ni d\u2019un \u00ab\u00a0parti des juges\u00a0\u00bb. C\u2019est un \u00c9tat parall\u00e8le et une mafia judiciaire\u00a0\u00bb. Elle a donn\u00e9 comme exemple le voyage secret de juges, de procureurs et de fonctionnaires du principal parti d\u2019opposition &#8211; financ\u00e9 par le groupe Clar\u00edn &#8211; dans la propri\u00e9t\u00e9 du milliardaire Lewis, un important investisseur dans le secteur \u00e9nerg\u00e9tique et un proche alli\u00e9 de Macri.<\/span><\/p>\n<p style=\"text-align: justify;\"><span style=\"font-size: 14pt;\">En 2006, <i>WikiLeaks a <\/i>divulgu\u00e9 des documents qui montrent que Michel Temer, ancien vice-pr\u00e9sident de Dilma Rousseff et l\u2019un des principaux op\u00e9rateurs du processus qui l\u2019a destitu\u00e9e lors de la <i>destitution de <\/i>2016, \u00e9tait l\u2019un des principaux informateurs de l\u2019ambassade am\u00e9ricaine au Br\u00e9sil. \u00c0 l\u2019\u00e9poque, le juge Sergio Moro, le procureur Deltan Dallagnol et 13 procureurs de l\u2019op\u00e9ration \u00ab\u00a0anticorruption\u00a0\u00bb<i>Lava Jato<\/i>, ont planifi\u00e9 et fabriqu\u00e9 &#8211; avec la collusion ill\u00e9gale du procureur g\u00e9n\u00e9ral adjoint du minist\u00e8re am\u00e9ricain de la Justice, Kenneth Blanco &#8211; des crimes et d\u00e9lits contre l\u2019ordre politique et social dans le but de rendre viable un projet de pouvoir de l\u2019extr\u00eame droite au Br\u00e9sil.<\/span><\/p>\n<p style=\"text-align: justify;\"><span style=\"font-size: 14pt;\">En 2017, le procureur Kenneth Blanco s\u2019est vant\u00e9, lors d\u2019un \u00e9v\u00e9nement de l\u2019Atlantic Council, de sa collaboration informelle (ill\u00e9gale) avec les procureurs br\u00e9siliens dans l\u2019affaire Luiz Lula da Silva, la pr\u00e9sentant comme une r\u00e9ussite. Le FBI a \u00e9galement collabor\u00e9 directement, l\u00e9galement et ill\u00e9galement, d\u00e8s le d\u00e9but de l\u2019op\u00e9ration <i>Lava Jato<\/i>, et sa principale liaison &#8211; aujourd\u2019hui chef de l\u2019Unit\u00e9 de lutte contre la corruption internationale &#8211; Leslie Backschies, s\u2019est vant\u00e9e d\u2019avoir \u00ab\u00a0fait tomber des pr\u00e9sidents au Br\u00e9sil\u00a0\u00bb. La coop\u00e9ration entre les autorit\u00e9s am\u00e9ricaines et br\u00e9siliennes a notamment consist\u00e9 \u00e0 faire appel \u00e0 des <i>pirates du <\/i>FBI pour d\u00e9crypter des fichiers chiffr\u00e9s d\u2019institutions gouvernementales et d\u2019entreprises br\u00e9siliennes et d\u2019infrastructures num\u00e9riques. En 2017, Kenneth Blanco a rencontr\u00e9 en Argentine Mauricio Macri et le chef de la Cour supr\u00eame, Ricardo Lorenzetti.<\/span><\/p>\n<p style=\"text-align: justify;\"><span style=\"font-size: 14pt;\">Les groupes de m\u00e9dias sont l\u2019une des composantes essentielles de la <i>lutte contre la criminalit\u00e9<\/i>. C\u2019est ce qui lie le <a class=\"spip_out\" href=\"https:\/\/fr.wikipedia.org\/wiki\/Grupo_Clar%C3%ADn\" rel=\"external\"><strong> <i>Grupo Clar\u00edn<\/i> <\/strong><\/a> (Canal 13, Radio Mitre, journaux <i>Clar\u00edn<\/i>et <i>Ol\u00e9<\/i>, Cablevisi\u00f3n<i>et autres<\/i>), le principal promoteur du lynchage du kirchn\u00e9risme, au <a class=\"spip_out\" href=\"https:\/\/fr.wikipedia.org\/wiki\/Grupo_Globo\" rel=\"external\"><strong> <i>Grupo Globo<\/i> <\/strong><\/a> du Br\u00e9sil, le deuxi\u00e8me plus grand conglom\u00e9rat m\u00e9diatique du monde. \u00c0 l\u2019exception de <i>Folha de S\u00e3o Paulo<\/i>, les grands m\u00e9dias br\u00e9siliens ont \u00ab\u00a0travaill\u00e9\u00a0\u00bb pour <a class=\"spip_out\" href=\"https:\/\/fr.wikipedia.org\/wiki\/Operaci%C3%B3n_Autolavado\" rel=\"external\"><strong> <i>Lava Jato<\/i> <\/strong><\/a>, mais surtout le programme d\u2019information national de TV Globo.<\/span><\/p>\n<p style=\"text-align: justify;\"><span style=\"font-size: 14pt;\">\u00c0 leur tour, Moro, Dallagnol et le groupe de travail <i>lava jato ont <\/i>instrumentalis\u00e9 le discours de lutte contre la corruption (con\u00e7u par les \u00c9tats-Unis en m\u00eame temps que la standardisation des appareils judiciaires latino-am\u00e9ricains) pour promouvoir une conspiration contre l\u2019\u00c9tat de droit et renverser la pr\u00e9sidente Rousseff. Au sommet de la hi\u00e9rarchie de la conspiration appara\u00eet toujours l\u2019ancien juge Moro, le capo mafia d\u2019un plan criminel con\u00e7u \u00e0 Washington et \u00e9labor\u00e9 par l\u2019oligarchie et d\u2019autres pouvoirs br\u00e9siliens de facto pour emprisonner Lula, mettre en \u0153uvre le r\u00e9gime d\u2019exception et placer \u00e0 la pr\u00e9sidence la faction la plus ouverte a la compromission n\u00e9olib\u00e9rale de l\u2019extr\u00eame droite. <i>Lava Jato<\/i>a \u00e9t\u00e9 non seulement l\u2019une des cl\u00e9s de la d\u00e9molition du Parti des travailleurs, de Lula et de Dilma, mais aussi l\u2019argument du pr\u00e9sident Jair Bolsonaro pour cr\u00e9er pour Moro un super-minist\u00e8re de la justice dot\u00e9 de pouvoirs de surveillance et d\u2019espionnage sans pr\u00e9c\u00e9dent dans l\u2019histoire du Br\u00e9sil. Ce n\u2019est pas un hasard si, lors de sa visite aux \u00c9tats-Unis, enaccompagnant Bolsonaro, Moro a visit\u00e9 le Pentagone et la CIA \u00e0 Langley.<\/span><\/p>\n<p style=\"text-align: justify;\"><span style=\"font-size: 14pt;\">Avec des variations, le mod\u00e8le g\u00e9opolitique-punitif de guerre politique par le biais de moyens judiciaires et\/ou parlementaires (<i>lawfare) <\/i>est maintenant reproduit en Argentine et au P\u00e9rou, avec son caract\u00e8re disciplinant, diabolisant, disqualifiant et d\u00e9mobilisateur de l\u2019empreinte des Etats-Unis d\u2019Am\u00e9rique.<\/span><\/p>\n<p style=\"text-align: justify;\"><strong><span style=\"font-size: 18pt;\">Carlos Fazio pour La Jornada<\/span><\/strong><\/p>\n<p style=\"text-align: justify;\"><strong><span style=\"font-size: 18pt;\">Original: \u00ab\u00a0Lawfare\u00a0\u00bb a la sombra de Washington<\/span><\/strong><\/p>\n<p><strong><span style=\"font-size: 18pt;\">Traduit par Estelle et Carlos Debiasi<\/span><\/strong><\/p>\n<p><strong><span style=\"font-size: 18pt;\">Publicado por <a class=\"spip_out\" href=\"http:\/\/www.elcorreo.eu.org\/Lawfare-Le-combat-juridique-dans-l-ombre-de-Washington\">El Correo de la Diaspora<\/a>. Paris, le 16 D\u00e9cembre 2022<\/span><\/strong><\/p>\n<h1 class=\"h1 \"><\/h1>\n","protected":false},"excerpt":{"rendered":"<p>Avec des variations, le mod\u00e8le g\u00e9opolitique-punitif de guerre politique par le biais de moyens judiciaires et\/ou parlementaires (lawfare) est maintenant reproduit en Argentine et au P\u00e9rou, avec son caract\u00e8re disciplinant, diabolisant, disqualifiant et d\u00e9mobilisateur de l\u2019empreinte des Etats-Unis d\u2019Am\u00e9rique.<\/p>\n","protected":false},"author":421,"featured_media":42154,"comment_status":"open","ping_status":"open","sticky":false,"template":"","format":"standard","meta":{"_uf_show_specific_survey":0,"_uf_disable_surveys":false,"footnotes":""},"categories":[5],"tags":[10515,3838,21524,5203,21526,21527,21008,21528,21525,13195,21529],"coauthors":[3836],"class_list":["post-46244","post","type-post","status-publish","format-standard","has-post-thumbnail","hentry","category-editoriales-y-opiniones","tag-america-latina-abya-yala","tag-carlos-fazio","tag-contraofensiva-golpista","tag-cristina-fernandez-de-kirchner","tag-grupo-clarin","tag-guerre-politico-juridique-parlementaire-mediatique","tag-lawfare-guerra-juridica","tag-orthodoxie-neoliberale","tag-ortodoxia-neoliberal","tag-pedro-castillo","tag-processus-dimpeachment"],"translation":{"provider":"WPGlobus","version":"2.12.2","language":"fr","enabled_languages":["es","fr"],"languages":{"es":{"title":true,"content":true,"excerpt":true},"fr":{"title":true,"content":true,"excerpt":true}}},"_links":{"self":[{"href":"https:\/\/www.lapluma.net\/fr\/wp-json\/wp\/v2\/posts\/46244","targetHints":{"allow":["GET"]}}],"collection":[{"href":"https:\/\/www.lapluma.net\/fr\/wp-json\/wp\/v2\/posts"}],"about":[{"href":"https:\/\/www.lapluma.net\/fr\/wp-json\/wp\/v2\/types\/post"}],"author":[{"embeddable":true,"href":"https:\/\/www.lapluma.net\/fr\/wp-json\/wp\/v2\/users\/421"}],"replies":[{"embeddable":true,"href":"https:\/\/www.lapluma.net\/fr\/wp-json\/wp\/v2\/comments?post=46244"}],"version-history":[{"count":10,"href":"https:\/\/www.lapluma.net\/fr\/wp-json\/wp\/v2\/posts\/46244\/revisions"}],"predecessor-version":[{"id":46256,"href":"https:\/\/www.lapluma.net\/fr\/wp-json\/wp\/v2\/posts\/46244\/revisions\/46256"}],"wp:featuredmedia":[{"embeddable":true,"href":"https:\/\/www.lapluma.net\/fr\/wp-json\/wp\/v2\/media\/42154"}],"wp:attachment":[{"href":"https:\/\/www.lapluma.net\/fr\/wp-json\/wp\/v2\/media?parent=46244"}],"wp:term":[{"taxonomy":"category","embeddable":true,"href":"https:\/\/www.lapluma.net\/fr\/wp-json\/wp\/v2\/categories?post=46244"},{"taxonomy":"post_tag","embeddable":true,"href":"https:\/\/www.lapluma.net\/fr\/wp-json\/wp\/v2\/tags?post=46244"},{"taxonomy":"author","embeddable":true,"href":"https:\/\/www.lapluma.net\/fr\/wp-json\/wp\/v2\/coauthors?post=46244"}],"curies":[{"name":"wp","href":"https:\/\/api.w.org\/{rel}","templated":true}]}}