{"id":46222,"date":"2022-12-18T18:33:50","date_gmt":"2022-12-18T18:33:50","guid":{"rendered":"https:\/\/www.lapluma.net\/?p=46222"},"modified":"2025-09-14T18:01:12","modified_gmt":"2025-09-14T18:01:12","slug":"iran-el-futbolista-amir-nasr-azadani-es-juzgado-por-el-asesinato-de-3-oficiales-no-por-manifestarse-en-favor-de-las-mujeres","status":"publish","type":"post","link":"https:\/\/www.lapluma.net\/fr\/2022\/12\/18\/iran-el-futbolista-amir-nasr-azadani-es-juzgado-por-el-asesinato-de-3-oficiales-no-por-manifestarse-en-favor-de-las-mujeres\/","title":{"rendered":"Ir\u00e1n: el futbolista Amir Nasr Azadani es juzgado por el asesinato de 3 oficiales, no por \u201cmanifestarse en favor de las mujeres\u201d"},"content":{"rendered":"<p style=\"text-align: justify;\"><span style=\"font-size: 14pt;\">El futbolista iran\u00ed Amir Nasr Azadani, ha pasado a formar parte de las campa\u00f1as de los medios occidentales contra la Rep\u00fablica Isl\u00e1mica de Ir\u00e1n, promoviendo una narrativa donde estar\u00eda siendo \u201ccondenado a muerte\u201d por supuestamente \u201cmanifestarse a favor de los derechos de las mujeres\u201d. Lo que las agencias de noticias globales no informan es que en realidad Nasr Azadani fue acusado por el asesinato del coronel Ismail Chiraghi y dos miembros de las fuerzas de seguridad, Mohammed Hossein Karimi y Mohsen Hamidi.<\/span><\/p>\n<p style=\"text-align: justify;\"><span style=\"font-size: 14pt;\">El Presidente del Tribunal Supremo de la provincia de Isfahan, Hojjat-ul-Islam Jafari, en entrevista con la agencia iran\u00ed Mizan, sostuvo en relaci\u00f3n con las afirmaciones que se han venido difundiendo: \u201cEl 25 de noviembre, durante los disturbios en Isfahan, 3 miembros de las fuerzas de seguridad fueron asesinados y los acusados en el caso fueron detenidos. Este caso tiene 9 acusados, uno de los cuales es Amir Nasr Azadani\u201d.<\/span><\/p>\n<figure id=\"attachment_46228\" aria-describedby=\"caption-attachment-46228\" style=\"width: 466px\" class=\"wp-caption aligncenter\"><img loading=\"lazy\" decoding=\"async\" class=\"wp-image-46228\" src=\"https:\/\/www.lapluma.net\/wp-content\/uploads\/2022\/12\/Capture-Hojjat-ul-Islam-Jafari-300x221.jpg\" alt=\"\" width=\"466\" height=\"343\" srcset=\"https:\/\/www.lapluma.net\/wp-content\/uploads\/2022\/12\/Capture-Hojjat-ul-Islam-Jafari-300x221.jpg 300w, https:\/\/www.lapluma.net\/wp-content\/uploads\/2022\/12\/Capture-Hojjat-ul-Islam-Jafari.jpg 371w\" sizes=\"auto, (max-width: 466px) 100vw, 466px\" \/><figcaption id=\"caption-attachment-46228\" class=\"wp-caption-text\">Hojjat-ul-Islam Jafari,<\/figcaption><\/figure>\n<p style=\"text-align: justify;\"><span style=\"font-size: 14pt;\">Jafari agreg\u00f3 que \u201cAmir Nasr Azadani es el quinto acusado en el caso y ha estado bajo custodia desde el 27 de noviembre. De acuerdo a la causa, esta persona es acusada de rebeli\u00f3n. Es miembro de un grupo armado y organizado con la intenci\u00f3n de enfrentar a la Rep\u00fablica Isl\u00e1mica de Ir\u00e1n, \u00e9l y otros cometieron un mot\u00edn armado el 25 de noviembre, como resultado del cual murieron 3 agentes de seguridad\u201d.<\/span><\/p>\n<p style=\"text-align: justify;\"><span style=\"font-size: 14pt;\">\u201cLas otras acusaciones de Amir Nasr Azadani incluyen la pertenencia a bandas ilegales con la intenci\u00f3n de perturbar la seguridad del pa\u00eds y la sociedad, y la colusi\u00f3n que conduce a delitos contra la seguridad\u201d, a\u00f1adi\u00f3.<\/span><\/p>\n<p style=\"text-align: justify;\"><span style=\"font-size: 14pt;\">Jafari tambi\u00e9n <a href=\"https:\/\/www.isna.ir\/news\/1401092013389\/%D8%A7%D9%85%DB%8C%D8%B1-%D9%86%D8%B5%D8%B1-%D8%A2%D8%B2%D8%A7%D8%AF%D8%A7%D9%86%DB%8C-%D8%B9%D8%B6%D9%88-%DB%8C%DA%A9-%DA%AF%D8%B1%D9%88%D9%87-%D9%85%D8%B3%D9%84%D8%AD%D8%A7%D9%86%D9%87-%D8%A7%D8%B3%D8%AA-%D9%87%D9%86%D9%88%D8%B2-%D8%AD%DA%A9%D9%85%DB%8C-%D8%A8%D8%B1%D8%A7%DB%8C-%D9%85%D8%AA%D9%87%D9%85\" target=\"_blank\" rel=\"noopener\">afirm\u00f3<\/a> que el acusado ha confesado claramente su accionar delictivo, y que hay im\u00e1genes de las c\u00e1maras locales y suficiente documentaci\u00f3n de que esta persona pertenece al grupo armado, y la acusaci\u00f3n se ha emitido con base en estos hechos.<\/span><\/p>\n<p style=\"text-align: justify;\"><span style=\"font-size: 14pt;\">De comprobarse el uso por parte de Nasr Azadani del arma de fuego que asesin\u00f3 a los agentes de seguridad, podr\u00eda enfrentar entonces la pena capital y ser futbolista de profesi\u00f3n no significa que un ciudadano iran\u00ed pueda estar por encima de la ley.<\/span><\/p>\n<p style=\"text-align: justify;\"><span style=\"font-size: 14pt;\">Independientemente de la opini\u00f3n que se tenga sobre este tipo de condenas, es claro que existe un fuerte sesgo comunicacional de las agencias occidentales, que agita la indignaci\u00f3n colectiva concentr\u00e1ndose en este caso, al tiempo que se oculta el uso habitual de la pena capital en los EEUU o las ejecuciones diarias de facto de palestinos por parte de las fuerzas de seguridad israel\u00edes, m\u00e1s de 150 de acuerdo a la ONU en lo que va del a\u00f1o 2022. Una doble vara con una clara orientaci\u00f3n: la de favorecer la geopol\u00edtica norteamericana en Medio Oriente.<\/span><\/p>\n<h2 style=\"text-align: justify;\"><span style=\"font-size: 18pt;\"><span class=\"vcard author\"><span class=\"fn\"><a title=\"Entradas de KontraInfo\" href=\"https:\/\/noticiasholisticas.com.ar\/author\/kontrainfo\/\" rel=\"author\">KontraInfo<\/a><\/span> <\/span> \u00b7 <time class=\"published\" datetime=\"2022-12-16T02:26:58-03:00\">16 de diciembre de 2022<\/time><\/span><\/h2>\n<h2 style=\"text-align: justify;\"><span style=\"font-size: 18pt;\">Editado por <a href=\"https:\/\/www.lapluma.net\/nosotros\/editora\/\">Mar\u00eda Piedad Ossaba<\/a><\/span><\/h2>\n","protected":false},"excerpt":{"rendered":"<p>Independientemente de la opini\u00f3n que se tenga sobre este tipo de condenas, es claro que existe un fuerte sesgo comunicacional de las agencias occidentales, que agita la indignaci\u00f3n colectiva concentr\u00e1ndose en este caso, al tiempo que se oculta el uso habitual de la pena capital en USA o las ejecuciones diarias de facto de palestinos por parte de las fuerzas de seguridad israel\u00edes, m\u00e1s de 150 de acuerdo a la ONU en lo que va del a\u00f1o 2022. <\/p>\n","protected":false},"author":1203,"featured_media":46231,"comment_status":"open","ping_status":"open","sticky":false,"template":"","format":"standard","meta":{"_uf_show_specific_survey":0,"_uf_disable_surveys":false,"footnotes":""},"categories":[218],"tags":[21514,21516,11524,21520,25319,21519,21521],"coauthors":[21513],"class_list":["post-46222","post","type-post","status-publish","format-standard","has-post-thumbnail","hentry","category-monde","tag-amir-nasr-azadani","tag-campanas-occidentales","tag-falsimedia-mediamentiras","tag-hojjat-ul-islam-jafari-presidente-tribunal-supremo","tag-iran","tag-ismail-chiraghi-mohammed-hossein-karimi-y-mohsen-hamidi","tag-kontrainfo"],"translation":{"provider":"WPGlobus","version":"2.12.2","language":"fr","enabled_languages":["es","fr"],"languages":{"es":{"title":true,"content":true,"excerpt":true},"fr":{"title":false,"content":false,"excerpt":false}}},"_links":{"self":[{"href":"https:\/\/www.lapluma.net\/fr\/wp-json\/wp\/v2\/posts\/46222","targetHints":{"allow":["GET"]}}],"collection":[{"href":"https:\/\/www.lapluma.net\/fr\/wp-json\/wp\/v2\/posts"}],"about":[{"href":"https:\/\/www.lapluma.net\/fr\/wp-json\/wp\/v2\/types\/post"}],"author":[{"embeddable":true,"href":"https:\/\/www.lapluma.net\/fr\/wp-json\/wp\/v2\/users\/1203"}],"replies":[{"embeddable":true,"href":"https:\/\/www.lapluma.net\/fr\/wp-json\/wp\/v2\/comments?post=46222"}],"version-history":[{"count":6,"href":"https:\/\/www.lapluma.net\/fr\/wp-json\/wp\/v2\/posts\/46222\/revisions"}],"predecessor-version":[{"id":82271,"href":"https:\/\/www.lapluma.net\/fr\/wp-json\/wp\/v2\/posts\/46222\/revisions\/82271"}],"wp:featuredmedia":[{"embeddable":true,"href":"https:\/\/www.lapluma.net\/fr\/wp-json\/wp\/v2\/media\/46231"}],"wp:attachment":[{"href":"https:\/\/www.lapluma.net\/fr\/wp-json\/wp\/v2\/media?parent=46222"}],"wp:term":[{"taxonomy":"category","embeddable":true,"href":"https:\/\/www.lapluma.net\/fr\/wp-json\/wp\/v2\/categories?post=46222"},{"taxonomy":"post_tag","embeddable":true,"href":"https:\/\/www.lapluma.net\/fr\/wp-json\/wp\/v2\/tags?post=46222"},{"taxonomy":"author","embeddable":true,"href":"https:\/\/www.lapluma.net\/fr\/wp-json\/wp\/v2\/coauthors?post=46222"}],"curies":[{"name":"wp","href":"https:\/\/api.w.org\/{rel}","templated":true}]}}