{"id":46095,"date":"2022-12-15T21:20:28","date_gmt":"2022-12-15T21:20:28","guid":{"rendered":"https:\/\/www.lapluma.net\/?p=46095"},"modified":"2022-12-15T21:24:31","modified_gmt":"2022-12-15T21:24:31","slug":"reflexion-del-dia-contribuyamos-a-construir-un-mundo-mejor-sembremos-paz-y-una-vida-digna","status":"publish","type":"post","link":"https:\/\/www.lapluma.net\/fr\/2022\/12\/15\/reflexion-del-dia-contribuyamos-a-construir-un-mundo-mejor-sembremos-paz-y-una-vida-digna\/","title":{"rendered":"Reflexi\u00f3n del d\u00eda: Contribuyamos a construir un mundo mejor, sembremos paz y una vida digna"},"content":{"rendered":"<p style=\"text-align: justify;\"><span style=\"font-size: 14pt;\">Es verdad, que debemos hacer las cosas sin esperar nada a cambio, pero en el fondo tambi\u00e9n esperamos un m\u00ednimo de agradecimiento. No podemos negar, que nos hace bien un reconocimiento de la labor realizada, por eso, dar gracias motiva a que otras personas contin\u00faen haciendo el bien, aunque la mayor\u00eda de veces no se recibe nada a cambio. A\u00fan as\u00ed hacemos las cosas porque nos nacen y porque sabemos que con ello contribuimos a construir un mundo mejor.<\/span><\/p>\n<p style=\"text-align: justify;\"><span style=\"font-size: 14pt;\">La promesa de la paz y la vida digna es una realidad que necesita ser sembrada y construida. Es fundamental poner los cimientos en la justicia, porque aun siendo un bien preciado, tiene muchos enemigos. Los obst\u00e1culos y riesgos est\u00e1n a la orden del d\u00eda, sobre todo para aquellas personas artesanas de paz que sin el af\u00e1n de protagonismo tejen los hilos de la paz<\/span><\/p>\n<h2 style=\"text-align: justify;\"><span style=\"font-size: 18pt;\">Henry Ram\u00edrez Soler para La Pluma, 15 de diciembre de 2022<\/span><\/h2>\n<h2 style=\"text-align: justify;\"><span style=\"font-size: 18pt;\">Editado por <\/span><a href=\"https:\/\/www.lapluma.net\/nosotros\/editora\/\"><span style=\"font-size: 18pt;\">Mar\u00eda Piedad Ossaba<\/span><\/a><\/h2>\n","protected":false},"excerpt":{"rendered":"<p>Es verdad, que debemos hacer las cosas sin esperar nada a cambio, pero en el fondo tambi&eacute;n esperamos un m&iacute;nimo de agradecimiento. No podemos negar, que nos hace bien un reconocimiento de la labor realizada, por eso, dar gracias motiva a que otras personas contin&uacute;en haciendo el bien, aunque la mayor&iacute;a de veces no se&#8230;<\/p>\n","protected":false},"author":1179,"featured_media":44456,"comment_status":"open","ping_status":"open","sticky":false,"template":"","format":"standard","meta":{"_uf_show_specific_survey":0,"_uf_disable_surveys":false,"footnotes":""},"categories":[8],"tags":[],"coauthors":[21063],"class_list":["post-46095","post","type-post","status-publish","format-standard","has-post-thumbnail","hentry","category-culture"],"translation":{"provider":"WPGlobus","version":"2.12.2","language":"fr","enabled_languages":["es","fr"],"languages":{"es":{"title":true,"content":true,"excerpt":false},"fr":{"title":false,"content":false,"excerpt":false}}},"_links":{"self":[{"href":"https:\/\/www.lapluma.net\/fr\/wp-json\/wp\/v2\/posts\/46095","targetHints":{"allow":["GET"]}}],"collection":[{"href":"https:\/\/www.lapluma.net\/fr\/wp-json\/wp\/v2\/posts"}],"about":[{"href":"https:\/\/www.lapluma.net\/fr\/wp-json\/wp\/v2\/types\/post"}],"author":[{"embeddable":true,"href":"https:\/\/www.lapluma.net\/fr\/wp-json\/wp\/v2\/users\/1179"}],"replies":[{"embeddable":true,"href":"https:\/\/www.lapluma.net\/fr\/wp-json\/wp\/v2\/comments?post=46095"}],"version-history":[{"count":4,"href":"https:\/\/www.lapluma.net\/fr\/wp-json\/wp\/v2\/posts\/46095\/revisions"}],"predecessor-version":[{"id":46098,"href":"https:\/\/www.lapluma.net\/fr\/wp-json\/wp\/v2\/posts\/46095\/revisions\/46098"}],"wp:featuredmedia":[{"embeddable":true,"href":"https:\/\/www.lapluma.net\/fr\/wp-json\/wp\/v2\/media\/44456"}],"wp:attachment":[{"href":"https:\/\/www.lapluma.net\/fr\/wp-json\/wp\/v2\/media?parent=46095"}],"wp:term":[{"taxonomy":"category","embeddable":true,"href":"https:\/\/www.lapluma.net\/fr\/wp-json\/wp\/v2\/categories?post=46095"},{"taxonomy":"post_tag","embeddable":true,"href":"https:\/\/www.lapluma.net\/fr\/wp-json\/wp\/v2\/tags?post=46095"},{"taxonomy":"author","embeddable":true,"href":"https:\/\/www.lapluma.net\/fr\/wp-json\/wp\/v2\/coauthors?post=46095"}],"curies":[{"name":"wp","href":"https:\/\/api.w.org\/{rel}","templated":true}]}}